{"id":20121,"date":"2025-05-28T08:10:00","date_gmt":"2025-05-28T06:10:00","guid":{"rendered":"https:\/\/www.kompetensforetagen.se\/?p=20121"},"modified":"2025-12-15T11:11:23","modified_gmt":"2025-12-15T10:11:23","slug":"per-johansson-ny-i-styrelsen","status":"publish","type":"post","link":"https:\/\/www.kompetensforetagen.se\/2025\/05\/per-johansson-ny-i-styrelsen\/","title":{"rendered":"Per Johansson ny i styrelsen"},"content":{"rendered":"<p class=\"intro\">I januari tog <a id=\"ember588\" class=\"ember-view\" href=\"https:\/\/www.linkedin.com\/in\/per-johansson-53b238\/\">Per Johansson<\/a> \u00f6ver som vd f\u00f6r <a class=\"tcTfXzowwkrXNKufUchNjzQtJVcFknZFzdVWo \" href=\"https:\/\/www.linkedin.com\/company\/manpowergroup-sweden\/\" target=\"_self\" data-test-app-aware-link=\"\">ManpowerGroup Sweden<\/a>. Vid \u00e5rsm\u00f6tet i maj valdes han \u00e4ven in i styrelsen f\u00f6r Kompetensf\u00f6retagen.<br \/>\n\u2013 Kompetensbranschen \u00e4r och kommer att f\u00f6rbli viktig. V\u00e5r bransch f\u00f6rser f\u00f6retag och offentliga verksamheter med kritisk kompetens och flexibilitet. Vi hj\u00e4lper v\u00e5ra kunder att ha r\u00e4tt kompetens, vid r\u00e4tt tillf\u00e4lle och g\u00f6r det m\u00f6jligt f\u00f6r Sveriges verksamheter att ta n\u00e4sta steg i sin utveckling.<\/p>\n\n<p><strong>Vad \u00e4r viktigt f\u00f6r dig i styrelsearbetet?<\/strong><br>\u2013 Jag ser fram emot att vara med och verka f\u00f6r l\u00e5ngsiktigt h\u00e5llbar kompetensf\u00f6rs\u00f6rjning. V\u00e5r bransch \u00e4r politiskt och regleringsm\u00e4ssigt allt mer utmanad, jag vill bidra till att v\u00e5rt bidrag p\u00e5 arbetsmarknaden blir s\u00e5 effektiv som m\u00f6jligt och att hinder tas bort. Jag \u00e4r ocks\u00e5 m\u00e5n om att verka f\u00f6r branschens fortsatt h\u00f6ga kvalitet.<\/p>\n\n\n\n<p><strong>Hur ser du p\u00e5 branschens framtid?<\/strong><br>\u2013 Kompetensbranschen \u00e4r och kommer att f\u00f6rbli viktig. V\u00e5r bransch f\u00f6rser f\u00f6retag och offentliga verksamheter med kritisk kompetens och flexibilitet. Vi hj\u00e4lper v\u00e5ra kunder att ha r\u00e4tt kompetens, vid r\u00e4tt tillf\u00e4lle och g\u00f6r det m\u00f6jligt f\u00f6r Sveriges verksamheter att ta n\u00e4sta steg i sin utveckling. F\u00f6r m\u00e5nga jobbs\u00f6kande \u00e4r vi v\u00e4gen in till arbetsmarknaden, f\u00f6r andra ett s\u00e4tt att snabba upp sin karri\u00e4r och f\u00e5 kompetensutveckling. Sammantaget spelar vi en viktig roll f\u00f6r en effektiv arbetsmarknad i Sverige.<\/p>\n\n\n\n      <a href=\"https:\/\/via.tt.se\/pressmeddelande\/3728714\/per-johansson-ny-vd-for-manpowergroup-i-sverige?publisherId=783398&amp;lang=sv\" target=\"_blank\" class=\"Button is-button is-fullwidth is-style-fill has-black-background-color has-black-border-color has-white-color Button--arrow-tip\">\n      \n        H\u00e4r kan du l\u00e4sa mer om Per\n      \n      \n                \n                <svg class='icon icon--arrow-tip'  width=\"11\" height=\"16\" viewBox=\"0 0 11 16\" fill=\"none\" xmlns=\"http:\/\/www.w3.org\/2000\/svg\">\n<path d=\"M0.858398 15L9.2304 7.99664L0.967732 1.00001\" stroke=\"black\" stroke-width=\"2\" stroke-miterlimit=\"10\"\/>\n<\/svg>\n\n        \n    <\/a>\n  \n","protected":false},"excerpt":{"rendered":"<p>Vad \u00e4r viktigt f\u00f6r dig i styrelsearbetet?\u2013 Jag ser fram emot att vara med och verka f\u00f6r l\u00e5ngsiktigt h\u00e5llbar kompetensf\u00f6rs\u00f6rjning. V\u00e5r bransch \u00e4r politiskt och regleringsm\u00e4ssigt allt mer utmanad, jag vill bidra till att v\u00e5rt &hellip;<\/p>\n","protected":false},"author":222,"featured_media":19867,"comment_status":"closed","ping_status":"closed","sticky":false,"template":"","format":"standard","meta":{"_acf_changed":false,"footnotes":""},"categories":[251],"tags":[],"article_type":[8],"agreement":[],"for-members":[],"class_list":["post-20121","post","type-post","status-publish","format-standard","has-post-thumbnail","hentry","category-styrelsen","type-aktuellt"],"acf":[],"yoast_head":"<!-- This site is optimized with the Yoast SEO Premium plugin v26.8 (Yoast SEO v26.8) - https:\/\/yoast.com\/product\/yoast-seo-premium-wordpress\/ -->\n<title>Per Johansson ny i styrelsen - Kompetensf\u00f6retagen<\/title>\n<meta name=\"description\" content=\"Per Johansson tar plats i styrelsen. L\u00e4s om den nya styrelseledamoten och hans engagemang f\u00f6r kompetensf\u00f6retagen.\" \/>\n<meta name=\"robots\" content=\"index, follow, max-snippet:-1, max-image-preview:large, max-video-preview:-1\" \/>\n<link rel=\"canonical\" href=\"https:\/\/www.kompetensforetagen.se\/2025\/05\/per-johansson-ny-i-styrelsen\/\" \/>\n<meta property=\"og:locale\" content=\"sv_SE\" \/>\n<meta property=\"og:type\" content=\"article\" \/>\n<meta property=\"og:title\" content=\"Per Johansson ny i styrelsen\" \/>\n<meta property=\"og:description\" content=\"Per Johansson tar plats i styrelsen. L\u00e4s om den nya styrelseledamoten och hans engagemang f\u00f6r kompetensf\u00f6retagen.\" \/>\n<meta property=\"og:url\" content=\"https:\/\/www.kompetensforetagen.se\/2025\/05\/per-johansson-ny-i-styrelsen\/\" \/>\n<meta property=\"og:site_name\" content=\"Kompetensf\u00f6retagen\" \/>\n<meta property=\"article:published_time\" content=\"2025-05-28T06:10:00+00:00\" \/>\n<meta property=\"article:modified_time\" content=\"2025-12-15T10:11:23+00:00\" \/>\n<meta property=\"og:image\" content=\"https:\/\/www.kompetensforetagen.se\/app\/uploads\/sites\/5\/2025\/05\/Per_Johansson_ManpowerGroup-edited.jpg\" \/>\n\t<meta property=\"og:image:width\" content=\"1000\" \/>\n\t<meta property=\"og:image:height\" content=\"667\" \/>\n\t<meta property=\"og:image:type\" content=\"image\/jpeg\" \/>\n<meta name=\"author\" content=\"Fredric Sk\u00e4lstad\" \/>\n<meta name=\"twitter:card\" content=\"summary_large_image\" \/>\n<meta name=\"twitter:label1\" content=\"Skriven av\" \/>\n\t<meta name=\"twitter:data1\" content=\"Fredric Sk\u00e4lstad\" \/>\n\t<meta name=\"twitter:label2\" content=\"Ber\u00e4knad l\u00e4stid\" \/>\n\t<meta name=\"twitter:data2\" content=\"1 minut\" \/>\n<!-- \/ Yoast SEO Premium plugin. -->","yoast_head_json":{"title":"Per Johansson ny i styrelsen - Kompetensf\u00f6retagen","description":"Per Johansson tar plats i styrelsen. L\u00e4s om den nya styrelseledamoten och hans engagemang f\u00f6r kompetensf\u00f6retagen.","robots":{"index":"index","follow":"follow","max-snippet":"max-snippet:-1","max-image-preview":"max-image-preview:large","max-video-preview":"max-video-preview:-1"},"canonical":"https:\/\/www.kompetensforetagen.se\/2025\/05\/per-johansson-ny-i-styrelsen\/","og_locale":"sv_SE","og_type":"article","og_title":"Per Johansson ny i styrelsen","og_description":"Per Johansson tar plats i styrelsen. L\u00e4s om den nya styrelseledamoten och hans engagemang f\u00f6r kompetensf\u00f6retagen.","og_url":"https:\/\/www.kompetensforetagen.se\/2025\/05\/per-johansson-ny-i-styrelsen\/","og_site_name":"Kompetensf\u00f6retagen","article_published_time":"2025-05-28T06:10:00+00:00","article_modified_time":"2025-12-15T10:11:23+00:00","og_image":[{"width":1000,"height":667,"url":"https:\/\/www.kompetensforetagen.se\/app\/uploads\/sites\/5\/2025\/05\/Per_Johansson_ManpowerGroup-edited.jpg","type":"image\/jpeg"}],"author":"Fredric Sk\u00e4lstad","twitter_card":"summary_large_image","twitter_misc":{"Skriven av":"Fredric Sk\u00e4lstad","Ber\u00e4knad l\u00e4stid":"1 minut"},"schema":{"@context":"https:\/\/schema.org","@graph":[{"@type":"Article","@id":"https:\/\/www.kompetensforetagen.se\/2025\/05\/per-johansson-ny-i-styrelsen\/#article","isPartOf":{"@id":"https:\/\/www.kompetensforetagen.se\/2025\/05\/per-johansson-ny-i-styrelsen\/"},"author":{"name":"Fredric Sk\u00e4lstad","@id":"https:\/\/www.kompetensforetagen.se\/#\/schema\/person\/72cd48bb411dea15e40f11d726e9eeeb"},"headline":"Per Johansson ny i styrelsen","datePublished":"2025-05-28T06:10:00+00:00","dateModified":"2025-12-15T10:11:23+00:00","mainEntityOfPage":{"@id":"https:\/\/www.kompetensforetagen.se\/2025\/05\/per-johansson-ny-i-styrelsen\/"},"wordCount":182,"publisher":{"@id":"https:\/\/www.kompetensforetagen.se\/#organization"},"image":{"@id":"https:\/\/www.kompetensforetagen.se\/2025\/05\/per-johansson-ny-i-styrelsen\/#primaryimage"},"thumbnailUrl":"https:\/\/www.kompetensforetagen.se\/app\/uploads\/sites\/5\/2025\/05\/Per_Johansson_ManpowerGroup-edited.jpg","articleSection":["Styrelsen"],"inLanguage":"sv-SE"},{"@type":"WebPage","@id":"https:\/\/www.kompetensforetagen.se\/2025\/05\/per-johansson-ny-i-styrelsen\/","url":"https:\/\/www.kompetensforetagen.se\/2025\/05\/per-johansson-ny-i-styrelsen\/","name":"Per Johansson ny i styrelsen - Kompetensf\u00f6retagen","isPartOf":{"@id":"https:\/\/www.kompetensforetagen.se\/#website"},"primaryImageOfPage":{"@id":"https:\/\/www.kompetensforetagen.se\/2025\/05\/per-johansson-ny-i-styrelsen\/#primaryimage"},"image":{"@id":"https:\/\/www.kompetensforetagen.se\/2025\/05\/per-johansson-ny-i-styrelsen\/#primaryimage"},"thumbnailUrl":"https:\/\/www.kompetensforetagen.se\/app\/uploads\/sites\/5\/2025\/05\/Per_Johansson_ManpowerGroup-edited.jpg","datePublished":"2025-05-28T06:10:00+00:00","dateModified":"2025-12-15T10:11:23+00:00","description":"Per Johansson tar plats i styrelsen. L\u00e4s om den nya styrelseledamoten och hans engagemang f\u00f6r kompetensf\u00f6retagen.","breadcrumb":{"@id":"https:\/\/www.kompetensforetagen.se\/2025\/05\/per-johansson-ny-i-styrelsen\/#breadcrumb"},"inLanguage":"sv-SE","potentialAction":[{"@type":"ReadAction","target":["https:\/\/www.kompetensforetagen.se\/2025\/05\/per-johansson-ny-i-styrelsen\/"]}]},{"@type":"ImageObject","inLanguage":"sv-SE","@id":"https:\/\/www.kompetensforetagen.se\/2025\/05\/per-johansson-ny-i-styrelsen\/#primaryimage","url":"https:\/\/www.kompetensforetagen.se\/app\/uploads\/sites\/5\/2025\/05\/Per_Johansson_ManpowerGroup-edited.jpg","contentUrl":"https:\/\/www.kompetensforetagen.se\/app\/uploads\/sites\/5\/2025\/05\/Per_Johansson_ManpowerGroup-edited.jpg","width":1000,"height":667,"caption":"Per Johansson fr\u00e5n ManpowerGroup \u2013 en ledande r\u00f6st i branschen."},{"@type":"BreadcrumbList","@id":"https:\/\/www.kompetensforetagen.se\/2025\/05\/per-johansson-ny-i-styrelsen\/#breadcrumb","itemListElement":[{"@type":"ListItem","position":1,"name":"Home","item":"https:\/\/www.kompetensforetagen.se\/"},{"@type":"ListItem","position":2,"name":"Per Johansson ny i styrelsen"}]},{"@type":"WebSite","@id":"https:\/\/www.kompetensforetagen.se\/#website","url":"https:\/\/www.kompetensforetagen.se\/","name":"Kompetensf\u00f6retagen","description":"R\u00e4tt person p\u00e5 r\u00e4tt plats kan f\u00f6r\u00e4ndra v\u00e4rlden","publisher":{"@id":"https:\/\/www.kompetensforetagen.se\/#organization"},"potentialAction":[{"@type":"SearchAction","target":{"@type":"EntryPoint","urlTemplate":"https:\/\/www.kompetensforetagen.se\/?s={search_term_string}"},"query-input":{"@type":"PropertyValueSpecification","valueRequired":true,"valueName":"search_term_string"}}],"inLanguage":"sv-SE"},{"@type":"Organization","@id":"https:\/\/www.kompetensforetagen.se\/#organization","name":"Kompetensf\u00f6retagen","url":"https:\/\/www.kompetensforetagen.se\/","logo":{"@type":"ImageObject","inLanguage":"sv-SE","@id":"https:\/\/www.kompetensforetagen.se\/#\/schema\/logo\/image\/","url":"https:\/\/www.kompetensforetagen.se\/app\/uploads\/sites\/5\/2022\/10\/logga_svart.png","contentUrl":"https:\/\/www.kompetensforetagen.se\/app\/uploads\/sites\/5\/2022\/10\/logga_svart.png","width":752,"height":64,"caption":"Kompetensf\u00f6retagen"},"image":{"@id":"https:\/\/www.kompetensforetagen.se\/#\/schema\/logo\/image\/"},"sameAs":["https:\/\/www.linkedin.com\/company\/10540032\/"]},{"@type":"Person","@id":"https:\/\/www.kompetensforetagen.se\/#\/schema\/person\/72cd48bb411dea15e40f11d726e9eeeb","name":"Fredric Sk\u00e4lstad","image":{"@type":"ImageObject","inLanguage":"sv-SE","@id":"https:\/\/www.kompetensforetagen.se\/#\/schema\/person\/image\/","url":"https:\/\/secure.gravatar.com\/avatar\/64f20bf3ac13c78aedd6054f495d1a00b38234d6bf532fa3b1cb3ff0bcc24f8d?s=96&d=mm&r=g","contentUrl":"https:\/\/secure.gravatar.com\/avatar\/64f20bf3ac13c78aedd6054f495d1a00b38234d6bf532fa3b1cb3ff0bcc24f8d?s=96&d=mm&r=g","caption":"Fredric Sk\u00e4lstad"},"description":"Fredric \u00e4r n\u00e4ringspolitisk chef p\u00e5 Kompetensf\u00f6retagen.","url":"https:\/\/www.kompetensforetagen.se\/person\/fredricskalstad\/"}]}},"_links":{"self":[{"href":"https:\/\/www.kompetensforetagen.se\/api\/wp\/v2\/posts\/20121","targetHints":{"allow":["GET"]}}],"collection":[{"href":"https:\/\/www.kompetensforetagen.se\/api\/wp\/v2\/posts"}],"about":[{"href":"https:\/\/www.kompetensforetagen.se\/api\/wp\/v2\/types\/post"}],"author":[{"embeddable":true,"href":"https:\/\/www.kompetensforetagen.se\/api\/wp\/v2\/users\/222"}],"replies":[{"embeddable":true,"href":"https:\/\/www.kompetensforetagen.se\/api\/wp\/v2\/comments?post=20121"}],"version-history":[{"count":1,"href":"https:\/\/www.kompetensforetagen.se\/api\/wp\/v2\/posts\/20121\/revisions"}],"predecessor-version":[{"id":20122,"href":"https:\/\/www.kompetensforetagen.se\/api\/wp\/v2\/posts\/20121\/revisions\/20122"}],"wp:featuredmedia":[{"embeddable":true,"href":"https:\/\/www.kompetensforetagen.se\/api\/wp\/v2\/media\/19867"}],"wp:attachment":[{"href":"https:\/\/www.kompetensforetagen.se\/api\/wp\/v2\/media?parent=20121"}],"wp:term":[{"taxonomy":"category","embeddable":true,"href":"https:\/\/www.kompetensforetagen.se\/api\/wp\/v2\/categories?post=20121"},{"taxonomy":"post_tag","embeddable":true,"href":"https:\/\/www.kompetensforetagen.se\/api\/wp\/v2\/tags?post=20121"},{"taxonomy":"type","embeddable":true,"href":"https:\/\/www.kompetensforetagen.se\/api\/wp\/v2\/article_type?post=20121"},{"taxonomy":"agreement","embeddable":true,"href":"https:\/\/www.kompetensforetagen.se\/api\/wp\/v2\/agreement?post=20121"},{"taxonomy":"for-members","embeddable":true,"href":"https:\/\/www.kompetensforetagen.se\/api\/wp\/v2\/for-members?post=20121"}],"curies":[{"name":"wp","href":"https:\/\/api.w.org\/{rel}","templated":true}]}}