{"id":19903,"date":"2025-05-14T08:14:00","date_gmt":"2025-05-14T06:14:00","guid":{"rendered":"https:\/\/www.kompetensforetagen.se\/?p=19903"},"modified":"2025-12-15T11:09:24","modified_gmt":"2025-12-15T10:09:24","slug":"henrik-olsson-ny-i-styrelsen","status":"publish","type":"post","link":"https:\/\/www.kompetensforetagen.se\/2025\/05\/henrik-olsson-ny-i-styrelsen\/","title":{"rendered":"Henrik Olsson ny i styrelsen"},"content":{"rendered":"<p class=\"intro\">F\u00f6r fem \u00e5r sedan klev Henrik Olsson in som vd och koncernchef p\u00e5 Fasticon \u2013 efter drygt 15 \u00e5r i branschen. Som vd brinner han f\u00f6r ett aktivt ledarskap och att skapa lugn, trygghet och riktning.<br \/>\n\u2013 Jag \u00e4r \u00f6vertygad om att os\u00e4kerhet och m\u00f6jlighet g\u00e5r hand i hand, s\u00e4ger Henrik Olsson.<\/p>\n\n<p><strong>Du har varit verksam inom kompetensbranschen i \u00f6ver 15 \u00e5r. Vad ser du f\u00f6r f\u00f6r\u00e4ndringar?<\/strong><\/p>\n\n\n\n<p>\u2013 Det h\u00e4r \u00e4r en bransch med l\u00e5ga marginaler och snabba v\u00e4ndningar, och som med allting annat pr\u00e4glas \u00e4ven vi av en allt h\u00e5rdare konkurrens och en \u00f6kad kravbild. Med det kommer ocks\u00e5 ett ansvar att visa v\u00e4gen och m\u00f6ta den utveckling vi st\u00e5r inf\u00f6r. Aff\u00e4ren i sig har inte f\u00f6r\u00e4ndrats s\u00e5 mycket men tillv\u00e4gag\u00e5ngs\u00e4tten \u00e4ndras hela tiden. F\u00f6rm\u00e5gan att st\u00e4ndigt anpassa sig \u00e4r d\u00e4rf\u00f6r helt avg\u00f6rande f\u00f6r framg\u00e5ng. G\u00f6r man samma saker f\u00e5r man samma resultat och det g\u00e4ller att hitta nya s\u00e4tt f\u00f6r att hantera den nya tidens krav.<\/p>\n\n\n\n<p><strong>Du \u00e4r nu ny ledamot i Kompetensf\u00f6retagens styrelse \u2013 vilka fr\u00e5gor \u00e4r s\u00e4rskilt viktiga f\u00f6r dig att driva?<\/strong><\/p>\n\n\n\n<p>\u2013 Det \u00e4r en stor \u00e4ra f\u00f6r mig att bli invald i denna kompetenta styrelse. Ur mitt perspektiv \u00e4r styrelsens grunduppdrag att forts\u00e4tta f\u00f6rst\u00e4rka kompetensbranschens viktiga roll i det svenska n\u00e4ringslivet. Det g\u00f6r vi genom att synas p\u00e5 l\u00e4mpliga st\u00e4llen och f\u00f6rmedla relevant information och kunskap. Jag tror ocks\u00e5 vi m\u00e5ste forts\u00e4tta anamma den tekniska utvecklingen. M\u00e5nga gr\u00e4nser b\u00f6rjar suddas ut mellan t ex bemanningskompetens och teknisk kompetens. Dessutom dyker det upp nya regler p\u00e5 arbetsmarknaden och komplexiteten \u00f6kar, vilket st\u00e4ller ytterligare krav p\u00e5 oss som bransch. Det \u00e4r d\u00e4rf\u00f6r viktigt att med handling visa hur man b\u00f6r agera f\u00f6r att forts\u00e4tta utvecklas och bidra till svensk kompetensf\u00f6rs\u00f6rjning.<\/p>\n\n\n\n<p><strong>Varf\u00f6r \u00e4r branschen viktig p\u00e5 arbetsmarknaden?<\/strong><\/p>\n\n\n\n<p>\u2013 Jag \u00e4r \u00f6vertygad om att man inte kan vara b\u00e4st p\u00e5 allt, och d\u00e4rf\u00f6r beh\u00f6vs kompetensbranschens olika specialister. Vi \u00e4r experter p\u00e5 att hitta och matcha r\u00e4tt kompetens, vilket skapar st\u00f6rre tr\u00e4ffs\u00e4kerhet, h\u00f6gre kundnytta och b\u00e4ttre upplevelse f\u00f6r alla inblandade. Vi \u00e4r en bransch som verkligen g\u00f6r skillnad och kan bidra till ett starkare samh\u00e4lle genom att vara en motor f\u00f6r svensk konkurrenskraft.<\/p>\n\n\n\n<p><strong>Vad tror du om branschens framtid?<\/strong><\/p>\n\n\n\n<p>\u2013 Vi lever som bekant i en st\u00f6kig tid som skapar stor os\u00e4kerhet. Personligen \u00e4r jag \u00f6vertygad om att os\u00e4kerhet och m\u00f6jlighet g\u00e5r hand i hand. Nu har vi chansen att p\u00e5 nytt visa att branschen kan vara en trygg och stabil partner till Sveriges f\u00f6retag och organisationer. Samtidigt beh\u00f6ver vi vara snabbfotade och t\u00e4nka l\u00e5ngsiktigt. M\u00e5nga roller och kompetenser kommer att f\u00f6rsvinna med int\u00e5get av AI, och vi beh\u00f6ver d\u00e4rf\u00f6r f\u00f6rs\u00f6ka se runt h\u00f6rnet p\u00e5 vad samh\u00e4llet kommer beh\u00f6va i framtiden.<\/p>\n\n\n\n<p><strong>Tack f\u00f6r din tid, en sista fr\u00e5ga. Vad tycker du om att g\u00f6ra p\u00e5 din fritid?<\/strong><\/p>\n\n\n\n<p>\u2013 Relationer \u00e4r viktiga f\u00f6r mig och de f\u00f6rs\u00f6ker jag alltid prioritera med b\u00e5de familj och v\u00e4nner. Jag \u00e4r ocks\u00e5 en riktig tr\u00e4ningsn\u00f6rd som h\u00e5ller p\u00e5 med styrketr\u00e4ning, utf\u00f6rs\u00e5kning och diverse andra aktiviteter. Matlagning \u00e4r en annan passion, framf\u00f6r allt om det kan l\u00e4ggas p\u00e5 en grill.<\/p>\n","protected":false},"excerpt":{"rendered":"<p>Du har varit verksam inom kompetensbranschen i \u00f6ver 15 \u00e5r. Vad ser du f\u00f6r f\u00f6r\u00e4ndringar? \u2013 Det h\u00e4r \u00e4r en bransch med l\u00e5ga marginaler och snabba v\u00e4ndningar, och som med allting annat pr\u00e4glas \u00e4ven vi &hellip;<\/p>\n","protected":false},"author":222,"featured_media":19896,"comment_status":"closed","ping_status":"closed","sticky":false,"template":"","format":"standard","meta":{"_acf_changed":false,"footnotes":""},"categories":[251],"tags":[],"article_type":[8],"agreement":[],"for-members":[],"class_list":["post-19903","post","type-post","status-publish","format-standard","has-post-thumbnail","hentry","category-styrelsen","type-aktuellt"],"acf":[],"yoast_head":"<!-- This site is optimized with the Yoast SEO Premium plugin v26.8 (Yoast SEO v26.8) - https:\/\/yoast.com\/product\/yoast-seo-premium-wordpress\/ -->\n<title>Henrik Olsson ny i styrelsen - Kompetensf\u00f6retagen<\/title>\n<meta name=\"description\" content=\"Henrik Olsson vald till ny styrelseledamot. L\u00e4s om hans bakgrund och vad han vill bidra med i Kompetensf\u00f6retagens styrelsearbete.\" \/>\n<meta name=\"robots\" content=\"index, follow, max-snippet:-1, max-image-preview:large, max-video-preview:-1\" \/>\n<link rel=\"canonical\" href=\"https:\/\/www.kompetensforetagen.se\/2025\/05\/henrik-olsson-ny-i-styrelsen\/\" \/>\n<meta property=\"og:locale\" content=\"sv_SE\" \/>\n<meta property=\"og:type\" content=\"article\" \/>\n<meta property=\"og:title\" content=\"Henrik Olsson ny i styrelsen\" \/>\n<meta property=\"og:description\" content=\"Henrik Olsson vald till ny styrelseledamot. L\u00e4s om hans bakgrund och vad han vill bidra med i Kompetensf\u00f6retagens styrelsearbete.\" \/>\n<meta property=\"og:url\" content=\"https:\/\/www.kompetensforetagen.se\/2025\/05\/henrik-olsson-ny-i-styrelsen\/\" \/>\n<meta property=\"og:site_name\" content=\"Kompetensf\u00f6retagen\" \/>\n<meta property=\"article:published_time\" content=\"2025-05-14T06:14:00+00:00\" \/>\n<meta property=\"article:modified_time\" content=\"2025-12-15T10:09:24+00:00\" \/>\n<meta property=\"og:image\" content=\"https:\/\/www.kompetensforetagen.se\/app\/uploads\/sites\/5\/2025\/05\/Namnlos-design-42-1-edited.png\" \/>\n\t<meta property=\"og:image:width\" content=\"1621\" \/>\n\t<meta property=\"og:image:height\" content=\"1080\" \/>\n\t<meta property=\"og:image:type\" content=\"image\/png\" \/>\n<meta name=\"author\" content=\"Fredric Sk\u00e4lstad\" \/>\n<meta name=\"twitter:card\" content=\"summary_large_image\" \/>\n<meta name=\"twitter:label1\" content=\"Skriven av\" \/>\n\t<meta name=\"twitter:data1\" content=\"Fredric Sk\u00e4lstad\" \/>\n\t<meta name=\"twitter:label2\" content=\"Ber\u00e4knad l\u00e4stid\" \/>\n\t<meta name=\"twitter:data2\" content=\"3 minuter\" \/>\n<!-- \/ Yoast SEO Premium plugin. -->","yoast_head_json":{"title":"Henrik Olsson ny i styrelsen - Kompetensf\u00f6retagen","description":"Henrik Olsson vald till ny styrelseledamot. L\u00e4s om hans bakgrund och vad han vill bidra med i Kompetensf\u00f6retagens styrelsearbete.","robots":{"index":"index","follow":"follow","max-snippet":"max-snippet:-1","max-image-preview":"max-image-preview:large","max-video-preview":"max-video-preview:-1"},"canonical":"https:\/\/www.kompetensforetagen.se\/2025\/05\/henrik-olsson-ny-i-styrelsen\/","og_locale":"sv_SE","og_type":"article","og_title":"Henrik Olsson ny i styrelsen","og_description":"Henrik Olsson vald till ny styrelseledamot. L\u00e4s om hans bakgrund och vad han vill bidra med i Kompetensf\u00f6retagens styrelsearbete.","og_url":"https:\/\/www.kompetensforetagen.se\/2025\/05\/henrik-olsson-ny-i-styrelsen\/","og_site_name":"Kompetensf\u00f6retagen","article_published_time":"2025-05-14T06:14:00+00:00","article_modified_time":"2025-12-15T10:09:24+00:00","og_image":[{"width":1621,"height":1080,"url":"https:\/\/www.kompetensforetagen.se\/app\/uploads\/sites\/5\/2025\/05\/Namnlos-design-42-1-edited.png","type":"image\/png"}],"author":"Fredric Sk\u00e4lstad","twitter_card":"summary_large_image","twitter_misc":{"Skriven av":"Fredric Sk\u00e4lstad","Ber\u00e4knad l\u00e4stid":"3 minuter"},"schema":{"@context":"https:\/\/schema.org","@graph":[{"@type":"Article","@id":"https:\/\/www.kompetensforetagen.se\/2025\/05\/henrik-olsson-ny-i-styrelsen\/#article","isPartOf":{"@id":"https:\/\/www.kompetensforetagen.se\/2025\/05\/henrik-olsson-ny-i-styrelsen\/"},"author":{"name":"Fredric Sk\u00e4lstad","@id":"https:\/\/www.kompetensforetagen.se\/#\/schema\/person\/72cd48bb411dea15e40f11d726e9eeeb"},"headline":"Henrik Olsson ny i styrelsen","datePublished":"2025-05-14T06:14:00+00:00","dateModified":"2025-12-15T10:09:24+00:00","mainEntityOfPage":{"@id":"https:\/\/www.kompetensforetagen.se\/2025\/05\/henrik-olsson-ny-i-styrelsen\/"},"wordCount":559,"publisher":{"@id":"https:\/\/www.kompetensforetagen.se\/#organization"},"image":{"@id":"https:\/\/www.kompetensforetagen.se\/2025\/05\/henrik-olsson-ny-i-styrelsen\/#primaryimage"},"thumbnailUrl":"https:\/\/www.kompetensforetagen.se\/app\/uploads\/sites\/5\/2025\/05\/Namnlos-design-42-1-edited.png","articleSection":["Styrelsen"],"inLanguage":"sv-SE"},{"@type":"WebPage","@id":"https:\/\/www.kompetensforetagen.se\/2025\/05\/henrik-olsson-ny-i-styrelsen\/","url":"https:\/\/www.kompetensforetagen.se\/2025\/05\/henrik-olsson-ny-i-styrelsen\/","name":"Henrik Olsson ny i styrelsen - Kompetensf\u00f6retagen","isPartOf":{"@id":"https:\/\/www.kompetensforetagen.se\/#website"},"primaryImageOfPage":{"@id":"https:\/\/www.kompetensforetagen.se\/2025\/05\/henrik-olsson-ny-i-styrelsen\/#primaryimage"},"image":{"@id":"https:\/\/www.kompetensforetagen.se\/2025\/05\/henrik-olsson-ny-i-styrelsen\/#primaryimage"},"thumbnailUrl":"https:\/\/www.kompetensforetagen.se\/app\/uploads\/sites\/5\/2025\/05\/Namnlos-design-42-1-edited.png","datePublished":"2025-05-14T06:14:00+00:00","dateModified":"2025-12-15T10:09:24+00:00","description":"Henrik Olsson vald till ny styrelseledamot. L\u00e4s om hans bakgrund och vad han vill bidra med i Kompetensf\u00f6retagens styrelsearbete.","breadcrumb":{"@id":"https:\/\/www.kompetensforetagen.se\/2025\/05\/henrik-olsson-ny-i-styrelsen\/#breadcrumb"},"inLanguage":"sv-SE","potentialAction":[{"@type":"ReadAction","target":["https:\/\/www.kompetensforetagen.se\/2025\/05\/henrik-olsson-ny-i-styrelsen\/"]}]},{"@type":"ImageObject","inLanguage":"sv-SE","@id":"https:\/\/www.kompetensforetagen.se\/2025\/05\/henrik-olsson-ny-i-styrelsen\/#primaryimage","url":"https:\/\/www.kompetensforetagen.se\/app\/uploads\/sites\/5\/2025\/05\/Namnlos-design-42-1-edited.png","contentUrl":"https:\/\/www.kompetensforetagen.se\/app\/uploads\/sites\/5\/2025\/05\/Namnlos-design-42-1-edited.png","width":1621,"height":1080,"caption":"Grafik: Nyheter fr\u00e5n Kompetensf\u00f6retagen."},{"@type":"BreadcrumbList","@id":"https:\/\/www.kompetensforetagen.se\/2025\/05\/henrik-olsson-ny-i-styrelsen\/#breadcrumb","itemListElement":[{"@type":"ListItem","position":1,"name":"Home","item":"https:\/\/www.kompetensforetagen.se\/"},{"@type":"ListItem","position":2,"name":"Henrik Olsson ny i styrelsen"}]},{"@type":"WebSite","@id":"https:\/\/www.kompetensforetagen.se\/#website","url":"https:\/\/www.kompetensforetagen.se\/","name":"Kompetensf\u00f6retagen","description":"R\u00e4tt person p\u00e5 r\u00e4tt plats kan f\u00f6r\u00e4ndra v\u00e4rlden","publisher":{"@id":"https:\/\/www.kompetensforetagen.se\/#organization"},"potentialAction":[{"@type":"SearchAction","target":{"@type":"EntryPoint","urlTemplate":"https:\/\/www.kompetensforetagen.se\/?s={search_term_string}"},"query-input":{"@type":"PropertyValueSpecification","valueRequired":true,"valueName":"search_term_string"}}],"inLanguage":"sv-SE"},{"@type":"Organization","@id":"https:\/\/www.kompetensforetagen.se\/#organization","name":"Kompetensf\u00f6retagen","url":"https:\/\/www.kompetensforetagen.se\/","logo":{"@type":"ImageObject","inLanguage":"sv-SE","@id":"https:\/\/www.kompetensforetagen.se\/#\/schema\/logo\/image\/","url":"https:\/\/www.kompetensforetagen.se\/app\/uploads\/sites\/5\/2022\/10\/logga_svart.png","contentUrl":"https:\/\/www.kompetensforetagen.se\/app\/uploads\/sites\/5\/2022\/10\/logga_svart.png","width":752,"height":64,"caption":"Kompetensf\u00f6retagen"},"image":{"@id":"https:\/\/www.kompetensforetagen.se\/#\/schema\/logo\/image\/"},"sameAs":["https:\/\/www.linkedin.com\/company\/10540032\/"]},{"@type":"Person","@id":"https:\/\/www.kompetensforetagen.se\/#\/schema\/person\/72cd48bb411dea15e40f11d726e9eeeb","name":"Fredric Sk\u00e4lstad","image":{"@type":"ImageObject","inLanguage":"sv-SE","@id":"https:\/\/www.kompetensforetagen.se\/#\/schema\/person\/image\/","url":"https:\/\/secure.gravatar.com\/avatar\/64f20bf3ac13c78aedd6054f495d1a00b38234d6bf532fa3b1cb3ff0bcc24f8d?s=96&d=mm&r=g","contentUrl":"https:\/\/secure.gravatar.com\/avatar\/64f20bf3ac13c78aedd6054f495d1a00b38234d6bf532fa3b1cb3ff0bcc24f8d?s=96&d=mm&r=g","caption":"Fredric Sk\u00e4lstad"},"description":"Fredric \u00e4r n\u00e4ringspolitisk chef p\u00e5 Kompetensf\u00f6retagen.","url":"https:\/\/www.kompetensforetagen.se\/person\/fredricskalstad\/"}]}},"_links":{"self":[{"href":"https:\/\/www.kompetensforetagen.se\/api\/wp\/v2\/posts\/19903","targetHints":{"allow":["GET"]}}],"collection":[{"href":"https:\/\/www.kompetensforetagen.se\/api\/wp\/v2\/posts"}],"about":[{"href":"https:\/\/www.kompetensforetagen.se\/api\/wp\/v2\/types\/post"}],"author":[{"embeddable":true,"href":"https:\/\/www.kompetensforetagen.se\/api\/wp\/v2\/users\/222"}],"replies":[{"embeddable":true,"href":"https:\/\/www.kompetensforetagen.se\/api\/wp\/v2\/comments?post=19903"}],"version-history":[{"count":1,"href":"https:\/\/www.kompetensforetagen.se\/api\/wp\/v2\/posts\/19903\/revisions"}],"predecessor-version":[{"id":19904,"href":"https:\/\/www.kompetensforetagen.se\/api\/wp\/v2\/posts\/19903\/revisions\/19904"}],"wp:featuredmedia":[{"embeddable":true,"href":"https:\/\/www.kompetensforetagen.se\/api\/wp\/v2\/media\/19896"}],"wp:attachment":[{"href":"https:\/\/www.kompetensforetagen.se\/api\/wp\/v2\/media?parent=19903"}],"wp:term":[{"taxonomy":"category","embeddable":true,"href":"https:\/\/www.kompetensforetagen.se\/api\/wp\/v2\/categories?post=19903"},{"taxonomy":"post_tag","embeddable":true,"href":"https:\/\/www.kompetensforetagen.se\/api\/wp\/v2\/tags?post=19903"},{"taxonomy":"type","embeddable":true,"href":"https:\/\/www.kompetensforetagen.se\/api\/wp\/v2\/article_type?post=19903"},{"taxonomy":"agreement","embeddable":true,"href":"https:\/\/www.kompetensforetagen.se\/api\/wp\/v2\/agreement?post=19903"},{"taxonomy":"for-members","embeddable":true,"href":"https:\/\/www.kompetensforetagen.se\/api\/wp\/v2\/for-members?post=19903"}],"curies":[{"name":"wp","href":"https:\/\/api.w.org\/{rel}","templated":true}]}}