{"id":19862,"date":"2025-05-12T09:39:29","date_gmt":"2025-05-12T07:39:29","guid":{"rendered":"https:\/\/www.kompetensforetagen.se\/?p=19862"},"modified":"2025-12-15T11:10:30","modified_gmt":"2025-12-15T10:10:30","slug":"rikard-westerlund-ny-i-styrelsen","status":"publish","type":"post","link":"https:\/\/www.kompetensforetagen.se\/2025\/05\/rikard-westerlund-ny-i-styrelsen\/","title":{"rendered":"Rikard Westerlund ny i styrelsen"},"content":{"rendered":"<p class=\"intro\">Rikard Westerlund \u00e4r VD f\u00f6r HelloLilly, som grundades 2020 med en tydlig vision \u2013 att hj\u00e4lpa m\u00e4nniskor att hitta r\u00e4tt v\u00e4g till jobb och utbildning. Med innovation, sociala medier och arbetsmarknadsinsatser skapar de nya m\u00f6tesplatser d\u00e4r arbetsgivare, utbildningsanordnare och arbetss\u00f6kande m\u00f6ts.<\/p>\n\n<p><strong>F\u00f6r fyra \u00e5r sedan grundades HelloLilly. Vad skulle du s\u00e4ga utm\u00e4ker er som f\u00f6retag?<\/strong><\/p>\n\n\n\n<p>\u2013 Vi \u00e4r dels leverant\u00f6r till Arbetsf\u00f6rmedlingen med uppdraget att rusta och matcha arbetss\u00f6kande med r\u00e4tt arbetsgivare eller utbildning. Parallellt driver vi Sveriges st\u00f6rsta karri\u00e4rcommunity p\u00e5 TikTok. Genom att n\u00e5 kandidaterna d\u00e4r de befinner sig skapar vi s\u00f6ml\u00f6sa v\u00e4gar mellan arbetss\u00f6kande, arbetsgivare och utbildningsanordnare. V\u00e5rt m\u00e5l \u00e4r att minska arbetsl\u00f6heten, motverka utanf\u00f6rskap och \u00f6ka effektiviteten p\u00e5 arbetsmarknaden genom att hj\u00e4llpa m\u00e4nniskor att hitta r\u00e4tt jobb.<\/p>\n\n\n\n<p><strong>Varf\u00f6r \u00e4r branschen viktig p\u00e5 arbetsmarkanden<\/strong>?<\/p>\n\n\n\n<p>\u2013 Kompetensbranschen spelar en avg\u00f6rande roll f\u00f6r att f\u00e5 arbetsmarknaden att fungera. Genom att se till att arbetsgivare snabbt och tr\u00e4ffs\u00e4kert kan hitta r\u00e4tt kompetens st\u00e4rker vi f\u00f6retagens konkurrenskraft och anpassningsf\u00f6rm\u00e5ga. Utvecklingen och kompetensbehoven f\u00f6r\u00e4ndras i snabb takt, samtidigt som nya generationer f\u00f6rv\u00e4ntar sig flexibilitet, r\u00f6rlighet och moderna arbetss\u00e4tt. Sammantaget \u00e4r branschen en motor som kopplar samman n\u00e4ringsliv, utbildningsv\u00e4gar och arbetskraft \u2014 och som st\u00e4rker b\u00e5de individens st\u00e4llning och samh\u00e4llets f\u00f6rm\u00e5ga till omst\u00e4llning och utveckling.<\/p>\n\n\n\n<p><strong>Du f\u00f6resl\u00e5s nu som ny ledamot i Kompetensf\u00f6retagens styrelse. Vad hoppas du kunna bidra med?<\/strong><\/p>\n\n\n\n<p>\u2013 Jag har ett starkt engagemang f\u00f6r hur arbetsmarknaden fungerar och \u00e4r sedan tidigare aktiv i Kompetensf\u00f6retagens och Utbildningsf\u00f6retagens reformarbetsgrupp, kopplad till arbetsmarknadspolitiken i Sverige. D\u00e4r har jag f\u00e5tt god inblick i branschens strategiska utmaningar och m\u00f6jligheter. Nu vill jag ta det vidare och vara en aktiv, prestigel\u00f6s och drivande kraft i styrelsearbetet. Min ambition \u00e4r att bidra med nyt\u00e4nkande l\u00f6sningar som st\u00e4rker b\u00e5de sm\u00e5 innovativa f\u00f6retag och st\u00f6rre akt\u00f6rer.<\/p>\n\n\n\n<p><strong>Vad tror du om branschens framtid?<\/strong><\/p>\n\n\n\n<p>\u2013 Vi verkar i en tid d\u00e4r f\u00f6r\u00e4ndring \u00e4r det enda konstanta och d\u00e4r kompetensbrist och h\u00f6g arbetsl\u00f6shet existerar samtidigt. Ny teknik, aff\u00e4rsmodeller och kompetensbehov utvecklas i snabb takt, och f\u00f6retagen beh\u00f6ver anpassa sig snabbare \u00e4n n\u00e5gonsin. H\u00e4r har v\u00e5r bransch en avg\u00f6rande roll. Genom att vara snabbfotade och datadrivna kan vi erbjuda de verktyg och l\u00f6sningar som beh\u00f6vs f\u00f6r att h\u00e5lla arbetsmarknaden i r\u00f6relse och skapa m\u00f6jligheter f\u00f6r fler.<\/p>\n\n\n\n<p><strong>Tack f\u00f6r din tid, en sista fr\u00e5ga. Vad tycker du om att g\u00f6ra p\u00e5 din fritid?<\/strong><\/p>\n\n\n\n<p>\u2013 Jag \u00e4r sm\u00e5barnspappa s\u00e5 en stor del av fritiden handlar om dansuppvisningar, fotbollstr\u00e4ningar och att vara st\u00e4ndigt redo vid sidlinjen. Men jag f\u00f6rs\u00f6ker ocks\u00e5 hinna med egen tr\u00e4ning och funderar nu p\u00e5 att sn\u00f6ra p\u00e5 mig skridskorna igen och g\u00e5 med i ett veteranhockeylag inf\u00f6r n\u00e4sta s\u00e4song.<\/p>\n","protected":false},"excerpt":{"rendered":"<p>F\u00f6r fyra \u00e5r sedan grundades HelloLilly. Vad skulle du s\u00e4ga utm\u00e4ker er som f\u00f6retag? \u2013 Vi \u00e4r dels leverant\u00f6r till Arbetsf\u00f6rmedlingen med uppdraget att rusta och matcha arbetss\u00f6kande med r\u00e4tt arbetsgivare eller utbildning. Parallellt driver &hellip;<\/p>\n","protected":false},"author":222,"featured_media":19876,"comment_status":"closed","ping_status":"closed","sticky":false,"template":"","format":"standard","meta":{"_acf_changed":false,"footnotes":""},"categories":[251],"tags":[],"article_type":[8],"agreement":[],"for-members":[],"class_list":["post-19862","post","type-post","status-publish","format-standard","has-post-thumbnail","hentry","category-styrelsen","type-aktuellt"],"acf":[],"yoast_head":"<!-- This site is optimized with the Yoast SEO Premium plugin v26.8 (Yoast SEO v26.8) - https:\/\/yoast.com\/product\/yoast-seo-premium-wordpress\/ -->\n<title>Rikard Westerlund ny i styrelsen - Kompetensf\u00f6retagen<\/title>\n<meta name=\"description\" content=\"V\u00e4lkommen Rikard Westerlund \u2013 ny i styrelsen. Se presentationen av Rikard och hans vision f\u00f6r branschens utveckling.\" \/>\n<meta name=\"robots\" content=\"index, follow, max-snippet:-1, max-image-preview:large, max-video-preview:-1\" \/>\n<link rel=\"canonical\" href=\"https:\/\/www.kompetensforetagen.se\/2025\/05\/rikard-westerlund-ny-i-styrelsen\/\" \/>\n<meta property=\"og:locale\" content=\"sv_SE\" \/>\n<meta property=\"og:type\" content=\"article\" \/>\n<meta property=\"og:title\" content=\"Rikard Westerlund ny i styrelsen\" \/>\n<meta property=\"og:description\" content=\"V\u00e4lkommen Rikard Westerlund \u2013 ny i styrelsen. Se presentationen av Rikard och hans vision f\u00f6r branschens utveckling.\" \/>\n<meta property=\"og:url\" content=\"https:\/\/www.kompetensforetagen.se\/2025\/05\/rikard-westerlund-ny-i-styrelsen\/\" \/>\n<meta property=\"og:site_name\" content=\"Kompetensf\u00f6retagen\" \/>\n<meta property=\"article:published_time\" content=\"2025-05-12T07:39:29+00:00\" \/>\n<meta property=\"article:modified_time\" content=\"2025-12-15T10:10:30+00:00\" \/>\n<meta property=\"og:image\" content=\"https:\/\/www.kompetensforetagen.se\/app\/uploads\/sites\/5\/2025\/05\/Namnlos-design-41.png\" \/>\n\t<meta property=\"og:image:width\" content=\"960\" \/>\n\t<meta property=\"og:image:height\" content=\"540\" \/>\n\t<meta property=\"og:image:type\" content=\"image\/png\" \/>\n<meta name=\"author\" content=\"Fredric Sk\u00e4lstad\" \/>\n<meta name=\"twitter:card\" content=\"summary_large_image\" \/>\n<meta name=\"twitter:label1\" content=\"Skriven av\" \/>\n\t<meta name=\"twitter:data1\" content=\"Fredric Sk\u00e4lstad\" \/>\n\t<meta name=\"twitter:label2\" content=\"Ber\u00e4knad l\u00e4stid\" \/>\n\t<meta name=\"twitter:data2\" content=\"3 minuter\" \/>\n<!-- \/ Yoast SEO Premium plugin. -->","yoast_head_json":{"title":"Rikard Westerlund ny i styrelsen - Kompetensf\u00f6retagen","description":"V\u00e4lkommen Rikard Westerlund \u2013 ny i styrelsen. Se presentationen av Rikard och hans vision f\u00f6r branschens utveckling.","robots":{"index":"index","follow":"follow","max-snippet":"max-snippet:-1","max-image-preview":"max-image-preview:large","max-video-preview":"max-video-preview:-1"},"canonical":"https:\/\/www.kompetensforetagen.se\/2025\/05\/rikard-westerlund-ny-i-styrelsen\/","og_locale":"sv_SE","og_type":"article","og_title":"Rikard Westerlund ny i styrelsen","og_description":"V\u00e4lkommen Rikard Westerlund \u2013 ny i styrelsen. Se presentationen av Rikard och hans vision f\u00f6r branschens utveckling.","og_url":"https:\/\/www.kompetensforetagen.se\/2025\/05\/rikard-westerlund-ny-i-styrelsen\/","og_site_name":"Kompetensf\u00f6retagen","article_published_time":"2025-05-12T07:39:29+00:00","article_modified_time":"2025-12-15T10:10:30+00:00","og_image":[{"width":960,"height":540,"url":"https:\/\/www.kompetensforetagen.se\/app\/uploads\/sites\/5\/2025\/05\/Namnlos-design-41.png","type":"image\/png"}],"author":"Fredric Sk\u00e4lstad","twitter_card":"summary_large_image","twitter_misc":{"Skriven av":"Fredric Sk\u00e4lstad","Ber\u00e4knad l\u00e4stid":"3 minuter"},"schema":{"@context":"https:\/\/schema.org","@graph":[{"@type":"Article","@id":"https:\/\/www.kompetensforetagen.se\/2025\/05\/rikard-westerlund-ny-i-styrelsen\/#article","isPartOf":{"@id":"https:\/\/www.kompetensforetagen.se\/2025\/05\/rikard-westerlund-ny-i-styrelsen\/"},"author":{"name":"Fredric Sk\u00e4lstad","@id":"https:\/\/www.kompetensforetagen.se\/#\/schema\/person\/72cd48bb411dea15e40f11d726e9eeeb"},"headline":"Rikard Westerlund ny i styrelsen","datePublished":"2025-05-12T07:39:29+00:00","dateModified":"2025-12-15T10:10:30+00:00","mainEntityOfPage":{"@id":"https:\/\/www.kompetensforetagen.se\/2025\/05\/rikard-westerlund-ny-i-styrelsen\/"},"wordCount":481,"publisher":{"@id":"https:\/\/www.kompetensforetagen.se\/#organization"},"image":{"@id":"https:\/\/www.kompetensforetagen.se\/2025\/05\/rikard-westerlund-ny-i-styrelsen\/#primaryimage"},"thumbnailUrl":"https:\/\/www.kompetensforetagen.se\/app\/uploads\/sites\/5\/2025\/05\/Namnlos-design-41.png","articleSection":["Styrelsen"],"inLanguage":"sv-SE"},{"@type":"WebPage","@id":"https:\/\/www.kompetensforetagen.se\/2025\/05\/rikard-westerlund-ny-i-styrelsen\/","url":"https:\/\/www.kompetensforetagen.se\/2025\/05\/rikard-westerlund-ny-i-styrelsen\/","name":"Rikard Westerlund ny i styrelsen - Kompetensf\u00f6retagen","isPartOf":{"@id":"https:\/\/www.kompetensforetagen.se\/#website"},"primaryImageOfPage":{"@id":"https:\/\/www.kompetensforetagen.se\/2025\/05\/rikard-westerlund-ny-i-styrelsen\/#primaryimage"},"image":{"@id":"https:\/\/www.kompetensforetagen.se\/2025\/05\/rikard-westerlund-ny-i-styrelsen\/#primaryimage"},"thumbnailUrl":"https:\/\/www.kompetensforetagen.se\/app\/uploads\/sites\/5\/2025\/05\/Namnlos-design-41.png","datePublished":"2025-05-12T07:39:29+00:00","dateModified":"2025-12-15T10:10:30+00:00","description":"V\u00e4lkommen Rikard Westerlund \u2013 ny i styrelsen. Se presentationen av Rikard och hans vision f\u00f6r branschens utveckling.","breadcrumb":{"@id":"https:\/\/www.kompetensforetagen.se\/2025\/05\/rikard-westerlund-ny-i-styrelsen\/#breadcrumb"},"inLanguage":"sv-SE","potentialAction":[{"@type":"ReadAction","target":["https:\/\/www.kompetensforetagen.se\/2025\/05\/rikard-westerlund-ny-i-styrelsen\/"]}]},{"@type":"ImageObject","inLanguage":"sv-SE","@id":"https:\/\/www.kompetensforetagen.se\/2025\/05\/rikard-westerlund-ny-i-styrelsen\/#primaryimage","url":"https:\/\/www.kompetensforetagen.se\/app\/uploads\/sites\/5\/2025\/05\/Namnlos-design-41.png","contentUrl":"https:\/\/www.kompetensforetagen.se\/app\/uploads\/sites\/5\/2025\/05\/Namnlos-design-41.png","width":960,"height":540,"caption":"Rikard Westerlund i Kompetensf\u00f6retagens styrelse."},{"@type":"BreadcrumbList","@id":"https:\/\/www.kompetensforetagen.se\/2025\/05\/rikard-westerlund-ny-i-styrelsen\/#breadcrumb","itemListElement":[{"@type":"ListItem","position":1,"name":"Home","item":"https:\/\/www.kompetensforetagen.se\/"},{"@type":"ListItem","position":2,"name":"Rikard Westerlund ny i styrelsen"}]},{"@type":"WebSite","@id":"https:\/\/www.kompetensforetagen.se\/#website","url":"https:\/\/www.kompetensforetagen.se\/","name":"Kompetensf\u00f6retagen","description":"R\u00e4tt person p\u00e5 r\u00e4tt plats kan f\u00f6r\u00e4ndra v\u00e4rlden","publisher":{"@id":"https:\/\/www.kompetensforetagen.se\/#organization"},"potentialAction":[{"@type":"SearchAction","target":{"@type":"EntryPoint","urlTemplate":"https:\/\/www.kompetensforetagen.se\/?s={search_term_string}"},"query-input":{"@type":"PropertyValueSpecification","valueRequired":true,"valueName":"search_term_string"}}],"inLanguage":"sv-SE"},{"@type":"Organization","@id":"https:\/\/www.kompetensforetagen.se\/#organization","name":"Kompetensf\u00f6retagen","url":"https:\/\/www.kompetensforetagen.se\/","logo":{"@type":"ImageObject","inLanguage":"sv-SE","@id":"https:\/\/www.kompetensforetagen.se\/#\/schema\/logo\/image\/","url":"https:\/\/www.kompetensforetagen.se\/app\/uploads\/sites\/5\/2022\/10\/logga_svart.png","contentUrl":"https:\/\/www.kompetensforetagen.se\/app\/uploads\/sites\/5\/2022\/10\/logga_svart.png","width":752,"height":64,"caption":"Kompetensf\u00f6retagen"},"image":{"@id":"https:\/\/www.kompetensforetagen.se\/#\/schema\/logo\/image\/"},"sameAs":["https:\/\/www.linkedin.com\/company\/10540032\/"]},{"@type":"Person","@id":"https:\/\/www.kompetensforetagen.se\/#\/schema\/person\/72cd48bb411dea15e40f11d726e9eeeb","name":"Fredric Sk\u00e4lstad","image":{"@type":"ImageObject","inLanguage":"sv-SE","@id":"https:\/\/www.kompetensforetagen.se\/#\/schema\/person\/image\/","url":"https:\/\/secure.gravatar.com\/avatar\/64f20bf3ac13c78aedd6054f495d1a00b38234d6bf532fa3b1cb3ff0bcc24f8d?s=96&d=mm&r=g","contentUrl":"https:\/\/secure.gravatar.com\/avatar\/64f20bf3ac13c78aedd6054f495d1a00b38234d6bf532fa3b1cb3ff0bcc24f8d?s=96&d=mm&r=g","caption":"Fredric Sk\u00e4lstad"},"description":"Fredric \u00e4r n\u00e4ringspolitisk chef p\u00e5 Kompetensf\u00f6retagen.","url":"https:\/\/www.kompetensforetagen.se\/person\/fredricskalstad\/"}]}},"_links":{"self":[{"href":"https:\/\/www.kompetensforetagen.se\/api\/wp\/v2\/posts\/19862","targetHints":{"allow":["GET"]}}],"collection":[{"href":"https:\/\/www.kompetensforetagen.se\/api\/wp\/v2\/posts"}],"about":[{"href":"https:\/\/www.kompetensforetagen.se\/api\/wp\/v2\/types\/post"}],"author":[{"embeddable":true,"href":"https:\/\/www.kompetensforetagen.se\/api\/wp\/v2\/users\/222"}],"replies":[{"embeddable":true,"href":"https:\/\/www.kompetensforetagen.se\/api\/wp\/v2\/comments?post=19862"}],"version-history":[{"count":2,"href":"https:\/\/www.kompetensforetagen.se\/api\/wp\/v2\/posts\/19862\/revisions"}],"predecessor-version":[{"id":19905,"href":"https:\/\/www.kompetensforetagen.se\/api\/wp\/v2\/posts\/19862\/revisions\/19905"}],"wp:featuredmedia":[{"embeddable":true,"href":"https:\/\/www.kompetensforetagen.se\/api\/wp\/v2\/media\/19876"}],"wp:attachment":[{"href":"https:\/\/www.kompetensforetagen.se\/api\/wp\/v2\/media?parent=19862"}],"wp:term":[{"taxonomy":"category","embeddable":true,"href":"https:\/\/www.kompetensforetagen.se\/api\/wp\/v2\/categories?post=19862"},{"taxonomy":"post_tag","embeddable":true,"href":"https:\/\/www.kompetensforetagen.se\/api\/wp\/v2\/tags?post=19862"},{"taxonomy":"type","embeddable":true,"href":"https:\/\/www.kompetensforetagen.se\/api\/wp\/v2\/article_type?post=19862"},{"taxonomy":"agreement","embeddable":true,"href":"https:\/\/www.kompetensforetagen.se\/api\/wp\/v2\/agreement?post=19862"},{"taxonomy":"for-members","embeddable":true,"href":"https:\/\/www.kompetensforetagen.se\/api\/wp\/v2\/for-members?post=19862"}],"curies":[{"name":"wp","href":"https:\/\/api.w.org\/{rel}","templated":true}]}}