{"id":19824,"date":"2025-05-09T11:22:07","date_gmt":"2025-05-09T09:22:07","guid":{"rendered":"https:\/\/www.kompetensforetagen.se\/?p=19824"},"modified":"2025-12-12T10:45:52","modified_gmt":"2025-12-12T09:45:52","slug":"ny-styrelse-for-kompetensforetagen","status":"publish","type":"post","link":"https:\/\/www.kompetensforetagen.se\/2025\/05\/ny-styrelse-for-kompetensforetagen\/","title":{"rendered":"Ny styrelse f\u00f6r Kompetens&shy;f\u00f6retagen"},"content":{"rendered":"<p class=\"intro\">Vid \u00e5rsm\u00f6tet den 8 maj valdes en ny styrelse f\u00f6r Kompetensf\u00f6retagen.<strong> Eva Domanders<\/strong>, vd f\u00f6r Klara, fick f\u00f6rnyat f\u00f6rtroende som ordf\u00f6rande. Till ny vice ordf\u00f6rande valdes <strong>Magnus Bergqvist<\/strong>, operativ chef p\u00e5 Lernia Bemanning och Rekrytering.<\/p>\n\n<p>En svag konjunktur och nytt regelkr\u00e5ngel har skapat ett tufft \u00e5r f\u00f6r kompetensbranschen. Trots det visade \u00e5rsm\u00f6tet att det finns b\u00e5de motst\u00e5ndskraft och anpassningsf\u00f6rm\u00e5ga bland medlemsf\u00f6retagen.<\/p>\n\n\n\n<p>\u2013 F\u00f6rra \u00e5ret fick 230 000 personer ett jobb i v\u00e5r bransch. N\u00e5gra tog sina f\u00f6rsta steg in p\u00e5 arbetsmarknaden, andra hittade en karri\u00e4r inom exempelvis tech eller finans, s\u00e4ger&nbsp;<strong>Eva Domanders<\/strong>, ordf\u00f6rande f\u00f6r Kompetensf\u00f6retagen.<\/p>\n\n\n\n<p>Eva Domanders \u00e4r \u00e4ven vice ordf\u00f6rande f\u00f6r&nbsp;<strong>Almega&nbsp;<\/strong>d\u00e4r Kompetensf\u00f6retagen ing\u00e5r.<\/p>\n\n\n\n<p>Drygt tv\u00e5 procent av den arbetande befolkningen jobbar i branschen. F\u00f6retagen inom bemanning, rekrytering och omst\u00e4llning spelar en viktig roll f\u00f6r att identifiera de kompetenser som beh\u00f6vs, hitta kandidater som m\u00f6ter behoven och rekrytera p\u00e5 ett r\u00e4ttvist s\u00e4tt.&nbsp;<\/p>\n\n\n\n<p>\u2013 Vi ska forts\u00e4tta vara en trygg, flexibel och kostnadseffektiv l\u00f6sning p\u00e5 Sveriges kompetensf\u00f6rs\u00f6rjning. Jag ser fram emot att bidra till det arbetet i styrelsen, s\u00e4ger&nbsp;<strong>Magnus Bergqvist<\/strong>, nyvald vice ordf\u00f6rande f\u00f6r Kompetensf\u00f6retagen.<\/p>\n\n\n\n<p><strong>Ordf\u00f6rande:<\/strong><\/p>\n\n\n\n<ul class=\"wp-block-list\">\n<li>Eva Domanders (vd, Klara kompetens)<\/li>\n<\/ul>\n\n\n\n<p><strong>Vice ordf\u00f6rande:<\/strong><\/p>\n\n\n\n<ul class=\"wp-block-list\">\n<li>Magnus Bergqvist (operativ chef, Lernia Bemanning och Rekrytering)<\/li>\n<\/ul>\n\n\n\n<p><strong>F\u00f6rnyat mandat fick f\u00f6ljande ledam\u00f6ter:<\/strong><strong><\/strong><\/p>\n\n\n\n<ul class=\"wp-block-list\">\n<li>\u00c5sa Edman-K\u00e4llstr\u00f6mer (vd, TNG Group)<\/li>\n\n\n\n<li>Claes Gellstrup (vd, Poolia)<\/li>\n\n\n\n<li>Louise Bagewitz (vd, Academic Work)<\/li>\n<\/ul>\n\n\n\n<p><strong>Styrelsen f\u00e5r \u00e4ven f\u00f6rst\u00e4rkning av flera nya ledam\u00f6ter:<\/strong><\/p>\n\n\n\n<ul class=\"wp-block-list\">\n<li>Per Johansson (vd, Manpowergroup)<\/li>\n\n\n\n<li>Nima Astanehdost (vd, Randstad)<\/li>\n\n\n\n<li>Torben Sneve (koncernchef, Adecco group)<\/li>\n\n\n\n<li>Henrik Olsson (vd, Fasticon)<\/li>\n\n\n\n<li>Rikard Westerlund (vd, HelloLilly)<\/li>\n<\/ul>\n\n\n\n<p>Dessutom \u00e4r f\u00f6rbundsdirekt\u00f6ren Patrik Eidfelt ledamot i styrelsen.<\/p>\n\n\n\n      <a href=\"https:\/\/www.kompetensforetagen.se\/kompetensforetagens-styrelse\/\" target=\"_blank\" class=\"Button is-button is-fullwidth is-style-fill has-black-background-color has-black-border-color has-white-color Button--arrow-tip\">\n      \n        H\u00e4r kan du l\u00e4sa mer om styrelsen\n      \n      \n                \n                <svg class='icon icon--arrow-tip'  width=\"11\" height=\"16\" viewBox=\"0 0 11 16\" fill=\"none\" xmlns=\"http:\/\/www.w3.org\/2000\/svg\">\n<path d=\"M0.858398 15L9.2304 7.99664L0.967732 1.00001\" stroke=\"black\" stroke-width=\"2\" stroke-miterlimit=\"10\"\/>\n<\/svg>\n\n        \n    <\/a>\n  \n","protected":false},"excerpt":{"rendered":"<p>En svag konjunktur och nytt regelkr\u00e5ngel har skapat ett tufft \u00e5r f\u00f6r kompetensbranschen. Trots det visade \u00e5rsm\u00f6tet att det finns b\u00e5de motst\u00e5ndskraft och anpassningsf\u00f6rm\u00e5ga bland medlemsf\u00f6retagen. \u2013 F\u00f6rra \u00e5ret fick 230 000 personer ett jobb &hellip;<\/p>\n","protected":false},"author":222,"featured_media":19825,"comment_status":"closed","ping_status":"closed","sticky":false,"template":"","format":"standard","meta":{"_acf_changed":false,"footnotes":""},"categories":[251],"tags":[],"article_type":[8,219],"agreement":[],"for-members":[],"class_list":["post-19824","post","type-post","status-publish","format-standard","has-post-thumbnail","hentry","category-styrelsen","type-aktuellt","type-nyhet"],"acf":[],"yoast_head":"<!-- This site is optimized with the Yoast SEO Premium plugin v26.8 (Yoast SEO v26.8) - https:\/\/yoast.com\/product\/yoast-seo-premium-wordpress\/ -->\n<title>Ny styrelse f\u00f6r Kompetensf\u00f6retagen - Kompetensf\u00f6retagen<\/title>\n<meta name=\"description\" content=\"Ny styrelse vald f\u00f6r Kompetensf\u00f6retagen. Se vilka som leder arbetet f\u00f6r att utveckla branschen och f\u00f6retr\u00e4da v\u00e5ra medlemmar.\" \/>\n<meta name=\"robots\" content=\"index, follow, max-snippet:-1, max-image-preview:large, max-video-preview:-1\" \/>\n<link rel=\"canonical\" href=\"https:\/\/www.kompetensforetagen.se\/2025\/05\/ny-styrelse-for-kompetensforetagen\/\" \/>\n<meta property=\"og:locale\" content=\"sv_SE\" \/>\n<meta property=\"og:type\" content=\"article\" \/>\n<meta property=\"og:title\" content=\"Ny styrelse f\u00f6r Kompetensf\u00f6retagen\" \/>\n<meta property=\"og:description\" content=\"Ny styrelse vald f\u00f6r Kompetensf\u00f6retagen. Se vilka som leder arbetet f\u00f6r att utveckla branschen och f\u00f6retr\u00e4da v\u00e5ra medlemmar.\" \/>\n<meta property=\"og:url\" content=\"https:\/\/www.kompetensforetagen.se\/2025\/05\/ny-styrelse-for-kompetensforetagen\/\" \/>\n<meta property=\"og:site_name\" content=\"Kompetensf\u00f6retagen\" \/>\n<meta property=\"article:published_time\" content=\"2025-05-09T09:22:07+00:00\" \/>\n<meta property=\"article:modified_time\" content=\"2025-12-12T09:45:52+00:00\" \/>\n<meta property=\"og:image\" content=\"https:\/\/www.kompetensforetagen.se\/app\/uploads\/sites\/5\/2025\/05\/Namnlos-design-40-1180x664.png\" \/>\n\t<meta property=\"og:image:width\" content=\"1180\" \/>\n\t<meta property=\"og:image:height\" content=\"664\" \/>\n\t<meta property=\"og:image:type\" content=\"image\/png\" \/>\n<meta name=\"author\" content=\"Fredric Sk\u00e4lstad\" \/>\n<meta name=\"twitter:card\" content=\"summary_large_image\" \/>\n<meta name=\"twitter:label1\" content=\"Skriven av\" \/>\n\t<meta name=\"twitter:data1\" content=\"Fredric Sk\u00e4lstad\" \/>\n\t<meta name=\"twitter:label2\" content=\"Ber\u00e4knad l\u00e4stid\" \/>\n\t<meta name=\"twitter:data2\" content=\"2 minuter\" \/>\n<!-- \/ Yoast SEO Premium plugin. -->","yoast_head_json":{"title":"Ny styrelse f\u00f6r Kompetensf\u00f6retagen - Kompetensf\u00f6retagen","description":"Ny styrelse vald f\u00f6r Kompetensf\u00f6retagen. Se vilka som leder arbetet f\u00f6r att utveckla branschen och f\u00f6retr\u00e4da v\u00e5ra medlemmar.","robots":{"index":"index","follow":"follow","max-snippet":"max-snippet:-1","max-image-preview":"max-image-preview:large","max-video-preview":"max-video-preview:-1"},"canonical":"https:\/\/www.kompetensforetagen.se\/2025\/05\/ny-styrelse-for-kompetensforetagen\/","og_locale":"sv_SE","og_type":"article","og_title":"Ny styrelse f\u00f6r Kompetensf\u00f6retagen","og_description":"Ny styrelse vald f\u00f6r Kompetensf\u00f6retagen. Se vilka som leder arbetet f\u00f6r att utveckla branschen och f\u00f6retr\u00e4da v\u00e5ra medlemmar.","og_url":"https:\/\/www.kompetensforetagen.se\/2025\/05\/ny-styrelse-for-kompetensforetagen\/","og_site_name":"Kompetensf\u00f6retagen","article_published_time":"2025-05-09T09:22:07+00:00","article_modified_time":"2025-12-12T09:45:52+00:00","og_image":[{"width":1180,"height":664,"url":"https:\/\/www.kompetensforetagen.se\/app\/uploads\/sites\/5\/2025\/05\/Namnlos-design-40-1180x664.png","type":"image\/png"}],"author":"Fredric Sk\u00e4lstad","twitter_card":"summary_large_image","twitter_misc":{"Skriven av":"Fredric Sk\u00e4lstad","Ber\u00e4knad l\u00e4stid":"2 minuter"},"schema":{"@context":"https:\/\/schema.org","@graph":[{"@type":"Article","@id":"https:\/\/www.kompetensforetagen.se\/2025\/05\/ny-styrelse-for-kompetensforetagen\/#article","isPartOf":{"@id":"https:\/\/www.kompetensforetagen.se\/2025\/05\/ny-styrelse-for-kompetensforetagen\/"},"author":{"name":"Fredric Sk\u00e4lstad","@id":"https:\/\/www.kompetensforetagen.se\/#\/schema\/person\/72cd48bb411dea15e40f11d726e9eeeb"},"headline":"Ny styrelse f\u00f6r Kompetens&shy;f\u00f6retagen","datePublished":"2025-05-09T09:22:07+00:00","dateModified":"2025-12-12T09:45:52+00:00","mainEntityOfPage":{"@id":"https:\/\/www.kompetensforetagen.se\/2025\/05\/ny-styrelse-for-kompetensforetagen\/"},"wordCount":272,"publisher":{"@id":"https:\/\/www.kompetensforetagen.se\/#organization"},"image":{"@id":"https:\/\/www.kompetensforetagen.se\/2025\/05\/ny-styrelse-for-kompetensforetagen\/#primaryimage"},"thumbnailUrl":"https:\/\/www.kompetensforetagen.se\/app\/uploads\/sites\/5\/2025\/05\/Namnlos-design-40.png","articleSection":["Styrelsen"],"inLanguage":"sv-SE"},{"@type":"WebPage","@id":"https:\/\/www.kompetensforetagen.se\/2025\/05\/ny-styrelse-for-kompetensforetagen\/","url":"https:\/\/www.kompetensforetagen.se\/2025\/05\/ny-styrelse-for-kompetensforetagen\/","name":"Ny styrelse f\u00f6r Kompetensf\u00f6retagen - Kompetensf\u00f6retagen","isPartOf":{"@id":"https:\/\/www.kompetensforetagen.se\/#website"},"primaryImageOfPage":{"@id":"https:\/\/www.kompetensforetagen.se\/2025\/05\/ny-styrelse-for-kompetensforetagen\/#primaryimage"},"image":{"@id":"https:\/\/www.kompetensforetagen.se\/2025\/05\/ny-styrelse-for-kompetensforetagen\/#primaryimage"},"thumbnailUrl":"https:\/\/www.kompetensforetagen.se\/app\/uploads\/sites\/5\/2025\/05\/Namnlos-design-40.png","datePublished":"2025-05-09T09:22:07+00:00","dateModified":"2025-12-12T09:45:52+00:00","description":"Ny styrelse vald f\u00f6r Kompetensf\u00f6retagen. Se vilka som leder arbetet f\u00f6r att utveckla branschen och f\u00f6retr\u00e4da v\u00e5ra medlemmar.","breadcrumb":{"@id":"https:\/\/www.kompetensforetagen.se\/2025\/05\/ny-styrelse-for-kompetensforetagen\/#breadcrumb"},"inLanguage":"sv-SE","potentialAction":[{"@type":"ReadAction","target":["https:\/\/www.kompetensforetagen.se\/2025\/05\/ny-styrelse-for-kompetensforetagen\/"]}]},{"@type":"ImageObject","inLanguage":"sv-SE","@id":"https:\/\/www.kompetensforetagen.se\/2025\/05\/ny-styrelse-for-kompetensforetagen\/#primaryimage","url":"https:\/\/www.kompetensforetagen.se\/app\/uploads\/sites\/5\/2025\/05\/Namnlos-design-40.png","contentUrl":"https:\/\/www.kompetensforetagen.se\/app\/uploads\/sites\/5\/2025\/05\/Namnlos-design-40.png","width":3840,"height":2160,"caption":"Nya i Kompetensf\u00f6retagens styrelse: Eva Domanders och Magnus Bergqvist"},{"@type":"BreadcrumbList","@id":"https:\/\/www.kompetensforetagen.se\/2025\/05\/ny-styrelse-for-kompetensforetagen\/#breadcrumb","itemListElement":[{"@type":"ListItem","position":1,"name":"Home","item":"https:\/\/www.kompetensforetagen.se\/"},{"@type":"ListItem","position":2,"name":"Ny styrelse f\u00f6r Kompetens&shy;f\u00f6retagen"}]},{"@type":"WebSite","@id":"https:\/\/www.kompetensforetagen.se\/#website","url":"https:\/\/www.kompetensforetagen.se\/","name":"Kompetensf\u00f6retagen","description":"R\u00e4tt person p\u00e5 r\u00e4tt plats kan f\u00f6r\u00e4ndra v\u00e4rlden","publisher":{"@id":"https:\/\/www.kompetensforetagen.se\/#organization"},"potentialAction":[{"@type":"SearchAction","target":{"@type":"EntryPoint","urlTemplate":"https:\/\/www.kompetensforetagen.se\/?s={search_term_string}"},"query-input":{"@type":"PropertyValueSpecification","valueRequired":true,"valueName":"search_term_string"}}],"inLanguage":"sv-SE"},{"@type":"Organization","@id":"https:\/\/www.kompetensforetagen.se\/#organization","name":"Kompetensf\u00f6retagen","url":"https:\/\/www.kompetensforetagen.se\/","logo":{"@type":"ImageObject","inLanguage":"sv-SE","@id":"https:\/\/www.kompetensforetagen.se\/#\/schema\/logo\/image\/","url":"https:\/\/www.kompetensforetagen.se\/app\/uploads\/sites\/5\/2022\/10\/logga_svart.png","contentUrl":"https:\/\/www.kompetensforetagen.se\/app\/uploads\/sites\/5\/2022\/10\/logga_svart.png","width":752,"height":64,"caption":"Kompetensf\u00f6retagen"},"image":{"@id":"https:\/\/www.kompetensforetagen.se\/#\/schema\/logo\/image\/"},"sameAs":["https:\/\/www.linkedin.com\/company\/10540032\/"]},{"@type":"Person","@id":"https:\/\/www.kompetensforetagen.se\/#\/schema\/person\/72cd48bb411dea15e40f11d726e9eeeb","name":"Fredric Sk\u00e4lstad","image":{"@type":"ImageObject","inLanguage":"sv-SE","@id":"https:\/\/www.kompetensforetagen.se\/#\/schema\/person\/image\/","url":"https:\/\/secure.gravatar.com\/avatar\/64f20bf3ac13c78aedd6054f495d1a00b38234d6bf532fa3b1cb3ff0bcc24f8d?s=96&d=mm&r=g","contentUrl":"https:\/\/secure.gravatar.com\/avatar\/64f20bf3ac13c78aedd6054f495d1a00b38234d6bf532fa3b1cb3ff0bcc24f8d?s=96&d=mm&r=g","caption":"Fredric Sk\u00e4lstad"},"description":"Fredric \u00e4r n\u00e4ringspolitisk chef p\u00e5 Kompetensf\u00f6retagen.","url":"https:\/\/www.kompetensforetagen.se\/person\/fredricskalstad\/"}]}},"_links":{"self":[{"href":"https:\/\/www.kompetensforetagen.se\/api\/wp\/v2\/posts\/19824","targetHints":{"allow":["GET"]}}],"collection":[{"href":"https:\/\/www.kompetensforetagen.se\/api\/wp\/v2\/posts"}],"about":[{"href":"https:\/\/www.kompetensforetagen.se\/api\/wp\/v2\/types\/post"}],"author":[{"embeddable":true,"href":"https:\/\/www.kompetensforetagen.se\/api\/wp\/v2\/users\/222"}],"replies":[{"embeddable":true,"href":"https:\/\/www.kompetensforetagen.se\/api\/wp\/v2\/comments?post=19824"}],"version-history":[{"count":1,"href":"https:\/\/www.kompetensforetagen.se\/api\/wp\/v2\/posts\/19824\/revisions"}],"predecessor-version":[{"id":19826,"href":"https:\/\/www.kompetensforetagen.se\/api\/wp\/v2\/posts\/19824\/revisions\/19826"}],"wp:featuredmedia":[{"embeddable":true,"href":"https:\/\/www.kompetensforetagen.se\/api\/wp\/v2\/media\/19825"}],"wp:attachment":[{"href":"https:\/\/www.kompetensforetagen.se\/api\/wp\/v2\/media?parent=19824"}],"wp:term":[{"taxonomy":"category","embeddable":true,"href":"https:\/\/www.kompetensforetagen.se\/api\/wp\/v2\/categories?post=19824"},{"taxonomy":"post_tag","embeddable":true,"href":"https:\/\/www.kompetensforetagen.se\/api\/wp\/v2\/tags?post=19824"},{"taxonomy":"type","embeddable":true,"href":"https:\/\/www.kompetensforetagen.se\/api\/wp\/v2\/article_type?post=19824"},{"taxonomy":"agreement","embeddable":true,"href":"https:\/\/www.kompetensforetagen.se\/api\/wp\/v2\/agreement?post=19824"},{"taxonomy":"for-members","embeddable":true,"href":"https:\/\/www.kompetensforetagen.se\/api\/wp\/v2\/for-members?post=19824"}],"curies":[{"name":"wp","href":"https:\/\/api.w.org\/{rel}","templated":true}]}}