{"id":19709,"date":"2025-04-22T09:27:39","date_gmt":"2025-04-22T07:27:39","guid":{"rendered":"https:\/\/www.kompetensforetagen.se\/?p=19709"},"modified":"2025-12-12T10:49:35","modified_gmt":"2025-12-12T09:49:35","slug":"pa-matchningsfronten-mycket-nytt","status":"publish","type":"post","link":"https:\/\/www.kompetensforetagen.se\/2025\/04\/pa-matchningsfronten-mycket-nytt\/","title":{"rendered":"P\u00e5 matchningsfronten mycket nytt"},"content":{"rendered":"<p class=\"intro\">Mars och april har pr\u00e4glats av m\u00f6ten, rundabordssamtal och studiebes\u00f6k. Arbetsf\u00f6rmedlingen har intensifierat arbetet med f\u00f6r\u00e4ndringar i matchningstj\u00e4nsten och publicerat den andra resultatuppf\u00f6ljningen f\u00f6r i \u00e5r samt presenterat ett nytt avtal. Man kan s\u00e4ga att mycket h\u00e4nder p\u00e5 matchningsfronten, skriver <strong>Jessica Forss Katz<\/strong>, n\u00e4ringspolitisk expert p\u00e5 Kompetensf\u00f6retagen.<\/p>\n\n<p>Vi p\u00e5 Kompetensf\u00f6retagen ser v\u00e4ldigt <a href=\"https:\/\/via.tt.se\/pressmeddelande\/3853966\/valkommen-resultatuppfoljning-av-arbetsformedlingen?publisherId=2596428&amp;lang=sv\" target=\"_blank\" rel=\"noreferrer noopener\">positivt<\/a> p\u00e5 de f\u00f6r\u00e4ndringar som nu sker i avtalet f\u00f6r matchningstj\u00e4nsten. Fr\u00e5n och med det nya avtalet och kommande h\u00e4vningar finns \u00e4ntligen m\u00f6jligheten att skapa b\u00e4ttre f\u00f6ruts\u00e4ttningar f\u00f6r h\u00f6gpresterande leverant\u00f6rer p\u00e5 marknaden.&nbsp;&nbsp;<\/p>\n\n\n\n<p>Sedan sist har vi ocks\u00e5 g\u00e5tt ut med ett debattinl\u00e4gg, med en uppmaning om att <a href=\"https:\/\/www.altinget.se\/artikel\/kavla-upp-armarna-nu-mats-persson\" target=\"_blank\" rel=\"noreferrer noopener\">Kavla upp \u00e4rmarna nu, Mats Persson &#8211; Altinget<\/a>,<strong> <\/strong>tillsammans med kollegorna p\u00e5 Almega och Utbildningsf\u00f6retagen. I artikeln uppmuntrar vi till krisinsikt. Det vill s\u00e4ga, att behovet av en aktiv arbetsmarknadspolitik bara \u00f6kar \u2013 ett mantra som vi kommer forts\u00e4tta propagera f\u00f6r. Nedan f\u00f6ljer n\u00e4rmare beskrivning av v\u00e5ra senaste och kommande aktiviteter.&nbsp;<\/p>\n\n\n<a class='Share__link Share__link--url copy-text' href='#' rel='nofollow' data-text='rundabordssamtal-om-langtidsarbetslosheten&nbsp;&nbsp;' title='Dela url' data-confirmation='L\u00e4nken kopierades till urklipp'><svg class='icon icon--link'  width='18' height='18' viewBox='0 0 18 18' fill='none' xmlns='http:\/\/www.w3.org\/2000\/svg'>\n            <path d='M10.4142 0.514721L6.87868 4.05025L8.29289 5.46447L11.1213 2.63604L15.364 6.87868L12.5355 9.70711L13.9497 11.1213L17.4853 7.58579C17.8763 7.19476 17.8763 6.5626 17.4853 6.17158L11.8284 0.514721C11.4374 0.123691 10.8052 0.123691 10.4142 0.514721Z' fill='black'\/>\n            <path d='M9.7071 12.5355L6.87868 15.364L2.63604 11.1213L5.46446 8.2929L4.05025 6.87868L0.514716 10.4142C0.123686 10.8052 0.123686 11.4374 0.514716 11.8284L6.17157 17.4853C6.5626 17.8763 7.19475 17.8763 7.58578 17.4853L11.1213 13.9497L9.7071 12.5355Z' fill='black'\/>\n            <path d='M6.17157 11.8284C6.5626 12.2195 7.19475 12.2195 7.58578 11.8284L11.8284 7.58579C12.2195 7.19476 12.2195 6.56261 11.8284 6.17158C11.4374 5.78055 10.8052 5.78055 10.4142 6.17158L6.17157 10.4142C5.78054 10.8052 5.78054 11.4374 6.17157 11.8284Z' fill='black'\/>\n            <\/svg> <\/a>\n<h2 class=\"wp-block-heading\" id=\"h-rundabordssamtal-om-langtidsarbetslosheten-nbsp-nbsp\"><strong>Rundabordssamtal om l\u00e5ngtidsarbetsl\u00f6sheten&nbsp;<\/strong>&nbsp;<\/h2>\n\n\n\n<p>Den senaste tiden har vi s\u00e4rskilt prioriterat m\u00f6ten med socialdemokratiska arbetsmarknadspolitiker. Vi har tr\u00e4ffat riksdagsledamoten <strong>Serkan K\u00f6se,<\/strong> som har ansvar f\u00f6r den aktiva arbetsmarknadspolitiken inom partiet, f\u00f6r att diskutera hur vi kan bryta l\u00e5ngtidsarbetsl\u00f6sheten. Under samtalet deltog \u00e4ven f\u00f6retr\u00e4dare fr\u00e5n Svenskt N\u00e4ringsliv, Almega och Utbildningsf\u00f6retagen. M\u00f6tet var angel\u00e4get eftersom S \u00e4r mitt uppe i att formulera f\u00f6rslag inf\u00f6r kongressen i maj, och verkar nyfikna p\u00e5 v\u00e5ra tankar och id\u00e9er. Vi har \u00e4ven fler inbokade m\u00f6ten med Serkan och utskottskollegorna under v\u00e5ren.&nbsp;&nbsp;<\/p>\n\n\n<a class='Share__link Share__link--url copy-text' href='#' rel='nofollow' data-text='samtal-med-martin-\u00c5dahl&nbsp;' title='Dela url' data-confirmation='L\u00e4nken kopierades till urklipp'><svg class='icon icon--link'  width='18' height='18' viewBox='0 0 18 18' fill='none' xmlns='http:\/\/www.w3.org\/2000\/svg'>\n            <path d='M10.4142 0.514721L6.87868 4.05025L8.29289 5.46447L11.1213 2.63604L15.364 6.87868L12.5355 9.70711L13.9497 11.1213L17.4853 7.58579C17.8763 7.19476 17.8763 6.5626 17.4853 6.17158L11.8284 0.514721C11.4374 0.123691 10.8052 0.123691 10.4142 0.514721Z' fill='black'\/>\n            <path d='M9.7071 12.5355L6.87868 15.364L2.63604 11.1213L5.46446 8.2929L4.05025 6.87868L0.514716 10.4142C0.123686 10.8052 0.123686 11.4374 0.514716 11.8284L6.17157 17.4853C6.5626 17.8763 7.19475 17.8763 7.58578 17.4853L11.1213 13.9497L9.7071 12.5355Z' fill='black'\/>\n            <path d='M6.17157 11.8284C6.5626 12.2195 7.19475 12.2195 7.58578 11.8284L11.8284 7.58579C12.2195 7.19476 12.2195 6.56261 11.8284 6.17158C11.4374 5.78055 10.8052 5.78055 10.4142 6.17158L6.17157 10.4142C5.78054 10.8052 5.78054 11.4374 6.17157 11.8284Z' fill='black'\/>\n            <\/svg> <\/a>\n<h2 class=\"wp-block-heading\" id=\"h-samtal-med-martin-adahl-nbsp\"><strong>Samtal med Martin \u00c5dahl<\/strong>&nbsp;<\/h2>\n\n\n\n<p>Under andra veckan i april bj\u00f6d vi till arbetsgruppsm\u00f6te om arbetsmarknadsfr\u00e5gor, med bes\u00f6k av <strong>Martin \u00c5dahl<\/strong> och <strong>Simon Fredriksson<\/strong> fr\u00e5n Centerpartiet. I tider av ifr\u00e5gas\u00e4ttande \u00e4r det alltid trevligt att tr\u00e4ffa v\u00e4nner i arbetsmarknadsfr\u00e5gor. G\u00e4sterna understr\u00f6k behovet av att, som leverant\u00f6rer, f\u00f6rklara matchningstj\u00e4nstens f\u00f6rtj\u00e4nster och utmaningar. Vi kommer forts\u00e4tta samtalen med C, inte minst inf\u00f6r valet.&nbsp;<\/p>\n\n\n<a class='Share__link Share__link--url copy-text' href='#' rel='nofollow' data-text='rundabordssamtal-om-kostnadseffektivitet-i-matchningstjansten&nbsp;' title='Dela url' data-confirmation='L\u00e4nken kopierades till urklipp'><svg class='icon icon--link'  width='18' height='18' viewBox='0 0 18 18' fill='none' xmlns='http:\/\/www.w3.org\/2000\/svg'>\n            <path d='M10.4142 0.514721L6.87868 4.05025L8.29289 5.46447L11.1213 2.63604L15.364 6.87868L12.5355 9.70711L13.9497 11.1213L17.4853 7.58579C17.8763 7.19476 17.8763 6.5626 17.4853 6.17158L11.8284 0.514721C11.4374 0.123691 10.8052 0.123691 10.4142 0.514721Z' fill='black'\/>\n            <path d='M9.7071 12.5355L6.87868 15.364L2.63604 11.1213L5.46446 8.2929L4.05025 6.87868L0.514716 10.4142C0.123686 10.8052 0.123686 11.4374 0.514716 11.8284L6.17157 17.4853C6.5626 17.8763 7.19475 17.8763 7.58578 17.4853L11.1213 13.9497L9.7071 12.5355Z' fill='black'\/>\n            <path d='M6.17157 11.8284C6.5626 12.2195 7.19475 12.2195 7.58578 11.8284L11.8284 7.58579C12.2195 7.19476 12.2195 6.56261 11.8284 6.17158C11.4374 5.78055 10.8052 5.78055 10.4142 6.17158L6.17157 10.4142C5.78054 10.8052 5.78054 11.4374 6.17157 11.8284Z' fill='black'\/>\n            <\/svg> <\/a>\n<h2 class=\"wp-block-heading\" id=\"h-rundabordssamtal-om-kostnadseffektivitet-i-matchningstjansten-nbsp\"><strong>Rundabordssamtal om kostnadseffektivitet i matchningstj\u00e4nsten<\/strong>&nbsp;<\/h2>\n\n\n\n<p>Den 10 april bj\u00f6d vi in till ett rundabordssamtal om kostnadseffektivitet i matchningstj\u00e4nsten tillsammans med Utbildningsf\u00f6retagen. Detta f\u00f6r att diskutera Arbetsf\u00f6rmedlingens arbete inom ramen f\u00f6r regleringsbrevsuppdraget. P\u00e5 plats var <strong>Sophia Metelius<\/strong> (L), statssekreterare hos arbetsmarknadsministern, och <strong>Martin Kruse<\/strong>, direkt\u00f6r ink\u00f6p och marknad p\u00e5 Arbetsf\u00f6rmedlingen. \u00c4ven tv\u00e5 medlemsf\u00f6retag deltog, f\u00f6r att ge en l\u00e4gesbeskrivning och st\u00e4lla fr\u00e5gor om hur Arbetsf\u00f6rmedlingen och regeringen ser p\u00e5 definitionen av kostnadseffektivitet \u2013 och d\u00e4rmed framtiden f\u00f6r matchningstj\u00e4nsten. Under m\u00f6tet understr\u00f6ks behovet av partnerskap mellan myndigheten och leverant\u00f6rer.&nbsp;<\/p>\n\n\n<a class='Share__link Share__link--url copy-text' href='#' rel='nofollow' data-text='leverantorsforum-med-samtal-om-falska-intyg-och-resultatuppfoljningar&nbsp;' title='Dela url' data-confirmation='L\u00e4nken kopierades till urklipp'><svg class='icon icon--link'  width='18' height='18' viewBox='0 0 18 18' fill='none' xmlns='http:\/\/www.w3.org\/2000\/svg'>\n            <path d='M10.4142 0.514721L6.87868 4.05025L8.29289 5.46447L11.1213 2.63604L15.364 6.87868L12.5355 9.70711L13.9497 11.1213L17.4853 7.58579C17.8763 7.19476 17.8763 6.5626 17.4853 6.17158L11.8284 0.514721C11.4374 0.123691 10.8052 0.123691 10.4142 0.514721Z' fill='black'\/>\n            <path d='M9.7071 12.5355L6.87868 15.364L2.63604 11.1213L5.46446 8.2929L4.05025 6.87868L0.514716 10.4142C0.123686 10.8052 0.123686 11.4374 0.514716 11.8284L6.17157 17.4853C6.5626 17.8763 7.19475 17.8763 7.58578 17.4853L11.1213 13.9497L9.7071 12.5355Z' fill='black'\/>\n            <path d='M6.17157 11.8284C6.5626 12.2195 7.19475 12.2195 7.58578 11.8284L11.8284 7.58579C12.2195 7.19476 12.2195 6.56261 11.8284 6.17158C11.4374 5.78055 10.8052 5.78055 10.4142 6.17158L6.17157 10.4142C5.78054 10.8052 5.78054 11.4374 6.17157 11.8284Z' fill='black'\/>\n            <\/svg> <\/a>\n<h2 class=\"wp-block-heading\" id=\"h-leverantorsforum-med-samtal-om-falska-intyg-och-resultatuppfoljningar-nbsp\"><strong>Leverant\u00f6rsforum med samtal om falska intyg och resultatuppf\u00f6ljningar<\/strong>&nbsp;<\/h2>\n\n\n\n<p>Fokus f\u00f6r leverant\u00f6rsforum 10 april var Arbetsf\u00f6rmedlingens senaste <a href=\"https:\/\/arbetsformedlingen.se\/statistik\/analyser-och-prognoser\/analys-och-utvardering\/2025\/arbetsmarknadsutbildningars-kostnadseffektivitet-och-bidrag-till-kompetensforsorjningen\" target=\"_blank\" rel=\"noreferrer noopener\">rapport<\/a> om arbetsmarknadsutbildningars kostnadseffektivitet och bidrag till kompetensf\u00f6rs\u00f6rjningen. Tydligt \u00e4r att utbildningsformen \u00e4r viktig, inte minst i dessa tider. D\u00e4rtill diskuterades utmaningar kopplat till falska intyg fr\u00e5n leverant\u00f6rer samt resultatuppf\u00f6ljningens m\u00f6jligheter och utmaningar. Arbetsf\u00f6rmedlingen pratar om att 120 avtal kan komma att h\u00e4vas i maj, vilket kan f\u00e5 effekterna att \u00f6vriga leverant\u00f6rer i ber\u00f6rda leveransomr\u00e5de f\u00e5r fler deltagare till h\u00f6sten.&nbsp;&nbsp;&nbsp;<\/p>\n\n\n<a class='Share__link Share__link--url copy-text' href='#' rel='nofollow' data-text='framtida-aktiviteter&nbsp;' title='Dela url' data-confirmation='L\u00e4nken kopierades till urklipp'><svg class='icon icon--link'  width='18' height='18' viewBox='0 0 18 18' fill='none' xmlns='http:\/\/www.w3.org\/2000\/svg'>\n            <path d='M10.4142 0.514721L6.87868 4.05025L8.29289 5.46447L11.1213 2.63604L15.364 6.87868L12.5355 9.70711L13.9497 11.1213L17.4853 7.58579C17.8763 7.19476 17.8763 6.5626 17.4853 6.17158L11.8284 0.514721C11.4374 0.123691 10.8052 0.123691 10.4142 0.514721Z' fill='black'\/>\n            <path d='M9.7071 12.5355L6.87868 15.364L2.63604 11.1213L5.46446 8.2929L4.05025 6.87868L0.514716 10.4142C0.123686 10.8052 0.123686 11.4374 0.514716 11.8284L6.17157 17.4853C6.5626 17.8763 7.19475 17.8763 7.58578 17.4853L11.1213 13.9497L9.7071 12.5355Z' fill='black'\/>\n            <path d='M6.17157 11.8284C6.5626 12.2195 7.19475 12.2195 7.58578 11.8284L11.8284 7.58579C12.2195 7.19476 12.2195 6.56261 11.8284 6.17158C11.4374 5.78055 10.8052 5.78055 10.4142 6.17158L6.17157 10.4142C5.78054 10.8052 5.78054 11.4374 6.17157 11.8284Z' fill='black'\/>\n            <\/svg> <\/a>\n<h2 class=\"wp-block-heading\" id=\"h-framtida-aktiviteter-nbsp\"><strong>Framtida aktiviteter<\/strong>&nbsp;<\/h2>\n\n\n\n<p>Vi forts\u00e4tter att arbeta med samtal och dialoger med akt\u00f6rer inom arbetsmarknadspolitiken. Nedan \u00e4r n\u00e5gra av v\u00e5ra kommande aktiviteter.&nbsp;<\/p>\n\n\n\n<figure class=\"wp-block-table\"><table><tbody><tr><td>23 april&nbsp;<\/td><td>Bes\u00f6k i Socialdemokraternas riksdagsgrupp inom AU&nbsp;<\/td><\/tr><tr><td>24 april&nbsp;<\/td><td>Lunchm\u00f6te om Arbetsf\u00f6rmedlingens roll p\u00e5 arbetsmarknadspolitiken (internt inom Svenskt N\u00e4ringsliv)&nbsp;<\/td><\/tr><tr><td>25 april&nbsp;<\/td><td>Webbinarium om Arbetsf\u00f6rmedlingens senaste utgiftsprognos&nbsp;<\/td><\/tr><tr><td>28 april&nbsp;<\/td><td>Studiebes\u00f6k f\u00f6r Jonathan Svensson (S) p\u00e5 Iris Hadar i G\u00f6teborg&nbsp;<\/td><\/tr><\/tbody><\/table><\/figure>\n\n\n\n<p>Tack f\u00f6r att ni h\u00f6r av er och delar era tankar och utmaningar. Det g\u00f6r v\u00e5rt arbete mer insiktsfullt och effektivt.\u00a0\u00a0\u00a0<\/p>\n\n\n\n<p>\/Jessica&nbsp;&nbsp;<\/p>\n","protected":false},"excerpt":{"rendered":"<p>Vi p\u00e5 Kompetensf\u00f6retagen ser v\u00e4ldigt positivt p\u00e5 de f\u00f6r\u00e4ndringar som nu sker i avtalet f\u00f6r matchningstj\u00e4nsten. Fr\u00e5n och med det nya avtalet och kommande h\u00e4vningar finns \u00e4ntligen m\u00f6jligheten att skapa b\u00e4ttre f\u00f6ruts\u00e4ttningar f\u00f6r h\u00f6gpresterande leverant\u00f6rer &hellip;<\/p>\n","protected":false},"author":222,"featured_media":19396,"comment_status":"closed","ping_status":"closed","sticky":false,"template":"","format":"standard","meta":{"_acf_changed":false,"footnotes":""},"categories":[192],"tags":[],"article_type":[8,211],"agreement":[],"for-members":[],"class_list":["post-19709","post","type-post","status-publish","format-standard","has-post-thumbnail","hentry","category-arbetsformedlingen","type-aktuellt","type-blogg"],"acf":[],"yoast_head":"<!-- This site is optimized with the Yoast SEO Premium plugin v26.8 (Yoast SEO v26.8) - https:\/\/yoast.com\/product\/yoast-seo-premium-wordpress\/ -->\n<title>P\u00e5 matchningsfronten mycket nytt - Kompetensf\u00f6retagen<\/title>\n<meta name=\"description\" content=\"P\u00e5 matchningsfronten mycket nytt. Vi sammanfattar de senaste trenderna och reformerna inom arbetsf\u00f6rmedling och matchning.\" \/>\n<meta name=\"robots\" content=\"index, follow, max-snippet:-1, max-image-preview:large, max-video-preview:-1\" \/>\n<link rel=\"canonical\" href=\"https:\/\/www.kompetensforetagen.se\/2025\/04\/pa-matchningsfronten-mycket-nytt\/\" \/>\n<meta property=\"og:locale\" content=\"sv_SE\" \/>\n<meta property=\"og:type\" content=\"article\" \/>\n<meta property=\"og:title\" content=\"P\u00e5 matchningsfronten mycket nytt\" \/>\n<meta property=\"og:description\" content=\"P\u00e5 matchningsfronten mycket nytt. Vi sammanfattar de senaste trenderna och reformerna inom arbetsf\u00f6rmedling och matchning.\" \/>\n<meta property=\"og:url\" content=\"https:\/\/www.kompetensforetagen.se\/2025\/04\/pa-matchningsfronten-mycket-nytt\/\" \/>\n<meta property=\"og:site_name\" content=\"Kompetensf\u00f6retagen\" \/>\n<meta property=\"article:published_time\" content=\"2025-04-22T07:27:39+00:00\" \/>\n<meta property=\"article:modified_time\" content=\"2025-12-12T09:49:35+00:00\" \/>\n<meta property=\"og:image\" content=\"https:\/\/www.kompetensforetagen.se\/app\/uploads\/sites\/5\/2025\/02\/Kopia-av-Charlotte-Magnus-ikael-1.png\" \/>\n\t<meta property=\"og:image:width\" content=\"1080\" \/>\n\t<meta property=\"og:image:height\" content=\"540\" \/>\n\t<meta property=\"og:image:type\" content=\"image\/png\" \/>\n<meta name=\"author\" content=\"Fredric Sk\u00e4lstad\" \/>\n<meta name=\"twitter:card\" content=\"summary_large_image\" \/>\n<meta name=\"twitter:label1\" content=\"Skriven av\" \/>\n\t<meta name=\"twitter:data1\" content=\"Fredric Sk\u00e4lstad\" \/>\n\t<meta name=\"twitter:label2\" content=\"Ber\u00e4knad l\u00e4stid\" \/>\n\t<meta name=\"twitter:data2\" content=\"3 minuter\" \/>\n<!-- \/ Yoast SEO Premium plugin. -->","yoast_head_json":{"title":"P\u00e5 matchningsfronten mycket nytt - Kompetensf\u00f6retagen","description":"P\u00e5 matchningsfronten mycket nytt. Vi sammanfattar de senaste trenderna och reformerna inom arbetsf\u00f6rmedling och matchning.","robots":{"index":"index","follow":"follow","max-snippet":"max-snippet:-1","max-image-preview":"max-image-preview:large","max-video-preview":"max-video-preview:-1"},"canonical":"https:\/\/www.kompetensforetagen.se\/2025\/04\/pa-matchningsfronten-mycket-nytt\/","og_locale":"sv_SE","og_type":"article","og_title":"P\u00e5 matchningsfronten mycket nytt","og_description":"P\u00e5 matchningsfronten mycket nytt. Vi sammanfattar de senaste trenderna och reformerna inom arbetsf\u00f6rmedling och matchning.","og_url":"https:\/\/www.kompetensforetagen.se\/2025\/04\/pa-matchningsfronten-mycket-nytt\/","og_site_name":"Kompetensf\u00f6retagen","article_published_time":"2025-04-22T07:27:39+00:00","article_modified_time":"2025-12-12T09:49:35+00:00","og_image":[{"width":1080,"height":540,"url":"https:\/\/www.kompetensforetagen.se\/app\/uploads\/sites\/5\/2025\/02\/Kopia-av-Charlotte-Magnus-ikael-1.png","type":"image\/png"}],"author":"Fredric Sk\u00e4lstad","twitter_card":"summary_large_image","twitter_misc":{"Skriven av":"Fredric Sk\u00e4lstad","Ber\u00e4knad l\u00e4stid":"3 minuter"},"schema":{"@context":"https:\/\/schema.org","@graph":[{"@type":"Article","@id":"https:\/\/www.kompetensforetagen.se\/2025\/04\/pa-matchningsfronten-mycket-nytt\/#article","isPartOf":{"@id":"https:\/\/www.kompetensforetagen.se\/2025\/04\/pa-matchningsfronten-mycket-nytt\/"},"author":{"name":"Fredric Sk\u00e4lstad","@id":"https:\/\/www.kompetensforetagen.se\/#\/schema\/person\/72cd48bb411dea15e40f11d726e9eeeb"},"headline":"P\u00e5 matchningsfronten mycket nytt","datePublished":"2025-04-22T07:27:39+00:00","dateModified":"2025-12-12T09:49:35+00:00","mainEntityOfPage":{"@id":"https:\/\/www.kompetensforetagen.se\/2025\/04\/pa-matchningsfronten-mycket-nytt\/"},"wordCount":637,"publisher":{"@id":"https:\/\/www.kompetensforetagen.se\/#organization"},"image":{"@id":"https:\/\/www.kompetensforetagen.se\/2025\/04\/pa-matchningsfronten-mycket-nytt\/#primaryimage"},"thumbnailUrl":"https:\/\/www.kompetensforetagen.se\/app\/uploads\/sites\/5\/2025\/02\/Kopia-av-Charlotte-Magnus-ikael-1.png","articleSection":["Arbetsf\u00f6rmedlingen"],"inLanguage":"sv-SE"},{"@type":"WebPage","@id":"https:\/\/www.kompetensforetagen.se\/2025\/04\/pa-matchningsfronten-mycket-nytt\/","url":"https:\/\/www.kompetensforetagen.se\/2025\/04\/pa-matchningsfronten-mycket-nytt\/","name":"P\u00e5 matchningsfronten mycket nytt - Kompetensf\u00f6retagen","isPartOf":{"@id":"https:\/\/www.kompetensforetagen.se\/#website"},"primaryImageOfPage":{"@id":"https:\/\/www.kompetensforetagen.se\/2025\/04\/pa-matchningsfronten-mycket-nytt\/#primaryimage"},"image":{"@id":"https:\/\/www.kompetensforetagen.se\/2025\/04\/pa-matchningsfronten-mycket-nytt\/#primaryimage"},"thumbnailUrl":"https:\/\/www.kompetensforetagen.se\/app\/uploads\/sites\/5\/2025\/02\/Kopia-av-Charlotte-Magnus-ikael-1.png","datePublished":"2025-04-22T07:27:39+00:00","dateModified":"2025-12-12T09:49:35+00:00","description":"P\u00e5 matchningsfronten mycket nytt. Vi sammanfattar de senaste trenderna och reformerna inom arbetsf\u00f6rmedling och matchning.","breadcrumb":{"@id":"https:\/\/www.kompetensforetagen.se\/2025\/04\/pa-matchningsfronten-mycket-nytt\/#breadcrumb"},"inLanguage":"sv-SE","potentialAction":[{"@type":"ReadAction","target":["https:\/\/www.kompetensforetagen.se\/2025\/04\/pa-matchningsfronten-mycket-nytt\/"]}]},{"@type":"ImageObject","inLanguage":"sv-SE","@id":"https:\/\/www.kompetensforetagen.se\/2025\/04\/pa-matchningsfronten-mycket-nytt\/#primaryimage","url":"https:\/\/www.kompetensforetagen.se\/app\/uploads\/sites\/5\/2025\/02\/Kopia-av-Charlotte-Magnus-ikael-1.png","contentUrl":"https:\/\/www.kompetensforetagen.se\/app\/uploads\/sites\/5\/2025\/02\/Kopia-av-Charlotte-Magnus-ikael-1.png","width":1080,"height":540,"caption":"Jessica Forss Katz: M\u00f6te med Socialdemokraternas arbetsmarknadspolitiker"},{"@type":"BreadcrumbList","@id":"https:\/\/www.kompetensforetagen.se\/2025\/04\/pa-matchningsfronten-mycket-nytt\/#breadcrumb","itemListElement":[{"@type":"ListItem","position":1,"name":"Home","item":"https:\/\/www.kompetensforetagen.se\/"},{"@type":"ListItem","position":2,"name":"P\u00e5 matchningsfronten mycket nytt"}]},{"@type":"WebSite","@id":"https:\/\/www.kompetensforetagen.se\/#website","url":"https:\/\/www.kompetensforetagen.se\/","name":"Kompetensf\u00f6retagen","description":"R\u00e4tt person p\u00e5 r\u00e4tt plats kan f\u00f6r\u00e4ndra v\u00e4rlden","publisher":{"@id":"https:\/\/www.kompetensforetagen.se\/#organization"},"potentialAction":[{"@type":"SearchAction","target":{"@type":"EntryPoint","urlTemplate":"https:\/\/www.kompetensforetagen.se\/?s={search_term_string}"},"query-input":{"@type":"PropertyValueSpecification","valueRequired":true,"valueName":"search_term_string"}}],"inLanguage":"sv-SE"},{"@type":"Organization","@id":"https:\/\/www.kompetensforetagen.se\/#organization","name":"Kompetensf\u00f6retagen","url":"https:\/\/www.kompetensforetagen.se\/","logo":{"@type":"ImageObject","inLanguage":"sv-SE","@id":"https:\/\/www.kompetensforetagen.se\/#\/schema\/logo\/image\/","url":"https:\/\/www.kompetensforetagen.se\/app\/uploads\/sites\/5\/2022\/10\/logga_svart.png","contentUrl":"https:\/\/www.kompetensforetagen.se\/app\/uploads\/sites\/5\/2022\/10\/logga_svart.png","width":752,"height":64,"caption":"Kompetensf\u00f6retagen"},"image":{"@id":"https:\/\/www.kompetensforetagen.se\/#\/schema\/logo\/image\/"},"sameAs":["https:\/\/www.linkedin.com\/company\/10540032\/"]},{"@type":"Person","@id":"https:\/\/www.kompetensforetagen.se\/#\/schema\/person\/72cd48bb411dea15e40f11d726e9eeeb","name":"Fredric Sk\u00e4lstad","image":{"@type":"ImageObject","inLanguage":"sv-SE","@id":"https:\/\/www.kompetensforetagen.se\/#\/schema\/person\/image\/","url":"https:\/\/secure.gravatar.com\/avatar\/64f20bf3ac13c78aedd6054f495d1a00b38234d6bf532fa3b1cb3ff0bcc24f8d?s=96&d=mm&r=g","contentUrl":"https:\/\/secure.gravatar.com\/avatar\/64f20bf3ac13c78aedd6054f495d1a00b38234d6bf532fa3b1cb3ff0bcc24f8d?s=96&d=mm&r=g","caption":"Fredric Sk\u00e4lstad"},"description":"Fredric \u00e4r n\u00e4ringspolitisk chef p\u00e5 Kompetensf\u00f6retagen.","url":"https:\/\/www.kompetensforetagen.se\/person\/fredricskalstad\/"}]}},"_links":{"self":[{"href":"https:\/\/www.kompetensforetagen.se\/api\/wp\/v2\/posts\/19709","targetHints":{"allow":["GET"]}}],"collection":[{"href":"https:\/\/www.kompetensforetagen.se\/api\/wp\/v2\/posts"}],"about":[{"href":"https:\/\/www.kompetensforetagen.se\/api\/wp\/v2\/types\/post"}],"author":[{"embeddable":true,"href":"https:\/\/www.kompetensforetagen.se\/api\/wp\/v2\/users\/222"}],"replies":[{"embeddable":true,"href":"https:\/\/www.kompetensforetagen.se\/api\/wp\/v2\/comments?post=19709"}],"version-history":[{"count":1,"href":"https:\/\/www.kompetensforetagen.se\/api\/wp\/v2\/posts\/19709\/revisions"}],"predecessor-version":[{"id":19710,"href":"https:\/\/www.kompetensforetagen.se\/api\/wp\/v2\/posts\/19709\/revisions\/19710"}],"wp:featuredmedia":[{"embeddable":true,"href":"https:\/\/www.kompetensforetagen.se\/api\/wp\/v2\/media\/19396"}],"wp:attachment":[{"href":"https:\/\/www.kompetensforetagen.se\/api\/wp\/v2\/media?parent=19709"}],"wp:term":[{"taxonomy":"category","embeddable":true,"href":"https:\/\/www.kompetensforetagen.se\/api\/wp\/v2\/categories?post=19709"},{"taxonomy":"post_tag","embeddable":true,"href":"https:\/\/www.kompetensforetagen.se\/api\/wp\/v2\/tags?post=19709"},{"taxonomy":"type","embeddable":true,"href":"https:\/\/www.kompetensforetagen.se\/api\/wp\/v2\/article_type?post=19709"},{"taxonomy":"agreement","embeddable":true,"href":"https:\/\/www.kompetensforetagen.se\/api\/wp\/v2\/agreement?post=19709"},{"taxonomy":"for-members","embeddable":true,"href":"https:\/\/www.kompetensforetagen.se\/api\/wp\/v2\/for-members?post=19709"}],"curies":[{"name":"wp","href":"https:\/\/api.w.org\/{rel}","templated":true}]}}