{"id":19614,"date":"2025-04-08T08:13:00","date_gmt":"2025-04-08T06:13:00","guid":{"rendered":"https:\/\/www.kompetensforetagen.se\/?p=19614"},"modified":"2025-12-12T11:35:59","modified_gmt":"2025-12-12T10:35:59","slug":"fyra-nya-auktoriserade-foretag-i-april","status":"publish","type":"post","link":"https:\/\/www.kompetensforetagen.se\/2025\/04\/fyra-nya-auktoriserade-foretag-i-april\/","title":{"rendered":"Fyra nya auktoriserade f\u00f6retag i april"},"content":{"rendered":"\n<p>Vid sammantr\u00e4det den 20 mars beslutade auktorisationsn\u00e4mnden att rekommendera Kompetensf\u00f6retagens styrelse att bevilja auktorisation f\u00f6r <strong>125 medlemsf\u00f6retag<\/strong>. Beslutet g\u00e4ller fr\u00e5n den 1 april.<\/p>\n\n\n\n<p>Av dessa auktoriserades f\u00f6ljande f\u00f6retag f\u00f6r f\u00f6rsta g\u00e5ngen:<strong> Flexibel Personal H\u00f6glandet AB, MJF Butchers AB, MTX Kompetensf\u00f6rs\u00f6rjning AB och NearYou Sk\u00e5ne AB<\/strong>.<\/p>\n\n\n\n<p>Inga medlemsf\u00f6retag fr\u00e5ntogs auktorisationen.<\/p>\n","protected":false},"excerpt":{"rendered":"<p>Vid sammantr\u00e4det den 20 mars beslutade auktorisationsn\u00e4mnden att rekommendera Kompetensf\u00f6retagens styrelse att bevilja auktorisation f\u00f6r 125 medlemsf\u00f6retag. Beslutet g\u00e4ller fr\u00e5n den 1 april. Av dessa auktoriserades f\u00f6ljande f\u00f6retag f\u00f6r f\u00f6rsta g\u00e5ngen: Flexibel Personal H\u00f6glandet AB, &hellip;<\/p>\n","protected":false},"author":222,"featured_media":19615,"comment_status":"closed","ping_status":"closed","sticky":false,"template":"","format":"standard","meta":{"_acf_changed":false,"footnotes":""},"categories":[17],"tags":[],"article_type":[8],"agreement":[],"for-members":[],"class_list":["post-19614","post","type-post","status-publish","format-standard","has-post-thumbnail","hentry","category-auktorisation","type-aktuellt"],"acf":[],"yoast_head":"<!-- This site is optimized with the Yoast SEO Premium plugin v26.8 (Yoast SEO v26.8) - https:\/\/yoast.com\/product\/yoast-seo-premium-wordpress\/ -->\n<title>Fyra nya auktoriserade f\u00f6retag i april - Kompetensf\u00f6retagen<\/title>\n<meta name=\"description\" content=\"Fyra nya f\u00f6retag har beviljats auktorisation i april. Se vilka akt\u00f6rer som nu uppfyller branschens h\u00f6ga krav p\u00e5 kvalitet och ekonomi.\" \/>\n<meta name=\"robots\" content=\"index, follow, max-snippet:-1, max-image-preview:large, max-video-preview:-1\" \/>\n<link rel=\"canonical\" href=\"https:\/\/www.kompetensforetagen.se\/2025\/04\/fyra-nya-auktoriserade-foretag-i-april\/\" \/>\n<meta property=\"og:locale\" content=\"sv_SE\" \/>\n<meta property=\"og:type\" content=\"article\" \/>\n<meta property=\"og:title\" content=\"Fyra nya auktoriserade f\u00f6retag i april\" \/>\n<meta property=\"og:description\" content=\"Fyra nya f\u00f6retag har beviljats auktorisation i april. Se vilka akt\u00f6rer som nu uppfyller branschens h\u00f6ga krav p\u00e5 kvalitet och ekonomi.\" \/>\n<meta property=\"og:url\" content=\"https:\/\/www.kompetensforetagen.se\/2025\/04\/fyra-nya-auktoriserade-foretag-i-april\/\" \/>\n<meta property=\"og:site_name\" content=\"Kompetensf\u00f6retagen\" \/>\n<meta property=\"article:published_time\" content=\"2025-04-08T06:13:00+00:00\" \/>\n<meta property=\"article:modified_time\" content=\"2025-12-12T10:35:59+00:00\" \/>\n<meta property=\"og:image\" content=\"https:\/\/www.kompetensforetagen.se\/app\/uploads\/sites\/5\/2025\/04\/Christotter-blogg-1.png\" \/>\n\t<meta property=\"og:image:width\" content=\"1920\" \/>\n\t<meta property=\"og:image:height\" content=\"1080\" \/>\n\t<meta property=\"og:image:type\" content=\"image\/png\" \/>\n<meta name=\"author\" content=\"Fredric Sk\u00e4lstad\" \/>\n<meta name=\"twitter:card\" content=\"summary_large_image\" \/>\n<meta name=\"twitter:label1\" content=\"Skriven av\" \/>\n\t<meta name=\"twitter:data1\" content=\"Fredric Sk\u00e4lstad\" \/>\n\t<meta name=\"twitter:label2\" content=\"Ber\u00e4knad l\u00e4stid\" \/>\n\t<meta name=\"twitter:data2\" content=\"1 minut\" \/>\n<!-- \/ Yoast SEO Premium plugin. -->","yoast_head_json":{"title":"Fyra nya auktoriserade f\u00f6retag i april - Kompetensf\u00f6retagen","description":"Fyra nya f\u00f6retag har beviljats auktorisation i april. Se vilka akt\u00f6rer som nu uppfyller branschens h\u00f6ga krav p\u00e5 kvalitet och ekonomi.","robots":{"index":"index","follow":"follow","max-snippet":"max-snippet:-1","max-image-preview":"max-image-preview:large","max-video-preview":"max-video-preview:-1"},"canonical":"https:\/\/www.kompetensforetagen.se\/2025\/04\/fyra-nya-auktoriserade-foretag-i-april\/","og_locale":"sv_SE","og_type":"article","og_title":"Fyra nya auktoriserade f\u00f6retag i april","og_description":"Fyra nya f\u00f6retag har beviljats auktorisation i april. Se vilka akt\u00f6rer som nu uppfyller branschens h\u00f6ga krav p\u00e5 kvalitet och ekonomi.","og_url":"https:\/\/www.kompetensforetagen.se\/2025\/04\/fyra-nya-auktoriserade-foretag-i-april\/","og_site_name":"Kompetensf\u00f6retagen","article_published_time":"2025-04-08T06:13:00+00:00","article_modified_time":"2025-12-12T10:35:59+00:00","og_image":[{"width":1920,"height":1080,"url":"https:\/\/www.kompetensforetagen.se\/app\/uploads\/sites\/5\/2025\/04\/Christotter-blogg-1.png","type":"image\/png"}],"author":"Fredric Sk\u00e4lstad","twitter_card":"summary_large_image","twitter_misc":{"Skriven av":"Fredric Sk\u00e4lstad","Ber\u00e4knad l\u00e4stid":"1 minut"},"schema":{"@context":"https:\/\/schema.org","@graph":[{"@type":"Article","@id":"https:\/\/www.kompetensforetagen.se\/2025\/04\/fyra-nya-auktoriserade-foretag-i-april\/#article","isPartOf":{"@id":"https:\/\/www.kompetensforetagen.se\/2025\/04\/fyra-nya-auktoriserade-foretag-i-april\/"},"author":{"name":"Fredric Sk\u00e4lstad","@id":"https:\/\/www.kompetensforetagen.se\/#\/schema\/person\/72cd48bb411dea15e40f11d726e9eeeb"},"headline":"Fyra nya auktoriserade f\u00f6retag i april","datePublished":"2025-04-08T06:13:00+00:00","dateModified":"2025-12-12T10:35:59+00:00","mainEntityOfPage":{"@id":"https:\/\/www.kompetensforetagen.se\/2025\/04\/fyra-nya-auktoriserade-foretag-i-april\/"},"wordCount":71,"publisher":{"@id":"https:\/\/www.kompetensforetagen.se\/#organization"},"image":{"@id":"https:\/\/www.kompetensforetagen.se\/2025\/04\/fyra-nya-auktoriserade-foretag-i-april\/#primaryimage"},"thumbnailUrl":"https:\/\/www.kompetensforetagen.se\/app\/uploads\/sites\/5\/2025\/04\/Christotter-blogg-1.png","articleSection":["Auktorisation"],"inLanguage":"sv-SE"},{"@type":"WebPage","@id":"https:\/\/www.kompetensforetagen.se\/2025\/04\/fyra-nya-auktoriserade-foretag-i-april\/","url":"https:\/\/www.kompetensforetagen.se\/2025\/04\/fyra-nya-auktoriserade-foretag-i-april\/","name":"Fyra nya auktoriserade f\u00f6retag i april - Kompetensf\u00f6retagen","isPartOf":{"@id":"https:\/\/www.kompetensforetagen.se\/#website"},"primaryImageOfPage":{"@id":"https:\/\/www.kompetensforetagen.se\/2025\/04\/fyra-nya-auktoriserade-foretag-i-april\/#primaryimage"},"image":{"@id":"https:\/\/www.kompetensforetagen.se\/2025\/04\/fyra-nya-auktoriserade-foretag-i-april\/#primaryimage"},"thumbnailUrl":"https:\/\/www.kompetensforetagen.se\/app\/uploads\/sites\/5\/2025\/04\/Christotter-blogg-1.png","datePublished":"2025-04-08T06:13:00+00:00","dateModified":"2025-12-12T10:35:59+00:00","description":"Fyra nya f\u00f6retag har beviljats auktorisation i april. Se vilka akt\u00f6rer som nu uppfyller branschens h\u00f6ga krav p\u00e5 kvalitet och ekonomi.","breadcrumb":{"@id":"https:\/\/www.kompetensforetagen.se\/2025\/04\/fyra-nya-auktoriserade-foretag-i-april\/#breadcrumb"},"inLanguage":"sv-SE","potentialAction":[{"@type":"ReadAction","target":["https:\/\/www.kompetensforetagen.se\/2025\/04\/fyra-nya-auktoriserade-foretag-i-april\/"]}]},{"@type":"ImageObject","inLanguage":"sv-SE","@id":"https:\/\/www.kompetensforetagen.se\/2025\/04\/fyra-nya-auktoriserade-foretag-i-april\/#primaryimage","url":"https:\/\/www.kompetensforetagen.se\/app\/uploads\/sites\/5\/2025\/04\/Christotter-blogg-1.png","contentUrl":"https:\/\/www.kompetensforetagen.se\/app\/uploads\/sites\/5\/2025\/04\/Christotter-blogg-1.png","width":1920,"height":1080,"caption":"125 medlemsf\u00f6retag beviljades auktorisation i april 2025"},{"@type":"BreadcrumbList","@id":"https:\/\/www.kompetensforetagen.se\/2025\/04\/fyra-nya-auktoriserade-foretag-i-april\/#breadcrumb","itemListElement":[{"@type":"ListItem","position":1,"name":"Home","item":"https:\/\/www.kompetensforetagen.se\/"},{"@type":"ListItem","position":2,"name":"Fyra nya auktoriserade f\u00f6retag i april"}]},{"@type":"WebSite","@id":"https:\/\/www.kompetensforetagen.se\/#website","url":"https:\/\/www.kompetensforetagen.se\/","name":"Kompetensf\u00f6retagen","description":"R\u00e4tt person p\u00e5 r\u00e4tt plats kan f\u00f6r\u00e4ndra v\u00e4rlden","publisher":{"@id":"https:\/\/www.kompetensforetagen.se\/#organization"},"potentialAction":[{"@type":"SearchAction","target":{"@type":"EntryPoint","urlTemplate":"https:\/\/www.kompetensforetagen.se\/?s={search_term_string}"},"query-input":{"@type":"PropertyValueSpecification","valueRequired":true,"valueName":"search_term_string"}}],"inLanguage":"sv-SE"},{"@type":"Organization","@id":"https:\/\/www.kompetensforetagen.se\/#organization","name":"Kompetensf\u00f6retagen","url":"https:\/\/www.kompetensforetagen.se\/","logo":{"@type":"ImageObject","inLanguage":"sv-SE","@id":"https:\/\/www.kompetensforetagen.se\/#\/schema\/logo\/image\/","url":"https:\/\/www.kompetensforetagen.se\/app\/uploads\/sites\/5\/2022\/10\/logga_svart.png","contentUrl":"https:\/\/www.kompetensforetagen.se\/app\/uploads\/sites\/5\/2022\/10\/logga_svart.png","width":752,"height":64,"caption":"Kompetensf\u00f6retagen"},"image":{"@id":"https:\/\/www.kompetensforetagen.se\/#\/schema\/logo\/image\/"},"sameAs":["https:\/\/www.linkedin.com\/company\/10540032\/"]},{"@type":"Person","@id":"https:\/\/www.kompetensforetagen.se\/#\/schema\/person\/72cd48bb411dea15e40f11d726e9eeeb","name":"Fredric Sk\u00e4lstad","image":{"@type":"ImageObject","inLanguage":"sv-SE","@id":"https:\/\/www.kompetensforetagen.se\/#\/schema\/person\/image\/","url":"https:\/\/secure.gravatar.com\/avatar\/64f20bf3ac13c78aedd6054f495d1a00b38234d6bf532fa3b1cb3ff0bcc24f8d?s=96&d=mm&r=g","contentUrl":"https:\/\/secure.gravatar.com\/avatar\/64f20bf3ac13c78aedd6054f495d1a00b38234d6bf532fa3b1cb3ff0bcc24f8d?s=96&d=mm&r=g","caption":"Fredric Sk\u00e4lstad"},"description":"Fredric \u00e4r n\u00e4ringspolitisk chef p\u00e5 Kompetensf\u00f6retagen.","url":"https:\/\/www.kompetensforetagen.se\/person\/fredricskalstad\/"}]}},"_links":{"self":[{"href":"https:\/\/www.kompetensforetagen.se\/api\/wp\/v2\/posts\/19614","targetHints":{"allow":["GET"]}}],"collection":[{"href":"https:\/\/www.kompetensforetagen.se\/api\/wp\/v2\/posts"}],"about":[{"href":"https:\/\/www.kompetensforetagen.se\/api\/wp\/v2\/types\/post"}],"author":[{"embeddable":true,"href":"https:\/\/www.kompetensforetagen.se\/api\/wp\/v2\/users\/222"}],"replies":[{"embeddable":true,"href":"https:\/\/www.kompetensforetagen.se\/api\/wp\/v2\/comments?post=19614"}],"version-history":[{"count":1,"href":"https:\/\/www.kompetensforetagen.se\/api\/wp\/v2\/posts\/19614\/revisions"}],"predecessor-version":[{"id":19616,"href":"https:\/\/www.kompetensforetagen.se\/api\/wp\/v2\/posts\/19614\/revisions\/19616"}],"wp:featuredmedia":[{"embeddable":true,"href":"https:\/\/www.kompetensforetagen.se\/api\/wp\/v2\/media\/19615"}],"wp:attachment":[{"href":"https:\/\/www.kompetensforetagen.se\/api\/wp\/v2\/media?parent=19614"}],"wp:term":[{"taxonomy":"category","embeddable":true,"href":"https:\/\/www.kompetensforetagen.se\/api\/wp\/v2\/categories?post=19614"},{"taxonomy":"post_tag","embeddable":true,"href":"https:\/\/www.kompetensforetagen.se\/api\/wp\/v2\/tags?post=19614"},{"taxonomy":"type","embeddable":true,"href":"https:\/\/www.kompetensforetagen.se\/api\/wp\/v2\/article_type?post=19614"},{"taxonomy":"agreement","embeddable":true,"href":"https:\/\/www.kompetensforetagen.se\/api\/wp\/v2\/agreement?post=19614"},{"taxonomy":"for-members","embeddable":true,"href":"https:\/\/www.kompetensforetagen.se\/api\/wp\/v2\/for-members?post=19614"}],"curies":[{"name":"wp","href":"https:\/\/api.w.org\/{rel}","templated":true}]}}