{"id":19530,"date":"2025-04-16T08:13:00","date_gmt":"2025-04-16T06:13:00","guid":{"rendered":"https:\/\/www.kompetensforetagen.se\/?p=19530"},"modified":"2025-12-15T11:26:31","modified_gmt":"2025-12-15T10:26:31","slug":"kompetensbranschen-oppnar-arbetsmarknaden","status":"publish","type":"post","link":"https:\/\/www.kompetensforetagen.se\/2025\/04\/kompetensbranschen-oppnar-arbetsmarknaden\/","title":{"rendered":"Kompetens&shy;branschen \u00f6ppnar arbetsmarknaden"},"content":{"rendered":"<p class=\"intro\">Vid \u00e5rsskiftet tilltr\u00e4dde Per Ivar Kristiansen rollen som COO p\u00e5 Adecco Sverige, men han har varit verksam i \u00f6ver tio \u00e5r p\u00e5 den nordiska arbetsmarknaden.<br \/>\n\u2013 Det \u00e4r av yttersta vikt att vi anv\u00e4nder hela kompetenspoolen av m\u00e4nniskor i samh\u00e4llet \u2013 d\u00e4r kan vi g\u00f6ra en stor skillnad genom att utmana v\u00e5ra kunder och deras s\u00e4tt att se p\u00e5 m\u00e5ngfald och inkludering, s\u00e4ger Per Ivar Kristiansen.<\/p>\n\n<p><strong>Du har en bred erfarenhet inom flera olika yrkesroller. Vad skulle du s\u00e4ga utm\u00e4rker Adecco som f\u00f6retag?<\/strong><\/p>\n\n\n\n<p>\u2013 Vi har en personbaserad kultur med mycket passion, vi s\u00e4tter oss in i vad v\u00e5ra kunder beh\u00f6ver och hur vi kan g\u00f6ra skillnad f\u00f6r just dem. Om man m\u00f6ter oss \u00e4r det alltid med hj\u00e4rtat f\u00f6rst. Alla v\u00e5ra konsulter \u00e4r en del av oss, och det \u00e4r viktigt att vi skapar den kulturen i bolaget. Vi har en viktig uppgift att f\u00f6rst\u00e5 och vara n\u00e4ra den lokala marknaden och samtidig ha specialkunskap f\u00f6r olika industrier och den kompetens v\u00e5ra kunder efterfr\u00e5gar. Det \u00e4r viktigt at vi har mod att utmana b\u00e5de oss sj\u00e4lva och v\u00e5ra kunder f\u00f6r att alltid utvecklas tilsammans f\u00f6r att hitta b\u00e4sta l\u00f6sningar f\u00f6r framtiden.<\/p>\n\n\n\n<p><strong>Vilka fr\u00e5gor vill du driva, och \u00e4r s\u00e4rskilt viktiga f\u00f6r dig i din nya roll COO?<\/strong><\/p>\n\n\n\n<p>\u2013 Jag brinner f\u00f6r kompetensbaserad rekrytering och att Adecco verkar f\u00f6r m\u00e5ngfald och inkludering i samh\u00e4llet. Vi har i egenskap av att vara experter p\u00e5 rekrytering, en avg\u00f6rande roll f\u00f6r att motverka diskriminering. Kopplat till det vill jag ocks\u00e5 lyfta fram nya s\u00e4tt \u2013 innovationer och tankes\u00e4tt \u2013 kring hur man hittar och rekryterar personal.<\/p>\n\n\n\n<p><strong>Varf\u00f6r \u00e4r kompetensbranschen viktig p\u00e5 arbetsmarknaden?<\/strong><\/p>\n\n\n\n<p>\u2013 Vi spelar en viktig roll i att identifiera de kompetenser som beh\u00f6vs, hitta kandidater som m\u00f6ter behoven, och rekrytera p\u00e5 ett r\u00e4ttvist s\u00e4tt. Det \u00e4r av yttersta vikt att vi anv\u00e4nder hela kompetenspoolen av m\u00e4nniskor i samh\u00e4llet \u2013 d\u00e4r kan vi som bransch g\u00f6ra en stor skillnad genom att utmana v\u00e5ra kunder och deras s\u00e4tt att se p\u00e5 m\u00e5ngfald och inkludering. Branschen \u00e4r ocks\u00e5 en viktig ink\u00f6rsport f\u00f6r personer som ska ta sitt f\u00f6rsta steg in p\u00e5 arbetsmarknaden. Jag \u00e4r mycket stolt \u00f6ver hur m\u00e5nga personer som varje \u00e5r f\u00e5r sitt f\u00f6rsta jobb genom Adecco.<\/p>\n\n\n\n<p><strong>I branschen \u00e4r 24-m\u00e5nadersregeln en stor fr\u00e5ga. Vilka effekter har ni sett?<\/strong><\/p>\n\n\n\n<p>\u2013 Sverige \u00e4r ett av de mest reglerade l\u00e4nderna i v\u00e4rlden och 24-m\u00e5nadersreglen \u00e4r inte bara negativ f\u00f6r branschen, utan f\u00f6r hela det svenska n\u00e4ringslivet. En direkt konsekvens \u00e4r att personer f\u00f6rlorar sina jobb och att man begr\u00e4nsar flexibiliteten p\u00e5 arbetsmarknaden f\u00f6r b\u00e5de arbetstagare och arbetsgivare. Flexibilitet beh\u00f6vs p\u00e5 arbetsmarknaden, i synnerhet f\u00f6r att kunna hantera det kompetensbehov som finns. Vi befinner oss i en tid d\u00e4r vi beh\u00f6ver vara mer effektiva, vilket nu f\u00f6rsv\u00e5ras i och med den administrativa b\u00f6rda som nu l\u00e4ggs p\u00e5 f\u00f6retagen.<\/p>\n\n\n\n<p><strong>Vad tror du om branschens framtid?<\/strong><\/p>\n\n\n\n<p>\u2013 Vi ser tecken p\u00e5 ljusare tider och signaler p\u00e5 att fler bolag i Sverige vill anst\u00e4lla fler och efterfr\u00e5gar ny kompetens. Jag tror att vi ser en tillv\u00e4xt i slutet av \u00e5ret, men p\u00e5 grund av l\u00e4get i omv\u00e4rlden \u00e4r det sv\u00e5rt att sia om framtiden. Det \u00e4r en marknad som \u00e4r pr\u00e4glad av stor os\u00e4kerhet. Jag \u00e4r sp\u00e4nd, men f\u00f6rhoppningsfull.<\/p>\n\n\n\n<p><strong>Tack f\u00f6r din tid, en sista fr\u00e5ga. Vad tycker du om att g\u00f6ra p\u00e5 din fritid?<\/strong><\/p>\n\n\n\n<p>\u2013 P\u00e5 fritiden gillar jag att koppla av med en l\u00f6prunda, bastu och en bra bok. N\u00e4r det kommer till sport, \u00e4r jag en riktig fanatiker. Jag f\u00f6ljer Tottenham i den engelska fotbollsligan med stor entusiasm \u2013 \u00e4ven om de ibland ger mig n\u00e5gra gr\u00e5 h\u00e5r. Och sj\u00e4lvklart, Allsvenskan och vinteridrott \u00e4r alltid p\u00e5 radarn. Jag spenderar tid med min fru och v\u00e5ra tv\u00e5 barn, v\u00e4nner och familj. N\u00e4r vi beh\u00f6ver en paus fr\u00e5n allt, trivs vi bra i v\u00e5r sommarstuga i Jakobstad, FInland. Det \u00e4r den perfekta platsen f\u00f6r att ladda batterierna och njuta av lite lugn och ro.<\/p>\n","protected":false},"excerpt":{"rendered":"<p>Du har en bred erfarenhet inom flera olika yrkesroller. Vad skulle du s\u00e4ga utm\u00e4rker Adecco som f\u00f6retag? \u2013 Vi har en personbaserad kultur med mycket passion, vi s\u00e4tter oss in i vad v\u00e5ra kunder beh\u00f6ver &hellip;<\/p>\n","protected":false},"author":222,"featured_media":19531,"comment_status":"closed","ping_status":"closed","sticky":false,"template":"","format":"standard","meta":{"_acf_changed":false,"footnotes":""},"categories":[263],"tags":[],"article_type":[8],"agreement":[],"for-members":[],"class_list":["post-19530","post","type-post","status-publish","format-standard","has-post-thumbnail","hentry","category-bemanning","type-aktuellt"],"acf":[],"yoast_head":"<!-- This site is optimized with the Yoast SEO Premium plugin v26.8 (Yoast SEO v26.8) - https:\/\/yoast.com\/product\/yoast-seo-premium-wordpress\/ -->\n<title>Kompetensbranschen \u00f6ppnar arbetsmarknaden - Kompetensf\u00f6retagen<\/title>\n<meta name=\"description\" content=\"Kompetensbranschen \u00f6ppnar arbetsmarknaden. L\u00e4s om hur v\u00e5ra f\u00f6retag fungerar som en integrationsmotor och s\u00e4nker tr\u00f6sklarna till jobb.\" \/>\n<meta name=\"robots\" content=\"index, follow, max-snippet:-1, max-image-preview:large, max-video-preview:-1\" \/>\n<link rel=\"canonical\" href=\"https:\/\/www.kompetensforetagen.se\/2025\/04\/kompetensbranschen-oppnar-arbetsmarknaden\/\" \/>\n<meta property=\"og:locale\" content=\"sv_SE\" \/>\n<meta property=\"og:type\" content=\"article\" \/>\n<meta property=\"og:title\" content=\"Kompetensbranschen \u00f6ppnar arbetsmarknaden\" \/>\n<meta property=\"og:description\" content=\"Kompetensbranschen \u00f6ppnar arbetsmarknaden. L\u00e4s om hur v\u00e5ra f\u00f6retag fungerar som en integrationsmotor och s\u00e4nker tr\u00f6sklarna till jobb.\" \/>\n<meta property=\"og:url\" content=\"https:\/\/www.kompetensforetagen.se\/2025\/04\/kompetensbranschen-oppnar-arbetsmarknaden\/\" \/>\n<meta property=\"og:site_name\" content=\"Kompetensf\u00f6retagen\" \/>\n<meta property=\"article:published_time\" content=\"2025-04-16T06:13:00+00:00\" \/>\n<meta property=\"article:modified_time\" content=\"2025-12-15T10:26:31+00:00\" \/>\n<meta property=\"og:image\" content=\"https:\/\/www.kompetensforetagen.se\/app\/uploads\/sites\/5\/2025\/03\/Kopia-av-Charlotte-Magnus-ikael-5.png\" \/>\n\t<meta property=\"og:image:width\" content=\"1080\" \/>\n\t<meta property=\"og:image:height\" content=\"540\" \/>\n\t<meta property=\"og:image:type\" content=\"image\/png\" \/>\n<meta name=\"author\" content=\"Fredric Sk\u00e4lstad\" \/>\n<meta name=\"twitter:card\" content=\"summary_large_image\" \/>\n<meta name=\"twitter:label1\" content=\"Skriven av\" \/>\n\t<meta name=\"twitter:data1\" content=\"Fredric Sk\u00e4lstad\" \/>\n\t<meta name=\"twitter:label2\" content=\"Ber\u00e4knad l\u00e4stid\" \/>\n\t<meta name=\"twitter:data2\" content=\"4 minuter\" \/>\n<!-- \/ Yoast SEO Premium plugin. -->","yoast_head_json":{"title":"Kompetensbranschen \u00f6ppnar arbetsmarknaden - Kompetensf\u00f6retagen","description":"Kompetensbranschen \u00f6ppnar arbetsmarknaden. L\u00e4s om hur v\u00e5ra f\u00f6retag fungerar som en integrationsmotor och s\u00e4nker tr\u00f6sklarna till jobb.","robots":{"index":"index","follow":"follow","max-snippet":"max-snippet:-1","max-image-preview":"max-image-preview:large","max-video-preview":"max-video-preview:-1"},"canonical":"https:\/\/www.kompetensforetagen.se\/2025\/04\/kompetensbranschen-oppnar-arbetsmarknaden\/","og_locale":"sv_SE","og_type":"article","og_title":"Kompetensbranschen \u00f6ppnar arbetsmarknaden","og_description":"Kompetensbranschen \u00f6ppnar arbetsmarknaden. L\u00e4s om hur v\u00e5ra f\u00f6retag fungerar som en integrationsmotor och s\u00e4nker tr\u00f6sklarna till jobb.","og_url":"https:\/\/www.kompetensforetagen.se\/2025\/04\/kompetensbranschen-oppnar-arbetsmarknaden\/","og_site_name":"Kompetensf\u00f6retagen","article_published_time":"2025-04-16T06:13:00+00:00","article_modified_time":"2025-12-15T10:26:31+00:00","og_image":[{"width":1080,"height":540,"url":"https:\/\/www.kompetensforetagen.se\/app\/uploads\/sites\/5\/2025\/03\/Kopia-av-Charlotte-Magnus-ikael-5.png","type":"image\/png"}],"author":"Fredric Sk\u00e4lstad","twitter_card":"summary_large_image","twitter_misc":{"Skriven av":"Fredric Sk\u00e4lstad","Ber\u00e4knad l\u00e4stid":"4 minuter"},"schema":{"@context":"https:\/\/schema.org","@graph":[{"@type":"Article","@id":"https:\/\/www.kompetensforetagen.se\/2025\/04\/kompetensbranschen-oppnar-arbetsmarknaden\/#article","isPartOf":{"@id":"https:\/\/www.kompetensforetagen.se\/2025\/04\/kompetensbranschen-oppnar-arbetsmarknaden\/"},"author":{"name":"Fredric Sk\u00e4lstad","@id":"https:\/\/www.kompetensforetagen.se\/#\/schema\/person\/72cd48bb411dea15e40f11d726e9eeeb"},"headline":"Kompetens&shy;branschen \u00f6ppnar arbetsmarknaden","datePublished":"2025-04-16T06:13:00+00:00","dateModified":"2025-12-15T10:26:31+00:00","mainEntityOfPage":{"@id":"https:\/\/www.kompetensforetagen.se\/2025\/04\/kompetensbranschen-oppnar-arbetsmarknaden\/"},"wordCount":676,"publisher":{"@id":"https:\/\/www.kompetensforetagen.se\/#organization"},"image":{"@id":"https:\/\/www.kompetensforetagen.se\/2025\/04\/kompetensbranschen-oppnar-arbetsmarknaden\/#primaryimage"},"thumbnailUrl":"https:\/\/www.kompetensforetagen.se\/app\/uploads\/sites\/5\/2025\/03\/Kopia-av-Charlotte-Magnus-ikael-5.png","articleSection":["Bemanning"],"inLanguage":"sv-SE"},{"@type":"WebPage","@id":"https:\/\/www.kompetensforetagen.se\/2025\/04\/kompetensbranschen-oppnar-arbetsmarknaden\/","url":"https:\/\/www.kompetensforetagen.se\/2025\/04\/kompetensbranschen-oppnar-arbetsmarknaden\/","name":"Kompetensbranschen \u00f6ppnar arbetsmarknaden - Kompetensf\u00f6retagen","isPartOf":{"@id":"https:\/\/www.kompetensforetagen.se\/#website"},"primaryImageOfPage":{"@id":"https:\/\/www.kompetensforetagen.se\/2025\/04\/kompetensbranschen-oppnar-arbetsmarknaden\/#primaryimage"},"image":{"@id":"https:\/\/www.kompetensforetagen.se\/2025\/04\/kompetensbranschen-oppnar-arbetsmarknaden\/#primaryimage"},"thumbnailUrl":"https:\/\/www.kompetensforetagen.se\/app\/uploads\/sites\/5\/2025\/03\/Kopia-av-Charlotte-Magnus-ikael-5.png","datePublished":"2025-04-16T06:13:00+00:00","dateModified":"2025-12-15T10:26:31+00:00","description":"Kompetensbranschen \u00f6ppnar arbetsmarknaden. L\u00e4s om hur v\u00e5ra f\u00f6retag fungerar som en integrationsmotor och s\u00e4nker tr\u00f6sklarna till jobb.","breadcrumb":{"@id":"https:\/\/www.kompetensforetagen.se\/2025\/04\/kompetensbranschen-oppnar-arbetsmarknaden\/#breadcrumb"},"inLanguage":"sv-SE","potentialAction":[{"@type":"ReadAction","target":["https:\/\/www.kompetensforetagen.se\/2025\/04\/kompetensbranschen-oppnar-arbetsmarknaden\/"]}]},{"@type":"ImageObject","inLanguage":"sv-SE","@id":"https:\/\/www.kompetensforetagen.se\/2025\/04\/kompetensbranschen-oppnar-arbetsmarknaden\/#primaryimage","url":"https:\/\/www.kompetensforetagen.se\/app\/uploads\/sites\/5\/2025\/03\/Kopia-av-Charlotte-Magnus-ikael-5.png","contentUrl":"https:\/\/www.kompetensforetagen.se\/app\/uploads\/sites\/5\/2025\/03\/Kopia-av-Charlotte-Magnus-ikael-5.png","width":1080,"height":540},{"@type":"BreadcrumbList","@id":"https:\/\/www.kompetensforetagen.se\/2025\/04\/kompetensbranschen-oppnar-arbetsmarknaden\/#breadcrumb","itemListElement":[{"@type":"ListItem","position":1,"name":"Home","item":"https:\/\/www.kompetensforetagen.se\/"},{"@type":"ListItem","position":2,"name":"Kompetens&shy;branschen \u00f6ppnar arbetsmarknaden"}]},{"@type":"WebSite","@id":"https:\/\/www.kompetensforetagen.se\/#website","url":"https:\/\/www.kompetensforetagen.se\/","name":"Kompetensf\u00f6retagen","description":"R\u00e4tt person p\u00e5 r\u00e4tt plats kan f\u00f6r\u00e4ndra v\u00e4rlden","publisher":{"@id":"https:\/\/www.kompetensforetagen.se\/#organization"},"potentialAction":[{"@type":"SearchAction","target":{"@type":"EntryPoint","urlTemplate":"https:\/\/www.kompetensforetagen.se\/?s={search_term_string}"},"query-input":{"@type":"PropertyValueSpecification","valueRequired":true,"valueName":"search_term_string"}}],"inLanguage":"sv-SE"},{"@type":"Organization","@id":"https:\/\/www.kompetensforetagen.se\/#organization","name":"Kompetensf\u00f6retagen","url":"https:\/\/www.kompetensforetagen.se\/","logo":{"@type":"ImageObject","inLanguage":"sv-SE","@id":"https:\/\/www.kompetensforetagen.se\/#\/schema\/logo\/image\/","url":"https:\/\/www.kompetensforetagen.se\/app\/uploads\/sites\/5\/2022\/10\/logga_svart.png","contentUrl":"https:\/\/www.kompetensforetagen.se\/app\/uploads\/sites\/5\/2022\/10\/logga_svart.png","width":752,"height":64,"caption":"Kompetensf\u00f6retagen"},"image":{"@id":"https:\/\/www.kompetensforetagen.se\/#\/schema\/logo\/image\/"},"sameAs":["https:\/\/www.linkedin.com\/company\/10540032\/"]},{"@type":"Person","@id":"https:\/\/www.kompetensforetagen.se\/#\/schema\/person\/72cd48bb411dea15e40f11d726e9eeeb","name":"Fredric Sk\u00e4lstad","image":{"@type":"ImageObject","inLanguage":"sv-SE","@id":"https:\/\/www.kompetensforetagen.se\/#\/schema\/person\/image\/","url":"https:\/\/secure.gravatar.com\/avatar\/64f20bf3ac13c78aedd6054f495d1a00b38234d6bf532fa3b1cb3ff0bcc24f8d?s=96&d=mm&r=g","contentUrl":"https:\/\/secure.gravatar.com\/avatar\/64f20bf3ac13c78aedd6054f495d1a00b38234d6bf532fa3b1cb3ff0bcc24f8d?s=96&d=mm&r=g","caption":"Fredric Sk\u00e4lstad"},"description":"Fredric \u00e4r n\u00e4ringspolitisk chef p\u00e5 Kompetensf\u00f6retagen.","url":"https:\/\/www.kompetensforetagen.se\/person\/fredricskalstad\/"}]}},"_links":{"self":[{"href":"https:\/\/www.kompetensforetagen.se\/api\/wp\/v2\/posts\/19530","targetHints":{"allow":["GET"]}}],"collection":[{"href":"https:\/\/www.kompetensforetagen.se\/api\/wp\/v2\/posts"}],"about":[{"href":"https:\/\/www.kompetensforetagen.se\/api\/wp\/v2\/types\/post"}],"author":[{"embeddable":true,"href":"https:\/\/www.kompetensforetagen.se\/api\/wp\/v2\/users\/222"}],"replies":[{"embeddable":true,"href":"https:\/\/www.kompetensforetagen.se\/api\/wp\/v2\/comments?post=19530"}],"version-history":[{"count":1,"href":"https:\/\/www.kompetensforetagen.se\/api\/wp\/v2\/posts\/19530\/revisions"}],"predecessor-version":[{"id":19532,"href":"https:\/\/www.kompetensforetagen.se\/api\/wp\/v2\/posts\/19530\/revisions\/19532"}],"wp:featuredmedia":[{"embeddable":true,"href":"https:\/\/www.kompetensforetagen.se\/api\/wp\/v2\/media\/19531"}],"wp:attachment":[{"href":"https:\/\/www.kompetensforetagen.se\/api\/wp\/v2\/media?parent=19530"}],"wp:term":[{"taxonomy":"category","embeddable":true,"href":"https:\/\/www.kompetensforetagen.se\/api\/wp\/v2\/categories?post=19530"},{"taxonomy":"post_tag","embeddable":true,"href":"https:\/\/www.kompetensforetagen.se\/api\/wp\/v2\/tags?post=19530"},{"taxonomy":"type","embeddable":true,"href":"https:\/\/www.kompetensforetagen.se\/api\/wp\/v2\/article_type?post=19530"},{"taxonomy":"agreement","embeddable":true,"href":"https:\/\/www.kompetensforetagen.se\/api\/wp\/v2\/agreement?post=19530"},{"taxonomy":"for-members","embeddable":true,"href":"https:\/\/www.kompetensforetagen.se\/api\/wp\/v2\/for-members?post=19530"}],"curies":[{"name":"wp","href":"https:\/\/api.w.org\/{rel}","templated":true}]}}