{"id":19488,"date":"2025-03-14T08:30:00","date_gmt":"2025-03-14T07:30:00","guid":{"rendered":"https:\/\/www.kompetensforetagen.se\/?p=19488"},"modified":"2025-12-12T10:48:07","modified_gmt":"2025-12-12T09:48:07","slug":"om-inte-nu-sa-nar","status":"publish","type":"post","link":"https:\/\/www.kompetensforetagen.se\/2025\/03\/om-inte-nu-sa-nar\/","title":{"rendered":"Om inte nu s\u00e5 n\u00e4r\u2026?\u00a0\u00a0"},"content":{"rendered":"<p class=\"intro\">Vore det inte kl\u00e4dsamt med mer, inte mindre, aktiv arbetsmarknadspolitik i dessa kristider, undrar<strong> Jessica Forss Katz<\/strong>, n\u00e4ringspolitisk expert, i ett nytt blogginl\u00e4gg.<\/p>\n\n<p>Att st\u00e4rka den aktiva arbetsmarknadspolitiken verkar inte vara h\u00f6gst p\u00e5 dagordningen f\u00f6r vare sig arbetsmarknadsministern eller Arbetsf\u00f6rmedlingen. Trots en historiskt h\u00f6g arbetsl\u00f6shet f\u00e5r f\u00e4rre arbetsl\u00f6sa arbetsmarknadspolitiska insatser och Arbetsf\u00f6rmedlingens garantiprogram f\u00f6r l\u00e5ngtidsarbetsl\u00f6sa inaktiverar en stor del av deltagarna (vilket ocks\u00e5 illustrerats i Almegas senaste <a href=\"https:\/\/www.almega.se\/app\/uploads\/2025\/02\/Arbetslosheten-i-forandring-fardig.pdf\" target=\"_blank\" rel=\"noreferrer noopener\">rapport<\/a>).&nbsp;&nbsp;<\/p>\n\n\n\n<p>I detta l\u00e4ge prioriterar ministern i st\u00e4llet att ge Arbetsf\u00f6rmedlingen ett uppdrag de redan har, det vill s\u00e4ga att s\u00e4kerst\u00e4lla h\u00f6ga <a href=\"https:\/\/www.regeringen.se\/pressmeddelanden\/2025\/03\/okad-geografisk-och-yrkesmassig-rorlighet-i-fokus-for-nytt-regeringsuppdrag\/?mtm_campaign=Pressmeddelande&amp;mtm_source=Pressmeddelande&amp;mtm_medium=email\" target=\"_blank\" rel=\"noreferrer noopener\">krav p\u00e5 arbetsl\u00f6sa om geografisk och yrkesm\u00e4ssig r\u00f6rlighet<\/a>. Och visst \u00e4r det bra, men kanske inte h\u00f6gst p\u00e5 listan \u00f6ver vad som beh\u00f6vs f\u00f6r att st\u00f6tta fler till anst\u00e4llningsbarhet.&nbsp;&nbsp;<\/p>\n\n\n\n<p>Och i <a href=\"https:\/\/www.expressen.se\/debatt\/debatt-det-finns-ingen--enkel-losning\/\" target=\"_blank\" rel=\"noreferrer noopener\">diskussionen om Arbetsf\u00f6rmedlingens vara eller inte vara<\/a>, kanske det vore mer kl\u00e4dsamt att anv\u00e4nda befintliga verktyg p\u00e5 ett b\u00e4ttre s\u00e4tt \u2013 \u00e4n att st\u00e4ndigt uppfinna hjulet. Som vanligt g\u00e5r jag igenom det vi arbetar med f\u00f6r att p\u00e5verka den dessv\u00e4rre blygsamma arbetsmarknadspolitiska utvecklingen.&nbsp;&nbsp;<\/p>\n\n\n<a class='Share__link Share__link--url copy-text' href='#' rel='nofollow' data-text='medverkan-i-iep:s-natverkstraff&nbsp;' title='Dela url' data-confirmation='L\u00e4nken kopierades till urklipp'><svg class='icon icon--link'  width='18' height='18' viewBox='0 0 18 18' fill='none' xmlns='http:\/\/www.w3.org\/2000\/svg'>\n            <path d='M10.4142 0.514721L6.87868 4.05025L8.29289 5.46447L11.1213 2.63604L15.364 6.87868L12.5355 9.70711L13.9497 11.1213L17.4853 7.58579C17.8763 7.19476 17.8763 6.5626 17.4853 6.17158L11.8284 0.514721C11.4374 0.123691 10.8052 0.123691 10.4142 0.514721Z' fill='black'\/>\n            <path d='M9.7071 12.5355L6.87868 15.364L2.63604 11.1213L5.46446 8.2929L4.05025 6.87868L0.514716 10.4142C0.123686 10.8052 0.123686 11.4374 0.514716 11.8284L6.17157 17.4853C6.5626 17.8763 7.19475 17.8763 7.58578 17.4853L11.1213 13.9497L9.7071 12.5355Z' fill='black'\/>\n            <path d='M6.17157 11.8284C6.5626 12.2195 7.19475 12.2195 7.58578 11.8284L11.8284 7.58579C12.2195 7.19476 12.2195 6.56261 11.8284 6.17158C11.4374 5.78055 10.8052 5.78055 10.4142 6.17158L6.17157 10.4142C5.78054 10.8052 5.78054 11.4374 6.17157 11.8284Z' fill='black'\/>\n            <\/svg> <\/a>\n<h2 class=\"wp-block-heading\" id=\"h-medverkan-i-iep-s-natverkstraff-nbsp\"><strong>Medverkan i IEP:s n\u00e4tverkstr\u00e4ff<\/strong>&nbsp;<\/h2>\n\n\n\n<p>Tisdagen den 4 mars fick jag m\u00f6jlighet att delta i ett panelsamtal om \u201dLeverant\u00f6rernas roll imorgon\u201d tillsammans med <em>Roy Melchert<\/em>, chef f\u00f6r arbetsmarknadssektionen p\u00e5 SKR, och <em>Noa Cortinez Samenius<\/em>, Moderata ungdomsf\u00f6rbundet. Ni kan l\u00e4sa mer om mina medskick och spaningar fr\u00e5n \u00f6vningen <a href=\"https:\/\/www.linkedin.com\/posts\/katz-jessica_tack-petter-str%C3%B6mberg-f%C3%B6r-inbjudan-till-ieps-activity-7302725782240456705-rzIc?utm_source=share&amp;utm_medium=member_desktop&amp;rcm=ACoAABzYUygB7eBjiQTOsE-S7ALESjoibzTTkM8\" target=\"_blank\" rel=\"noreferrer noopener\">h\u00e4r<\/a>.&nbsp;&nbsp;<\/p>\n\n\n<a class='Share__link Share__link--url copy-text' href='#' rel='nofollow' data-text='ifau:-samverkan-mellan-kommuner-och-arbetsformedlingen-har-blivit-svarare&nbsp;' title='Dela url' data-confirmation='L\u00e4nken kopierades till urklipp'><svg class='icon icon--link'  width='18' height='18' viewBox='0 0 18 18' fill='none' xmlns='http:\/\/www.w3.org\/2000\/svg'>\n            <path d='M10.4142 0.514721L6.87868 4.05025L8.29289 5.46447L11.1213 2.63604L15.364 6.87868L12.5355 9.70711L13.9497 11.1213L17.4853 7.58579C17.8763 7.19476 17.8763 6.5626 17.4853 6.17158L11.8284 0.514721C11.4374 0.123691 10.8052 0.123691 10.4142 0.514721Z' fill='black'\/>\n            <path d='M9.7071 12.5355L6.87868 15.364L2.63604 11.1213L5.46446 8.2929L4.05025 6.87868L0.514716 10.4142C0.123686 10.8052 0.123686 11.4374 0.514716 11.8284L6.17157 17.4853C6.5626 17.8763 7.19475 17.8763 7.58578 17.4853L11.1213 13.9497L9.7071 12.5355Z' fill='black'\/>\n            <path d='M6.17157 11.8284C6.5626 12.2195 7.19475 12.2195 7.58578 11.8284L11.8284 7.58579C12.2195 7.19476 12.2195 6.56261 11.8284 6.17158C11.4374 5.78055 10.8052 5.78055 10.4142 6.17158L6.17157 10.4142C5.78054 10.8052 5.78054 11.4374 6.17157 11.8284Z' fill='black'\/>\n            <\/svg> <\/a>\n<h2 class=\"wp-block-heading\" id=\"h-ifau-samverkan-mellan-kommuner-och-arbetsformedlingen-har-blivit-svarare-nbsp\"><strong>IFAU: Samverkan mellan kommuner och Arbetsf\u00f6rmedlingen har blivit sv\u00e5rare<\/strong>&nbsp;<\/h2>\n\n\n\n<p>Samma dag som ovan kom IFAU:s senaste <a href=\"https:\/\/www.ifau.se\/Press\/Meddelanden\/samverkan-mellan-kommuner-och-arbetsformedlingen-har-blivit-svarare\/\" target=\"_blank\" rel=\"noreferrer noopener\">forskningsbidrag<\/a>, om utmaningarna kopplat till samverkan i det arbetsmarknadspolitiska uppdraget. I korthet s\u00e4ger rapporten att reformeringen innebar \u00f6kade sv\u00e5righeter till samverkan mellan kommuner och Arbetsf\u00f6rmedlingen. N\u00e5gra slutsatser \u00e4r dock att mycket kan betecknas som \u201dbarnsjukdomar\u201d och h\u00e4nvisas till personliga erfarenheter och kontakter. Uppenbart \u00e4r att m\u00e5nga problem skulle kunna l\u00f6sas om det statliga ansvaret (l\u00e4s: Arbetsf\u00f6rmedlingen) f\u00f6rst\u00e4rks, bland annat genom en f\u00f6rb\u00e4ttrad <a href=\"https:\/\/www.altinget.se\/arbetsmarknad\/artikel\/arbetsformedlingens-tillganglighet-forsamras-ytterligare-katastrof\" target=\"_blank\" rel=\"noreferrer noopener\">tillg\u00e4nglighet<\/a>. Om hur detta ska komma till st\u00e5nd st\u00e4lldes ocks\u00e5 en <a href=\"https:\/\/www.riksdagen.se\/sv\/dokument-och-lagar\/dokument\/interpellation\/arbetsformedlingens-minskade-tillganglighet-och_hc10508\/html\/\" target=\"_blank\" rel=\"noreferrer noopener\">interpellationsfr\u00e5ga<\/a> till ministern. Vi f\u00e5r bara hoppas att rollen som expertmyndighet ocks\u00e5 inneb\u00e4r att Arbetsf\u00f6rmedlingen v\u00e4ljer att prioritera k\u00e4rnverksamheten (l\u00e4s: tillg\u00e4nglighet).&nbsp;<\/p>\n\n\n<a class='Share__link Share__link--url copy-text' href='#' rel='nofollow' data-text='aktivitetskravsutredningen&nbsp;' title='Dela url' data-confirmation='L\u00e4nken kopierades till urklipp'><svg class='icon icon--link'  width='18' height='18' viewBox='0 0 18 18' fill='none' xmlns='http:\/\/www.w3.org\/2000\/svg'>\n            <path d='M10.4142 0.514721L6.87868 4.05025L8.29289 5.46447L11.1213 2.63604L15.364 6.87868L12.5355 9.70711L13.9497 11.1213L17.4853 7.58579C17.8763 7.19476 17.8763 6.5626 17.4853 6.17158L11.8284 0.514721C11.4374 0.123691 10.8052 0.123691 10.4142 0.514721Z' fill='black'\/>\n            <path d='M9.7071 12.5355L6.87868 15.364L2.63604 11.1213L5.46446 8.2929L4.05025 6.87868L0.514716 10.4142C0.123686 10.8052 0.123686 11.4374 0.514716 11.8284L6.17157 17.4853C6.5626 17.8763 7.19475 17.8763 7.58578 17.4853L11.1213 13.9497L9.7071 12.5355Z' fill='black'\/>\n            <path d='M6.17157 11.8284C6.5626 12.2195 7.19475 12.2195 7.58578 11.8284L11.8284 7.58579C12.2195 7.19476 12.2195 6.56261 11.8284 6.17158C11.4374 5.78055 10.8052 5.78055 10.4142 6.17158L6.17157 10.4142C5.78054 10.8052 5.78054 11.4374 6.17157 11.8284Z' fill='black'\/>\n            <\/svg> <\/a>\n<h2 class=\"wp-block-heading\" id=\"h-aktivitetskravsutredningen-nbsp\"><strong>Aktivitetskravsutredningen<\/strong>&nbsp;<\/h2>\n\n\n\n<p>I veckan skickade Svenskt N\u00e4ringsliv in sitt <a href=\"https:\/\/www.regeringen.se\/contentassets\/471c60cebcab4bf9a8d65144a7cb4bd3\/svenskt-naringsliv.pdf\" target=\"_blank\" rel=\"noreferrer noopener\">remissvar<\/a> till utredningen <em>Aktivitetskrav inom f\u00f6rs\u00f6rjningsst\u00f6det \u2013 f\u00f6r arbete, egenf\u00f6rs\u00f6rjning och nationell likformighet<\/em> (Ds 2024:29). Givetvis har vi varit inblandade i framtagandet av svaret fr\u00e5n Svenskt N\u00e4ringsliv, inte minst f\u00f6r att understryka vikten av att undvika nuvarande otydlighet i roll- och ansvarsf\u00f6rdelningen n\u00e4r det kommer till det arbetsmarknadspolitiska uppdraget. Ett ut\u00f6kat kommunalt ansvar, ut\u00f6ver det socialpolitiska, inneb\u00e4r \u00f6kad ineffektivitet med skattemedel och bristande likv\u00e4rdighet. I st\u00e4llet m\u00e5ste Arbetsf\u00f6rmedlingens k\u00e4rnuppgift st\u00e4rkas och renodlas.&nbsp;<\/p>\n\n\n<a class='Share__link Share__link--url copy-text' href='#' rel='nofollow' data-text='arbetsformedlingens-forandringsarbete-med-rom2&nbsp;' title='Dela url' data-confirmation='L\u00e4nken kopierades till urklipp'><svg class='icon icon--link'  width='18' height='18' viewBox='0 0 18 18' fill='none' xmlns='http:\/\/www.w3.org\/2000\/svg'>\n            <path d='M10.4142 0.514721L6.87868 4.05025L8.29289 5.46447L11.1213 2.63604L15.364 6.87868L12.5355 9.70711L13.9497 11.1213L17.4853 7.58579C17.8763 7.19476 17.8763 6.5626 17.4853 6.17158L11.8284 0.514721C11.4374 0.123691 10.8052 0.123691 10.4142 0.514721Z' fill='black'\/>\n            <path d='M9.7071 12.5355L6.87868 15.364L2.63604 11.1213L5.46446 8.2929L4.05025 6.87868L0.514716 10.4142C0.123686 10.8052 0.123686 11.4374 0.514716 11.8284L6.17157 17.4853C6.5626 17.8763 7.19475 17.8763 7.58578 17.4853L11.1213 13.9497L9.7071 12.5355Z' fill='black'\/>\n            <path d='M6.17157 11.8284C6.5626 12.2195 7.19475 12.2195 7.58578 11.8284L11.8284 7.58579C12.2195 7.19476 12.2195 6.56261 11.8284 6.17158C11.4374 5.78055 10.8052 5.78055 10.4142 6.17158L6.17157 10.4142C5.78054 10.8052 5.78054 11.4374 6.17157 11.8284Z' fill='black'\/>\n            <\/svg> <\/a>\n<h2 class=\"wp-block-heading\" id=\"h-arbetsformedlingens-forandringsarbete-med-rom2-nbsp\"><strong>Arbetsf\u00f6rmedlingens f\u00f6r\u00e4ndringsarbete med ROM2<\/strong>&nbsp;<\/h2>\n\n\n\n<p>Under v\u00e5ren p\u00e5g\u00e5r ett betydande f\u00f6r\u00e4ndringsarbete f\u00f6r att skapa f\u00f6ruts\u00e4ttningar f\u00f6r en sundare matchningsmarknad. Jag och Per Hammar, Utbildningsf\u00f6retagen, fick m\u00f6jlighet att prata n\u00e4rmare om detta med <em>Martin Kruse<\/em>, direkt\u00f6r ink\u00f6p och marknad p\u00e5 Arbetsf\u00f6rmedlingen. \u00c4ven om vi inte fick n\u00e5gra exakta detaljer kring vilka f\u00f6r\u00e4ndringar som kommer ros i hamn, s\u00e5 \u00e4r det tydligt att ambitionerna med det uppdaterade ROM2-avtalet, och stundande h\u00e4vningar, \u00e4r f\u00f6rknippade med risker f\u00f6r myndigheten.&nbsp;&nbsp;<\/p>\n\n\n\n<p>Fr\u00e5n v\u00e5r horisont \u00e4r det positivt att vi kan ha en n\u00e4ra dialog med Arbetsf\u00f6rmedlingen, s\u00e4rskilt f\u00f6r att spela in branschens synpunkter och inspel. Endast d\u00e5 kan b\u00e4ttre f\u00f6ruts\u00e4ttningar f\u00f6r marknaden bli verklighet.&nbsp;<\/p>\n\n\n<a class='Share__link Share__link--url copy-text' href='#' rel='nofollow' data-text='hall-utkik!&nbsp;' title='Dela url' data-confirmation='L\u00e4nken kopierades till urklipp'><svg class='icon icon--link'  width='18' height='18' viewBox='0 0 18 18' fill='none' xmlns='http:\/\/www.w3.org\/2000\/svg'>\n            <path d='M10.4142 0.514721L6.87868 4.05025L8.29289 5.46447L11.1213 2.63604L15.364 6.87868L12.5355 9.70711L13.9497 11.1213L17.4853 7.58579C17.8763 7.19476 17.8763 6.5626 17.4853 6.17158L11.8284 0.514721C11.4374 0.123691 10.8052 0.123691 10.4142 0.514721Z' fill='black'\/>\n            <path d='M9.7071 12.5355L6.87868 15.364L2.63604 11.1213L5.46446 8.2929L4.05025 6.87868L0.514716 10.4142C0.123686 10.8052 0.123686 11.4374 0.514716 11.8284L6.17157 17.4853C6.5626 17.8763 7.19475 17.8763 7.58578 17.4853L11.1213 13.9497L9.7071 12.5355Z' fill='black'\/>\n            <path d='M6.17157 11.8284C6.5626 12.2195 7.19475 12.2195 7.58578 11.8284L11.8284 7.58579C12.2195 7.19476 12.2195 6.56261 11.8284 6.17158C11.4374 5.78055 10.8052 5.78055 10.4142 6.17158L6.17157 10.4142C5.78054 10.8052 5.78054 11.4374 6.17157 11.8284Z' fill='black'\/>\n            <\/svg> <\/a>\n<h2 class=\"wp-block-heading\" id=\"h-hall-utkik-nbsp\"><strong>H\u00e5ll utkik!<\/strong>&nbsp;<\/h2>\n\n\n\n<p>Nedan \u00e4r n\u00e5gra av v\u00e5ra inplanerade aktiviteter den kommande m\u00e5naden. D\u00e4rut\u00f6ver publicerar vi tillsammans med Almega och Utbildningsf\u00f6retagen en debattartikel om behovet av aktiv arbetsmarknadspolitik i tidningen Altinget inom kort. H\u00e5ll utkik!&nbsp;&nbsp;<\/p>\n\n\n\n<figure class=\"wp-block-table\"><table><tbody><tr><td>21 mars&nbsp;<\/td><td>Studiebes\u00f6k Serkan K\u00f6se (S) p\u00e5 Hello Lilly i Stockholm&nbsp;<\/td><\/tr><tr><td>24 mars&nbsp;<\/td><td>Studiebes\u00f6k Edward Riedl (M) p\u00e5 Clockwork i Ume\u00e5&nbsp;<\/td><\/tr><tr><td>10 april&nbsp;<\/td><td>Rundabordssamtal om kostnadseffektivitet i matchningstj\u00e4nsten, tillsammans med Sophia Metelius (L), statssekreterare hos arbetsmarknadsministern, och Martin Kruse, direkt\u00f6r ink\u00f6p och marknad Arbetsf\u00f6rmedlingen&nbsp;<\/td><\/tr><\/tbody><\/table><\/figure>\n\n\n\n<p>\u00d6nskar er alla en h\u00e4rlig helg n\u00e4r det \u00e4r dags!&nbsp;<\/p>\n","protected":false},"excerpt":{"rendered":"<p>Att st\u00e4rka den aktiva arbetsmarknadspolitiken verkar inte vara h\u00f6gst p\u00e5 dagordningen f\u00f6r vare sig arbetsmarknadsministern eller Arbetsf\u00f6rmedlingen. Trots en historiskt h\u00f6g arbetsl\u00f6shet f\u00e5r f\u00e4rre arbetsl\u00f6sa arbetsmarknadspolitiska insatser och Arbetsf\u00f6rmedlingens garantiprogram f\u00f6r l\u00e5ngtidsarbetsl\u00f6sa inaktiverar en stor &hellip;<\/p>\n","protected":false},"author":222,"featured_media":19396,"comment_status":"closed","ping_status":"closed","sticky":false,"template":"","format":"standard","meta":{"_acf_changed":false,"footnotes":""},"categories":[192],"tags":[],"article_type":[8,211],"agreement":[],"for-members":[],"class_list":["post-19488","post","type-post","status-publish","format-standard","has-post-thumbnail","hentry","category-arbetsformedlingen","type-aktuellt","type-blogg"],"acf":[],"yoast_head":"<!-- This site is optimized with the Yoast SEO Premium plugin v26.8 (Yoast SEO v26.8) - https:\/\/yoast.com\/product\/yoast-seo-premium-wordpress\/ -->\n<title>Om inte nu s\u00e5 n\u00e4r\u2026?\u00a0\u00a0 - Kompetensf\u00f6retagen<\/title>\n<meta name=\"description\" content=\"Om inte nu, s\u00e5 n\u00e4r? En kr\u00f6nika om behovet av snabba reformer f\u00f6r att l\u00f6sa arbetsmarknadens matchningsproblem.\" \/>\n<meta name=\"robots\" content=\"index, follow, max-snippet:-1, max-image-preview:large, max-video-preview:-1\" \/>\n<link rel=\"canonical\" href=\"https:\/\/www.kompetensforetagen.se\/2025\/03\/om-inte-nu-sa-nar\/\" \/>\n<meta property=\"og:locale\" content=\"sv_SE\" \/>\n<meta property=\"og:type\" content=\"article\" \/>\n<meta property=\"og:title\" content=\"Om inte nu s\u00e5 n\u00e4r\u2026?\u00a0\u00a0\" \/>\n<meta property=\"og:description\" content=\"Om inte nu, s\u00e5 n\u00e4r? En kr\u00f6nika om behovet av snabba reformer f\u00f6r att l\u00f6sa arbetsmarknadens matchningsproblem.\" \/>\n<meta property=\"og:url\" content=\"https:\/\/www.kompetensforetagen.se\/2025\/03\/om-inte-nu-sa-nar\/\" \/>\n<meta property=\"og:site_name\" content=\"Kompetensf\u00f6retagen\" \/>\n<meta property=\"article:published_time\" content=\"2025-03-14T07:30:00+00:00\" \/>\n<meta property=\"article:modified_time\" content=\"2025-12-12T09:48:07+00:00\" \/>\n<meta property=\"og:image\" content=\"https:\/\/www.kompetensforetagen.se\/app\/uploads\/sites\/5\/2025\/02\/Kopia-av-Charlotte-Magnus-ikael-1.png\" \/>\n\t<meta property=\"og:image:width\" content=\"1080\" \/>\n\t<meta property=\"og:image:height\" content=\"540\" \/>\n\t<meta property=\"og:image:type\" content=\"image\/png\" \/>\n<meta name=\"author\" content=\"Fredric Sk\u00e4lstad\" \/>\n<meta name=\"twitter:card\" content=\"summary_large_image\" \/>\n<meta name=\"twitter:label1\" content=\"Skriven av\" \/>\n\t<meta name=\"twitter:data1\" content=\"Fredric Sk\u00e4lstad\" \/>\n\t<meta name=\"twitter:label2\" content=\"Ber\u00e4knad l\u00e4stid\" \/>\n\t<meta name=\"twitter:data2\" content=\"4 minuter\" \/>\n<!-- \/ Yoast SEO Premium plugin. -->","yoast_head_json":{"title":"Om inte nu s\u00e5 n\u00e4r\u2026?\u00a0\u00a0 - Kompetensf\u00f6retagen","description":"Om inte nu, s\u00e5 n\u00e4r? En kr\u00f6nika om behovet av snabba reformer f\u00f6r att l\u00f6sa arbetsmarknadens matchningsproblem.","robots":{"index":"index","follow":"follow","max-snippet":"max-snippet:-1","max-image-preview":"max-image-preview:large","max-video-preview":"max-video-preview:-1"},"canonical":"https:\/\/www.kompetensforetagen.se\/2025\/03\/om-inte-nu-sa-nar\/","og_locale":"sv_SE","og_type":"article","og_title":"Om inte nu s\u00e5 n\u00e4r\u2026?\u00a0\u00a0","og_description":"Om inte nu, s\u00e5 n\u00e4r? En kr\u00f6nika om behovet av snabba reformer f\u00f6r att l\u00f6sa arbetsmarknadens matchningsproblem.","og_url":"https:\/\/www.kompetensforetagen.se\/2025\/03\/om-inte-nu-sa-nar\/","og_site_name":"Kompetensf\u00f6retagen","article_published_time":"2025-03-14T07:30:00+00:00","article_modified_time":"2025-12-12T09:48:07+00:00","og_image":[{"width":1080,"height":540,"url":"https:\/\/www.kompetensforetagen.se\/app\/uploads\/sites\/5\/2025\/02\/Kopia-av-Charlotte-Magnus-ikael-1.png","type":"image\/png"}],"author":"Fredric Sk\u00e4lstad","twitter_card":"summary_large_image","twitter_misc":{"Skriven av":"Fredric Sk\u00e4lstad","Ber\u00e4knad l\u00e4stid":"4 minuter"},"schema":{"@context":"https:\/\/schema.org","@graph":[{"@type":"Article","@id":"https:\/\/www.kompetensforetagen.se\/2025\/03\/om-inte-nu-sa-nar\/#article","isPartOf":{"@id":"https:\/\/www.kompetensforetagen.se\/2025\/03\/om-inte-nu-sa-nar\/"},"author":{"name":"Fredric Sk\u00e4lstad","@id":"https:\/\/www.kompetensforetagen.se\/#\/schema\/person\/72cd48bb411dea15e40f11d726e9eeeb"},"headline":"Om inte nu s\u00e5 n\u00e4r\u2026?\u00a0\u00a0","datePublished":"2025-03-14T07:30:00+00:00","dateModified":"2025-12-12T09:48:07+00:00","mainEntityOfPage":{"@id":"https:\/\/www.kompetensforetagen.se\/2025\/03\/om-inte-nu-sa-nar\/"},"wordCount":746,"publisher":{"@id":"https:\/\/www.kompetensforetagen.se\/#organization"},"image":{"@id":"https:\/\/www.kompetensforetagen.se\/2025\/03\/om-inte-nu-sa-nar\/#primaryimage"},"thumbnailUrl":"https:\/\/www.kompetensforetagen.se\/app\/uploads\/sites\/5\/2025\/02\/Kopia-av-Charlotte-Magnus-ikael-1.png","articleSection":["Arbetsf\u00f6rmedlingen"],"inLanguage":"sv-SE"},{"@type":"WebPage","@id":"https:\/\/www.kompetensforetagen.se\/2025\/03\/om-inte-nu-sa-nar\/","url":"https:\/\/www.kompetensforetagen.se\/2025\/03\/om-inte-nu-sa-nar\/","name":"Om inte nu s\u00e5 n\u00e4r\u2026?\u00a0\u00a0 - Kompetensf\u00f6retagen","isPartOf":{"@id":"https:\/\/www.kompetensforetagen.se\/#website"},"primaryImageOfPage":{"@id":"https:\/\/www.kompetensforetagen.se\/2025\/03\/om-inte-nu-sa-nar\/#primaryimage"},"image":{"@id":"https:\/\/www.kompetensforetagen.se\/2025\/03\/om-inte-nu-sa-nar\/#primaryimage"},"thumbnailUrl":"https:\/\/www.kompetensforetagen.se\/app\/uploads\/sites\/5\/2025\/02\/Kopia-av-Charlotte-Magnus-ikael-1.png","datePublished":"2025-03-14T07:30:00+00:00","dateModified":"2025-12-12T09:48:07+00:00","description":"Om inte nu, s\u00e5 n\u00e4r? En kr\u00f6nika om behovet av snabba reformer f\u00f6r att l\u00f6sa arbetsmarknadens matchningsproblem.","breadcrumb":{"@id":"https:\/\/www.kompetensforetagen.se\/2025\/03\/om-inte-nu-sa-nar\/#breadcrumb"},"inLanguage":"sv-SE","potentialAction":[{"@type":"ReadAction","target":["https:\/\/www.kompetensforetagen.se\/2025\/03\/om-inte-nu-sa-nar\/"]}]},{"@type":"ImageObject","inLanguage":"sv-SE","@id":"https:\/\/www.kompetensforetagen.se\/2025\/03\/om-inte-nu-sa-nar\/#primaryimage","url":"https:\/\/www.kompetensforetagen.se\/app\/uploads\/sites\/5\/2025\/02\/Kopia-av-Charlotte-Magnus-ikael-1.png","contentUrl":"https:\/\/www.kompetensforetagen.se\/app\/uploads\/sites\/5\/2025\/02\/Kopia-av-Charlotte-Magnus-ikael-1.png","width":1080,"height":540,"caption":"Jessica Forss Katz: M\u00f6te med Socialdemokraternas arbetsmarknadspolitiker"},{"@type":"BreadcrumbList","@id":"https:\/\/www.kompetensforetagen.se\/2025\/03\/om-inte-nu-sa-nar\/#breadcrumb","itemListElement":[{"@type":"ListItem","position":1,"name":"Home","item":"https:\/\/www.kompetensforetagen.se\/"},{"@type":"ListItem","position":2,"name":"Om inte nu s\u00e5 n\u00e4r\u2026?\u00a0\u00a0"}]},{"@type":"WebSite","@id":"https:\/\/www.kompetensforetagen.se\/#website","url":"https:\/\/www.kompetensforetagen.se\/","name":"Kompetensf\u00f6retagen","description":"R\u00e4tt person p\u00e5 r\u00e4tt plats kan f\u00f6r\u00e4ndra v\u00e4rlden","publisher":{"@id":"https:\/\/www.kompetensforetagen.se\/#organization"},"potentialAction":[{"@type":"SearchAction","target":{"@type":"EntryPoint","urlTemplate":"https:\/\/www.kompetensforetagen.se\/?s={search_term_string}"},"query-input":{"@type":"PropertyValueSpecification","valueRequired":true,"valueName":"search_term_string"}}],"inLanguage":"sv-SE"},{"@type":"Organization","@id":"https:\/\/www.kompetensforetagen.se\/#organization","name":"Kompetensf\u00f6retagen","url":"https:\/\/www.kompetensforetagen.se\/","logo":{"@type":"ImageObject","inLanguage":"sv-SE","@id":"https:\/\/www.kompetensforetagen.se\/#\/schema\/logo\/image\/","url":"https:\/\/www.kompetensforetagen.se\/app\/uploads\/sites\/5\/2022\/10\/logga_svart.png","contentUrl":"https:\/\/www.kompetensforetagen.se\/app\/uploads\/sites\/5\/2022\/10\/logga_svart.png","width":752,"height":64,"caption":"Kompetensf\u00f6retagen"},"image":{"@id":"https:\/\/www.kompetensforetagen.se\/#\/schema\/logo\/image\/"},"sameAs":["https:\/\/www.linkedin.com\/company\/10540032\/"]},{"@type":"Person","@id":"https:\/\/www.kompetensforetagen.se\/#\/schema\/person\/72cd48bb411dea15e40f11d726e9eeeb","name":"Fredric Sk\u00e4lstad","image":{"@type":"ImageObject","inLanguage":"sv-SE","@id":"https:\/\/www.kompetensforetagen.se\/#\/schema\/person\/image\/","url":"https:\/\/secure.gravatar.com\/avatar\/64f20bf3ac13c78aedd6054f495d1a00b38234d6bf532fa3b1cb3ff0bcc24f8d?s=96&d=mm&r=g","contentUrl":"https:\/\/secure.gravatar.com\/avatar\/64f20bf3ac13c78aedd6054f495d1a00b38234d6bf532fa3b1cb3ff0bcc24f8d?s=96&d=mm&r=g","caption":"Fredric Sk\u00e4lstad"},"description":"Fredric \u00e4r n\u00e4ringspolitisk chef p\u00e5 Kompetensf\u00f6retagen.","url":"https:\/\/www.kompetensforetagen.se\/person\/fredricskalstad\/"}]}},"_links":{"self":[{"href":"https:\/\/www.kompetensforetagen.se\/api\/wp\/v2\/posts\/19488","targetHints":{"allow":["GET"]}}],"collection":[{"href":"https:\/\/www.kompetensforetagen.se\/api\/wp\/v2\/posts"}],"about":[{"href":"https:\/\/www.kompetensforetagen.se\/api\/wp\/v2\/types\/post"}],"author":[{"embeddable":true,"href":"https:\/\/www.kompetensforetagen.se\/api\/wp\/v2\/users\/222"}],"replies":[{"embeddable":true,"href":"https:\/\/www.kompetensforetagen.se\/api\/wp\/v2\/comments?post=19488"}],"version-history":[{"count":2,"href":"https:\/\/www.kompetensforetagen.se\/api\/wp\/v2\/posts\/19488\/revisions"}],"predecessor-version":[{"id":19490,"href":"https:\/\/www.kompetensforetagen.se\/api\/wp\/v2\/posts\/19488\/revisions\/19490"}],"wp:featuredmedia":[{"embeddable":true,"href":"https:\/\/www.kompetensforetagen.se\/api\/wp\/v2\/media\/19396"}],"wp:attachment":[{"href":"https:\/\/www.kompetensforetagen.se\/api\/wp\/v2\/media?parent=19488"}],"wp:term":[{"taxonomy":"category","embeddable":true,"href":"https:\/\/www.kompetensforetagen.se\/api\/wp\/v2\/categories?post=19488"},{"taxonomy":"post_tag","embeddable":true,"href":"https:\/\/www.kompetensforetagen.se\/api\/wp\/v2\/tags?post=19488"},{"taxonomy":"type","embeddable":true,"href":"https:\/\/www.kompetensforetagen.se\/api\/wp\/v2\/article_type?post=19488"},{"taxonomy":"agreement","embeddable":true,"href":"https:\/\/www.kompetensforetagen.se\/api\/wp\/v2\/agreement?post=19488"},{"taxonomy":"for-members","embeddable":true,"href":"https:\/\/www.kompetensforetagen.se\/api\/wp\/v2\/for-members?post=19488"}],"curies":[{"name":"wp","href":"https:\/\/api.w.org\/{rel}","templated":true}]}}