{"id":19462,"date":"2025-03-06T13:26:24","date_gmt":"2025-03-06T12:26:24","guid":{"rendered":"https:\/\/www.kompetensforetagen.se\/?p=19462"},"modified":"2025-03-06T13:26:25","modified_gmt":"2025-03-06T12:26:25","slug":"var-syn-pa-24-manadersregeln-i-uthyrningslagen","status":"publish","type":"post","link":"https:\/\/www.kompetensforetagen.se\/2025\/03\/var-syn-pa-24-manadersregeln-i-uthyrningslagen\/","title":{"rendered":"V\u00e5r syn p\u00e5 24-m\u00e5nadersregeln i uthyrningslagen"},"content":{"rendered":"<p class=\"intro\">M\u00e5nga av v\u00e5ra medlemsf\u00f6retag har drabbats h\u00e5rt av 24-m\u00e5nadersregeln i uthyrningslagen. Praxis utvecklas kontinuerligt och det p\u00e5g\u00e5r en diskussion kring regeltolkningen d\u00e4r olika organisationer har kommit med motstridiga uttalanden. Vi f\u00f6ljer diskussionen noggrant och vill f\u00f6rtydliga v\u00e5r position<\/p>\n<a class='Share__link Share__link--url copy-text' href='#' rel='nofollow' data-text='grundlaggande-utgangspunkter' title='Dela url' data-confirmation='L\u00e4nken kopierades till urklipp'><svg class='icon icon--link'  width='18' height='18' viewBox='0 0 18 18' fill='none' xmlns='http:\/\/www.w3.org\/2000\/svg'>\n            <path d='M10.4142 0.514721L6.87868 4.05025L8.29289 5.46447L11.1213 2.63604L15.364 6.87868L12.5355 9.70711L13.9497 11.1213L17.4853 7.58579C17.8763 7.19476 17.8763 6.5626 17.4853 6.17158L11.8284 0.514721C11.4374 0.123691 10.8052 0.123691 10.4142 0.514721Z' fill='black'\/>\n            <path d='M9.7071 12.5355L6.87868 15.364L2.63604 11.1213L5.46446 8.2929L4.05025 6.87868L0.514716 10.4142C0.123686 10.8052 0.123686 11.4374 0.514716 11.8284L6.17157 17.4853C6.5626 17.8763 7.19475 17.8763 7.58578 17.4853L11.1213 13.9497L9.7071 12.5355Z' fill='black'\/>\n            <path d='M6.17157 11.8284C6.5626 12.2195 7.19475 12.2195 7.58578 11.8284L11.8284 7.58579C12.2195 7.19476 12.2195 6.56261 11.8284 6.17158C11.4374 5.78055 10.8052 5.78055 10.4142 6.17158L6.17157 10.4142C5.78054 10.8052 5.78054 11.4374 6.17157 11.8284Z' fill='black'\/>\n            <\/svg> <\/a>\n<h2 class=\"wp-block-heading\" id=\"h-grundlaggande-utgangspunkter\">Grundl\u00e4ggande utg\u00e5ngspunkter<\/h2>\n\n\n\n<p>Reglerna inf\u00f6rdes i oktober 2022. Under hela tiden har <a href=\"https:\/\/www.linkedin.com\/company\/almega\/\">Almega<\/a> och <a href=\"https:\/\/www.linkedin.com\/company\/kompetensforetagen\/\">Kompetensf\u00f6retagen<\/a> haft en gemensam syn p\u00e5 de grundl\u00e4ggande f\u00f6ruts\u00e4ttningarna.<br><br>Till\u00e4mpningen av uthyrningslagen m\u00e5ste avg\u00f6ras i det enskilda fallet. Det betyder att ett konsultf\u00f6retags verksamhet endast faller under uthyrningslagen om det faktiskt bedriver bemanningsverksamhet.<br>\u2013 Det \u00e4r inte p\u00e5 n\u00e5got vis avg\u00f6rande vilken arbetsgivarorganisation, kollektivavtal eller SNI-kod som f\u00f6retaget tillh\u00f6r, s\u00e4ger <a href=\"https:\/\/www.linkedin.com\/in\/ACoAABCpJQkB7NLeyvv5oOw8qilJT8_YUG2tVvQ\"><\/a><a href=\"https:\/\/www.linkedin.com\/in\/jonas-stenmo-68973b79\/\">Jonas Stenmo<\/a>, chefsjurist p\u00e5 Almega.<\/p>\n\n\n<a class='Share__link Share__link--url copy-text' href='#' rel='nofollow' data-text='blandad-leverans' title='Dela url' data-confirmation='L\u00e4nken kopierades till urklipp'><svg class='icon icon--link'  width='18' height='18' viewBox='0 0 18 18' fill='none' xmlns='http:\/\/www.w3.org\/2000\/svg'>\n            <path d='M10.4142 0.514721L6.87868 4.05025L8.29289 5.46447L11.1213 2.63604L15.364 6.87868L12.5355 9.70711L13.9497 11.1213L17.4853 7.58579C17.8763 7.19476 17.8763 6.5626 17.4853 6.17158L11.8284 0.514721C11.4374 0.123691 10.8052 0.123691 10.4142 0.514721Z' fill='black'\/>\n            <path d='M9.7071 12.5355L6.87868 15.364L2.63604 11.1213L5.46446 8.2929L4.05025 6.87868L0.514716 10.4142C0.123686 10.8052 0.123686 11.4374 0.514716 11.8284L6.17157 17.4853C6.5626 17.8763 7.19475 17.8763 7.58578 17.4853L11.1213 13.9497L9.7071 12.5355Z' fill='black'\/>\n            <path d='M6.17157 11.8284C6.5626 12.2195 7.19475 12.2195 7.58578 11.8284L11.8284 7.58579C12.2195 7.19476 12.2195 6.56261 11.8284 6.17158C11.4374 5.78055 10.8052 5.78055 10.4142 6.17158L6.17157 10.4142C5.78054 10.8052 5.78054 11.4374 6.17157 11.8284Z' fill='black'\/>\n            <\/svg> <\/a>\n<h2 class=\"wp-block-heading\" id=\"h-blandad-leverans\">Blandad leverans<\/h2>\n\n\n\n<p>De flesta konsultf\u00f6retag har blandad leverans d\u00e4r vissa delar faller inom och andra utanf\u00f6r uthyrningslagen. Det g\u00e5r inte att avg\u00f6ra till\u00e4mpningen schablonm\u00e4ssigt f\u00f6r ett bolag, utan det beror p\u00e5 omst\u00e4ndigheterna i varje enskilt fall.<br>\u2013 Vi uppmanar v\u00e5ra medlemsf\u00f6retag att se \u00f6ver sina tj\u00e4nsteleveranser och att tydligt definiera vad som erbjuds till kunderna. En tydlig struktur i b\u00e5de kund- och medarbetarkontrakt minskar risken f\u00f6r missf\u00f6rst\u00e5nd och s\u00e4kerst\u00e4ller att man till\u00e4mpar r\u00e4tt regelverk, s\u00e4ger <a href=\"https:\/\/www.linkedin.com\/in\/ACoAABAQH6MBMAbe80o5CmUKTMTWggYuUavxid8\"><\/a><a href=\"https:\/\/www.linkedin.com\/in\/mia-fransson-11730476\/\">Mia Fransson<\/a>, f\u00f6rbundsjurist p\u00e5 Kompetensf\u00f6retagen.<\/p>\n\n\n<a class='Share__link Share__link--url copy-text' href='#' rel='nofollow' data-text='vi-vill-sakerstalla-konkurrensneutralitet' title='Dela url' data-confirmation='L\u00e4nken kopierades till urklipp'><svg class='icon icon--link'  width='18' height='18' viewBox='0 0 18 18' fill='none' xmlns='http:\/\/www.w3.org\/2000\/svg'>\n            <path d='M10.4142 0.514721L6.87868 4.05025L8.29289 5.46447L11.1213 2.63604L15.364 6.87868L12.5355 9.70711L13.9497 11.1213L17.4853 7.58579C17.8763 7.19476 17.8763 6.5626 17.4853 6.17158L11.8284 0.514721C11.4374 0.123691 10.8052 0.123691 10.4142 0.514721Z' fill='black'\/>\n            <path d='M9.7071 12.5355L6.87868 15.364L2.63604 11.1213L5.46446 8.2929L4.05025 6.87868L0.514716 10.4142C0.123686 10.8052 0.123686 11.4374 0.514716 11.8284L6.17157 17.4853C6.5626 17.8763 7.19475 17.8763 7.58578 17.4853L11.1213 13.9497L9.7071 12.5355Z' fill='black'\/>\n            <path d='M6.17157 11.8284C6.5626 12.2195 7.19475 12.2195 7.58578 11.8284L11.8284 7.58579C12.2195 7.19476 12.2195 6.56261 11.8284 6.17158C11.4374 5.78055 10.8052 5.78055 10.4142 6.17158L6.17157 10.4142C5.78054 10.8052 5.78054 11.4374 6.17157 11.8284Z' fill='black'\/>\n            <\/svg> <\/a>\n<h2 class=\"wp-block-heading\" id=\"h-vi-vill-sakerstalla-konkurrensneutralitet\">Vi vill s\u00e4kerst\u00e4lla konkurrensneutralitet <\/h2>\n\n\n\n<p>Kompetensf\u00f6retagen arbetar f\u00f6r att s\u00e4kerst\u00e4lla att v\u00e5r syn fortsatt f\u00e5r genomslag i till\u00e4mpningen av lagen. En viktig del \u00e4r konkurrensneutralitet mellan v\u00e5ra medlemsf\u00f6retag och andra f\u00f6retag som hyr ut konsulter.<br>\u2013 Vi v\u00e4lkomnar den nya praxisen, som bekr\u00e4ftar att fler undantag \u00e4r m\u00f6jliga \u00e4n vad m\u00e5nga f\u00f6rst antagit. Samtidigt \u00e4r det tydligt att organisationstillh\u00f6righet \u00e4r irrelevant och att det \u00e4r den faktiska aff\u00e4ren som ska bed\u00f6mas, s\u00e4ger <a href=\"https:\/\/www.linkedin.com\/in\/ACoAAAbKElMBPYJmiQI8NEQTusBlJTnd1c7akVo\"><\/a><a href=\"https:\/\/www.linkedin.com\/in\/patrik-eidfelt-b8319132\/\">Patrik Eidfelt<\/a>, f\u00f6rbundsdirekt\u00f6r p\u00e5 Kompetensf\u00f6retagen.<\/p>\n\n\n\n      <a href=\"https:\/\/www.kompetensforetagen.se\/24-manadersregeln\/\" target=\"\" class=\"Button is-button is-style-fill has-black-background-color has-black-border-color has-white-color Button--arrow-tip\">\n      \n        24-m\u00e5nadersregeln \u2014 det h\u00e4r g\u00e4ller f\u00f6r dig som hyr ut och dig som hyr in konsulter\n      \n      \n                \n                <svg class='icon icon--arrow-tip'  width=\"11\" height=\"16\" viewBox=\"0 0 11 16\" fill=\"none\" xmlns=\"http:\/\/www.w3.org\/2000\/svg\">\n<path d=\"M0.858398 15L9.2304 7.99664L0.967732 1.00001\" stroke=\"black\" stroke-width=\"2\" stroke-miterlimit=\"10\"\/>\n<\/svg>\n\n        \n    <\/a>\n  \n","protected":false},"excerpt":{"rendered":"<p>Grundl\u00e4ggande utg\u00e5ngspunkter Reglerna inf\u00f6rdes i oktober 2022. Under hela tiden har Almega och Kompetensf\u00f6retagen haft en gemensam syn p\u00e5 de grundl\u00e4ggande f\u00f6ruts\u00e4ttningarna. Till\u00e4mpningen av uthyrningslagen m\u00e5ste avg\u00f6ras i det enskilda fallet. Det betyder att ett &hellip;<\/p>\n","protected":false},"author":222,"featured_media":19463,"comment_status":"closed","ping_status":"closed","sticky":false,"template":"","format":"standard","meta":{"_acf_changed":false,"footnotes":""},"categories":[247],"tags":[],"article_type":[8],"agreement":[],"for-members":[],"class_list":["post-19462","post","type-post","status-publish","format-standard","has-post-thumbnail","hentry","category-24-manadersregeln","type-aktuellt"],"acf":[],"yoast_head":"<!-- This site is optimized with the Yoast SEO Premium plugin v26.8 (Yoast SEO v26.8) - https:\/\/yoast.com\/product\/yoast-seo-premium-wordpress\/ -->\n<title>V\u00e5r syn p\u00e5 24-m\u00e5nadersregeln i uthyrningslagen - Kompetensf\u00f6retagen<\/title>\n<meta name=\"description\" content=\"Ett konsultf\u00f6retags verksamhet faller endast under uthyrningslagen om det faktiskt bedriver bemanningsverksamhet.\" \/>\n<meta name=\"robots\" content=\"index, follow, max-snippet:-1, max-image-preview:large, max-video-preview:-1\" \/>\n<link rel=\"canonical\" href=\"https:\/\/www.kompetensforetagen.se\/2025\/03\/var-syn-pa-24-manadersregeln-i-uthyrningslagen\/\" \/>\n<meta property=\"og:locale\" content=\"sv_SE\" \/>\n<meta property=\"og:type\" content=\"article\" \/>\n<meta property=\"og:title\" content=\"V\u00e5r syn p\u00e5 24-m\u00e5nadersregeln i uthyrningslagen\" \/>\n<meta property=\"og:description\" content=\"Ett konsultf\u00f6retags verksamhet faller endast under uthyrningslagen om det faktiskt bedriver bemanningsverksamhet.\" \/>\n<meta property=\"og:url\" content=\"https:\/\/www.kompetensforetagen.se\/2025\/03\/var-syn-pa-24-manadersregeln-i-uthyrningslagen\/\" \/>\n<meta property=\"og:site_name\" content=\"Kompetensf\u00f6retagen\" \/>\n<meta property=\"article:published_time\" content=\"2025-03-06T12:26:24+00:00\" \/>\n<meta property=\"article:modified_time\" content=\"2025-03-06T12:26:25+00:00\" \/>\n<meta property=\"og:image\" content=\"https:\/\/www.kompetensforetagen.se\/app\/uploads\/sites\/5\/2025\/03\/Medlemscase-hemsida-6.png\" \/>\n\t<meta property=\"og:image:width\" content=\"1900\" \/>\n\t<meta property=\"og:image:height\" content=\"1000\" \/>\n\t<meta property=\"og:image:type\" content=\"image\/png\" \/>\n<meta name=\"author\" content=\"Fredric Sk\u00e4lstad\" \/>\n<meta name=\"twitter:card\" content=\"summary_large_image\" \/>\n<meta name=\"twitter:label1\" content=\"Skriven av\" \/>\n\t<meta name=\"twitter:data1\" content=\"Fredric Sk\u00e4lstad\" \/>\n\t<meta name=\"twitter:label2\" content=\"Ber\u00e4knad l\u00e4stid\" \/>\n\t<meta name=\"twitter:data2\" content=\"2 minuter\" \/>\n<!-- \/ Yoast SEO Premium plugin. -->","yoast_head_json":{"title":"V\u00e5r syn p\u00e5 24-m\u00e5nadersregeln i uthyrningslagen - Kompetensf\u00f6retagen","description":"Ett konsultf\u00f6retags verksamhet faller endast under uthyrningslagen om det faktiskt bedriver bemanningsverksamhet.","robots":{"index":"index","follow":"follow","max-snippet":"max-snippet:-1","max-image-preview":"max-image-preview:large","max-video-preview":"max-video-preview:-1"},"canonical":"https:\/\/www.kompetensforetagen.se\/2025\/03\/var-syn-pa-24-manadersregeln-i-uthyrningslagen\/","og_locale":"sv_SE","og_type":"article","og_title":"V\u00e5r syn p\u00e5 24-m\u00e5nadersregeln i uthyrningslagen","og_description":"Ett konsultf\u00f6retags verksamhet faller endast under uthyrningslagen om det faktiskt bedriver bemanningsverksamhet.","og_url":"https:\/\/www.kompetensforetagen.se\/2025\/03\/var-syn-pa-24-manadersregeln-i-uthyrningslagen\/","og_site_name":"Kompetensf\u00f6retagen","article_published_time":"2025-03-06T12:26:24+00:00","article_modified_time":"2025-03-06T12:26:25+00:00","og_image":[{"width":1900,"height":1000,"url":"https:\/\/www.kompetensforetagen.se\/app\/uploads\/sites\/5\/2025\/03\/Medlemscase-hemsida-6.png","type":"image\/png"}],"author":"Fredric Sk\u00e4lstad","twitter_card":"summary_large_image","twitter_misc":{"Skriven av":"Fredric Sk\u00e4lstad","Ber\u00e4knad l\u00e4stid":"2 minuter"},"schema":{"@context":"https:\/\/schema.org","@graph":[{"@type":"Article","@id":"https:\/\/www.kompetensforetagen.se\/2025\/03\/var-syn-pa-24-manadersregeln-i-uthyrningslagen\/#article","isPartOf":{"@id":"https:\/\/www.kompetensforetagen.se\/2025\/03\/var-syn-pa-24-manadersregeln-i-uthyrningslagen\/"},"author":{"name":"Fredric Sk\u00e4lstad","@id":"https:\/\/www.kompetensforetagen.se\/#\/schema\/person\/72cd48bb411dea15e40f11d726e9eeeb"},"headline":"V\u00e5r syn p\u00e5 24-m\u00e5nadersregeln i uthyrningslagen","datePublished":"2025-03-06T12:26:24+00:00","dateModified":"2025-03-06T12:26:25+00:00","mainEntityOfPage":{"@id":"https:\/\/www.kompetensforetagen.se\/2025\/03\/var-syn-pa-24-manadersregeln-i-uthyrningslagen\/"},"wordCount":291,"publisher":{"@id":"https:\/\/www.kompetensforetagen.se\/#organization"},"image":{"@id":"https:\/\/www.kompetensforetagen.se\/2025\/03\/var-syn-pa-24-manadersregeln-i-uthyrningslagen\/#primaryimage"},"thumbnailUrl":"https:\/\/www.kompetensforetagen.se\/app\/uploads\/sites\/5\/2025\/03\/Medlemscase-hemsida-6.png","articleSection":["24-m\u00e5nadersregeln"],"inLanguage":"sv-SE"},{"@type":"WebPage","@id":"https:\/\/www.kompetensforetagen.se\/2025\/03\/var-syn-pa-24-manadersregeln-i-uthyrningslagen\/","url":"https:\/\/www.kompetensforetagen.se\/2025\/03\/var-syn-pa-24-manadersregeln-i-uthyrningslagen\/","name":"V\u00e5r syn p\u00e5 24-m\u00e5nadersregeln i uthyrningslagen - Kompetensf\u00f6retagen","isPartOf":{"@id":"https:\/\/www.kompetensforetagen.se\/#website"},"primaryImageOfPage":{"@id":"https:\/\/www.kompetensforetagen.se\/2025\/03\/var-syn-pa-24-manadersregeln-i-uthyrningslagen\/#primaryimage"},"image":{"@id":"https:\/\/www.kompetensforetagen.se\/2025\/03\/var-syn-pa-24-manadersregeln-i-uthyrningslagen\/#primaryimage"},"thumbnailUrl":"https:\/\/www.kompetensforetagen.se\/app\/uploads\/sites\/5\/2025\/03\/Medlemscase-hemsida-6.png","datePublished":"2025-03-06T12:26:24+00:00","dateModified":"2025-03-06T12:26:25+00:00","description":"Ett konsultf\u00f6retags verksamhet faller endast under uthyrningslagen om det faktiskt bedriver bemanningsverksamhet.","breadcrumb":{"@id":"https:\/\/www.kompetensforetagen.se\/2025\/03\/var-syn-pa-24-manadersregeln-i-uthyrningslagen\/#breadcrumb"},"inLanguage":"sv-SE","potentialAction":[{"@type":"ReadAction","target":["https:\/\/www.kompetensforetagen.se\/2025\/03\/var-syn-pa-24-manadersregeln-i-uthyrningslagen\/"]}]},{"@type":"ImageObject","inLanguage":"sv-SE","@id":"https:\/\/www.kompetensforetagen.se\/2025\/03\/var-syn-pa-24-manadersregeln-i-uthyrningslagen\/#primaryimage","url":"https:\/\/www.kompetensforetagen.se\/app\/uploads\/sites\/5\/2025\/03\/Medlemscase-hemsida-6.png","contentUrl":"https:\/\/www.kompetensforetagen.se\/app\/uploads\/sites\/5\/2025\/03\/Medlemscase-hemsida-6.png","width":1900,"height":1000,"caption":"V\u00e5r syn p\u00e5 24-m\u00e5nadersregeln i uthyrningslagen"},{"@type":"BreadcrumbList","@id":"https:\/\/www.kompetensforetagen.se\/2025\/03\/var-syn-pa-24-manadersregeln-i-uthyrningslagen\/#breadcrumb","itemListElement":[{"@type":"ListItem","position":1,"name":"Home","item":"https:\/\/www.kompetensforetagen.se\/"},{"@type":"ListItem","position":2,"name":"V\u00e5r syn p\u00e5 24-m\u00e5nadersregeln i uthyrningslagen"}]},{"@type":"WebSite","@id":"https:\/\/www.kompetensforetagen.se\/#website","url":"https:\/\/www.kompetensforetagen.se\/","name":"Kompetensf\u00f6retagen","description":"R\u00e4tt person p\u00e5 r\u00e4tt plats kan f\u00f6r\u00e4ndra v\u00e4rlden","publisher":{"@id":"https:\/\/www.kompetensforetagen.se\/#organization"},"potentialAction":[{"@type":"SearchAction","target":{"@type":"EntryPoint","urlTemplate":"https:\/\/www.kompetensforetagen.se\/?s={search_term_string}"},"query-input":{"@type":"PropertyValueSpecification","valueRequired":true,"valueName":"search_term_string"}}],"inLanguage":"sv-SE"},{"@type":"Organization","@id":"https:\/\/www.kompetensforetagen.se\/#organization","name":"Kompetensf\u00f6retagen","url":"https:\/\/www.kompetensforetagen.se\/","logo":{"@type":"ImageObject","inLanguage":"sv-SE","@id":"https:\/\/www.kompetensforetagen.se\/#\/schema\/logo\/image\/","url":"https:\/\/www.kompetensforetagen.se\/app\/uploads\/sites\/5\/2022\/10\/logga_svart.png","contentUrl":"https:\/\/www.kompetensforetagen.se\/app\/uploads\/sites\/5\/2022\/10\/logga_svart.png","width":752,"height":64,"caption":"Kompetensf\u00f6retagen"},"image":{"@id":"https:\/\/www.kompetensforetagen.se\/#\/schema\/logo\/image\/"},"sameAs":["https:\/\/www.linkedin.com\/company\/10540032\/"]},{"@type":"Person","@id":"https:\/\/www.kompetensforetagen.se\/#\/schema\/person\/72cd48bb411dea15e40f11d726e9eeeb","name":"Fredric Sk\u00e4lstad","image":{"@type":"ImageObject","inLanguage":"sv-SE","@id":"https:\/\/www.kompetensforetagen.se\/#\/schema\/person\/image\/","url":"https:\/\/secure.gravatar.com\/avatar\/64f20bf3ac13c78aedd6054f495d1a00b38234d6bf532fa3b1cb3ff0bcc24f8d?s=96&d=mm&r=g","contentUrl":"https:\/\/secure.gravatar.com\/avatar\/64f20bf3ac13c78aedd6054f495d1a00b38234d6bf532fa3b1cb3ff0bcc24f8d?s=96&d=mm&r=g","caption":"Fredric Sk\u00e4lstad"},"description":"Fredric \u00e4r n\u00e4ringspolitisk chef p\u00e5 Kompetensf\u00f6retagen.","url":"https:\/\/www.kompetensforetagen.se\/person\/fredricskalstad\/"}]}},"_links":{"self":[{"href":"https:\/\/www.kompetensforetagen.se\/api\/wp\/v2\/posts\/19462","targetHints":{"allow":["GET"]}}],"collection":[{"href":"https:\/\/www.kompetensforetagen.se\/api\/wp\/v2\/posts"}],"about":[{"href":"https:\/\/www.kompetensforetagen.se\/api\/wp\/v2\/types\/post"}],"author":[{"embeddable":true,"href":"https:\/\/www.kompetensforetagen.se\/api\/wp\/v2\/users\/222"}],"replies":[{"embeddable":true,"href":"https:\/\/www.kompetensforetagen.se\/api\/wp\/v2\/comments?post=19462"}],"version-history":[{"count":1,"href":"https:\/\/www.kompetensforetagen.se\/api\/wp\/v2\/posts\/19462\/revisions"}],"predecessor-version":[{"id":19464,"href":"https:\/\/www.kompetensforetagen.se\/api\/wp\/v2\/posts\/19462\/revisions\/19464"}],"wp:featuredmedia":[{"embeddable":true,"href":"https:\/\/www.kompetensforetagen.se\/api\/wp\/v2\/media\/19463"}],"wp:attachment":[{"href":"https:\/\/www.kompetensforetagen.se\/api\/wp\/v2\/media?parent=19462"}],"wp:term":[{"taxonomy":"category","embeddable":true,"href":"https:\/\/www.kompetensforetagen.se\/api\/wp\/v2\/categories?post=19462"},{"taxonomy":"post_tag","embeddable":true,"href":"https:\/\/www.kompetensforetagen.se\/api\/wp\/v2\/tags?post=19462"},{"taxonomy":"type","embeddable":true,"href":"https:\/\/www.kompetensforetagen.se\/api\/wp\/v2\/article_type?post=19462"},{"taxonomy":"agreement","embeddable":true,"href":"https:\/\/www.kompetensforetagen.se\/api\/wp\/v2\/agreement?post=19462"},{"taxonomy":"for-members","embeddable":true,"href":"https:\/\/www.kompetensforetagen.se\/api\/wp\/v2\/for-members?post=19462"}],"curies":[{"name":"wp","href":"https:\/\/api.w.org\/{rel}","templated":true}]}}