{"id":19420,"date":"2025-02-25T09:49:25","date_gmt":"2025-02-25T08:49:25","guid":{"rendered":"https:\/\/www.kompetensforetagen.se\/?p=19420"},"modified":"2025-12-15T11:03:01","modified_gmt":"2025-12-15T10:03:01","slug":"ny-hd-dom-forsvarar-bakgrundskontroller","status":"publish","type":"post","link":"https:\/\/www.kompetensforetagen.se\/2025\/02\/ny-hd-dom-forsvarar-bakgrundskontroller\/","title":{"rendered":"Ny HD-dom f\u00f6rsv\u00e5rar bakgrundskontroller"},"content":{"rendered":"<p class=\"intro\">\u2013 Domarna riskerar att f\u00f6rhindra arbetet mot kriminell infiltration i f\u00f6retag, s\u00e4ger <a href=\"https:\/\/www.linkedin.com\/in\/christoffer-nilsson-16361a156\/\">Christoffer Nilsson<\/a>, n\u00e4ringspolitisk expert p\u00e5 Kompetensf\u00f6retagen.<\/p>\n\n<p>I korthet konstaterar domstolen att brottm\u00e5lsdomar ska l\u00e4mnas ut, ocks\u00e5 n\u00e4r beg\u00e4ran avser en st\u00f6rre m\u00e4ngd handlingar, men med f\u00f6rbeh\u00e5llet att uppgifterna inte f\u00e5r g\u00f6ras s\u00f6kbara f\u00f6r andra.<br><br>\u2013\u00a0Domen f\u00f6rsv\u00e5rar bakgrundskontroller och arbetet mot kriminell infiltration i f\u00f6retag, s\u00e4ger <a href=\"https:\/\/www.linkedin.com\/in\/ACoAACV3fVsB08wNnVWHkEaVTWhTZ1AubzwjDCk\"><\/a><a href=\"https:\/\/www.linkedin.com\/in\/christoffer-nilsson-16361a156\/\">Christoffer Nilsson<\/a>, n\u00e4ringspolitisk expert p\u00e5 Kompetensf\u00f6retagen.<br><br>\u2013\u00a0Vi analyserar domarna, men det \u00e4r uppenbart att vi saknar de l\u00e5ngsiktiga och tydliga f\u00f6ruts\u00e4ttningarna som kr\u00e4vs f\u00f6r att seri\u00f6sa arbetsgivare ska kunna skydda sin verksamhet.<br><br>Regeringen m\u00e5ste skyndsamt agera p\u00e5 Integritetsskyddsmyndighetens hemst\u00e4llan om ett helhetsgrepp kring arbetsgivares m\u00f6jlighet till bakgrundskontroller av lag\u00f6vertr\u00e4delser.<\/p>\n\n\n\n      <a href=\"https:\/\/www.domstol.se\/hogsta-domstolen\/nyheter\/2025\/02\/eus-dataskyddsforordning-kan-fa-betydelse-for-om-det-rader-sekretess-for-personuppgifter-i-brottmalsdomar-aven-pa-det-grundlagsskyddade-omradet\/\" target=\"_blank\" class=\"Button is-button is-style-fill has-black-background-color has-black-border-color has-white-color Button--arrow-tip\">\n      \n        H\u00e4r hittar du domen\n      \n      \n                \n                <svg class='icon icon--arrow-tip'  width=\"11\" height=\"16\" viewBox=\"0 0 11 16\" fill=\"none\" xmlns=\"http:\/\/www.w3.org\/2000\/svg\">\n<path d=\"M0.858398 15L9.2304 7.99664L0.967732 1.00001\" stroke=\"black\" stroke-width=\"2\" stroke-miterlimit=\"10\"\/>\n<\/svg>\n\n        \n    <\/a>\n  \n","protected":false},"excerpt":{"rendered":"<p>I korthet konstaterar domstolen att brottm\u00e5lsdomar ska l\u00e4mnas ut, ocks\u00e5 n\u00e4r beg\u00e4ran avser en st\u00f6rre m\u00e4ngd handlingar, men med f\u00f6rbeh\u00e5llet att uppgifterna inte f\u00e5r g\u00f6ras s\u00f6kbara f\u00f6r andra. \u2013\u00a0Domen f\u00f6rsv\u00e5rar bakgrundskontroller och arbetet mot kriminell &hellip;<\/p>\n","protected":false},"author":222,"featured_media":18437,"comment_status":"closed","ping_status":"closed","sticky":false,"template":"","format":"standard","meta":{"_acf_changed":false,"footnotes":""},"categories":[175],"tags":[],"article_type":[8],"agreement":[],"for-members":[],"class_list":["post-19420","post","type-post","status-publish","format-standard","has-post-thumbnail","hentry","category-dataskyddsforodningen-gdpr","type-aktuellt"],"acf":[],"yoast_head":"<!-- This site is optimized with the Yoast SEO Premium plugin v26.8 (Yoast SEO v26.8) - https:\/\/yoast.com\/product\/yoast-seo-premium-wordpress\/ -->\n<title>Ny HD-dom f\u00f6rsv\u00e5rar bakgrundskontroller - Kompetensf\u00f6retagen<\/title>\n<meta name=\"description\" content=\"Ny HD-dom f\u00f6rsvarar r\u00e4tten till bakgrundskontroller. Vi analyserar H\u00f6gsta domstolens utslag och dess betydelse f\u00f6r arbetsgivare.\" \/>\n<meta name=\"robots\" content=\"index, follow, max-snippet:-1, max-image-preview:large, max-video-preview:-1\" \/>\n<link rel=\"canonical\" href=\"https:\/\/www.kompetensforetagen.se\/2025\/02\/ny-hd-dom-forsvarar-bakgrundskontroller\/\" \/>\n<meta property=\"og:locale\" content=\"sv_SE\" \/>\n<meta property=\"og:type\" content=\"article\" \/>\n<meta property=\"og:title\" content=\"Ny HD-dom f\u00f6rsv\u00e5rar bakgrundskontroller\" \/>\n<meta property=\"og:description\" content=\"Ny HD-dom f\u00f6rsvarar r\u00e4tten till bakgrundskontroller. Vi analyserar H\u00f6gsta domstolens utslag och dess betydelse f\u00f6r arbetsgivare.\" \/>\n<meta property=\"og:url\" content=\"https:\/\/www.kompetensforetagen.se\/2025\/02\/ny-hd-dom-forsvarar-bakgrundskontroller\/\" \/>\n<meta property=\"og:site_name\" content=\"Kompetensf\u00f6retagen\" \/>\n<meta property=\"article:published_time\" content=\"2025-02-25T08:49:25+00:00\" \/>\n<meta property=\"article:modified_time\" content=\"2025-12-15T10:03:01+00:00\" \/>\n<meta property=\"og:image\" content=\"https:\/\/www.kompetensforetagen.se\/app\/uploads\/sites\/5\/2024\/09\/Medlemscase-hemsida.png\" \/>\n\t<meta property=\"og:image:width\" content=\"1900\" \/>\n\t<meta property=\"og:image:height\" content=\"1000\" \/>\n\t<meta property=\"og:image:type\" content=\"image\/png\" \/>\n<meta name=\"author\" content=\"Fredric Sk\u00e4lstad\" \/>\n<meta name=\"twitter:card\" content=\"summary_large_image\" \/>\n<meta name=\"twitter:label1\" content=\"Skriven av\" \/>\n\t<meta name=\"twitter:data1\" content=\"Fredric Sk\u00e4lstad\" \/>\n\t<meta name=\"twitter:label2\" content=\"Ber\u00e4knad l\u00e4stid\" \/>\n\t<meta name=\"twitter:data2\" content=\"1 minut\" \/>\n<!-- \/ Yoast SEO Premium plugin. -->","yoast_head_json":{"title":"Ny HD-dom f\u00f6rsv\u00e5rar bakgrundskontroller - Kompetensf\u00f6retagen","description":"Ny HD-dom f\u00f6rsvarar r\u00e4tten till bakgrundskontroller. Vi analyserar H\u00f6gsta domstolens utslag och dess betydelse f\u00f6r arbetsgivare.","robots":{"index":"index","follow":"follow","max-snippet":"max-snippet:-1","max-image-preview":"max-image-preview:large","max-video-preview":"max-video-preview:-1"},"canonical":"https:\/\/www.kompetensforetagen.se\/2025\/02\/ny-hd-dom-forsvarar-bakgrundskontroller\/","og_locale":"sv_SE","og_type":"article","og_title":"Ny HD-dom f\u00f6rsv\u00e5rar bakgrundskontroller","og_description":"Ny HD-dom f\u00f6rsvarar r\u00e4tten till bakgrundskontroller. Vi analyserar H\u00f6gsta domstolens utslag och dess betydelse f\u00f6r arbetsgivare.","og_url":"https:\/\/www.kompetensforetagen.se\/2025\/02\/ny-hd-dom-forsvarar-bakgrundskontroller\/","og_site_name":"Kompetensf\u00f6retagen","article_published_time":"2025-02-25T08:49:25+00:00","article_modified_time":"2025-12-15T10:03:01+00:00","og_image":[{"width":1900,"height":1000,"url":"https:\/\/www.kompetensforetagen.se\/app\/uploads\/sites\/5\/2024\/09\/Medlemscase-hemsida.png","type":"image\/png"}],"author":"Fredric Sk\u00e4lstad","twitter_card":"summary_large_image","twitter_misc":{"Skriven av":"Fredric Sk\u00e4lstad","Ber\u00e4knad l\u00e4stid":"1 minut"},"schema":{"@context":"https:\/\/schema.org","@graph":[{"@type":"Article","@id":"https:\/\/www.kompetensforetagen.se\/2025\/02\/ny-hd-dom-forsvarar-bakgrundskontroller\/#article","isPartOf":{"@id":"https:\/\/www.kompetensforetagen.se\/2025\/02\/ny-hd-dom-forsvarar-bakgrundskontroller\/"},"author":{"name":"Fredric Sk\u00e4lstad","@id":"https:\/\/www.kompetensforetagen.se\/#\/schema\/person\/72cd48bb411dea15e40f11d726e9eeeb"},"headline":"Ny HD-dom f\u00f6rsv\u00e5rar bakgrundskontroller","datePublished":"2025-02-25T08:49:25+00:00","dateModified":"2025-12-15T10:03:01+00:00","mainEntityOfPage":{"@id":"https:\/\/www.kompetensforetagen.se\/2025\/02\/ny-hd-dom-forsvarar-bakgrundskontroller\/"},"wordCount":123,"publisher":{"@id":"https:\/\/www.kompetensforetagen.se\/#organization"},"image":{"@id":"https:\/\/www.kompetensforetagen.se\/2025\/02\/ny-hd-dom-forsvarar-bakgrundskontroller\/#primaryimage"},"thumbnailUrl":"https:\/\/www.kompetensforetagen.se\/app\/uploads\/sites\/5\/2024\/09\/Medlemscase-hemsida.png","articleSection":["Dataskyddsf\u00f6rordningen - GDPR"],"inLanguage":"sv-SE"},{"@type":"WebPage","@id":"https:\/\/www.kompetensforetagen.se\/2025\/02\/ny-hd-dom-forsvarar-bakgrundskontroller\/","url":"https:\/\/www.kompetensforetagen.se\/2025\/02\/ny-hd-dom-forsvarar-bakgrundskontroller\/","name":"Ny HD-dom f\u00f6rsv\u00e5rar bakgrundskontroller - Kompetensf\u00f6retagen","isPartOf":{"@id":"https:\/\/www.kompetensforetagen.se\/#website"},"primaryImageOfPage":{"@id":"https:\/\/www.kompetensforetagen.se\/2025\/02\/ny-hd-dom-forsvarar-bakgrundskontroller\/#primaryimage"},"image":{"@id":"https:\/\/www.kompetensforetagen.se\/2025\/02\/ny-hd-dom-forsvarar-bakgrundskontroller\/#primaryimage"},"thumbnailUrl":"https:\/\/www.kompetensforetagen.se\/app\/uploads\/sites\/5\/2024\/09\/Medlemscase-hemsida.png","datePublished":"2025-02-25T08:49:25+00:00","dateModified":"2025-12-15T10:03:01+00:00","description":"Ny HD-dom f\u00f6rsvarar r\u00e4tten till bakgrundskontroller. Vi analyserar H\u00f6gsta domstolens utslag och dess betydelse f\u00f6r arbetsgivare.","breadcrumb":{"@id":"https:\/\/www.kompetensforetagen.se\/2025\/02\/ny-hd-dom-forsvarar-bakgrundskontroller\/#breadcrumb"},"inLanguage":"sv-SE","potentialAction":[{"@type":"ReadAction","target":["https:\/\/www.kompetensforetagen.se\/2025\/02\/ny-hd-dom-forsvarar-bakgrundskontroller\/"]}]},{"@type":"ImageObject","inLanguage":"sv-SE","@id":"https:\/\/www.kompetensforetagen.se\/2025\/02\/ny-hd-dom-forsvarar-bakgrundskontroller\/#primaryimage","url":"https:\/\/www.kompetensforetagen.se\/app\/uploads\/sites\/5\/2024\/09\/Medlemscase-hemsida.png","contentUrl":"https:\/\/www.kompetensforetagen.se\/app\/uploads\/sites\/5\/2024\/09\/Medlemscase-hemsida.png","width":1900,"height":1000,"caption":"Grafik f\u00f6r artikel om medlemscase och framg\u00e5ngsrik bemanning. Inhyrd v\u00e5rdpersonal viktig f\u00f6r v\u00e5rden."},{"@type":"BreadcrumbList","@id":"https:\/\/www.kompetensforetagen.se\/2025\/02\/ny-hd-dom-forsvarar-bakgrundskontroller\/#breadcrumb","itemListElement":[{"@type":"ListItem","position":1,"name":"Home","item":"https:\/\/www.kompetensforetagen.se\/"},{"@type":"ListItem","position":2,"name":"Ny HD-dom f\u00f6rsv\u00e5rar bakgrundskontroller"}]},{"@type":"WebSite","@id":"https:\/\/www.kompetensforetagen.se\/#website","url":"https:\/\/www.kompetensforetagen.se\/","name":"Kompetensf\u00f6retagen","description":"R\u00e4tt person p\u00e5 r\u00e4tt plats kan f\u00f6r\u00e4ndra v\u00e4rlden","publisher":{"@id":"https:\/\/www.kompetensforetagen.se\/#organization"},"potentialAction":[{"@type":"SearchAction","target":{"@type":"EntryPoint","urlTemplate":"https:\/\/www.kompetensforetagen.se\/?s={search_term_string}"},"query-input":{"@type":"PropertyValueSpecification","valueRequired":true,"valueName":"search_term_string"}}],"inLanguage":"sv-SE"},{"@type":"Organization","@id":"https:\/\/www.kompetensforetagen.se\/#organization","name":"Kompetensf\u00f6retagen","url":"https:\/\/www.kompetensforetagen.se\/","logo":{"@type":"ImageObject","inLanguage":"sv-SE","@id":"https:\/\/www.kompetensforetagen.se\/#\/schema\/logo\/image\/","url":"https:\/\/www.kompetensforetagen.se\/app\/uploads\/sites\/5\/2022\/10\/logga_svart.png","contentUrl":"https:\/\/www.kompetensforetagen.se\/app\/uploads\/sites\/5\/2022\/10\/logga_svart.png","width":752,"height":64,"caption":"Kompetensf\u00f6retagen"},"image":{"@id":"https:\/\/www.kompetensforetagen.se\/#\/schema\/logo\/image\/"},"sameAs":["https:\/\/www.linkedin.com\/company\/10540032\/"]},{"@type":"Person","@id":"https:\/\/www.kompetensforetagen.se\/#\/schema\/person\/72cd48bb411dea15e40f11d726e9eeeb","name":"Fredric Sk\u00e4lstad","image":{"@type":"ImageObject","inLanguage":"sv-SE","@id":"https:\/\/www.kompetensforetagen.se\/#\/schema\/person\/image\/","url":"https:\/\/secure.gravatar.com\/avatar\/64f20bf3ac13c78aedd6054f495d1a00b38234d6bf532fa3b1cb3ff0bcc24f8d?s=96&d=mm&r=g","contentUrl":"https:\/\/secure.gravatar.com\/avatar\/64f20bf3ac13c78aedd6054f495d1a00b38234d6bf532fa3b1cb3ff0bcc24f8d?s=96&d=mm&r=g","caption":"Fredric Sk\u00e4lstad"},"description":"Fredric \u00e4r n\u00e4ringspolitisk chef p\u00e5 Kompetensf\u00f6retagen.","url":"https:\/\/www.kompetensforetagen.se\/person\/fredricskalstad\/"}]}},"_links":{"self":[{"href":"https:\/\/www.kompetensforetagen.se\/api\/wp\/v2\/posts\/19420","targetHints":{"allow":["GET"]}}],"collection":[{"href":"https:\/\/www.kompetensforetagen.se\/api\/wp\/v2\/posts"}],"about":[{"href":"https:\/\/www.kompetensforetagen.se\/api\/wp\/v2\/types\/post"}],"author":[{"embeddable":true,"href":"https:\/\/www.kompetensforetagen.se\/api\/wp\/v2\/users\/222"}],"replies":[{"embeddable":true,"href":"https:\/\/www.kompetensforetagen.se\/api\/wp\/v2\/comments?post=19420"}],"version-history":[{"count":1,"href":"https:\/\/www.kompetensforetagen.se\/api\/wp\/v2\/posts\/19420\/revisions"}],"predecessor-version":[{"id":19421,"href":"https:\/\/www.kompetensforetagen.se\/api\/wp\/v2\/posts\/19420\/revisions\/19421"}],"wp:featuredmedia":[{"embeddable":true,"href":"https:\/\/www.kompetensforetagen.se\/api\/wp\/v2\/media\/18437"}],"wp:attachment":[{"href":"https:\/\/www.kompetensforetagen.se\/api\/wp\/v2\/media?parent=19420"}],"wp:term":[{"taxonomy":"category","embeddable":true,"href":"https:\/\/www.kompetensforetagen.se\/api\/wp\/v2\/categories?post=19420"},{"taxonomy":"post_tag","embeddable":true,"href":"https:\/\/www.kompetensforetagen.se\/api\/wp\/v2\/tags?post=19420"},{"taxonomy":"type","embeddable":true,"href":"https:\/\/www.kompetensforetagen.se\/api\/wp\/v2\/article_type?post=19420"},{"taxonomy":"agreement","embeddable":true,"href":"https:\/\/www.kompetensforetagen.se\/api\/wp\/v2\/agreement?post=19420"},{"taxonomy":"for-members","embeddable":true,"href":"https:\/\/www.kompetensforetagen.se\/api\/wp\/v2\/for-members?post=19420"}],"curies":[{"name":"wp","href":"https:\/\/api.w.org\/{rel}","templated":true}]}}