{"id":19414,"date":"2025-02-19T15:23:21","date_gmt":"2025-02-19T14:23:21","guid":{"rendered":"https:\/\/www.kompetensforetagen.se\/?p=19414"},"modified":"2025-12-12T10:14:48","modified_gmt":"2025-12-12T09:14:48","slug":"sa-utformar-vi-en-aktiv-arbetsmarknadspolitik","status":"publish","type":"post","link":"https:\/\/www.kompetensforetagen.se\/2025\/02\/sa-utformar-vi-en-aktiv-arbetsmarknadspolitik\/","title":{"rendered":"S\u00e5 utformar vi en aktiv arbetsmarknadspolitik"},"content":{"rendered":"\n<p>Onsdagen den 12 februari bj\u00f6d Almega, Kompetensf\u00f6retagen och Utbildningsf\u00f6retagen till seminariet &#8221;S\u00e5 utformar vi en aktiv arbetsmarknadspolitik &#8211; f\u00f6r fler i jobb&#8221;.<\/p>\n\n\n\n<p>Under seminariet beskrev <a href=\"https:\/\/www.linkedin.com\/in\/jonas-jegers\/\" target=\"_blank\" rel=\"noreferrer noopener\">Jonas Jegers<\/a> (Almega) den nya rapporten <a href=\"https:\/\/www.almega.se\/2025\/02\/rapport-arbetsmarknaden-i-forandring\/\" target=\"_blank\" rel=\"noreferrer noopener\">Rapport: Arbetsmarknaden i f\u00f6r\u00e4ndring | Almega<\/a>. D\u00e4rut\u00f6ver blev det en bra diskussion med <a href=\"https:\/\/www.linkedin.com\/in\/sven-olov-daunfeldt-25185741\/\" target=\"_blank\" rel=\"noreferrer noopener\">Sven-Olov Daunfeldt<\/a> (<a href=\"https:\/\/www.linkedin.com\/company\/svenskt-naringsliv\/\" target=\"_blank\" rel=\"noreferrer noopener\">Svenskt N\u00e4ringsliv<\/a>), <a href=\"https:\/\/www.linkedin.com\/in\/ann-%C3%B6berg-b90ab817\/\" target=\"_blank\" rel=\"noreferrer noopener\">Ann \u00d6berg<\/a> (<a href=\"https:\/\/www.linkedin.com\/company\/almega\/\" target=\"_blank\" rel=\"noreferrer noopener\">Almega<\/a>), <a href=\"https:\/\/www.linkedin.com\/in\/lilia1\/\" target=\"_blank\" rel=\"noreferrer noopener\">Lili Andr\u00e9<\/a> (<a href=\"https:\/\/www.linkedin.com\/company\/kristdemokraterna\/\" target=\"_blank\" rel=\"noreferrer noopener\">Kristdemokraterna<\/a>), <a href=\"https:\/\/www.linkedin.com\/in\/arin-karapet-947503b2\/\" target=\"_blank\" rel=\"noreferrer noopener\">Arin Karapet<\/a> (<a href=\"https:\/\/www.linkedin.com\/company\/moderaterna\/\" target=\"_blank\" rel=\"noreferrer noopener\">Moderaterna<\/a>), <a href=\"https:\/\/www.linkedin.com\/in\/sofia-amloh-3968b17a\/\" target=\"_blank\" rel=\"noreferrer noopener\">Sofia Amloh<\/a> (<a href=\"https:\/\/www.linkedin.com\/company\/socialdemokraterna\/\" target=\"_blank\" rel=\"noreferrer noopener\">Socialdemokraterna<\/a>), Magnus Persson (<a href=\"https:\/\/www.linkedin.com\/company\/sverigedemokraterna\/\" target=\"_blank\" rel=\"noreferrer noopener\">Sverigedemokraterna<\/a>) och <a href=\"https:\/\/www.linkedin.com\/in\/perhammar\/\" target=\"_blank\" rel=\"noreferrer noopener\">Per Hammar<\/a>.<\/p>\n\n\n<figure class=\"wp-block-embed is-type-video is-provider-youtube wp-block-embed-youtube wp-embed-aspect-16-9 wp-has-aspect-ratio\">\n<iframe loading=\"lazy\" title=\"S\u00e5 formar vi en aktiv arbetsmarknadspolitik\" width=\"500\" height=\"281\" src=\"https:\/\/www.youtube.com\/embed\/OwgTaD54Xus?feature=oembed\" frameborder=\"0\" allow=\"accelerometer; autoplay; clipboard-write; encrypted-media; gyroscope; picture-in-picture; web-share\" referrerpolicy=\"strict-origin-when-cross-origin\" allowfullscreen><\/iframe>\n<\/figure>\n\n  ","protected":false},"excerpt":{"rendered":"<p>Onsdagen den 12 februari bj\u00f6d Almega, Kompetensf\u00f6retagen och Utbildningsf\u00f6retagen till seminariet &#8221;S\u00e5 utformar vi en aktiv arbetsmarknadspolitik &#8211; f\u00f6r fler i jobb&#8221;. Under seminariet beskrev Jonas Jegers (Almega) den nya rapporten Rapport: Arbetsmarknaden i f\u00f6r\u00e4ndring &hellip;<\/p>\n","protected":false},"author":222,"featured_media":18603,"comment_status":"closed","ping_status":"closed","sticky":false,"template":"","format":"standard","meta":{"_acf_changed":false,"footnotes":""},"categories":[10],"tags":[],"article_type":[8,16],"agreement":[],"for-members":[],"class_list":["post-19414","post","type-post","status-publish","format-standard","has-post-thumbnail","hentry","category-arbetsmarknad","type-aktuellt","type-rapporter"],"acf":[],"yoast_head":"<!-- This site is optimized with the Yoast SEO Premium plugin v26.8 (Yoast SEO v26.8) - https:\/\/yoast.com\/product\/yoast-seo-premium-wordpress\/ -->\n<title>S\u00e5 utformar vi en aktiv arbetsmarknadspolitik - Kompetensf\u00f6retagen<\/title>\n<meta name=\"description\" content=\"S\u00e5 utformar vi en aktiv arbetsmarknadspolitik. L\u00e4s Kompetensf\u00f6retagens f\u00f6rslag f\u00f6r att minska arbetsl\u00f6sheten och f\u00f6rb\u00e4ttra matchningen.\" \/>\n<meta name=\"robots\" content=\"index, follow, max-snippet:-1, max-image-preview:large, max-video-preview:-1\" \/>\n<link rel=\"canonical\" href=\"https:\/\/www.kompetensforetagen.se\/2025\/02\/sa-utformar-vi-en-aktiv-arbetsmarknadspolitik\/\" \/>\n<meta property=\"og:locale\" content=\"sv_SE\" \/>\n<meta property=\"og:type\" content=\"article\" \/>\n<meta property=\"og:title\" content=\"S\u00e5 utformar vi en aktiv arbetsmarknadspolitik\" \/>\n<meta property=\"og:description\" content=\"S\u00e5 utformar vi en aktiv arbetsmarknadspolitik. L\u00e4s Kompetensf\u00f6retagens f\u00f6rslag f\u00f6r att minska arbetsl\u00f6sheten och f\u00f6rb\u00e4ttra matchningen.\" \/>\n<meta property=\"og:url\" content=\"https:\/\/www.kompetensforetagen.se\/2025\/02\/sa-utformar-vi-en-aktiv-arbetsmarknadspolitik\/\" \/>\n<meta property=\"og:site_name\" content=\"Kompetensf\u00f6retagen\" \/>\n<meta property=\"article:published_time\" content=\"2025-02-19T14:23:21+00:00\" \/>\n<meta property=\"article:modified_time\" content=\"2025-12-12T09:14:48+00:00\" \/>\n<meta property=\"og:image\" content=\"https:\/\/www.kompetensforetagen.se\/app\/uploads\/sites\/5\/2024\/10\/Medlemscase-hemsida-8.png\" \/>\n\t<meta property=\"og:image:width\" content=\"1900\" \/>\n\t<meta property=\"og:image:height\" content=\"1000\" \/>\n\t<meta property=\"og:image:type\" content=\"image\/png\" \/>\n<meta name=\"author\" content=\"Fredric Sk\u00e4lstad\" \/>\n<meta name=\"twitter:card\" content=\"summary_large_image\" \/>\n<meta name=\"twitter:label1\" content=\"Skriven av\" \/>\n\t<meta name=\"twitter:data1\" content=\"Fredric Sk\u00e4lstad\" \/>\n\t<meta name=\"twitter:label2\" content=\"Ber\u00e4knad l\u00e4stid\" \/>\n\t<meta name=\"twitter:data2\" content=\"1 minut\" \/>\n<!-- \/ Yoast SEO Premium plugin. -->","yoast_head_json":{"title":"S\u00e5 utformar vi en aktiv arbetsmarknadspolitik - Kompetensf\u00f6retagen","description":"S\u00e5 utformar vi en aktiv arbetsmarknadspolitik. L\u00e4s Kompetensf\u00f6retagens f\u00f6rslag f\u00f6r att minska arbetsl\u00f6sheten och f\u00f6rb\u00e4ttra matchningen.","robots":{"index":"index","follow":"follow","max-snippet":"max-snippet:-1","max-image-preview":"max-image-preview:large","max-video-preview":"max-video-preview:-1"},"canonical":"https:\/\/www.kompetensforetagen.se\/2025\/02\/sa-utformar-vi-en-aktiv-arbetsmarknadspolitik\/","og_locale":"sv_SE","og_type":"article","og_title":"S\u00e5 utformar vi en aktiv arbetsmarknadspolitik","og_description":"S\u00e5 utformar vi en aktiv arbetsmarknadspolitik. L\u00e4s Kompetensf\u00f6retagens f\u00f6rslag f\u00f6r att minska arbetsl\u00f6sheten och f\u00f6rb\u00e4ttra matchningen.","og_url":"https:\/\/www.kompetensforetagen.se\/2025\/02\/sa-utformar-vi-en-aktiv-arbetsmarknadspolitik\/","og_site_name":"Kompetensf\u00f6retagen","article_published_time":"2025-02-19T14:23:21+00:00","article_modified_time":"2025-12-12T09:14:48+00:00","og_image":[{"width":1900,"height":1000,"url":"https:\/\/www.kompetensforetagen.se\/app\/uploads\/sites\/5\/2024\/10\/Medlemscase-hemsida-8.png","type":"image\/png"}],"author":"Fredric Sk\u00e4lstad","twitter_card":"summary_large_image","twitter_misc":{"Skriven av":"Fredric Sk\u00e4lstad","Ber\u00e4knad l\u00e4stid":"1 minut"},"schema":{"@context":"https:\/\/schema.org","@graph":[{"@type":"Article","@id":"https:\/\/www.kompetensforetagen.se\/2025\/02\/sa-utformar-vi-en-aktiv-arbetsmarknadspolitik\/#article","isPartOf":{"@id":"https:\/\/www.kompetensforetagen.se\/2025\/02\/sa-utformar-vi-en-aktiv-arbetsmarknadspolitik\/"},"author":{"name":"Fredric Sk\u00e4lstad","@id":"https:\/\/www.kompetensforetagen.se\/#\/schema\/person\/72cd48bb411dea15e40f11d726e9eeeb"},"headline":"S\u00e5 utformar vi en aktiv arbetsmarknadspolitik","datePublished":"2025-02-19T14:23:21+00:00","dateModified":"2025-12-12T09:14:48+00:00","mainEntityOfPage":{"@id":"https:\/\/www.kompetensforetagen.se\/2025\/02\/sa-utformar-vi-en-aktiv-arbetsmarknadspolitik\/"},"wordCount":87,"publisher":{"@id":"https:\/\/www.kompetensforetagen.se\/#organization"},"image":{"@id":"https:\/\/www.kompetensforetagen.se\/2025\/02\/sa-utformar-vi-en-aktiv-arbetsmarknadspolitik\/#primaryimage"},"thumbnailUrl":"https:\/\/www.kompetensforetagen.se\/app\/uploads\/sites\/5\/2024\/10\/Medlemscase-hemsida-8.png","articleSection":["Arbetsmarknad"],"inLanguage":"sv-SE"},{"@type":"WebPage","@id":"https:\/\/www.kompetensforetagen.se\/2025\/02\/sa-utformar-vi-en-aktiv-arbetsmarknadspolitik\/","url":"https:\/\/www.kompetensforetagen.se\/2025\/02\/sa-utformar-vi-en-aktiv-arbetsmarknadspolitik\/","name":"S\u00e5 utformar vi en aktiv arbetsmarknadspolitik - Kompetensf\u00f6retagen","isPartOf":{"@id":"https:\/\/www.kompetensforetagen.se\/#website"},"primaryImageOfPage":{"@id":"https:\/\/www.kompetensforetagen.se\/2025\/02\/sa-utformar-vi-en-aktiv-arbetsmarknadspolitik\/#primaryimage"},"image":{"@id":"https:\/\/www.kompetensforetagen.se\/2025\/02\/sa-utformar-vi-en-aktiv-arbetsmarknadspolitik\/#primaryimage"},"thumbnailUrl":"https:\/\/www.kompetensforetagen.se\/app\/uploads\/sites\/5\/2024\/10\/Medlemscase-hemsida-8.png","datePublished":"2025-02-19T14:23:21+00:00","dateModified":"2025-12-12T09:14:48+00:00","description":"S\u00e5 utformar vi en aktiv arbetsmarknadspolitik. L\u00e4s Kompetensf\u00f6retagens f\u00f6rslag f\u00f6r att minska arbetsl\u00f6sheten och f\u00f6rb\u00e4ttra matchningen.","breadcrumb":{"@id":"https:\/\/www.kompetensforetagen.se\/2025\/02\/sa-utformar-vi-en-aktiv-arbetsmarknadspolitik\/#breadcrumb"},"inLanguage":"sv-SE","potentialAction":[{"@type":"ReadAction","target":["https:\/\/www.kompetensforetagen.se\/2025\/02\/sa-utformar-vi-en-aktiv-arbetsmarknadspolitik\/"]}]},{"@type":"ImageObject","inLanguage":"sv-SE","@id":"https:\/\/www.kompetensforetagen.se\/2025\/02\/sa-utformar-vi-en-aktiv-arbetsmarknadspolitik\/#primaryimage","url":"https:\/\/www.kompetensforetagen.se\/app\/uploads\/sites\/5\/2024\/10\/Medlemscase-hemsida-8.png","contentUrl":"https:\/\/www.kompetensforetagen.se\/app\/uploads\/sites\/5\/2024\/10\/Medlemscase-hemsida-8.png","width":1900,"height":1000,"caption":"Jessica Forss Katz: Kritiken borde riktas mot Arbetsf\u00f6rmedlingen"},{"@type":"BreadcrumbList","@id":"https:\/\/www.kompetensforetagen.se\/2025\/02\/sa-utformar-vi-en-aktiv-arbetsmarknadspolitik\/#breadcrumb","itemListElement":[{"@type":"ListItem","position":1,"name":"Home","item":"https:\/\/www.kompetensforetagen.se\/"},{"@type":"ListItem","position":2,"name":"S\u00e5 utformar vi en aktiv arbetsmarknadspolitik"}]},{"@type":"WebSite","@id":"https:\/\/www.kompetensforetagen.se\/#website","url":"https:\/\/www.kompetensforetagen.se\/","name":"Kompetensf\u00f6retagen","description":"R\u00e4tt person p\u00e5 r\u00e4tt plats kan f\u00f6r\u00e4ndra v\u00e4rlden","publisher":{"@id":"https:\/\/www.kompetensforetagen.se\/#organization"},"potentialAction":[{"@type":"SearchAction","target":{"@type":"EntryPoint","urlTemplate":"https:\/\/www.kompetensforetagen.se\/?s={search_term_string}"},"query-input":{"@type":"PropertyValueSpecification","valueRequired":true,"valueName":"search_term_string"}}],"inLanguage":"sv-SE"},{"@type":"Organization","@id":"https:\/\/www.kompetensforetagen.se\/#organization","name":"Kompetensf\u00f6retagen","url":"https:\/\/www.kompetensforetagen.se\/","logo":{"@type":"ImageObject","inLanguage":"sv-SE","@id":"https:\/\/www.kompetensforetagen.se\/#\/schema\/logo\/image\/","url":"https:\/\/www.kompetensforetagen.se\/app\/uploads\/sites\/5\/2022\/10\/logga_svart.png","contentUrl":"https:\/\/www.kompetensforetagen.se\/app\/uploads\/sites\/5\/2022\/10\/logga_svart.png","width":752,"height":64,"caption":"Kompetensf\u00f6retagen"},"image":{"@id":"https:\/\/www.kompetensforetagen.se\/#\/schema\/logo\/image\/"},"sameAs":["https:\/\/www.linkedin.com\/company\/10540032\/"]},{"@type":"Person","@id":"https:\/\/www.kompetensforetagen.se\/#\/schema\/person\/72cd48bb411dea15e40f11d726e9eeeb","name":"Fredric Sk\u00e4lstad","image":{"@type":"ImageObject","inLanguage":"sv-SE","@id":"https:\/\/www.kompetensforetagen.se\/#\/schema\/person\/image\/","url":"https:\/\/secure.gravatar.com\/avatar\/64f20bf3ac13c78aedd6054f495d1a00b38234d6bf532fa3b1cb3ff0bcc24f8d?s=96&d=mm&r=g","contentUrl":"https:\/\/secure.gravatar.com\/avatar\/64f20bf3ac13c78aedd6054f495d1a00b38234d6bf532fa3b1cb3ff0bcc24f8d?s=96&d=mm&r=g","caption":"Fredric Sk\u00e4lstad"},"description":"Fredric \u00e4r n\u00e4ringspolitisk chef p\u00e5 Kompetensf\u00f6retagen.","url":"https:\/\/www.kompetensforetagen.se\/person\/fredricskalstad\/"}]}},"_links":{"self":[{"href":"https:\/\/www.kompetensforetagen.se\/api\/wp\/v2\/posts\/19414","targetHints":{"allow":["GET"]}}],"collection":[{"href":"https:\/\/www.kompetensforetagen.se\/api\/wp\/v2\/posts"}],"about":[{"href":"https:\/\/www.kompetensforetagen.se\/api\/wp\/v2\/types\/post"}],"author":[{"embeddable":true,"href":"https:\/\/www.kompetensforetagen.se\/api\/wp\/v2\/users\/222"}],"replies":[{"embeddable":true,"href":"https:\/\/www.kompetensforetagen.se\/api\/wp\/v2\/comments?post=19414"}],"version-history":[{"count":1,"href":"https:\/\/www.kompetensforetagen.se\/api\/wp\/v2\/posts\/19414\/revisions"}],"predecessor-version":[{"id":19415,"href":"https:\/\/www.kompetensforetagen.se\/api\/wp\/v2\/posts\/19414\/revisions\/19415"}],"wp:featuredmedia":[{"embeddable":true,"href":"https:\/\/www.kompetensforetagen.se\/api\/wp\/v2\/media\/18603"}],"wp:attachment":[{"href":"https:\/\/www.kompetensforetagen.se\/api\/wp\/v2\/media?parent=19414"}],"wp:term":[{"taxonomy":"category","embeddable":true,"href":"https:\/\/www.kompetensforetagen.se\/api\/wp\/v2\/categories?post=19414"},{"taxonomy":"post_tag","embeddable":true,"href":"https:\/\/www.kompetensforetagen.se\/api\/wp\/v2\/tags?post=19414"},{"taxonomy":"type","embeddable":true,"href":"https:\/\/www.kompetensforetagen.se\/api\/wp\/v2\/article_type?post=19414"},{"taxonomy":"agreement","embeddable":true,"href":"https:\/\/www.kompetensforetagen.se\/api\/wp\/v2\/agreement?post=19414"},{"taxonomy":"for-members","embeddable":true,"href":"https:\/\/www.kompetensforetagen.se\/api\/wp\/v2\/for-members?post=19414"}],"curies":[{"name":"wp","href":"https:\/\/api.w.org\/{rel}","templated":true}]}}