{"id":19380,"date":"2025-02-14T08:00:00","date_gmt":"2025-02-14T07:00:00","guid":{"rendered":"https:\/\/www.kompetensforetagen.se\/?p=19380"},"modified":"2025-12-15T11:20:41","modified_gmt":"2025-12-15T10:20:41","slug":"ett-steg-framat-tva-steg-bakat","status":"publish","type":"post","link":"https:\/\/www.kompetensforetagen.se\/2025\/02\/ett-steg-framat-tva-steg-bakat\/","title":{"rendered":"Ett steg fram\u00e5t, tv\u00e5 steg bak\u00e5t\u2026"},"content":{"rendered":"<p class=\"intro\">Det har varit en riktig rivstart p\u00e5 det nya \u00e5ret f\u00f6r alla oss som jobbar med arbetsmarknadspolitik. P\u00e5 Kompetensf\u00f6retagen har vi hunnit med en del aktiviteter och planerar desto fler under v\u00e5ren. Det skriver v\u00e5r n\u00e4ringspolitiska expert Jessica Forss Katz i ett blogginl\u00e4gg.<\/p>\n\n<h5 class=\"wp-block-heading\" id=\"h-mote-med-socialdemokraternas-arbetsmarknadspolitiker\"><strong>M\u00f6te med Socialdemokraternas arbetsmarknadspolitiker<\/strong><\/h5>\n\n\n\n<p>Den 22 januari tr\u00e4ffade jag, Per Hammar (Utbildningsf\u00f6retagen) och ett antal medlemsf\u00f6retag Socialdemokraternas riksdagsledam\u00f6ter i arbetsmarknadsutskottet. Det var ett mycket givande m\u00f6te och ledam\u00f6terna tycktes oerh\u00f6rt intresserade av att lyssna in och st\u00e4lla fr\u00e5gor. Vi fick m\u00f6jlighet att ber\u00e4tta mer om de upphandlade tj\u00e4nsternas v\u00e4rde f\u00f6r arbetss\u00f6kande och samh\u00e4llet i stort. Intresset var s\u00e4rskilt stort f\u00f6r v\u00e5r syn p\u00e5 IFAU-rapporten och de tj\u00e4nster som g\u00e5r till arbetsl\u00f6sa med st\u00f6rre st\u00f6dbehov.<\/p>\n\n\n\n<h5 class=\"wp-block-heading\" id=\"h-centerpartiets-kommundagar\"><strong>Centerpartiets kommundagar<\/strong><\/h5>\n\n\n\n<p>Centerpartiet bj\u00f6d in till kommundagar i Link\u00f6ping den 31 januari till 1 februari. Jag och min kollega Christoffer Nilsson var p\u00e5 plats f\u00f6r att prata med centerpartister p\u00e5 lokal, regional och nationell niv\u00e5. Fokus f\u00f6r min del l\u00e5g p\u00e5 att prata arbetsmarknadspolitik och st\u00f6tta med underlag i f\u00f6rsvaret av (en fullf\u00f6ljd) reformering av Arbetsf\u00f6rmedlingen.<\/p>\n\n\n\n<p>Jag hade ett mycket trevligt samtal med <strong><em>Martin \u00c5dahl<\/em><\/strong>, ekonomisk-politisk talesperson, som \u00e4r grundare och varm anh\u00e4ngare till reformeringen. \u00c5dahl var tydlig med att reformeringen \u00e4r politiskt k\u00e4nslig och att vi beh\u00f6ver hitta nya v\u00e4gar f\u00f6r att n\u00e5 fram i fr\u00e5gan. Martin bes\u00f6ker oss den 7 april i samband med att v\u00e5r arbetsmarknadspolitiska reformgrupp tr\u00e4ffas.<\/p>\n\n\n\n<blockquote class=\"wp-block-quote is-layout-flow wp-block-quote-is-layout-flow\">\n<p>Regeringen och riksdagen har styrt Arbetsf\u00f6rmedlingen i motstridiga riktningar.<\/p>\n<\/blockquote>\n\n\n\n<h5 class=\"wp-block-heading\" id=\"h-statskontorets-rapport\"><strong>Statskontorets rapport<\/strong><\/h5>\n\n\n\n<p>Det finns mycket att s\u00e4ga om Statskontorets utv\u00e4rdering av <a href=\"https:\/\/www.statskontoret.se\/pagaende-uppdrag\/effektiviteten-i-arbetsformedlingens-anvandning-av-forvaltningsmedel\/\">effektiviteten i Arbetsf\u00f6rmedlingens anv\u00e4ndning av f\u00f6rvaltningsmedel<\/a> under perioden 2018-2023. N\u00e5gra slutsatser jag drar \u00e4r att:<\/p>\n\n\n\n<ul class=\"wp-block-list\">\n<li><strong>Regeringen och riksdagen har styrt AF i motstridiga riktningar<\/strong>. Det har bidragit till os\u00e4kerhet kring vem som ska g\u00f6ra vad i arbetsmarknadspolitiken \u2013 och hur resurser b\u00f6r f\u00f6rdelas.<\/li>\n\n\n\n<li><strong>Avsaknaden av tillf\u00f6rlitliga underlag leder till ineffektivitet. <\/strong>Bristande tidrapportering och m\u00e5lstyrning har lett till bristf\u00e4lliga underlag och ineffektiv resurshantering. Arbetss\u00e4ttet har om\u00f6jliggjort kostnadsj\u00e4mf\u00f6relser, inte minst med externa leverant\u00f6rer (vilket rimligen p\u00e5verkat IFAU:s sammanst\u00e4llning). D\u00e4rtill har det inneburit att varken AF eller regeringen kunnat f\u00e5 tillr\u00e4ckliga underlag f\u00f6r hur myndigheten kan styras b\u00e4ttre.<\/li>\n\n\n\n<li><strong>AF beh\u00f6ver fokusera p\u00e5 k\u00e4rnuppdraget<\/strong>. AF beh\u00f6ver tid f\u00f6r att prioritera det interna utvecklingsarbetet, f\u00f6r att f\u00e5 b\u00e4ttre kunskap om olika verksamheters kostnader och konsekvenser samt tydligare prioritera i myndighetsuppdrag.&nbsp;<\/li>\n<\/ul>\n\n\n\n<h5 class=\"wp-block-heading\" id=\"h-arbetsformedlingens-utgiftsprognos\"><strong>Arbetsf\u00f6rmedlingens utgiftsprognos<\/strong><\/h5>\n\n\n\n<p>Fredagen den 7 februari s\u00e4nde Kompetensf\u00f6retagen och Utbildningsf\u00f6retagen ett webbinarium med <strong><em>Eeva Vestlund<\/em><\/strong>, chef f\u00f6r leverant\u00f6rsuppf\u00f6ljningen p\u00e5 Arbetsf\u00f6rmedlingen. Under webbinariet ber\u00e4ttade Eeva om Arbetsf\u00f6rmedlingens senaste <a href=\"https:\/\/arbetsformedlingen.se\/om-oss\/var-verksamhet\/styrning-och-resultat\/ekonomiska-prognoser-och-utfall\/2025-2028\/prognos-for-utbetalningar-februari-2025\">utgiftsprognos<\/a>. N\u00e5gra medskick fr\u00e5n samtalen var:<\/p>\n\n\n\n<ul class=\"wp-block-list\">\n<li>Trots att arbetsl\u00f6sheten \u00f6kar s\u00e5 s\u00e4nker myndigheten de bed\u00f6mda volymerna i matchning till ca 40 000 deltagare.<\/li>\n\n\n\n<li>\u00c4ven inom arbetsmarknadsutbildningen bed\u00f6mer myndigheten ett l\u00e4gre behov av platser \u00e4n tidigare.<\/li>\n\n\n\n<li>Den nya matchningstj\u00e4nsten i egen regi ska inte konkurrera med leverant\u00f6rernas matchning och Steg till arbete, men det finns en \u00f6verh\u00e4ngande risk att s\u00e5 \u00e4nd\u00e5 blir fallet.<\/li>\n<\/ul>\n\n\n\n<h5 class=\"wp-block-heading\" id=\"h-seminariet-sa-utformar-vi-en-aktiv-arbetsmarknadspolitik-for-fler-i-jobb\"><strong>Seminariet S\u00e5 utformar vi en aktiv arbetsmarknadspolitik &#8211; f\u00f6r fler i jobb<\/strong><\/h5>\n\n\n\n<p>I onsdags modererade jag ett seminarium med ett stort antal panelister som diskuterade arbetsl\u00f6shetens konsekvenser f\u00f6r Sveriges konkurrenskraft, den f\u00f6r\u00e4ndrade sammans\u00e4ttningen av arbetsl\u00f6sa och betydelsen av aktiv arbetsmarknadspolitik. Bland andra medverkade <strong><em>Sven-Olov Daunfeldt<\/em><\/strong>, chefsekonom p\u00e5 Svenskt N\u00e4ringsliv, <strong><em>Ann \u00d6berg<\/em><\/strong>, vd Almega samt riksdagsledam\u00f6terna <strong><em>Magnus Persson (SD),<\/em><\/strong> <strong><em>Sofia Amloh (S), Lili Andr\u00e9 (KD) <\/em><\/strong>och <strong><em>Arin Karapet (M). <\/em><\/strong>Seminariet spelades in och g\u00e5r att se i efterhand p\u00e5 Kompetensf\u00f6retagens hemsida. Ni \u00e4r varmt v\u00e4lkomna att l\u00e4sa den nya <a href=\"https:\/\/www.almega.se\/2025\/02\/rapport-arbetsmarknaden-i-forandring\/\">rapport<\/a>en om arbetsl\u00f6shetens utveckling 2008-2024.<\/p>\n\n\n\n<h5 class=\"wp-block-heading\" id=\"h-studiebesok-med-politiker-runt-om-i-landet\"><strong>Studiebes\u00f6k med politiker runt om i landet<\/strong><\/h5>\n\n\n\n<p>Sedan \u00e5rsskiftet har Kompetensf\u00f6retagen och Utbildningsf\u00f6retagen bjudit in ett stort antal utvalda riksdagsledam\u00f6ter som p\u00e5 olika s\u00e4tt arbetar med arbetsmarknadspolitik. Hittills har vi genomf\u00f6rt f\u00f6ljande studiebes\u00f6k:<\/p>\n\n\n\n<ul class=\"wp-block-list\">\n<li><em>27 januari <\/em>\u2013 Ciczie Weidby (V) p\u00e5 Arcus i Huskvarna<\/li>\n\n\n\n<li><em>10 februari<\/em> \u2013 Oliver Rosengren (M) p\u00e5 Montico i V\u00e4xj\u00f6<\/li>\n\n\n\n<li>14 februari &#8211; Adrian Magnusson (S) p\u00e5 Lernia i Sk\u00e5ne<\/li>\n<\/ul>\n\n\n\n<h5 class=\"wp-block-heading\" id=\"h-forandrade-regler-for-nystartsjobb\"><strong>F\u00f6r\u00e4ndrade regler f\u00f6r nystartsjobb<\/strong><\/h5>\n\n\n\n<p>Sedan 1 februari 2025 g\u00e4ller nya regler f\u00f6r nystartsjobb. En s\u00e5dan f\u00f6r\u00e4ndring \u00e4r att arbetsgivare inte f\u00e5r ha sagt upp anst\u00e4llda p\u00e5 grund av arbetsbrist p\u00e5 den aktuella driftsenheten \u00e5ret innan de vill anst\u00e4lla med nystartsjobb. Vi f\u00e5r just nu signaler om att kompetensf\u00f6retag f\u00e5r avslag p\u00e5 sina ans\u00f6kningar, med h\u00e4nvisning till en tolkning av de nya reglerna.<\/p>\n\n\n\n<h5 class=\"wp-block-heading\" id=\"h-hall-utkik\"><strong>H\u00e5ll utkik<\/strong><\/h5>\n\n\n\n<p>Vi forts\u00e4tter att arbeta vidare med samtal och dialoger med personer och akt\u00f6rer med intresse f\u00f6r arbetsmarknadspolitiken. Ut\u00f6ver en kommande omst\u00e4llningsrapport, studiebes\u00f6k och samtal med representanter fr\u00e5n Arbetsf\u00f6rmedlingen har vi bokat in f\u00f6ljande aktiviteter i n\u00e4rtid:<\/p>\n\n\n\n<figure class=\"wp-block-table\"><table><tbody><tr><td>4 mars<\/td><td>Medverkan under IEP:s panelsamtal om \u201dLeverant\u00f6rernas roll imorgon\u201d tillsammans med <em>Oliver Rykatkin<\/em> (M), ordf\u00f6rande i n\u00e4mnden f\u00f6r arbete och f\u00f6rs\u00f6rjning i Nacka, och <em>Roy Melchert<\/em>, chef f\u00f6r arbetsmarknadssektionen p\u00e5 SKR.<\/td><\/tr><tr><td>10 april<\/td><td>Rundabordssamtal om kostnadseffektivitet i matchningstj\u00e4nsten, tillsammans med bland andra Sophia Metelius (L), statssekreterare hos arbetsmarknadsministern, och Martin Kruse, chef f\u00f6r Marknad och Ink\u00f6p, Arbetsf\u00f6rmedlingen.<\/td><\/tr><\/tbody><\/table><\/figure>\n\n\n\n<p>Vi \u00e5terkommer med mer information om v\u00e5rens aktiviteter fram\u00f6ver.<\/p>\n\n\n\n<h5 class=\"wp-block-heading\" id=\"h-tack-for-att-ni-hor-av-er\"><strong>Tack f\u00f6r att ni h\u00f6r av er!<\/strong><\/h5>\n\n\n\n<p>Under januari har jag pratat med ett antal medlemsf\u00f6retag som uttryckt oro f\u00f6r branschens framtid. Det \u00e4r s\u00e5klart tr\u00e5kigt att h\u00f6ra om era utmaningar, men jag uppskattar att ni tar er tid att ber\u00e4tta om hur ni ser p\u00e5 leverant\u00f6rernas roll i arbetsmarknadspolitiken. Det g\u00f6r mitt jobb l\u00e4ttare och f\u00f6rhoppningsvis b\u00e4ttre att f\u00e5 mer insikt i hur ni jobbar under r\u00e5dande omst\u00e4ndigheter.<\/p>\n\n\n\n<p>Till sist vill jag \u00f6nska er alla en glad alla hj\u00e4rtans dag! &lt;3<\/p>\n\n\n\n<p>\/Jessica<\/p>\n","protected":false},"excerpt":{"rendered":"<p>M\u00f6te med Socialdemokraternas arbetsmarknadspolitiker Den 22 januari tr\u00e4ffade jag, Per Hammar (Utbildningsf\u00f6retagen) och ett antal medlemsf\u00f6retag Socialdemokraternas riksdagsledam\u00f6ter i arbetsmarknadsutskottet. Det var ett mycket givande m\u00f6te och ledam\u00f6terna tycktes oerh\u00f6rt intresserade av att lyssna in &hellip;<\/p>\n","protected":false},"author":13186,"featured_media":19396,"comment_status":"closed","ping_status":"closed","sticky":false,"template":"","format":"standard","meta":{"_acf_changed":false,"footnotes":""},"categories":[192],"tags":[201],"article_type":[],"agreement":[],"for-members":[],"class_list":["post-19380","post","type-post","status-publish","format-standard","has-post-thumbnail","hentry","category-arbetsformedlingen","tag-arbetsmarknad"],"acf":[],"yoast_head":"<!-- This site is optimized with the Yoast SEO Premium plugin v26.8 (Yoast SEO v26.8) - https:\/\/yoast.com\/product\/yoast-seo-premium-wordpress\/ -->\n<title>Ett steg fram\u00e5t, tv\u00e5 steg bak\u00e5t\u2026 - Kompetensf\u00f6retagen<\/title>\n<meta name=\"description\" content=\"Ett steg fram\u00e5t, tv\u00e5 steg bak\u00e5t? En kritisk granskning av aktuella politiska f\u00f6rslag som riskerar att h\u00e4mma kompetensf\u00f6rs\u00f6rjningen.\" \/>\n<meta name=\"robots\" content=\"index, follow, max-snippet:-1, max-image-preview:large, max-video-preview:-1\" \/>\n<link rel=\"canonical\" href=\"https:\/\/www.kompetensforetagen.se\/2025\/02\/ett-steg-framat-tva-steg-bakat\/\" \/>\n<meta property=\"og:locale\" content=\"sv_SE\" \/>\n<meta property=\"og:type\" content=\"article\" \/>\n<meta property=\"og:title\" content=\"Ett steg fram\u00e5t, tv\u00e5 steg bak\u00e5t\u2026\" \/>\n<meta property=\"og:description\" content=\"Ett steg fram\u00e5t, tv\u00e5 steg bak\u00e5t? En kritisk granskning av aktuella politiska f\u00f6rslag som riskerar att h\u00e4mma kompetensf\u00f6rs\u00f6rjningen.\" \/>\n<meta property=\"og:url\" content=\"https:\/\/www.kompetensforetagen.se\/2025\/02\/ett-steg-framat-tva-steg-bakat\/\" \/>\n<meta property=\"og:site_name\" content=\"Kompetensf\u00f6retagen\" \/>\n<meta property=\"article:published_time\" content=\"2025-02-14T07:00:00+00:00\" \/>\n<meta property=\"article:modified_time\" content=\"2025-12-15T10:20:41+00:00\" \/>\n<meta property=\"og:image\" content=\"https:\/\/www.kompetensforetagen.se\/app\/uploads\/sites\/5\/2025\/02\/Kopia-av-Charlotte-Magnus-ikael-1.png\" \/>\n\t<meta property=\"og:image:width\" content=\"1080\" \/>\n\t<meta property=\"og:image:height\" content=\"540\" \/>\n\t<meta property=\"og:image:type\" content=\"image\/png\" \/>\n<meta name=\"author\" content=\"Jessica Forss Katz\" \/>\n<meta name=\"twitter:card\" content=\"summary_large_image\" \/>\n<meta name=\"twitter:label1\" content=\"Skriven av\" \/>\n\t<meta name=\"twitter:data1\" content=\"Jessica Forss Katz\" \/>\n\t<meta name=\"twitter:label2\" content=\"Ber\u00e4knad l\u00e4stid\" \/>\n\t<meta name=\"twitter:data2\" content=\"5 minuter\" \/>\n<!-- \/ Yoast SEO Premium plugin. -->","yoast_head_json":{"title":"Ett steg fram\u00e5t, tv\u00e5 steg bak\u00e5t\u2026 - Kompetensf\u00f6retagen","description":"Ett steg fram\u00e5t, tv\u00e5 steg bak\u00e5t? En kritisk granskning av aktuella politiska f\u00f6rslag som riskerar att h\u00e4mma kompetensf\u00f6rs\u00f6rjningen.","robots":{"index":"index","follow":"follow","max-snippet":"max-snippet:-1","max-image-preview":"max-image-preview:large","max-video-preview":"max-video-preview:-1"},"canonical":"https:\/\/www.kompetensforetagen.se\/2025\/02\/ett-steg-framat-tva-steg-bakat\/","og_locale":"sv_SE","og_type":"article","og_title":"Ett steg fram\u00e5t, tv\u00e5 steg bak\u00e5t\u2026","og_description":"Ett steg fram\u00e5t, tv\u00e5 steg bak\u00e5t? En kritisk granskning av aktuella politiska f\u00f6rslag som riskerar att h\u00e4mma kompetensf\u00f6rs\u00f6rjningen.","og_url":"https:\/\/www.kompetensforetagen.se\/2025\/02\/ett-steg-framat-tva-steg-bakat\/","og_site_name":"Kompetensf\u00f6retagen","article_published_time":"2025-02-14T07:00:00+00:00","article_modified_time":"2025-12-15T10:20:41+00:00","og_image":[{"width":1080,"height":540,"url":"https:\/\/www.kompetensforetagen.se\/app\/uploads\/sites\/5\/2025\/02\/Kopia-av-Charlotte-Magnus-ikael-1.png","type":"image\/png"}],"author":"Jessica Forss Katz","twitter_card":"summary_large_image","twitter_misc":{"Skriven av":"Jessica Forss Katz","Ber\u00e4knad l\u00e4stid":"5 minuter"},"schema":{"@context":"https:\/\/schema.org","@graph":[{"@type":"Article","@id":"https:\/\/www.kompetensforetagen.se\/2025\/02\/ett-steg-framat-tva-steg-bakat\/#article","isPartOf":{"@id":"https:\/\/www.kompetensforetagen.se\/2025\/02\/ett-steg-framat-tva-steg-bakat\/"},"author":{"name":"Jessica Forss Katz","@id":"https:\/\/www.kompetensforetagen.se\/#\/schema\/person\/fa00a1f7a689e0660b3dfa1f54b65fae"},"headline":"Ett steg fram\u00e5t, tv\u00e5 steg bak\u00e5t\u2026","datePublished":"2025-02-14T07:00:00+00:00","dateModified":"2025-12-15T10:20:41+00:00","mainEntityOfPage":{"@id":"https:\/\/www.kompetensforetagen.se\/2025\/02\/ett-steg-framat-tva-steg-bakat\/"},"wordCount":993,"publisher":{"@id":"https:\/\/www.kompetensforetagen.se\/#organization"},"image":{"@id":"https:\/\/www.kompetensforetagen.se\/2025\/02\/ett-steg-framat-tva-steg-bakat\/#primaryimage"},"thumbnailUrl":"https:\/\/www.kompetensforetagen.se\/app\/uploads\/sites\/5\/2025\/02\/Kopia-av-Charlotte-Magnus-ikael-1.png","keywords":["arbetsmarknad"],"articleSection":["Arbetsf\u00f6rmedlingen"],"inLanguage":"sv-SE"},{"@type":"WebPage","@id":"https:\/\/www.kompetensforetagen.se\/2025\/02\/ett-steg-framat-tva-steg-bakat\/","url":"https:\/\/www.kompetensforetagen.se\/2025\/02\/ett-steg-framat-tva-steg-bakat\/","name":"Ett steg fram\u00e5t, tv\u00e5 steg bak\u00e5t\u2026 - Kompetensf\u00f6retagen","isPartOf":{"@id":"https:\/\/www.kompetensforetagen.se\/#website"},"primaryImageOfPage":{"@id":"https:\/\/www.kompetensforetagen.se\/2025\/02\/ett-steg-framat-tva-steg-bakat\/#primaryimage"},"image":{"@id":"https:\/\/www.kompetensforetagen.se\/2025\/02\/ett-steg-framat-tva-steg-bakat\/#primaryimage"},"thumbnailUrl":"https:\/\/www.kompetensforetagen.se\/app\/uploads\/sites\/5\/2025\/02\/Kopia-av-Charlotte-Magnus-ikael-1.png","datePublished":"2025-02-14T07:00:00+00:00","dateModified":"2025-12-15T10:20:41+00:00","description":"Ett steg fram\u00e5t, tv\u00e5 steg bak\u00e5t? En kritisk granskning av aktuella politiska f\u00f6rslag som riskerar att h\u00e4mma kompetensf\u00f6rs\u00f6rjningen.","breadcrumb":{"@id":"https:\/\/www.kompetensforetagen.se\/2025\/02\/ett-steg-framat-tva-steg-bakat\/#breadcrumb"},"inLanguage":"sv-SE","potentialAction":[{"@type":"ReadAction","target":["https:\/\/www.kompetensforetagen.se\/2025\/02\/ett-steg-framat-tva-steg-bakat\/"]}]},{"@type":"ImageObject","inLanguage":"sv-SE","@id":"https:\/\/www.kompetensforetagen.se\/2025\/02\/ett-steg-framat-tva-steg-bakat\/#primaryimage","url":"https:\/\/www.kompetensforetagen.se\/app\/uploads\/sites\/5\/2025\/02\/Kopia-av-Charlotte-Magnus-ikael-1.png","contentUrl":"https:\/\/www.kompetensforetagen.se\/app\/uploads\/sites\/5\/2025\/02\/Kopia-av-Charlotte-Magnus-ikael-1.png","width":1080,"height":540,"caption":"Jessica Forss Katz: M\u00f6te med Socialdemokraternas arbetsmarknadspolitiker"},{"@type":"BreadcrumbList","@id":"https:\/\/www.kompetensforetagen.se\/2025\/02\/ett-steg-framat-tva-steg-bakat\/#breadcrumb","itemListElement":[{"@type":"ListItem","position":1,"name":"Home","item":"https:\/\/www.kompetensforetagen.se\/"},{"@type":"ListItem","position":2,"name":"Ett steg fram\u00e5t, tv\u00e5 steg bak\u00e5t\u2026"}]},{"@type":"WebSite","@id":"https:\/\/www.kompetensforetagen.se\/#website","url":"https:\/\/www.kompetensforetagen.se\/","name":"Kompetensf\u00f6retagen","description":"R\u00e4tt person p\u00e5 r\u00e4tt plats kan f\u00f6r\u00e4ndra v\u00e4rlden","publisher":{"@id":"https:\/\/www.kompetensforetagen.se\/#organization"},"potentialAction":[{"@type":"SearchAction","target":{"@type":"EntryPoint","urlTemplate":"https:\/\/www.kompetensforetagen.se\/?s={search_term_string}"},"query-input":{"@type":"PropertyValueSpecification","valueRequired":true,"valueName":"search_term_string"}}],"inLanguage":"sv-SE"},{"@type":"Organization","@id":"https:\/\/www.kompetensforetagen.se\/#organization","name":"Kompetensf\u00f6retagen","url":"https:\/\/www.kompetensforetagen.se\/","logo":{"@type":"ImageObject","inLanguage":"sv-SE","@id":"https:\/\/www.kompetensforetagen.se\/#\/schema\/logo\/image\/","url":"https:\/\/www.kompetensforetagen.se\/app\/uploads\/sites\/5\/2022\/10\/logga_svart.png","contentUrl":"https:\/\/www.kompetensforetagen.se\/app\/uploads\/sites\/5\/2022\/10\/logga_svart.png","width":752,"height":64,"caption":"Kompetensf\u00f6retagen"},"image":{"@id":"https:\/\/www.kompetensforetagen.se\/#\/schema\/logo\/image\/"},"sameAs":["https:\/\/www.linkedin.com\/company\/10540032\/"]},{"@type":"Person","@id":"https:\/\/www.kompetensforetagen.se\/#\/schema\/person\/fa00a1f7a689e0660b3dfa1f54b65fae","name":"Jessica Forss Katz","image":{"@type":"ImageObject","inLanguage":"sv-SE","@id":"https:\/\/www.kompetensforetagen.se\/#\/schema\/person\/image\/","url":"https:\/\/secure.gravatar.com\/avatar\/f5dcf5c85c3de43794e59124a98d2afc41f3d6f58098aa67208c362bff41bd61?s=96&d=mm&r=g","contentUrl":"https:\/\/secure.gravatar.com\/avatar\/f5dcf5c85c3de43794e59124a98d2afc41f3d6f58098aa67208c362bff41bd61?s=96&d=mm&r=g","caption":"Jessica Forss Katz"},"url":"https:\/\/www.kompetensforetagen.se\/person\/jessicaforsskatz\/"}]}},"_links":{"self":[{"href":"https:\/\/www.kompetensforetagen.se\/api\/wp\/v2\/posts\/19380","targetHints":{"allow":["GET"]}}],"collection":[{"href":"https:\/\/www.kompetensforetagen.se\/api\/wp\/v2\/posts"}],"about":[{"href":"https:\/\/www.kompetensforetagen.se\/api\/wp\/v2\/types\/post"}],"author":[{"embeddable":true,"href":"https:\/\/www.kompetensforetagen.se\/api\/wp\/v2\/users\/13186"}],"replies":[{"embeddable":true,"href":"https:\/\/www.kompetensforetagen.se\/api\/wp\/v2\/comments?post=19380"}],"version-history":[{"count":12,"href":"https:\/\/www.kompetensforetagen.se\/api\/wp\/v2\/posts\/19380\/revisions"}],"predecessor-version":[{"id":19399,"href":"https:\/\/www.kompetensforetagen.se\/api\/wp\/v2\/posts\/19380\/revisions\/19399"}],"wp:featuredmedia":[{"embeddable":true,"href":"https:\/\/www.kompetensforetagen.se\/api\/wp\/v2\/media\/19396"}],"wp:attachment":[{"href":"https:\/\/www.kompetensforetagen.se\/api\/wp\/v2\/media?parent=19380"}],"wp:term":[{"taxonomy":"category","embeddable":true,"href":"https:\/\/www.kompetensforetagen.se\/api\/wp\/v2\/categories?post=19380"},{"taxonomy":"post_tag","embeddable":true,"href":"https:\/\/www.kompetensforetagen.se\/api\/wp\/v2\/tags?post=19380"},{"taxonomy":"type","embeddable":true,"href":"https:\/\/www.kompetensforetagen.se\/api\/wp\/v2\/article_type?post=19380"},{"taxonomy":"agreement","embeddable":true,"href":"https:\/\/www.kompetensforetagen.se\/api\/wp\/v2\/agreement?post=19380"},{"taxonomy":"for-members","embeddable":true,"href":"https:\/\/www.kompetensforetagen.se\/api\/wp\/v2\/for-members?post=19380"}],"curies":[{"name":"wp","href":"https:\/\/api.w.org\/{rel}","templated":true}]}}