{"id":19286,"date":"2025-01-27T09:29:21","date_gmt":"2025-01-27T08:29:21","guid":{"rendered":"https:\/\/www.kompetensforetagen.se\/?p=19286"},"modified":"2025-12-15T11:00:17","modified_gmt":"2025-12-15T10:00:17","slug":"ingen-varselavgift-for-bemanningsforetag","status":"publish","type":"post","link":"https:\/\/www.kompetensforetagen.se\/2025\/01\/ingen-varselavgift-for-bemanningsforetag\/","title":{"rendered":"Ingen varselavgift f\u00f6r bemannings&shy;f\u00f6retag"},"content":{"rendered":"<p class=\"intro\">Viktig seger f\u00f6r Kompetensf\u00f6retagen och Almega i hovr\u00e4tten om fr\u00e4mjandelagen.<br \/>\n\u2013 Domen bekr\u00e4ftar att bemanningsf\u00f6retag inte ska behandlas str\u00e4ngare \u00e4n andra n\u00e4r det g\u00e4ller tidsfrister f\u00f6r varsel till Arbetsf\u00f6rmedlingen, s\u00e4ger Mia Fransson, f\u00f6rbundsjurist p\u00e5 Kompetensf\u00f6retagen.<\/p>\n\n<p>Fr\u00e4mjandelagen kr\u00e4ver att arbetsgivare varslar Arbetsf\u00f6rmedlingen om kommande driftsinskr\u00e4nkningar. Det aktuella m\u00e5let har handlat om ifall bemanningsf\u00f6retag kan \u00e5beropa en f\u00f6rkortad tidsfrist om en m\u00e5nad vid varsel till Arbetsf\u00f6rmedlingen n\u00e4r de tappat ett uppdrag fr\u00e5n kund. Almega f\u00f6retr\u00e4dde f\u00f6retaget i hovr\u00e4tten.<\/p>\n\n\n\n<p>Hovr\u00e4tten konstaterar i domen att situationen n\u00e4r ett bemanningsf\u00f6retag f\u00e5r en pl\u00f6tsliga avbokning fr\u00e5n kund utg\u00f6r en s\u00e5dan of\u00f6ruts\u00e4gbar situation utom bemanningsf\u00f6retagets kontroll som avses i 4 \u00a7 Fr\u00e4mjandelagen, en s\u00e5 kallad force majeure-situation. I ett s\u00e5dant l\u00e4ge kan bemanningsf\u00f6retaget enligt Hovr\u00e4ttens klarg\u00f6rande till\u00e4mpa den minsta tidsfristen om en m\u00e5nad vid varsel till arbetsf\u00f6rmedlingen, i enlighet med samma paragraf i lagen.<\/p>\n\n\n\n<p>Domen \u00e4r ett viktigt f\u00f6r hela branschen. Den klarg\u00f6r att varselskyldigheten uppst\u00e5r n\u00e4r arbetsbristen blir k\u00e4nd genom att kunden s\u00e4ger upp uppdraget, inte vid n\u00e5gon annan tidigare tidpunkt.<\/p>\n\n\n\n<p>Domen visar \u00e4ven att undantagen i fr\u00e4mjandelagen faktiskt g\u00e4ller i of\u00f6rutsedda situationer, vilket ger f\u00f6retag st\u00f6rre r\u00e4ttss\u00e4kerhet n\u00e4r det ov\u00e4ntade intr\u00e4ffar.<\/p>\n\n\n\n<p>Det \u00e4r den f\u00f6rsta domen i h\u00f6gre instans, tidigare har Almega vunnit ett antal m\u00e5l i tingsr\u00e4tt f\u00f6r bemanningsf\u00f6retags r\u00e4kning.<\/p>\n\n\n\n      <a href=\"https:\/\/www.kompetensforetagen.se\/app\/uploads\/sites\/5\/2025\/01\/Svea-HR-T-4060-24-Dom-2025-01-24.pdf\" target=\"_blank\" class=\"Button is-button is-fullwidth is-style-fill has-black-background-color has-black-border-color has-white-color Button--arrow-tip\">\n      \n        H\u00e4r hittar du domen\n      \n      \n                \n                <svg class='icon icon--arrow-tip'  width=\"11\" height=\"16\" viewBox=\"0 0 11 16\" fill=\"none\" xmlns=\"http:\/\/www.w3.org\/2000\/svg\">\n<path d=\"M0.858398 15L9.2304 7.99664L0.967732 1.00001\" stroke=\"black\" stroke-width=\"2\" stroke-miterlimit=\"10\"\/>\n<\/svg>\n\n        \n    <\/a>\n  \n","protected":false},"excerpt":{"rendered":"<p>Fr\u00e4mjandelagen kr\u00e4ver att arbetsgivare varslar Arbetsf\u00f6rmedlingen om kommande driftsinskr\u00e4nkningar. Det aktuella m\u00e5let har handlat om ifall bemanningsf\u00f6retag kan \u00e5beropa en f\u00f6rkortad tidsfrist om en m\u00e5nad vid varsel till Arbetsf\u00f6rmedlingen n\u00e4r de tappat ett uppdrag fr\u00e5n &hellip;<\/p>\n","protected":false},"author":222,"featured_media":18611,"comment_status":"closed","ping_status":"closed","sticky":false,"template":"","format":"standard","meta":{"_acf_changed":false,"footnotes":""},"categories":[7],"tags":[],"article_type":[],"agreement":[],"for-members":[],"class_list":["post-19286","post","type-post","status-publish","format-standard","has-post-thumbnail","hentry","category-inhyrning"],"acf":[],"yoast_head":"<!-- This site is optimized with the Yoast SEO Premium plugin v26.8 (Yoast SEO v26.8) - https:\/\/yoast.com\/product\/yoast-seo-premium-wordpress\/ -->\n<title>Ingen varselavgift f\u00f6r bemanningsf\u00f6retag - Kompetensf\u00f6retagen<\/title>\n<meta name=\"description\" content=\"Ingen varselavgift f\u00f6r bemanningsf\u00f6retag. L\u00e4s om det viktiga beskedet och vad det inneb\u00e4r f\u00f6r branschens hantering av omst\u00e4llning.\" \/>\n<meta name=\"robots\" content=\"index, follow, max-snippet:-1, max-image-preview:large, max-video-preview:-1\" \/>\n<link rel=\"canonical\" href=\"https:\/\/www.kompetensforetagen.se\/2025\/01\/ingen-varselavgift-for-bemanningsforetag\/\" \/>\n<meta property=\"og:locale\" content=\"sv_SE\" \/>\n<meta property=\"og:type\" content=\"article\" \/>\n<meta property=\"og:title\" content=\"Ingen varselavgift f\u00f6r bemanningsf\u00f6retag\" \/>\n<meta property=\"og:description\" content=\"Ingen varselavgift f\u00f6r bemanningsf\u00f6retag. L\u00e4s om det viktiga beskedet och vad det inneb\u00e4r f\u00f6r branschens hantering av omst\u00e4llning.\" \/>\n<meta property=\"og:url\" content=\"https:\/\/www.kompetensforetagen.se\/2025\/01\/ingen-varselavgift-for-bemanningsforetag\/\" \/>\n<meta property=\"og:site_name\" content=\"Kompetensf\u00f6retagen\" \/>\n<meta property=\"article:published_time\" content=\"2025-01-27T08:29:21+00:00\" \/>\n<meta property=\"article:modified_time\" content=\"2025-12-15T10:00:17+00:00\" \/>\n<meta property=\"og:image\" content=\"https:\/\/www.kompetensforetagen.se\/app\/uploads\/sites\/5\/2024\/10\/Medlemscase-hemsida-9.png\" \/>\n\t<meta property=\"og:image:width\" content=\"1900\" \/>\n\t<meta property=\"og:image:height\" content=\"1000\" \/>\n\t<meta property=\"og:image:type\" content=\"image\/png\" \/>\n<meta name=\"author\" content=\"Fredric Sk\u00e4lstad\" \/>\n<meta name=\"twitter:card\" content=\"summary_large_image\" \/>\n<meta name=\"twitter:label1\" content=\"Skriven av\" \/>\n\t<meta name=\"twitter:data1\" content=\"Fredric Sk\u00e4lstad\" \/>\n\t<meta name=\"twitter:label2\" content=\"Ber\u00e4knad l\u00e4stid\" \/>\n\t<meta name=\"twitter:data2\" content=\"2 minuter\" \/>\n<!-- \/ Yoast SEO Premium plugin. -->","yoast_head_json":{"title":"Ingen varselavgift f\u00f6r bemanningsf\u00f6retag - Kompetensf\u00f6retagen","description":"Ingen varselavgift f\u00f6r bemanningsf\u00f6retag. L\u00e4s om det viktiga beskedet och vad det inneb\u00e4r f\u00f6r branschens hantering av omst\u00e4llning.","robots":{"index":"index","follow":"follow","max-snippet":"max-snippet:-1","max-image-preview":"max-image-preview:large","max-video-preview":"max-video-preview:-1"},"canonical":"https:\/\/www.kompetensforetagen.se\/2025\/01\/ingen-varselavgift-for-bemanningsforetag\/","og_locale":"sv_SE","og_type":"article","og_title":"Ingen varselavgift f\u00f6r bemanningsf\u00f6retag","og_description":"Ingen varselavgift f\u00f6r bemanningsf\u00f6retag. L\u00e4s om det viktiga beskedet och vad det inneb\u00e4r f\u00f6r branschens hantering av omst\u00e4llning.","og_url":"https:\/\/www.kompetensforetagen.se\/2025\/01\/ingen-varselavgift-for-bemanningsforetag\/","og_site_name":"Kompetensf\u00f6retagen","article_published_time":"2025-01-27T08:29:21+00:00","article_modified_time":"2025-12-15T10:00:17+00:00","og_image":[{"width":1900,"height":1000,"url":"https:\/\/www.kompetensforetagen.se\/app\/uploads\/sites\/5\/2024\/10\/Medlemscase-hemsida-9.png","type":"image\/png"}],"author":"Fredric Sk\u00e4lstad","twitter_card":"summary_large_image","twitter_misc":{"Skriven av":"Fredric Sk\u00e4lstad","Ber\u00e4knad l\u00e4stid":"2 minuter"},"schema":{"@context":"https:\/\/schema.org","@graph":[{"@type":"Article","@id":"https:\/\/www.kompetensforetagen.se\/2025\/01\/ingen-varselavgift-for-bemanningsforetag\/#article","isPartOf":{"@id":"https:\/\/www.kompetensforetagen.se\/2025\/01\/ingen-varselavgift-for-bemanningsforetag\/"},"author":{"name":"Fredric Sk\u00e4lstad","@id":"https:\/\/www.kompetensforetagen.se\/#\/schema\/person\/72cd48bb411dea15e40f11d726e9eeeb"},"headline":"Ingen varselavgift f\u00f6r bemannings&shy;f\u00f6retag","datePublished":"2025-01-27T08:29:21+00:00","dateModified":"2025-12-15T10:00:17+00:00","mainEntityOfPage":{"@id":"https:\/\/www.kompetensforetagen.se\/2025\/01\/ingen-varselavgift-for-bemanningsforetag\/"},"wordCount":234,"publisher":{"@id":"https:\/\/www.kompetensforetagen.se\/#organization"},"image":{"@id":"https:\/\/www.kompetensforetagen.se\/2025\/01\/ingen-varselavgift-for-bemanningsforetag\/#primaryimage"},"thumbnailUrl":"https:\/\/www.kompetensforetagen.se\/app\/uploads\/sites\/5\/2024\/10\/Medlemscase-hemsida-9.png","articleSection":["Inhyrning"],"inLanguage":"sv-SE"},{"@type":"WebPage","@id":"https:\/\/www.kompetensforetagen.se\/2025\/01\/ingen-varselavgift-for-bemanningsforetag\/","url":"https:\/\/www.kompetensforetagen.se\/2025\/01\/ingen-varselavgift-for-bemanningsforetag\/","name":"Ingen varselavgift f\u00f6r bemanningsf\u00f6retag - Kompetensf\u00f6retagen","isPartOf":{"@id":"https:\/\/www.kompetensforetagen.se\/#website"},"primaryImageOfPage":{"@id":"https:\/\/www.kompetensforetagen.se\/2025\/01\/ingen-varselavgift-for-bemanningsforetag\/#primaryimage"},"image":{"@id":"https:\/\/www.kompetensforetagen.se\/2025\/01\/ingen-varselavgift-for-bemanningsforetag\/#primaryimage"},"thumbnailUrl":"https:\/\/www.kompetensforetagen.se\/app\/uploads\/sites\/5\/2024\/10\/Medlemscase-hemsida-9.png","datePublished":"2025-01-27T08:29:21+00:00","dateModified":"2025-12-15T10:00:17+00:00","description":"Ingen varselavgift f\u00f6r bemanningsf\u00f6retag. L\u00e4s om det viktiga beskedet och vad det inneb\u00e4r f\u00f6r branschens hantering av omst\u00e4llning.","breadcrumb":{"@id":"https:\/\/www.kompetensforetagen.se\/2025\/01\/ingen-varselavgift-for-bemanningsforetag\/#breadcrumb"},"inLanguage":"sv-SE","potentialAction":[{"@type":"ReadAction","target":["https:\/\/www.kompetensforetagen.se\/2025\/01\/ingen-varselavgift-for-bemanningsforetag\/"]}]},{"@type":"ImageObject","inLanguage":"sv-SE","@id":"https:\/\/www.kompetensforetagen.se\/2025\/01\/ingen-varselavgift-for-bemanningsforetag\/#primaryimage","url":"https:\/\/www.kompetensforetagen.se\/app\/uploads\/sites\/5\/2024\/10\/Medlemscase-hemsida-9.png","contentUrl":"https:\/\/www.kompetensforetagen.se\/app\/uploads\/sites\/5\/2024\/10\/Medlemscase-hemsida-9.png","width":1900,"height":1000,"caption":"Mia Fransson kommenterar ny dom i EU-domstolen om uthyrningslagen"},{"@type":"BreadcrumbList","@id":"https:\/\/www.kompetensforetagen.se\/2025\/01\/ingen-varselavgift-for-bemanningsforetag\/#breadcrumb","itemListElement":[{"@type":"ListItem","position":1,"name":"Home","item":"https:\/\/www.kompetensforetagen.se\/"},{"@type":"ListItem","position":2,"name":"Ingen varselavgift f\u00f6r bemannings&shy;f\u00f6retag"}]},{"@type":"WebSite","@id":"https:\/\/www.kompetensforetagen.se\/#website","url":"https:\/\/www.kompetensforetagen.se\/","name":"Kompetensf\u00f6retagen","description":"R\u00e4tt person p\u00e5 r\u00e4tt plats kan f\u00f6r\u00e4ndra v\u00e4rlden","publisher":{"@id":"https:\/\/www.kompetensforetagen.se\/#organization"},"potentialAction":[{"@type":"SearchAction","target":{"@type":"EntryPoint","urlTemplate":"https:\/\/www.kompetensforetagen.se\/?s={search_term_string}"},"query-input":{"@type":"PropertyValueSpecification","valueRequired":true,"valueName":"search_term_string"}}],"inLanguage":"sv-SE"},{"@type":"Organization","@id":"https:\/\/www.kompetensforetagen.se\/#organization","name":"Kompetensf\u00f6retagen","url":"https:\/\/www.kompetensforetagen.se\/","logo":{"@type":"ImageObject","inLanguage":"sv-SE","@id":"https:\/\/www.kompetensforetagen.se\/#\/schema\/logo\/image\/","url":"https:\/\/www.kompetensforetagen.se\/app\/uploads\/sites\/5\/2022\/10\/logga_svart.png","contentUrl":"https:\/\/www.kompetensforetagen.se\/app\/uploads\/sites\/5\/2022\/10\/logga_svart.png","width":752,"height":64,"caption":"Kompetensf\u00f6retagen"},"image":{"@id":"https:\/\/www.kompetensforetagen.se\/#\/schema\/logo\/image\/"},"sameAs":["https:\/\/www.linkedin.com\/company\/10540032\/"]},{"@type":"Person","@id":"https:\/\/www.kompetensforetagen.se\/#\/schema\/person\/72cd48bb411dea15e40f11d726e9eeeb","name":"Fredric Sk\u00e4lstad","image":{"@type":"ImageObject","inLanguage":"sv-SE","@id":"https:\/\/www.kompetensforetagen.se\/#\/schema\/person\/image\/","url":"https:\/\/secure.gravatar.com\/avatar\/64f20bf3ac13c78aedd6054f495d1a00b38234d6bf532fa3b1cb3ff0bcc24f8d?s=96&d=mm&r=g","contentUrl":"https:\/\/secure.gravatar.com\/avatar\/64f20bf3ac13c78aedd6054f495d1a00b38234d6bf532fa3b1cb3ff0bcc24f8d?s=96&d=mm&r=g","caption":"Fredric Sk\u00e4lstad"},"description":"Fredric \u00e4r n\u00e4ringspolitisk chef p\u00e5 Kompetensf\u00f6retagen.","url":"https:\/\/www.kompetensforetagen.se\/person\/fredricskalstad\/"}]}},"_links":{"self":[{"href":"https:\/\/www.kompetensforetagen.se\/api\/wp\/v2\/posts\/19286","targetHints":{"allow":["GET"]}}],"collection":[{"href":"https:\/\/www.kompetensforetagen.se\/api\/wp\/v2\/posts"}],"about":[{"href":"https:\/\/www.kompetensforetagen.se\/api\/wp\/v2\/types\/post"}],"author":[{"embeddable":true,"href":"https:\/\/www.kompetensforetagen.se\/api\/wp\/v2\/users\/222"}],"replies":[{"embeddable":true,"href":"https:\/\/www.kompetensforetagen.se\/api\/wp\/v2\/comments?post=19286"}],"version-history":[{"count":2,"href":"https:\/\/www.kompetensforetagen.se\/api\/wp\/v2\/posts\/19286\/revisions"}],"predecessor-version":[{"id":19289,"href":"https:\/\/www.kompetensforetagen.se\/api\/wp\/v2\/posts\/19286\/revisions\/19289"}],"wp:featuredmedia":[{"embeddable":true,"href":"https:\/\/www.kompetensforetagen.se\/api\/wp\/v2\/media\/18611"}],"wp:attachment":[{"href":"https:\/\/www.kompetensforetagen.se\/api\/wp\/v2\/media?parent=19286"}],"wp:term":[{"taxonomy":"category","embeddable":true,"href":"https:\/\/www.kompetensforetagen.se\/api\/wp\/v2\/categories?post=19286"},{"taxonomy":"post_tag","embeddable":true,"href":"https:\/\/www.kompetensforetagen.se\/api\/wp\/v2\/tags?post=19286"},{"taxonomy":"type","embeddable":true,"href":"https:\/\/www.kompetensforetagen.se\/api\/wp\/v2\/article_type?post=19286"},{"taxonomy":"agreement","embeddable":true,"href":"https:\/\/www.kompetensforetagen.se\/api\/wp\/v2\/agreement?post=19286"},{"taxonomy":"for-members","embeddable":true,"href":"https:\/\/www.kompetensforetagen.se\/api\/wp\/v2\/for-members?post=19286"}],"curies":[{"name":"wp","href":"https:\/\/api.w.org\/{rel}","templated":true}]}}