{"id":19255,"date":"2025-01-22T13:49:42","date_gmt":"2025-01-22T12:49:42","guid":{"rendered":"https:\/\/www.kompetensforetagen.se\/?p=19255"},"modified":"2025-12-12T11:35:26","modified_gmt":"2025-12-12T10:35:26","slug":"sa-hittar-du-ratt-rekryterings-eller-bemanningsforetag","status":"publish","type":"post","link":"https:\/\/www.kompetensforetagen.se\/2025\/01\/sa-hittar-du-ratt-rekryterings-eller-bemanningsforetag\/","title":{"rendered":"S\u00e5 hittar du r\u00e4tt rekryterings- eller bemannings&shy;f\u00f6retag"},"content":{"rendered":"<p class=\"intro\">Ska du rekrytera nya medarbetare? Eller funderar du p\u00e5 att hyra in personal? D\u00e5 ska du anv\u00e4nda dig av ett auktoriserat f\u00f6retag.<\/p>\n\n<p>F\u00f6r 30 \u00e5r sedan best\u00e4mde sig Sveriges bemannings- och rekryteringsf\u00f6retag f\u00f6r en branschstandard f\u00f6r kvalitet, seriositet och ekonomisk soliditet. Det \u00e4r grunden f\u00f6r Kompetensf\u00f6retagens auktorisationer.<br>\u2013 Som kund ska du kunna lita p\u00e5 ett auktoriserat bemannings- eller rekryteringsf\u00f6retag, s\u00e4ger Patrik Eidfelt, f\u00f6rbundsdirekt\u00f6r f\u00f6r Kompetensf\u00f6retagen.<\/p>\n\n\n\n<p><strong>F\u00f6rs\u00e4kringar, kollektivavtal och ordnad ekonomi<\/strong><\/p>\n\n\n\n<p>Branschorganisationen Kompetensf\u00f6retagen kontrollerar l\u00f6pande de auktoriserade f\u00f6retagen. De m\u00e5ste bland annat ha:<\/p>\n\n\n\n<ul class=\"wp-block-list\">\n<li>ordnad ekonomi<\/li>\n\n\n\n<li>ansvarsf\u00f6rs\u00e4kring<\/li>\n\n\n\n<li>kollektivavtal genom Kompetensf\u00f6retagen<\/li>\n\n\n\n<li>genomg\u00e5tt Kompetensf\u00f6retagens auktorisationsutbildning<\/li>\n\n\n\n<li>genomg\u00e5tt Kompetensf\u00f6retagens \u00e5rliga granskning<\/li>\n\n\n\n<li>revisor<\/li>\n<\/ul>\n\n\n\n<p>F\u00f6retagen m\u00e5ste \u00e5rligen ans\u00f6ka om f\u00f6rnyad auktorisation. Beslutet fattas av den partsgemensamma auktorisationsn\u00e4mnden.<br>\u2013 I Kompetensf\u00f6retagens auktorisationsn\u00e4mnd n\u00e4mnd sitter b\u00e5de medlemsf\u00f6retag och representanter f\u00f6r de stora fackliga organisationerna. Det garanterar en noggrann och opartisk granskning. Dessutom leds den av en frist\u00e5ende ordf\u00f6rande. Sedan ett par \u00e5r tillbaka \u00e4r det G\u00f6ran H\u00e4gglund, s\u00e4ger Patrik Eidfelt.<\/p>\n\n\n\n<p><strong>Ett aff\u00e4rsm\u00e4ssigt beslut fr\u00e5n bemannings- och rekryteringsf\u00f6retaget<\/strong><\/p>\n\n\n\n<p>Branschorganisationen Kompetensf\u00f6retagen har ingen egen vinning av att medlemsf\u00f6retagen genomg\u00e5r auktorisationen. Varje \u00e5r fr\u00e5ntas ett stort antal f\u00f6retag sin auktorisation f\u00f6r att de inte uppfyller villkoren.<br>\u2013 Auktorisationen ing\u00e5r i medlemsavgiften f\u00f6r medlemsf\u00f6retagen. Vi tror att de flesta ser det som ett aff\u00e4rsm\u00e4ssigt beslut att bli auktoriserat eftersom f\u00f6retaget blir attraktivt f\u00f6r kunderna, s\u00e4ger Patrik Eidfelt, f\u00f6rbundsdirekt\u00f6r f\u00f6r Kompetensf\u00f6retagen.<\/p>\n\n\n\n      <a href=\"https:\/\/www.kompetensforetagen.se\/hitta-ett-auktoriserat-foretag\/\" target=\"_blank\" class=\"Button is-button is-fullwidth is-style-fill has-black-background-color has-black-border-color has-white-color Button--arrow-tip\">\n      \n        H\u00e4r hittar du auktoriserade bemannings-, rekryterings- och omst\u00e4llningsf\u00f6retag\n      \n      \n                \n                <svg class='icon icon--arrow-tip'  width=\"11\" height=\"16\" viewBox=\"0 0 11 16\" fill=\"none\" xmlns=\"http:\/\/www.w3.org\/2000\/svg\">\n<path d=\"M0.858398 15L9.2304 7.99664L0.967732 1.00001\" stroke=\"black\" stroke-width=\"2\" stroke-miterlimit=\"10\"\/>\n<\/svg>\n\n        \n    <\/a>\n  \n","protected":false},"excerpt":{"rendered":"<p>F\u00f6r 30 \u00e5r sedan best\u00e4mde sig Sveriges bemannings- och rekryteringsf\u00f6retag f\u00f6r en branschstandard f\u00f6r kvalitet, seriositet och ekonomisk soliditet. Det \u00e4r grunden f\u00f6r Kompetensf\u00f6retagens auktorisationer.\u2013 Som kund ska du kunna lita p\u00e5 ett auktoriserat bemannings- &hellip;<\/p>\n","protected":false},"author":222,"featured_media":19277,"comment_status":"closed","ping_status":"closed","sticky":false,"template":"","format":"standard","meta":{"_acf_changed":false,"footnotes":""},"categories":[17],"tags":[],"article_type":[],"agreement":[],"for-members":[],"class_list":["post-19255","post","type-post","status-publish","format-standard","has-post-thumbnail","hentry","category-auktorisation"],"acf":[],"yoast_head":"<!-- This site is optimized with the Yoast SEO Premium plugin v26.8 (Yoast SEO v26.8) - https:\/\/yoast.com\/product\/yoast-seo-premium-wordpress\/ -->\n<title>S\u00e5 hittar du r\u00e4tt rekryterings- eller bemanningsf\u00f6retag - Kompetensf\u00f6retagen<\/title>\n<meta name=\"description\" content=\"S\u00e5 hittar du r\u00e4tt rekryterings- eller bemanningsf\u00f6retag. En guide med tips f\u00f6r dig som ska upphandla kompetens och vill s\u00e4kra kvaliteten.\" \/>\n<meta name=\"robots\" content=\"index, follow, max-snippet:-1, max-image-preview:large, max-video-preview:-1\" \/>\n<link rel=\"canonical\" href=\"https:\/\/www.kompetensforetagen.se\/2025\/01\/sa-hittar-du-ratt-rekryterings-eller-bemanningsforetag\/\" \/>\n<meta property=\"og:locale\" content=\"sv_SE\" \/>\n<meta property=\"og:type\" content=\"article\" \/>\n<meta property=\"og:title\" content=\"S\u00e5 hittar du r\u00e4tt rekryterings- eller bemanningsf\u00f6retag\" \/>\n<meta property=\"og:description\" content=\"S\u00e5 hittar du r\u00e4tt rekryterings- eller bemanningsf\u00f6retag. En guide med tips f\u00f6r dig som ska upphandla kompetens och vill s\u00e4kra kvaliteten.\" \/>\n<meta property=\"og:url\" content=\"https:\/\/www.kompetensforetagen.se\/2025\/01\/sa-hittar-du-ratt-rekryterings-eller-bemanningsforetag\/\" \/>\n<meta property=\"og:site_name\" content=\"Kompetensf\u00f6retagen\" \/>\n<meta property=\"article:published_time\" content=\"2025-01-22T12:49:42+00:00\" \/>\n<meta property=\"article:modified_time\" content=\"2025-12-12T10:35:26+00:00\" \/>\n<meta property=\"og:image\" content=\"https:\/\/www.kompetensforetagen.se\/app\/uploads\/sites\/5\/2025\/01\/5.png\" \/>\n\t<meta property=\"og:image:width\" content=\"1200\" \/>\n\t<meta property=\"og:image:height\" content=\"627\" \/>\n\t<meta property=\"og:image:type\" content=\"image\/png\" \/>\n<meta name=\"author\" content=\"Fredric Sk\u00e4lstad\" \/>\n<meta name=\"twitter:card\" content=\"summary_large_image\" \/>\n<meta name=\"twitter:label1\" content=\"Skriven av\" \/>\n\t<meta name=\"twitter:data1\" content=\"Fredric Sk\u00e4lstad\" \/>\n\t<meta name=\"twitter:label2\" content=\"Ber\u00e4knad l\u00e4stid\" \/>\n\t<meta name=\"twitter:data2\" content=\"2 minuter\" \/>\n<!-- \/ Yoast SEO Premium plugin. -->","yoast_head_json":{"title":"S\u00e5 hittar du r\u00e4tt rekryterings- eller bemanningsf\u00f6retag - Kompetensf\u00f6retagen","description":"S\u00e5 hittar du r\u00e4tt rekryterings- eller bemanningsf\u00f6retag. En guide med tips f\u00f6r dig som ska upphandla kompetens och vill s\u00e4kra kvaliteten.","robots":{"index":"index","follow":"follow","max-snippet":"max-snippet:-1","max-image-preview":"max-image-preview:large","max-video-preview":"max-video-preview:-1"},"canonical":"https:\/\/www.kompetensforetagen.se\/2025\/01\/sa-hittar-du-ratt-rekryterings-eller-bemanningsforetag\/","og_locale":"sv_SE","og_type":"article","og_title":"S\u00e5 hittar du r\u00e4tt rekryterings- eller bemanningsf\u00f6retag","og_description":"S\u00e5 hittar du r\u00e4tt rekryterings- eller bemanningsf\u00f6retag. En guide med tips f\u00f6r dig som ska upphandla kompetens och vill s\u00e4kra kvaliteten.","og_url":"https:\/\/www.kompetensforetagen.se\/2025\/01\/sa-hittar-du-ratt-rekryterings-eller-bemanningsforetag\/","og_site_name":"Kompetensf\u00f6retagen","article_published_time":"2025-01-22T12:49:42+00:00","article_modified_time":"2025-12-12T10:35:26+00:00","og_image":[{"width":1200,"height":627,"url":"https:\/\/www.kompetensforetagen.se\/app\/uploads\/sites\/5\/2025\/01\/5.png","type":"image\/png"}],"author":"Fredric Sk\u00e4lstad","twitter_card":"summary_large_image","twitter_misc":{"Skriven av":"Fredric Sk\u00e4lstad","Ber\u00e4knad l\u00e4stid":"2 minuter"},"schema":{"@context":"https:\/\/schema.org","@graph":[{"@type":"Article","@id":"https:\/\/www.kompetensforetagen.se\/2025\/01\/sa-hittar-du-ratt-rekryterings-eller-bemanningsforetag\/#article","isPartOf":{"@id":"https:\/\/www.kompetensforetagen.se\/2025\/01\/sa-hittar-du-ratt-rekryterings-eller-bemanningsforetag\/"},"author":{"name":"Fredric Sk\u00e4lstad","@id":"https:\/\/www.kompetensforetagen.se\/#\/schema\/person\/72cd48bb411dea15e40f11d726e9eeeb"},"headline":"S\u00e5 hittar du r\u00e4tt rekryterings- eller bemannings&shy;f\u00f6retag","datePublished":"2025-01-22T12:49:42+00:00","dateModified":"2025-12-12T10:35:26+00:00","mainEntityOfPage":{"@id":"https:\/\/www.kompetensforetagen.se\/2025\/01\/sa-hittar-du-ratt-rekryterings-eller-bemanningsforetag\/"},"wordCount":264,"publisher":{"@id":"https:\/\/www.kompetensforetagen.se\/#organization"},"image":{"@id":"https:\/\/www.kompetensforetagen.se\/2025\/01\/sa-hittar-du-ratt-rekryterings-eller-bemanningsforetag\/#primaryimage"},"thumbnailUrl":"https:\/\/www.kompetensforetagen.se\/app\/uploads\/sites\/5\/2025\/01\/5.png","articleSection":["Auktorisation"],"inLanguage":"sv-SE"},{"@type":"WebPage","@id":"https:\/\/www.kompetensforetagen.se\/2025\/01\/sa-hittar-du-ratt-rekryterings-eller-bemanningsforetag\/","url":"https:\/\/www.kompetensforetagen.se\/2025\/01\/sa-hittar-du-ratt-rekryterings-eller-bemanningsforetag\/","name":"S\u00e5 hittar du r\u00e4tt rekryterings- eller bemanningsf\u00f6retag - Kompetensf\u00f6retagen","isPartOf":{"@id":"https:\/\/www.kompetensforetagen.se\/#website"},"primaryImageOfPage":{"@id":"https:\/\/www.kompetensforetagen.se\/2025\/01\/sa-hittar-du-ratt-rekryterings-eller-bemanningsforetag\/#primaryimage"},"image":{"@id":"https:\/\/www.kompetensforetagen.se\/2025\/01\/sa-hittar-du-ratt-rekryterings-eller-bemanningsforetag\/#primaryimage"},"thumbnailUrl":"https:\/\/www.kompetensforetagen.se\/app\/uploads\/sites\/5\/2025\/01\/5.png","datePublished":"2025-01-22T12:49:42+00:00","dateModified":"2025-12-12T10:35:26+00:00","description":"S\u00e5 hittar du r\u00e4tt rekryterings- eller bemanningsf\u00f6retag. En guide med tips f\u00f6r dig som ska upphandla kompetens och vill s\u00e4kra kvaliteten.","breadcrumb":{"@id":"https:\/\/www.kompetensforetagen.se\/2025\/01\/sa-hittar-du-ratt-rekryterings-eller-bemanningsforetag\/#breadcrumb"},"inLanguage":"sv-SE","potentialAction":[{"@type":"ReadAction","target":["https:\/\/www.kompetensforetagen.se\/2025\/01\/sa-hittar-du-ratt-rekryterings-eller-bemanningsforetag\/"]}]},{"@type":"ImageObject","inLanguage":"sv-SE","@id":"https:\/\/www.kompetensforetagen.se\/2025\/01\/sa-hittar-du-ratt-rekryterings-eller-bemanningsforetag\/#primaryimage","url":"https:\/\/www.kompetensforetagen.se\/app\/uploads\/sites\/5\/2025\/01\/5.png","contentUrl":"https:\/\/www.kompetensforetagen.se\/app\/uploads\/sites\/5\/2025\/01\/5.png","width":1200,"height":627,"caption":"F\u00f6retagsledare hittar auktoriserat rekryteringsf\u00f6retag"},{"@type":"BreadcrumbList","@id":"https:\/\/www.kompetensforetagen.se\/2025\/01\/sa-hittar-du-ratt-rekryterings-eller-bemanningsforetag\/#breadcrumb","itemListElement":[{"@type":"ListItem","position":1,"name":"Home","item":"https:\/\/www.kompetensforetagen.se\/"},{"@type":"ListItem","position":2,"name":"S\u00e5 hittar du r\u00e4tt rekryterings- eller bemannings&shy;f\u00f6retag"}]},{"@type":"WebSite","@id":"https:\/\/www.kompetensforetagen.se\/#website","url":"https:\/\/www.kompetensforetagen.se\/","name":"Kompetensf\u00f6retagen","description":"R\u00e4tt person p\u00e5 r\u00e4tt plats kan f\u00f6r\u00e4ndra v\u00e4rlden","publisher":{"@id":"https:\/\/www.kompetensforetagen.se\/#organization"},"potentialAction":[{"@type":"SearchAction","target":{"@type":"EntryPoint","urlTemplate":"https:\/\/www.kompetensforetagen.se\/?s={search_term_string}"},"query-input":{"@type":"PropertyValueSpecification","valueRequired":true,"valueName":"search_term_string"}}],"inLanguage":"sv-SE"},{"@type":"Organization","@id":"https:\/\/www.kompetensforetagen.se\/#organization","name":"Kompetensf\u00f6retagen","url":"https:\/\/www.kompetensforetagen.se\/","logo":{"@type":"ImageObject","inLanguage":"sv-SE","@id":"https:\/\/www.kompetensforetagen.se\/#\/schema\/logo\/image\/","url":"https:\/\/www.kompetensforetagen.se\/app\/uploads\/sites\/5\/2022\/10\/logga_svart.png","contentUrl":"https:\/\/www.kompetensforetagen.se\/app\/uploads\/sites\/5\/2022\/10\/logga_svart.png","width":752,"height":64,"caption":"Kompetensf\u00f6retagen"},"image":{"@id":"https:\/\/www.kompetensforetagen.se\/#\/schema\/logo\/image\/"},"sameAs":["https:\/\/www.linkedin.com\/company\/10540032\/"]},{"@type":"Person","@id":"https:\/\/www.kompetensforetagen.se\/#\/schema\/person\/72cd48bb411dea15e40f11d726e9eeeb","name":"Fredric Sk\u00e4lstad","image":{"@type":"ImageObject","inLanguage":"sv-SE","@id":"https:\/\/www.kompetensforetagen.se\/#\/schema\/person\/image\/","url":"https:\/\/secure.gravatar.com\/avatar\/64f20bf3ac13c78aedd6054f495d1a00b38234d6bf532fa3b1cb3ff0bcc24f8d?s=96&d=mm&r=g","contentUrl":"https:\/\/secure.gravatar.com\/avatar\/64f20bf3ac13c78aedd6054f495d1a00b38234d6bf532fa3b1cb3ff0bcc24f8d?s=96&d=mm&r=g","caption":"Fredric Sk\u00e4lstad"},"description":"Fredric \u00e4r n\u00e4ringspolitisk chef p\u00e5 Kompetensf\u00f6retagen.","url":"https:\/\/www.kompetensforetagen.se\/person\/fredricskalstad\/"}]}},"_links":{"self":[{"href":"https:\/\/www.kompetensforetagen.se\/api\/wp\/v2\/posts\/19255","targetHints":{"allow":["GET"]}}],"collection":[{"href":"https:\/\/www.kompetensforetagen.se\/api\/wp\/v2\/posts"}],"about":[{"href":"https:\/\/www.kompetensforetagen.se\/api\/wp\/v2\/types\/post"}],"author":[{"embeddable":true,"href":"https:\/\/www.kompetensforetagen.se\/api\/wp\/v2\/users\/222"}],"replies":[{"embeddable":true,"href":"https:\/\/www.kompetensforetagen.se\/api\/wp\/v2\/comments?post=19255"}],"version-history":[{"count":3,"href":"https:\/\/www.kompetensforetagen.se\/api\/wp\/v2\/posts\/19255\/revisions"}],"predecessor-version":[{"id":19280,"href":"https:\/\/www.kompetensforetagen.se\/api\/wp\/v2\/posts\/19255\/revisions\/19280"}],"wp:featuredmedia":[{"embeddable":true,"href":"https:\/\/www.kompetensforetagen.se\/api\/wp\/v2\/media\/19277"}],"wp:attachment":[{"href":"https:\/\/www.kompetensforetagen.se\/api\/wp\/v2\/media?parent=19255"}],"wp:term":[{"taxonomy":"category","embeddable":true,"href":"https:\/\/www.kompetensforetagen.se\/api\/wp\/v2\/categories?post=19255"},{"taxonomy":"post_tag","embeddable":true,"href":"https:\/\/www.kompetensforetagen.se\/api\/wp\/v2\/tags?post=19255"},{"taxonomy":"type","embeddable":true,"href":"https:\/\/www.kompetensforetagen.se\/api\/wp\/v2\/article_type?post=19255"},{"taxonomy":"agreement","embeddable":true,"href":"https:\/\/www.kompetensforetagen.se\/api\/wp\/v2\/agreement?post=19255"},{"taxonomy":"for-members","embeddable":true,"href":"https:\/\/www.kompetensforetagen.se\/api\/wp\/v2\/for-members?post=19255"}],"curies":[{"name":"wp","href":"https:\/\/api.w.org\/{rel}","templated":true}]}}