{"id":19251,"date":"2025-01-22T13:42:12","date_gmt":"2025-01-22T12:42:12","guid":{"rendered":"https:\/\/www.kompetensforetagen.se\/?p=19251"},"modified":"2025-01-27T10:03:32","modified_gmt":"2025-01-27T09:03:32","slug":"svenska-jobb-hotas-av-regelkrangel-sa-hanterar-du-24-manadersregeln","status":"publish","type":"post","link":"https:\/\/www.kompetensforetagen.se\/2025\/01\/svenska-jobb-hotas-av-regelkrangel-sa-hanterar-du-24-manadersregeln\/","title":{"rendered":"Svenska jobb hotas av regelkr\u00e5ngel \u2013 s\u00e5 hanterar du 24-m\u00e5nadersregeln"},"content":{"rendered":"<p class=\"intro\">En ny regel kr\u00e5nglar till det vid inhyrning av personal. Nu m\u00e5ste f\u00f6retagen erbjuda en anst\u00e4llning eller ers\u00e4ttning till en konsult efter tv\u00e5 \u00e5r. Vi har all information du beh\u00f6ver f\u00f6r att klara regeln.<\/p>\n\n<p>M\u00e5nga f\u00f6retagare \u00e4r os\u00e4kra p\u00e5 vad som g\u00e4ller vid bemanning. Orsaken \u00e4r den nya 24-m\u00e5nadersregeln i uthyrningslagen.<br>\u2013 Kortfattat inneb\u00e4r det en skyldighet f\u00f6r arbetsgivare att erbjuda tillsvidareanst\u00e4llning eller betala en ers\u00e4ttning till konsulter som varit inhyrda sammanlagt tv\u00e5 \u00e5r under en tre\u00e5rsperiod, s\u00e4ger <strong>Patrik Eidfelt<\/strong>, f\u00f6rbundsdirekt\u00f6r p\u00e5 Kompetensf\u00f6retagen.<\/p>\n\n\n\n<p>I det h\u00e4r sammanhanget betyder bemanning att en konsult \u00e4r anst\u00e4lld i syfte att hyras ut f\u00f6r arbete under kundf\u00f6retagets kontroll och ledning.<\/p>\n\n\n\n<h3 class=\"wp-block-heading\" id=\"h-skyldighet-att-erbjuda-tillsvidareanstallning-eller-ersattning\">Skyldighet att erbjuda tillsvidareanst\u00e4llning eller ers\u00e4ttning<\/h3>\n\n\n\n<p>Om du v\u00e4ljer att erbjuda en anst\u00e4llning ska erbjudandet vara sk\u00e4ligt. Det b\u00f6r exempelvis inneh\u00e5lla information om titel, l\u00e4n, syssels\u00e4ttningsgrad och semestervillkor.<br>\u2013 Men det \u00e4r ditt f\u00f6retags behov som styr utformningen av erbjudandet, inte hur uthyrningen har sett ut, s\u00e4ger Patrik Eidfelt.<\/p>\n\n\n\n<p>Anst\u00e4llningen p\u00e5b\u00f6rjas n\u00e4r kundf\u00f6retaget finner det l\u00e4mpligt, vilket kan flera m\u00e5nader m\u00e5nader fram i tiden. Konsulter som tackar nej till erbjudandet kan forts\u00e4tta att vara inhyrda under obegr\u00e4nsad tid hos kundf\u00f6retag.<\/p>\n\n\n\n<p>Om du i st\u00e4llet v\u00e4ljer att erbjuda ers\u00e4ttning handlar det om tv\u00e5 eller tre m\u00e5nadsl\u00f6ner. Dessa betraktas i skatteh\u00e4nseende som l\u00f6n och du som arbetsgivare m\u00e5ste d\u00e4rf\u00f6r betala arbetsgivaravgifter och dra prelimin\u00e4rskatt. D\u00e4refter kan uthyrningen fortg\u00e5 som tidigare p\u00e5 obegr\u00e4nsad tid.<\/p>\n\n\n\n<blockquote class=\"wp-block-quote is-layout-flow wp-block-quote-is-layout-flow\">\n<h3 class=\"wp-block-heading\" id=\"h-du-kan-alltid-avboka-eller-avbryta-inhyrningen\">Du kan alltid avboka eller avbryta inhyrningen<\/h3>\n<\/blockquote>\n\n\n\n<p>Som kund hos ett bemanningsf\u00f6retag kan du alltid be det att avsluta eller avboka en inhyrning. D\u00e5 avbryts placeringstiden f\u00f6r den aktuella konsulten.<br>\u2013 En unders\u00f6kning fr\u00e5n Demoskop visar att en stor del av kundf\u00f6retagen v\u00e4ljer att avbryta inhyrningen innan konsulten n\u00e5r 24-m\u00e5nadersgr\u00e4nsen, s\u00e4ger Patrik Eidfelt.<\/p>\n\n\n\n<h3 class=\"wp-block-heading\" id=\"h-slar-hart-mot-foretagens-flexibilitet\">Sl\u00e5r h\u00e5rt mot f\u00f6retagens flexibilitet<\/h3>\n\n\n\n<p>24-m\u00e5nadersregeln i uthyrningslagen inf\u00f6rdes som en del av LAS-reformen. Kompetensf\u00f6retagen var en av f\u00e5 arbetsgivarorganisationer som motsatte sig regelverket.<br>\u2013 Vi har full f\u00f6rst\u00e5else f\u00f6r behovet av f\u00f6r\u00e4ndringar av arbetsr\u00e4tten, men priset f\u00f6r bemanningsbranschen har varit h\u00f6gt, s\u00e4ger Patrik Eidfelt.<\/p>\n\n\n\n      <a href=\"https:\/\/www.kompetensforetagen.se\/24-manadersregeln\/\" target=\"\" class=\"Button is-button is-fullwidth is-style-fill has-black-background-color has-black-border-color has-white-color Button--arrow-tip\">\n      \n        H\u00e4r hittar du all information om 24-m\u00e5nadersregeln i uthyrningslagen\n      \n      \n                \n                <svg class='icon icon--arrow-tip'  width=\"11\" height=\"16\" viewBox=\"0 0 11 16\" fill=\"none\" xmlns=\"http:\/\/www.w3.org\/2000\/svg\">\n<path d=\"M0.858398 15L9.2304 7.99664L0.967732 1.00001\" stroke=\"black\" stroke-width=\"2\" stroke-miterlimit=\"10\"\/>\n<\/svg>\n\n        \n    <\/a>\n  \n","protected":false},"excerpt":{"rendered":"<p>M\u00e5nga f\u00f6retagare \u00e4r os\u00e4kra p\u00e5 vad som g\u00e4ller vid bemanning. Orsaken \u00e4r den nya 24-m\u00e5nadersregeln i uthyrningslagen.\u2013 Kortfattat inneb\u00e4r det en skyldighet f\u00f6r arbetsgivare att erbjuda tillsvidareanst\u00e4llning eller betala en ers\u00e4ttning till konsulter som varit &hellip;<\/p>\n","protected":false},"author":222,"featured_media":19276,"comment_status":"closed","ping_status":"closed","sticky":false,"template":"","format":"standard","meta":{"_acf_changed":false,"footnotes":""},"categories":[247],"tags":[],"article_type":[],"agreement":[],"for-members":[],"class_list":["post-19251","post","type-post","status-publish","format-standard","has-post-thumbnail","hentry","category-24-manadersregeln"],"acf":[],"yoast_head":"<!-- This site is optimized with the Yoast SEO Premium plugin v26.8 (Yoast SEO v26.8) - https:\/\/yoast.com\/product\/yoast-seo-premium-wordpress\/ -->\n<title>Svenska jobb hotas av regelkr\u00e5ngel \u2013 s\u00e5 hanterar du 24-m\u00e5nadersregeln - Kompetensf\u00f6retagen<\/title>\n<meta name=\"description\" content=\"F\u00f6retag m\u00e5ste erbjuda en anst\u00e4llning eller ers\u00e4ttning till en konsult efter tv\u00e5 \u00e5r. S\u00e5 hanterar du 24-m\u00e5nadersregeln.\" \/>\n<meta name=\"robots\" content=\"index, follow, max-snippet:-1, max-image-preview:large, max-video-preview:-1\" \/>\n<link rel=\"canonical\" href=\"https:\/\/www.kompetensforetagen.se\/2025\/01\/svenska-jobb-hotas-av-regelkrangel-sa-hanterar-du-24-manadersregeln\/\" \/>\n<meta property=\"og:locale\" content=\"sv_SE\" \/>\n<meta property=\"og:type\" content=\"article\" \/>\n<meta property=\"og:title\" content=\"Svenska jobb hotas av regelkr\u00e5ngel \u2013 s\u00e5 hanterar du 24-m\u00e5nadersregeln\" \/>\n<meta property=\"og:description\" content=\"F\u00f6retag m\u00e5ste erbjuda en anst\u00e4llning eller ers\u00e4ttning till en konsult efter tv\u00e5 \u00e5r. S\u00e5 hanterar du 24-m\u00e5nadersregeln.\" \/>\n<meta property=\"og:url\" content=\"https:\/\/www.kompetensforetagen.se\/2025\/01\/svenska-jobb-hotas-av-regelkrangel-sa-hanterar-du-24-manadersregeln\/\" \/>\n<meta property=\"og:site_name\" content=\"Kompetensf\u00f6retagen\" \/>\n<meta property=\"article:published_time\" content=\"2025-01-22T12:42:12+00:00\" \/>\n<meta property=\"article:modified_time\" content=\"2025-01-27T09:03:32+00:00\" \/>\n<meta property=\"og:image\" content=\"https:\/\/www.kompetensforetagen.se\/app\/uploads\/sites\/5\/2025\/01\/ima239005.jpg\" \/>\n\t<meta property=\"og:image:width\" content=\"2500\" \/>\n\t<meta property=\"og:image:height\" content=\"1668\" \/>\n\t<meta property=\"og:image:type\" content=\"image\/jpeg\" \/>\n<meta name=\"author\" content=\"Fredric Sk\u00e4lstad\" \/>\n<meta name=\"twitter:card\" content=\"summary_large_image\" \/>\n<meta name=\"twitter:label1\" content=\"Skriven av\" \/>\n\t<meta name=\"twitter:data1\" content=\"Fredric Sk\u00e4lstad\" \/>\n\t<meta name=\"twitter:label2\" content=\"Ber\u00e4knad l\u00e4stid\" \/>\n\t<meta name=\"twitter:data2\" content=\"2 minuter\" \/>\n<!-- \/ Yoast SEO Premium plugin. -->","yoast_head_json":{"title":"Svenska jobb hotas av regelkr\u00e5ngel \u2013 s\u00e5 hanterar du 24-m\u00e5nadersregeln - Kompetensf\u00f6retagen","description":"F\u00f6retag m\u00e5ste erbjuda en anst\u00e4llning eller ers\u00e4ttning till en konsult efter tv\u00e5 \u00e5r. S\u00e5 hanterar du 24-m\u00e5nadersregeln.","robots":{"index":"index","follow":"follow","max-snippet":"max-snippet:-1","max-image-preview":"max-image-preview:large","max-video-preview":"max-video-preview:-1"},"canonical":"https:\/\/www.kompetensforetagen.se\/2025\/01\/svenska-jobb-hotas-av-regelkrangel-sa-hanterar-du-24-manadersregeln\/","og_locale":"sv_SE","og_type":"article","og_title":"Svenska jobb hotas av regelkr\u00e5ngel \u2013 s\u00e5 hanterar du 24-m\u00e5nadersregeln","og_description":"F\u00f6retag m\u00e5ste erbjuda en anst\u00e4llning eller ers\u00e4ttning till en konsult efter tv\u00e5 \u00e5r. S\u00e5 hanterar du 24-m\u00e5nadersregeln.","og_url":"https:\/\/www.kompetensforetagen.se\/2025\/01\/svenska-jobb-hotas-av-regelkrangel-sa-hanterar-du-24-manadersregeln\/","og_site_name":"Kompetensf\u00f6retagen","article_published_time":"2025-01-22T12:42:12+00:00","article_modified_time":"2025-01-27T09:03:32+00:00","og_image":[{"width":2500,"height":1668,"url":"https:\/\/www.kompetensforetagen.se\/app\/uploads\/sites\/5\/2025\/01\/ima239005.jpg","type":"image\/jpeg"}],"author":"Fredric Sk\u00e4lstad","twitter_card":"summary_large_image","twitter_misc":{"Skriven av":"Fredric Sk\u00e4lstad","Ber\u00e4knad l\u00e4stid":"2 minuter"},"schema":{"@context":"https:\/\/schema.org","@graph":[{"@type":"Article","@id":"https:\/\/www.kompetensforetagen.se\/2025\/01\/svenska-jobb-hotas-av-regelkrangel-sa-hanterar-du-24-manadersregeln\/#article","isPartOf":{"@id":"https:\/\/www.kompetensforetagen.se\/2025\/01\/svenska-jobb-hotas-av-regelkrangel-sa-hanterar-du-24-manadersregeln\/"},"author":{"name":"Fredric Sk\u00e4lstad","@id":"https:\/\/www.kompetensforetagen.se\/#\/schema\/person\/72cd48bb411dea15e40f11d726e9eeeb"},"headline":"Svenska jobb hotas av regelkr\u00e5ngel \u2013 s\u00e5 hanterar du 24-m\u00e5nadersregeln","datePublished":"2025-01-22T12:42:12+00:00","dateModified":"2025-01-27T09:03:32+00:00","mainEntityOfPage":{"@id":"https:\/\/www.kompetensforetagen.se\/2025\/01\/svenska-jobb-hotas-av-regelkrangel-sa-hanterar-du-24-manadersregeln\/"},"wordCount":376,"publisher":{"@id":"https:\/\/www.kompetensforetagen.se\/#organization"},"image":{"@id":"https:\/\/www.kompetensforetagen.se\/2025\/01\/svenska-jobb-hotas-av-regelkrangel-sa-hanterar-du-24-manadersregeln\/#primaryimage"},"thumbnailUrl":"https:\/\/www.kompetensforetagen.se\/app\/uploads\/sites\/5\/2025\/01\/ima239005.jpg","articleSection":["24-m\u00e5nadersregeln"],"inLanguage":"sv-SE"},{"@type":"WebPage","@id":"https:\/\/www.kompetensforetagen.se\/2025\/01\/svenska-jobb-hotas-av-regelkrangel-sa-hanterar-du-24-manadersregeln\/","url":"https:\/\/www.kompetensforetagen.se\/2025\/01\/svenska-jobb-hotas-av-regelkrangel-sa-hanterar-du-24-manadersregeln\/","name":"Svenska jobb hotas av regelkr\u00e5ngel \u2013 s\u00e5 hanterar du 24-m\u00e5nadersregeln - Kompetensf\u00f6retagen","isPartOf":{"@id":"https:\/\/www.kompetensforetagen.se\/#website"},"primaryImageOfPage":{"@id":"https:\/\/www.kompetensforetagen.se\/2025\/01\/svenska-jobb-hotas-av-regelkrangel-sa-hanterar-du-24-manadersregeln\/#primaryimage"},"image":{"@id":"https:\/\/www.kompetensforetagen.se\/2025\/01\/svenska-jobb-hotas-av-regelkrangel-sa-hanterar-du-24-manadersregeln\/#primaryimage"},"thumbnailUrl":"https:\/\/www.kompetensforetagen.se\/app\/uploads\/sites\/5\/2025\/01\/ima239005.jpg","datePublished":"2025-01-22T12:42:12+00:00","dateModified":"2025-01-27T09:03:32+00:00","description":"F\u00f6retag m\u00e5ste erbjuda en anst\u00e4llning eller ers\u00e4ttning till en konsult efter tv\u00e5 \u00e5r. S\u00e5 hanterar du 24-m\u00e5nadersregeln.","breadcrumb":{"@id":"https:\/\/www.kompetensforetagen.se\/2025\/01\/svenska-jobb-hotas-av-regelkrangel-sa-hanterar-du-24-manadersregeln\/#breadcrumb"},"inLanguage":"sv-SE","potentialAction":[{"@type":"ReadAction","target":["https:\/\/www.kompetensforetagen.se\/2025\/01\/svenska-jobb-hotas-av-regelkrangel-sa-hanterar-du-24-manadersregeln\/"]}]},{"@type":"ImageObject","inLanguage":"sv-SE","@id":"https:\/\/www.kompetensforetagen.se\/2025\/01\/svenska-jobb-hotas-av-regelkrangel-sa-hanterar-du-24-manadersregeln\/#primaryimage","url":"https:\/\/www.kompetensforetagen.se\/app\/uploads\/sites\/5\/2025\/01\/ima239005.jpg","contentUrl":"https:\/\/www.kompetensforetagen.se\/app\/uploads\/sites\/5\/2025\/01\/ima239005.jpg","width":2500,"height":1668,"caption":"En arbetsf\u00f6rmedlare och en arbetss\u00f6kande letar efter ett f\u00f6retag med matchningsauktorisation"},{"@type":"BreadcrumbList","@id":"https:\/\/www.kompetensforetagen.se\/2025\/01\/svenska-jobb-hotas-av-regelkrangel-sa-hanterar-du-24-manadersregeln\/#breadcrumb","itemListElement":[{"@type":"ListItem","position":1,"name":"Home","item":"https:\/\/www.kompetensforetagen.se\/"},{"@type":"ListItem","position":2,"name":"Svenska jobb hotas av regelkr\u00e5ngel \u2013 s\u00e5 hanterar du 24-m\u00e5nadersregeln"}]},{"@type":"WebSite","@id":"https:\/\/www.kompetensforetagen.se\/#website","url":"https:\/\/www.kompetensforetagen.se\/","name":"Kompetensf\u00f6retagen","description":"R\u00e4tt person p\u00e5 r\u00e4tt plats kan f\u00f6r\u00e4ndra v\u00e4rlden","publisher":{"@id":"https:\/\/www.kompetensforetagen.se\/#organization"},"potentialAction":[{"@type":"SearchAction","target":{"@type":"EntryPoint","urlTemplate":"https:\/\/www.kompetensforetagen.se\/?s={search_term_string}"},"query-input":{"@type":"PropertyValueSpecification","valueRequired":true,"valueName":"search_term_string"}}],"inLanguage":"sv-SE"},{"@type":"Organization","@id":"https:\/\/www.kompetensforetagen.se\/#organization","name":"Kompetensf\u00f6retagen","url":"https:\/\/www.kompetensforetagen.se\/","logo":{"@type":"ImageObject","inLanguage":"sv-SE","@id":"https:\/\/www.kompetensforetagen.se\/#\/schema\/logo\/image\/","url":"https:\/\/www.kompetensforetagen.se\/app\/uploads\/sites\/5\/2022\/10\/logga_svart.png","contentUrl":"https:\/\/www.kompetensforetagen.se\/app\/uploads\/sites\/5\/2022\/10\/logga_svart.png","width":752,"height":64,"caption":"Kompetensf\u00f6retagen"},"image":{"@id":"https:\/\/www.kompetensforetagen.se\/#\/schema\/logo\/image\/"},"sameAs":["https:\/\/www.linkedin.com\/company\/10540032\/"]},{"@type":"Person","@id":"https:\/\/www.kompetensforetagen.se\/#\/schema\/person\/72cd48bb411dea15e40f11d726e9eeeb","name":"Fredric Sk\u00e4lstad","image":{"@type":"ImageObject","inLanguage":"sv-SE","@id":"https:\/\/www.kompetensforetagen.se\/#\/schema\/person\/image\/","url":"https:\/\/secure.gravatar.com\/avatar\/64f20bf3ac13c78aedd6054f495d1a00b38234d6bf532fa3b1cb3ff0bcc24f8d?s=96&d=mm&r=g","contentUrl":"https:\/\/secure.gravatar.com\/avatar\/64f20bf3ac13c78aedd6054f495d1a00b38234d6bf532fa3b1cb3ff0bcc24f8d?s=96&d=mm&r=g","caption":"Fredric Sk\u00e4lstad"},"description":"Fredric \u00e4r n\u00e4ringspolitisk chef p\u00e5 Kompetensf\u00f6retagen.","url":"https:\/\/www.kompetensforetagen.se\/person\/fredricskalstad\/"}]}},"_links":{"self":[{"href":"https:\/\/www.kompetensforetagen.se\/api\/wp\/v2\/posts\/19251","targetHints":{"allow":["GET"]}}],"collection":[{"href":"https:\/\/www.kompetensforetagen.se\/api\/wp\/v2\/posts"}],"about":[{"href":"https:\/\/www.kompetensforetagen.se\/api\/wp\/v2\/types\/post"}],"author":[{"embeddable":true,"href":"https:\/\/www.kompetensforetagen.se\/api\/wp\/v2\/users\/222"}],"replies":[{"embeddable":true,"href":"https:\/\/www.kompetensforetagen.se\/api\/wp\/v2\/comments?post=19251"}],"version-history":[{"count":6,"href":"https:\/\/www.kompetensforetagen.se\/api\/wp\/v2\/posts\/19251\/revisions"}],"predecessor-version":[{"id":19290,"href":"https:\/\/www.kompetensforetagen.se\/api\/wp\/v2\/posts\/19251\/revisions\/19290"}],"wp:featuredmedia":[{"embeddable":true,"href":"https:\/\/www.kompetensforetagen.se\/api\/wp\/v2\/media\/19276"}],"wp:attachment":[{"href":"https:\/\/www.kompetensforetagen.se\/api\/wp\/v2\/media?parent=19251"}],"wp:term":[{"taxonomy":"category","embeddable":true,"href":"https:\/\/www.kompetensforetagen.se\/api\/wp\/v2\/categories?post=19251"},{"taxonomy":"post_tag","embeddable":true,"href":"https:\/\/www.kompetensforetagen.se\/api\/wp\/v2\/tags?post=19251"},{"taxonomy":"type","embeddable":true,"href":"https:\/\/www.kompetensforetagen.se\/api\/wp\/v2\/article_type?post=19251"},{"taxonomy":"agreement","embeddable":true,"href":"https:\/\/www.kompetensforetagen.se\/api\/wp\/v2\/agreement?post=19251"},{"taxonomy":"for-members","embeddable":true,"href":"https:\/\/www.kompetensforetagen.se\/api\/wp\/v2\/for-members?post=19251"}],"curies":[{"name":"wp","href":"https:\/\/api.w.org\/{rel}","templated":true}]}}