{"id":19203,"date":"2024-12-25T08:15:00","date_gmt":"2024-12-25T07:15:00","guid":{"rendered":"https:\/\/www.kompetensforetagen.se\/?p=19203"},"modified":"2025-12-15T11:25:20","modified_gmt":"2025-12-15T10:25:20","slug":"108-foretag-beviljas-auktorisation-och-tva-frantas","status":"publish","type":"post","link":"https:\/\/www.kompetensforetagen.se\/2024\/12\/108-foretag-beviljas-auktorisation-och-tva-frantas\/","title":{"rendered":"108 f\u00f6retag beviljas auktorisation och tv\u00e5 fr\u00e5ntas"},"content":{"rendered":"\n<p>Vid sammantr\u00e4det den 12 december beslutade auktorisationsn\u00e4mnden att rekommendera Kompetensf\u00f6retagens styrelse att bevilja auktorisation f\u00f6r <strong>108 medlemsf\u00f6retag<\/strong>. Beslutet g\u00e4ller fr\u00e5n den 1 januari.<\/p>\n\n\n\n<p>Av dessa auktoriserades f\u00f6ljande f\u00f6retag f\u00f6r f\u00f6rsta g\u00e5ngen:<strong> Bemanna 24 AB<\/strong><\/p>\n\n\n\n<p>Vid auktorisationsn\u00e4mndens sammantr\u00e4de lades ocks\u00e5 fram att <strong>tv\u00e5 medlemsf\u00f6retag<\/strong> vid granskning inte uppfyller Kompetensf\u00f6retagens krav. D\u00e4rmed beslutade styrelsen, p\u00e5 rekommendation av auktorisationsn\u00e4mnden, att de fr\u00e5ntas sin auktorisation. Vilka f\u00f6retag detta g\u00e4ller, och grunderna f\u00f6r beslut \u00e4r inte offentligt. De \u00e4r dock v\u00e4lkomna tillbaka med ny auktorisationsans\u00f6kan efter sex m\u00e5nader, n\u00e4r de \u00e5ter uppfyller Kompetensf\u00f6retagens krav.<\/p>\n\n\n\n      <a href=\"https:\/\/www.kompetensforetagen.se\/auktorisation\/fragor-och-svar-om-auktorisation\/\" target=\"\" class=\"Button is-button is-style-fill has-black-background-color has-black-border-color has-white-color Button--arrow-tip\">\n      \n        Fr\u00e5gor och svar om auktorisation\n      \n      \n                \n                <svg class='icon icon--arrow-tip'  width=\"11\" height=\"16\" viewBox=\"0 0 11 16\" fill=\"none\" xmlns=\"http:\/\/www.w3.org\/2000\/svg\">\n<path d=\"M0.858398 15L9.2304 7.99664L0.967732 1.00001\" stroke=\"black\" stroke-width=\"2\" stroke-miterlimit=\"10\"\/>\n<\/svg>\n\n        \n    <\/a>\n  \n","protected":false},"excerpt":{"rendered":"<p>Vid sammantr\u00e4det den 12 december beslutade auktorisationsn\u00e4mnden att rekommendera Kompetensf\u00f6retagens styrelse att bevilja auktorisation f\u00f6r 108 medlemsf\u00f6retag. Beslutet g\u00e4ller fr\u00e5n den 1 januari. Av dessa auktoriserades f\u00f6ljande f\u00f6retag f\u00f6r f\u00f6rsta g\u00e5ngen: Bemanna 24 AB Vid &hellip;<\/p>\n","protected":false},"author":222,"featured_media":18617,"comment_status":"closed","ping_status":"closed","sticky":false,"template":"","format":"standard","meta":{"_acf_changed":false,"footnotes":""},"categories":[17],"tags":[],"article_type":[8],"agreement":[],"for-members":[],"class_list":["post-19203","post","type-post","status-publish","format-standard","has-post-thumbnail","hentry","category-auktorisation","type-aktuellt"],"acf":[],"yoast_head":"<!-- This site is optimized with the Yoast SEO Premium plugin v26.8 (Yoast SEO v26.8) - https:\/\/yoast.com\/product\/yoast-seo-premium-wordpress\/ -->\n<title>108 f\u00f6retag beviljas auktorisation och tv\u00e5 fr\u00e5ntas - Kompetensf\u00f6retagen<\/title>\n<meta name=\"description\" content=\"Auktorisationsbeslut december: 108 f\u00f6retag beviljas auktorisation och tv\u00e5 fr\u00e5ntas den. Vi uppr\u00e4tth\u00e5ller branschens h\u00f6ga standard.\" \/>\n<meta name=\"robots\" content=\"index, follow, max-snippet:-1, max-image-preview:large, max-video-preview:-1\" \/>\n<link rel=\"canonical\" href=\"https:\/\/www.kompetensforetagen.se\/2024\/12\/108-foretag-beviljas-auktorisation-och-tva-frantas\/\" \/>\n<meta property=\"og:locale\" content=\"sv_SE\" \/>\n<meta property=\"og:type\" content=\"article\" \/>\n<meta property=\"og:title\" content=\"108 f\u00f6retag beviljas auktorisation och tv\u00e5 fr\u00e5ntas\" \/>\n<meta property=\"og:description\" content=\"Auktorisationsbeslut december: 108 f\u00f6retag beviljas auktorisation och tv\u00e5 fr\u00e5ntas den. Vi uppr\u00e4tth\u00e5ller branschens h\u00f6ga standard.\" \/>\n<meta property=\"og:url\" content=\"https:\/\/www.kompetensforetagen.se\/2024\/12\/108-foretag-beviljas-auktorisation-och-tva-frantas\/\" \/>\n<meta property=\"og:site_name\" content=\"Kompetensf\u00f6retagen\" \/>\n<meta property=\"article:published_time\" content=\"2024-12-25T07:15:00+00:00\" \/>\n<meta property=\"article:modified_time\" content=\"2025-12-15T10:25:20+00:00\" \/>\n<meta property=\"og:image\" content=\"https:\/\/www.kompetensforetagen.se\/app\/uploads\/sites\/5\/2024\/10\/marja.png\" \/>\n\t<meta property=\"og:image:width\" content=\"1900\" \/>\n\t<meta property=\"og:image:height\" content=\"1000\" \/>\n\t<meta property=\"og:image:type\" content=\"image\/png\" \/>\n<meta name=\"author\" content=\"Fredric Sk\u00e4lstad\" \/>\n<meta name=\"twitter:card\" content=\"summary_large_image\" \/>\n<meta name=\"twitter:label1\" content=\"Skriven av\" \/>\n\t<meta name=\"twitter:data1\" content=\"Fredric Sk\u00e4lstad\" \/>\n\t<meta name=\"twitter:label2\" content=\"Ber\u00e4knad l\u00e4stid\" \/>\n\t<meta name=\"twitter:data2\" content=\"1 minut\" \/>\n<!-- \/ Yoast SEO Premium plugin. -->","yoast_head_json":{"title":"108 f\u00f6retag beviljas auktorisation och tv\u00e5 fr\u00e5ntas - Kompetensf\u00f6retagen","description":"Auktorisationsbeslut december: 108 f\u00f6retag beviljas auktorisation och tv\u00e5 fr\u00e5ntas den. Vi uppr\u00e4tth\u00e5ller branschens h\u00f6ga standard.","robots":{"index":"index","follow":"follow","max-snippet":"max-snippet:-1","max-image-preview":"max-image-preview:large","max-video-preview":"max-video-preview:-1"},"canonical":"https:\/\/www.kompetensforetagen.se\/2024\/12\/108-foretag-beviljas-auktorisation-och-tva-frantas\/","og_locale":"sv_SE","og_type":"article","og_title":"108 f\u00f6retag beviljas auktorisation och tv\u00e5 fr\u00e5ntas","og_description":"Auktorisationsbeslut december: 108 f\u00f6retag beviljas auktorisation och tv\u00e5 fr\u00e5ntas den. Vi uppr\u00e4tth\u00e5ller branschens h\u00f6ga standard.","og_url":"https:\/\/www.kompetensforetagen.se\/2024\/12\/108-foretag-beviljas-auktorisation-och-tva-frantas\/","og_site_name":"Kompetensf\u00f6retagen","article_published_time":"2024-12-25T07:15:00+00:00","article_modified_time":"2025-12-15T10:25:20+00:00","og_image":[{"width":1900,"height":1000,"url":"https:\/\/www.kompetensforetagen.se\/app\/uploads\/sites\/5\/2024\/10\/marja.png","type":"image\/png"}],"author":"Fredric Sk\u00e4lstad","twitter_card":"summary_large_image","twitter_misc":{"Skriven av":"Fredric Sk\u00e4lstad","Ber\u00e4knad l\u00e4stid":"1 minut"},"schema":{"@context":"https:\/\/schema.org","@graph":[{"@type":"Article","@id":"https:\/\/www.kompetensforetagen.se\/2024\/12\/108-foretag-beviljas-auktorisation-och-tva-frantas\/#article","isPartOf":{"@id":"https:\/\/www.kompetensforetagen.se\/2024\/12\/108-foretag-beviljas-auktorisation-och-tva-frantas\/"},"author":{"name":"Fredric Sk\u00e4lstad","@id":"https:\/\/www.kompetensforetagen.se\/#\/schema\/person\/72cd48bb411dea15e40f11d726e9eeeb"},"headline":"108 f\u00f6retag beviljas auktorisation och tv\u00e5 fr\u00e5ntas","datePublished":"2024-12-25T07:15:00+00:00","dateModified":"2025-12-15T10:25:20+00:00","mainEntityOfPage":{"@id":"https:\/\/www.kompetensforetagen.se\/2024\/12\/108-foretag-beviljas-auktorisation-och-tva-frantas\/"},"wordCount":120,"publisher":{"@id":"https:\/\/www.kompetensforetagen.se\/#organization"},"image":{"@id":"https:\/\/www.kompetensforetagen.se\/2024\/12\/108-foretag-beviljas-auktorisation-och-tva-frantas\/#primaryimage"},"thumbnailUrl":"https:\/\/www.kompetensforetagen.se\/app\/uploads\/sites\/5\/2024\/10\/marja.png","articleSection":["Auktorisation"],"inLanguage":"sv-SE"},{"@type":"WebPage","@id":"https:\/\/www.kompetensforetagen.se\/2024\/12\/108-foretag-beviljas-auktorisation-och-tva-frantas\/","url":"https:\/\/www.kompetensforetagen.se\/2024\/12\/108-foretag-beviljas-auktorisation-och-tva-frantas\/","name":"108 f\u00f6retag beviljas auktorisation och tv\u00e5 fr\u00e5ntas - Kompetensf\u00f6retagen","isPartOf":{"@id":"https:\/\/www.kompetensforetagen.se\/#website"},"primaryImageOfPage":{"@id":"https:\/\/www.kompetensforetagen.se\/2024\/12\/108-foretag-beviljas-auktorisation-och-tva-frantas\/#primaryimage"},"image":{"@id":"https:\/\/www.kompetensforetagen.se\/2024\/12\/108-foretag-beviljas-auktorisation-och-tva-frantas\/#primaryimage"},"thumbnailUrl":"https:\/\/www.kompetensforetagen.se\/app\/uploads\/sites\/5\/2024\/10\/marja.png","datePublished":"2024-12-25T07:15:00+00:00","dateModified":"2025-12-15T10:25:20+00:00","description":"Auktorisationsbeslut december: 108 f\u00f6retag beviljas auktorisation och tv\u00e5 fr\u00e5ntas den. Vi uppr\u00e4tth\u00e5ller branschens h\u00f6ga standard.","breadcrumb":{"@id":"https:\/\/www.kompetensforetagen.se\/2024\/12\/108-foretag-beviljas-auktorisation-och-tva-frantas\/#breadcrumb"},"inLanguage":"sv-SE","potentialAction":[{"@type":"ReadAction","target":["https:\/\/www.kompetensforetagen.se\/2024\/12\/108-foretag-beviljas-auktorisation-och-tva-frantas\/"]}]},{"@type":"ImageObject","inLanguage":"sv-SE","@id":"https:\/\/www.kompetensforetagen.se\/2024\/12\/108-foretag-beviljas-auktorisation-och-tva-frantas\/#primaryimage","url":"https:\/\/www.kompetensforetagen.se\/app\/uploads\/sites\/5\/2024\/10\/marja.png","contentUrl":"https:\/\/www.kompetensforetagen.se\/app\/uploads\/sites\/5\/2024\/10\/marja.png","width":1900,"height":1000,"caption":"Marja Holmer, auktorisationsansvarig, Nya auktorisationer i oktober och november 2024"},{"@type":"BreadcrumbList","@id":"https:\/\/www.kompetensforetagen.se\/2024\/12\/108-foretag-beviljas-auktorisation-och-tva-frantas\/#breadcrumb","itemListElement":[{"@type":"ListItem","position":1,"name":"Home","item":"https:\/\/www.kompetensforetagen.se\/"},{"@type":"ListItem","position":2,"name":"108 f\u00f6retag beviljas auktorisation och tv\u00e5 fr\u00e5ntas"}]},{"@type":"WebSite","@id":"https:\/\/www.kompetensforetagen.se\/#website","url":"https:\/\/www.kompetensforetagen.se\/","name":"Kompetensf\u00f6retagen","description":"R\u00e4tt person p\u00e5 r\u00e4tt plats kan f\u00f6r\u00e4ndra v\u00e4rlden","publisher":{"@id":"https:\/\/www.kompetensforetagen.se\/#organization"},"potentialAction":[{"@type":"SearchAction","target":{"@type":"EntryPoint","urlTemplate":"https:\/\/www.kompetensforetagen.se\/?s={search_term_string}"},"query-input":{"@type":"PropertyValueSpecification","valueRequired":true,"valueName":"search_term_string"}}],"inLanguage":"sv-SE"},{"@type":"Organization","@id":"https:\/\/www.kompetensforetagen.se\/#organization","name":"Kompetensf\u00f6retagen","url":"https:\/\/www.kompetensforetagen.se\/","logo":{"@type":"ImageObject","inLanguage":"sv-SE","@id":"https:\/\/www.kompetensforetagen.se\/#\/schema\/logo\/image\/","url":"https:\/\/www.kompetensforetagen.se\/app\/uploads\/sites\/5\/2022\/10\/logga_svart.png","contentUrl":"https:\/\/www.kompetensforetagen.se\/app\/uploads\/sites\/5\/2022\/10\/logga_svart.png","width":752,"height":64,"caption":"Kompetensf\u00f6retagen"},"image":{"@id":"https:\/\/www.kompetensforetagen.se\/#\/schema\/logo\/image\/"},"sameAs":["https:\/\/www.linkedin.com\/company\/10540032\/"]},{"@type":"Person","@id":"https:\/\/www.kompetensforetagen.se\/#\/schema\/person\/72cd48bb411dea15e40f11d726e9eeeb","name":"Fredric Sk\u00e4lstad","image":{"@type":"ImageObject","inLanguage":"sv-SE","@id":"https:\/\/www.kompetensforetagen.se\/#\/schema\/person\/image\/","url":"https:\/\/secure.gravatar.com\/avatar\/64f20bf3ac13c78aedd6054f495d1a00b38234d6bf532fa3b1cb3ff0bcc24f8d?s=96&d=mm&r=g","contentUrl":"https:\/\/secure.gravatar.com\/avatar\/64f20bf3ac13c78aedd6054f495d1a00b38234d6bf532fa3b1cb3ff0bcc24f8d?s=96&d=mm&r=g","caption":"Fredric Sk\u00e4lstad"},"description":"Fredric \u00e4r n\u00e4ringspolitisk chef p\u00e5 Kompetensf\u00f6retagen.","url":"https:\/\/www.kompetensforetagen.se\/person\/fredricskalstad\/"}]}},"_links":{"self":[{"href":"https:\/\/www.kompetensforetagen.se\/api\/wp\/v2\/posts\/19203","targetHints":{"allow":["GET"]}}],"collection":[{"href":"https:\/\/www.kompetensforetagen.se\/api\/wp\/v2\/posts"}],"about":[{"href":"https:\/\/www.kompetensforetagen.se\/api\/wp\/v2\/types\/post"}],"author":[{"embeddable":true,"href":"https:\/\/www.kompetensforetagen.se\/api\/wp\/v2\/users\/222"}],"replies":[{"embeddable":true,"href":"https:\/\/www.kompetensforetagen.se\/api\/wp\/v2\/comments?post=19203"}],"version-history":[{"count":1,"href":"https:\/\/www.kompetensforetagen.se\/api\/wp\/v2\/posts\/19203\/revisions"}],"predecessor-version":[{"id":19204,"href":"https:\/\/www.kompetensforetagen.se\/api\/wp\/v2\/posts\/19203\/revisions\/19204"}],"wp:featuredmedia":[{"embeddable":true,"href":"https:\/\/www.kompetensforetagen.se\/api\/wp\/v2\/media\/18617"}],"wp:attachment":[{"href":"https:\/\/www.kompetensforetagen.se\/api\/wp\/v2\/media?parent=19203"}],"wp:term":[{"taxonomy":"category","embeddable":true,"href":"https:\/\/www.kompetensforetagen.se\/api\/wp\/v2\/categories?post=19203"},{"taxonomy":"post_tag","embeddable":true,"href":"https:\/\/www.kompetensforetagen.se\/api\/wp\/v2\/tags?post=19203"},{"taxonomy":"type","embeddable":true,"href":"https:\/\/www.kompetensforetagen.se\/api\/wp\/v2\/article_type?post=19203"},{"taxonomy":"agreement","embeddable":true,"href":"https:\/\/www.kompetensforetagen.se\/api\/wp\/v2\/agreement?post=19203"},{"taxonomy":"for-members","embeddable":true,"href":"https:\/\/www.kompetensforetagen.se\/api\/wp\/v2\/for-members?post=19203"}],"curies":[{"name":"wp","href":"https:\/\/api.w.org\/{rel}","templated":true}]}}