{"id":19082,"date":"2024-12-18T08:15:00","date_gmt":"2024-12-18T07:15:00","guid":{"rendered":"https:\/\/www.kompetensforetagen.se\/?p=19082"},"modified":"2025-12-12T11:29:09","modified_gmt":"2025-12-12T10:29:09","slug":"branschen-sakerstaller-sveriges-konkurrenskraft","status":"publish","type":"post","link":"https:\/\/www.kompetensforetagen.se\/2024\/12\/branschen-sakerstaller-sveriges-konkurrenskraft\/","title":{"rendered":"Branschen s\u00e4kerst\u00e4ller Sveriges konkurrenskraft"},"content":{"rendered":"<p class=\"intro\">OnePartnerGroup, som startade 2009 i Sm\u00e5land, har med sin lokala f\u00f6rankring och stora nationella n\u00e4tverk tagit kompetensbranschen med storm. F\u00f6retaget erbjuder en rad tj\u00e4nster inom bemanning, rekrytering och utbildning och finns p\u00e5 40 orter runt om i Sverige<br \/>\n\u2013 V\u00e5r bransch \u00f6ppnar upp f\u00f6r nya v\u00e4gar in p\u00e5 arbetsmarknaden\u201d, s\u00e4ger Charlotte J\u00e4reby Hellman, COO, OnePartnerGroup<\/p>\n\n<p><strong>Varf\u00f6r \u00e4r branschen viktig p\u00e5 arbetsmarknaden?<\/strong><\/p>\n\n\n\n<p>\u2013 Vi \u00e4r en snabbfotad bransch som ligger i framkant n\u00e4r det kommer till att anpassa sig till f\u00f6r\u00e4ndringar i omv\u00e4rlden. Vi \u00e4r en trygg akt\u00f6r och en stark integrationsmotor som ser till att hj\u00e4lpa m\u00e4nniskor i arbete. Det g\u00f6r vi genom att \u00f6ppna upp f\u00f6r nya m\u00f6jligheter och v\u00e4gar in p\u00e5 arbetsmarknaden.<\/p>\n\n\n\n<p><strong>Vad fick dig att engagera dig i Kompetensf\u00f6retagens styrelse?<\/strong><\/p>\n\n\n\n<p>\u2013 N\u00e4r jag fick f\u00f6rm\u00e5nen att kliva in i styrelsen blev jag v\u00e4ldigt glad och stolt. V\u00e5r bransch spelar en viktig roll p\u00e5 arbetsmarknaden, inte minst f\u00f6r individer som ska ta sitt f\u00f6rsta steg in p\u00e5 arbetsmarknaden. Jag tror att kompetensbranschen kommer spela en \u00e4nnu viktigare roll f\u00f6r att s\u00e4kerst\u00e4lla Sveriges konkurrenskraft p\u00e5 den globala marknaden.<\/p>\n\n\n\n<blockquote class=\"wp-block-quote is-layout-flow wp-block-quote-is-layout-flow\">\n<p>Kompetensbranschen kommer spela en \u00e4nnu viktigare roll f\u00f6r att s\u00e4kerst\u00e4lla Sveriges konkurrenskraft p\u00e5 den globala marknaden.<\/p>\n<\/blockquote>\n\n\n\n<p>\u2013 Arbetsmarknaden f\u00f6r\u00e4ndras snabbt, med nya teknologier och krav, och behovet av flexibla l\u00f6sningar blir allt st\u00f6rre. Jag ser en framtid d\u00e4r v\u00e5r bransch inte bara \u00e4r en st\u00f6dfunktion utan en strategisk partner f\u00f6r b\u00e5de f\u00f6retag och individer.<\/p>\n\n\n\n<p><strong>Vilka fr\u00e5gor \u00e4r viktiga f\u00f6r dig i styrelsearbetet?<\/strong><\/p>\n\n\n\n<p>\u2013 En hj\u00e4rtefr\u00e5ga f\u00f6r mig \u00e4r att v\u00e5r bransch ska f\u00e5 verka p\u00e5 samma villkor som alla andra. Vi har gjort ett l\u00e5ngt och gediget arbete f\u00f6r att ta oss hit, och har i dag en naturlig plats i n\u00e4ringslivet och p\u00e5 svensk arbetsmarknad. Men det finns fortfarande jobb att g\u00f6ra, och d\u00e4r kan vi i styrelsen g\u00f6ra skillnad.<\/p>\n\n\n\n<p><strong>P\u00e5 vilket s\u00e4tt att auktorisationen viktig f\u00f6r er och f\u00f6r branschens anseende?<\/strong><\/p>\n\n\n\n<p>\u2013 Det \u00e4r en kvalitetsst\u00e4mpel som visar att vi jobbar i enlighet med branschens h\u00f6gsta standarder, vilket s\u00e4kerst\u00e4ller trygghet och transparens f\u00f6r kunder och medarbetare. Vi \u00e4r m\u00e5na om att vara en schysst arbetsgivare som tar ansvar och auktorisationen \u00e4r ett bevis p\u00e5 det.<\/p>\n\n\n\n<p><strong>Vad tycker du om att g\u00f6ra p\u00e5 fritiden?<\/strong><\/p>\n\n\n\n<p>\u2013 S\u00e5 fort det finns tid och m\u00f6jlighet \u00e5ker jag till v\u00e5rt hus p\u00e5 franska rivieran. Och nu ser jag fram emot att fira en riktigt fransk jul.<\/p>\n","protected":false},"excerpt":{"rendered":"<p>Varf\u00f6r \u00e4r branschen viktig p\u00e5 arbetsmarknaden? \u2013 Vi \u00e4r en snabbfotad bransch som ligger i framkant n\u00e4r det kommer till att anpassa sig till f\u00f6r\u00e4ndringar i omv\u00e4rlden. Vi \u00e4r en trygg akt\u00f6r och en stark &hellip;<\/p>\n","protected":false},"author":222,"featured_media":19063,"comment_status":"closed","ping_status":"closed","sticky":false,"template":"","format":"standard","meta":{"_acf_changed":false,"footnotes":""},"categories":[10],"tags":[],"article_type":[8],"agreement":[],"for-members":[],"class_list":["post-19082","post","type-post","status-publish","format-standard","has-post-thumbnail","hentry","category-arbetsmarknad","type-aktuellt"],"acf":[],"yoast_head":"<!-- This site is optimized with the Yoast SEO Premium plugin v26.8 (Yoast SEO v26.8) - https:\/\/yoast.com\/product\/yoast-seo-premium-wordpress\/ -->\n<title>Branschen s\u00e4kerst\u00e4ller Sveriges konkurrenskraft - Kompetensf\u00f6retagen<\/title>\n<meta name=\"description\" content=\"Branschen s\u00e4kerst\u00e4ller Sveriges konkurrenskraft. L\u00e4s om hur kompetensf\u00f6rs\u00f6rjning \u00e4r nyckeln till tillv\u00e4xt f\u00f6r svenska f\u00f6retag.\" \/>\n<meta name=\"robots\" content=\"index, follow, max-snippet:-1, max-image-preview:large, max-video-preview:-1\" \/>\n<link rel=\"canonical\" href=\"https:\/\/www.kompetensforetagen.se\/2024\/12\/branschen-sakerstaller-sveriges-konkurrenskraft\/\" \/>\n<meta property=\"og:locale\" content=\"sv_SE\" \/>\n<meta property=\"og:type\" content=\"article\" \/>\n<meta property=\"og:title\" content=\"Branschen s\u00e4kerst\u00e4ller Sveriges konkurrenskraft\" \/>\n<meta property=\"og:description\" content=\"Branschen s\u00e4kerst\u00e4ller Sveriges konkurrenskraft. L\u00e4s om hur kompetensf\u00f6rs\u00f6rjning \u00e4r nyckeln till tillv\u00e4xt f\u00f6r svenska f\u00f6retag.\" \/>\n<meta property=\"og:url\" content=\"https:\/\/www.kompetensforetagen.se\/2024\/12\/branschen-sakerstaller-sveriges-konkurrenskraft\/\" \/>\n<meta property=\"og:site_name\" content=\"Kompetensf\u00f6retagen\" \/>\n<meta property=\"article:published_time\" content=\"2024-12-18T07:15:00+00:00\" \/>\n<meta property=\"article:modified_time\" content=\"2025-12-12T10:29:09+00:00\" \/>\n<meta property=\"og:image\" content=\"https:\/\/www.kompetensforetagen.se\/app\/uploads\/sites\/5\/2024\/12\/Charlotte-Jareby-Hellman-OnePartnerGroup.png\" \/>\n\t<meta property=\"og:image:width\" content=\"1900\" \/>\n\t<meta property=\"og:image:height\" content=\"1000\" \/>\n\t<meta property=\"og:image:type\" content=\"image\/png\" \/>\n<meta name=\"author\" content=\"Fredric Sk\u00e4lstad\" \/>\n<meta name=\"twitter:card\" content=\"summary_large_image\" \/>\n<meta name=\"twitter:label1\" content=\"Skriven av\" \/>\n\t<meta name=\"twitter:data1\" content=\"Fredric Sk\u00e4lstad\" \/>\n\t<meta name=\"twitter:label2\" content=\"Ber\u00e4knad l\u00e4stid\" \/>\n\t<meta name=\"twitter:data2\" content=\"2 minuter\" \/>\n<!-- \/ Yoast SEO Premium plugin. -->","yoast_head_json":{"title":"Branschen s\u00e4kerst\u00e4ller Sveriges konkurrenskraft - Kompetensf\u00f6retagen","description":"Branschen s\u00e4kerst\u00e4ller Sveriges konkurrenskraft. L\u00e4s om hur kompetensf\u00f6rs\u00f6rjning \u00e4r nyckeln till tillv\u00e4xt f\u00f6r svenska f\u00f6retag.","robots":{"index":"index","follow":"follow","max-snippet":"max-snippet:-1","max-image-preview":"max-image-preview:large","max-video-preview":"max-video-preview:-1"},"canonical":"https:\/\/www.kompetensforetagen.se\/2024\/12\/branschen-sakerstaller-sveriges-konkurrenskraft\/","og_locale":"sv_SE","og_type":"article","og_title":"Branschen s\u00e4kerst\u00e4ller Sveriges konkurrenskraft","og_description":"Branschen s\u00e4kerst\u00e4ller Sveriges konkurrenskraft. L\u00e4s om hur kompetensf\u00f6rs\u00f6rjning \u00e4r nyckeln till tillv\u00e4xt f\u00f6r svenska f\u00f6retag.","og_url":"https:\/\/www.kompetensforetagen.se\/2024\/12\/branschen-sakerstaller-sveriges-konkurrenskraft\/","og_site_name":"Kompetensf\u00f6retagen","article_published_time":"2024-12-18T07:15:00+00:00","article_modified_time":"2025-12-12T10:29:09+00:00","og_image":[{"width":1900,"height":1000,"url":"https:\/\/www.kompetensforetagen.se\/app\/uploads\/sites\/5\/2024\/12\/Charlotte-Jareby-Hellman-OnePartnerGroup.png","type":"image\/png"}],"author":"Fredric Sk\u00e4lstad","twitter_card":"summary_large_image","twitter_misc":{"Skriven av":"Fredric Sk\u00e4lstad","Ber\u00e4knad l\u00e4stid":"2 minuter"},"schema":{"@context":"https:\/\/schema.org","@graph":[{"@type":"Article","@id":"https:\/\/www.kompetensforetagen.se\/2024\/12\/branschen-sakerstaller-sveriges-konkurrenskraft\/#article","isPartOf":{"@id":"https:\/\/www.kompetensforetagen.se\/2024\/12\/branschen-sakerstaller-sveriges-konkurrenskraft\/"},"author":{"name":"Fredric Sk\u00e4lstad","@id":"https:\/\/www.kompetensforetagen.se\/#\/schema\/person\/72cd48bb411dea15e40f11d726e9eeeb"},"headline":"Branschen s\u00e4kerst\u00e4ller Sveriges konkurrenskraft","datePublished":"2024-12-18T07:15:00+00:00","dateModified":"2025-12-12T10:29:09+00:00","mainEntityOfPage":{"@id":"https:\/\/www.kompetensforetagen.se\/2024\/12\/branschen-sakerstaller-sveriges-konkurrenskraft\/"},"wordCount":397,"publisher":{"@id":"https:\/\/www.kompetensforetagen.se\/#organization"},"image":{"@id":"https:\/\/www.kompetensforetagen.se\/2024\/12\/branschen-sakerstaller-sveriges-konkurrenskraft\/#primaryimage"},"thumbnailUrl":"https:\/\/www.kompetensforetagen.se\/app\/uploads\/sites\/5\/2024\/12\/Charlotte-Jareby-Hellman-OnePartnerGroup.png","articleSection":["Arbetsmarknad"],"inLanguage":"sv-SE"},{"@type":"WebPage","@id":"https:\/\/www.kompetensforetagen.se\/2024\/12\/branschen-sakerstaller-sveriges-konkurrenskraft\/","url":"https:\/\/www.kompetensforetagen.se\/2024\/12\/branschen-sakerstaller-sveriges-konkurrenskraft\/","name":"Branschen s\u00e4kerst\u00e4ller Sveriges konkurrenskraft - Kompetensf\u00f6retagen","isPartOf":{"@id":"https:\/\/www.kompetensforetagen.se\/#website"},"primaryImageOfPage":{"@id":"https:\/\/www.kompetensforetagen.se\/2024\/12\/branschen-sakerstaller-sveriges-konkurrenskraft\/#primaryimage"},"image":{"@id":"https:\/\/www.kompetensforetagen.se\/2024\/12\/branschen-sakerstaller-sveriges-konkurrenskraft\/#primaryimage"},"thumbnailUrl":"https:\/\/www.kompetensforetagen.se\/app\/uploads\/sites\/5\/2024\/12\/Charlotte-Jareby-Hellman-OnePartnerGroup.png","datePublished":"2024-12-18T07:15:00+00:00","dateModified":"2025-12-12T10:29:09+00:00","description":"Branschen s\u00e4kerst\u00e4ller Sveriges konkurrenskraft. L\u00e4s om hur kompetensf\u00f6rs\u00f6rjning \u00e4r nyckeln till tillv\u00e4xt f\u00f6r svenska f\u00f6retag.","breadcrumb":{"@id":"https:\/\/www.kompetensforetagen.se\/2024\/12\/branschen-sakerstaller-sveriges-konkurrenskraft\/#breadcrumb"},"inLanguage":"sv-SE","potentialAction":[{"@type":"ReadAction","target":["https:\/\/www.kompetensforetagen.se\/2024\/12\/branschen-sakerstaller-sveriges-konkurrenskraft\/"]}]},{"@type":"ImageObject","inLanguage":"sv-SE","@id":"https:\/\/www.kompetensforetagen.se\/2024\/12\/branschen-sakerstaller-sveriges-konkurrenskraft\/#primaryimage","url":"https:\/\/www.kompetensforetagen.se\/app\/uploads\/sites\/5\/2024\/12\/Charlotte-Jareby-Hellman-OnePartnerGroup.png","contentUrl":"https:\/\/www.kompetensforetagen.se\/app\/uploads\/sites\/5\/2024\/12\/Charlotte-Jareby-Hellman-OnePartnerGroup.png","width":1900,"height":1000,"caption":"Charlotte Jareby Hellman fr\u00e5n OnePartnerGroup, om branschfr\u00e5gor."},{"@type":"BreadcrumbList","@id":"https:\/\/www.kompetensforetagen.se\/2024\/12\/branschen-sakerstaller-sveriges-konkurrenskraft\/#breadcrumb","itemListElement":[{"@type":"ListItem","position":1,"name":"Home","item":"https:\/\/www.kompetensforetagen.se\/"},{"@type":"ListItem","position":2,"name":"Branschen s\u00e4kerst\u00e4ller Sveriges konkurrenskraft"}]},{"@type":"WebSite","@id":"https:\/\/www.kompetensforetagen.se\/#website","url":"https:\/\/www.kompetensforetagen.se\/","name":"Kompetensf\u00f6retagen","description":"R\u00e4tt person p\u00e5 r\u00e4tt plats kan f\u00f6r\u00e4ndra v\u00e4rlden","publisher":{"@id":"https:\/\/www.kompetensforetagen.se\/#organization"},"potentialAction":[{"@type":"SearchAction","target":{"@type":"EntryPoint","urlTemplate":"https:\/\/www.kompetensforetagen.se\/?s={search_term_string}"},"query-input":{"@type":"PropertyValueSpecification","valueRequired":true,"valueName":"search_term_string"}}],"inLanguage":"sv-SE"},{"@type":"Organization","@id":"https:\/\/www.kompetensforetagen.se\/#organization","name":"Kompetensf\u00f6retagen","url":"https:\/\/www.kompetensforetagen.se\/","logo":{"@type":"ImageObject","inLanguage":"sv-SE","@id":"https:\/\/www.kompetensforetagen.se\/#\/schema\/logo\/image\/","url":"https:\/\/www.kompetensforetagen.se\/app\/uploads\/sites\/5\/2022\/10\/logga_svart.png","contentUrl":"https:\/\/www.kompetensforetagen.se\/app\/uploads\/sites\/5\/2022\/10\/logga_svart.png","width":752,"height":64,"caption":"Kompetensf\u00f6retagen"},"image":{"@id":"https:\/\/www.kompetensforetagen.se\/#\/schema\/logo\/image\/"},"sameAs":["https:\/\/www.linkedin.com\/company\/10540032\/"]},{"@type":"Person","@id":"https:\/\/www.kompetensforetagen.se\/#\/schema\/person\/72cd48bb411dea15e40f11d726e9eeeb","name":"Fredric Sk\u00e4lstad","image":{"@type":"ImageObject","inLanguage":"sv-SE","@id":"https:\/\/www.kompetensforetagen.se\/#\/schema\/person\/image\/","url":"https:\/\/secure.gravatar.com\/avatar\/64f20bf3ac13c78aedd6054f495d1a00b38234d6bf532fa3b1cb3ff0bcc24f8d?s=96&d=mm&r=g","contentUrl":"https:\/\/secure.gravatar.com\/avatar\/64f20bf3ac13c78aedd6054f495d1a00b38234d6bf532fa3b1cb3ff0bcc24f8d?s=96&d=mm&r=g","caption":"Fredric Sk\u00e4lstad"},"description":"Fredric \u00e4r n\u00e4ringspolitisk chef p\u00e5 Kompetensf\u00f6retagen.","url":"https:\/\/www.kompetensforetagen.se\/person\/fredricskalstad\/"}]}},"_links":{"self":[{"href":"https:\/\/www.kompetensforetagen.se\/api\/wp\/v2\/posts\/19082","targetHints":{"allow":["GET"]}}],"collection":[{"href":"https:\/\/www.kompetensforetagen.se\/api\/wp\/v2\/posts"}],"about":[{"href":"https:\/\/www.kompetensforetagen.se\/api\/wp\/v2\/types\/post"}],"author":[{"embeddable":true,"href":"https:\/\/www.kompetensforetagen.se\/api\/wp\/v2\/users\/222"}],"replies":[{"embeddable":true,"href":"https:\/\/www.kompetensforetagen.se\/api\/wp\/v2\/comments?post=19082"}],"version-history":[{"count":1,"href":"https:\/\/www.kompetensforetagen.se\/api\/wp\/v2\/posts\/19082\/revisions"}],"predecessor-version":[{"id":19084,"href":"https:\/\/www.kompetensforetagen.se\/api\/wp\/v2\/posts\/19082\/revisions\/19084"}],"wp:featuredmedia":[{"embeddable":true,"href":"https:\/\/www.kompetensforetagen.se\/api\/wp\/v2\/media\/19063"}],"wp:attachment":[{"href":"https:\/\/www.kompetensforetagen.se\/api\/wp\/v2\/media?parent=19082"}],"wp:term":[{"taxonomy":"category","embeddable":true,"href":"https:\/\/www.kompetensforetagen.se\/api\/wp\/v2\/categories?post=19082"},{"taxonomy":"post_tag","embeddable":true,"href":"https:\/\/www.kompetensforetagen.se\/api\/wp\/v2\/tags?post=19082"},{"taxonomy":"type","embeddable":true,"href":"https:\/\/www.kompetensforetagen.se\/api\/wp\/v2\/article_type?post=19082"},{"taxonomy":"agreement","embeddable":true,"href":"https:\/\/www.kompetensforetagen.se\/api\/wp\/v2\/agreement?post=19082"},{"taxonomy":"for-members","embeddable":true,"href":"https:\/\/www.kompetensforetagen.se\/api\/wp\/v2\/for-members?post=19082"}],"curies":[{"name":"wp","href":"https:\/\/api.w.org\/{rel}","templated":true}]}}