{"id":19028,"date":"2024-12-12T19:50:50","date_gmt":"2024-12-12T18:50:50","guid":{"rendered":"https:\/\/www.kompetensforetagen.se\/?p=19028"},"modified":"2025-12-15T11:05:42","modified_gmt":"2025-12-15T10:05:42","slug":"inspelning-fran-avtalsupptakt","status":"publish","type":"post","link":"https:\/\/www.kompetensforetagen.se\/2024\/12\/inspelning-fran-avtalsupptakt\/","title":{"rendered":"Avtalsupptakt (f\u00f6r medlemmar)"},"content":{"rendered":"<p class=\"intro\">Under 2025 ska de flesta av Kompetensf\u00f6retagens kollektivavtal f\u00f6rhandlas om. Under webbinariet den 12 december gick\u00a0<mark><strong>Johan Huldt<\/strong><\/mark>\u00a0(f\u00f6rhandlingschef) och\u00a0<strong><mark>Daniel Hjorth<\/mark><\/strong>\u00a0(arbetsr\u00e4ttsexpert) igenom vad en avtalsr\u00f6relse inneb\u00e4r och hur du som medlemsf\u00f6retag kan p\u00e5verka.<\/p>\n\n<p>P\u00e5 l\u00e4nkarna nedan hittar du inspelningen och presentationen.<\/p>\n\n\n\n      <a href=\"https:\/\/www.kompetensforetagen.se\/app\/uploads\/sites\/5\/2024\/12\/241212-Infor-avtal-2025.pdf\" target=\"\" class=\"Button is-button is-style-fill has-green-background-color has-green-border-color has-white-color Button--arrow-tip\">\n      \n        H\u00e4r hittar du presentationen\n      \n      \n                \n                <svg class='icon icon--arrow-tip'  width=\"11\" height=\"16\" viewBox=\"0 0 11 16\" fill=\"none\" xmlns=\"http:\/\/www.w3.org\/2000\/svg\">\n<path d=\"M0.858398 15L9.2304 7.99664L0.967732 1.00001\" stroke=\"black\" stroke-width=\"2\" stroke-miterlimit=\"10\"\/>\n<\/svg>\n\n        \n    <\/a>\n  \n\n\n\n      <a href=\"https:\/\/youtu.be\/8hUjLeC9vOc\" target=\"\" class=\"Button is-button is-style-fill has-black-background-color has-black-border-color has-white-color Button--arrow-tip\">\n      \n        H\u00e4r hittar du inspelningen\n      \n      \n                \n                <svg class='icon icon--arrow-tip'  width=\"11\" height=\"16\" viewBox=\"0 0 11 16\" fill=\"none\" xmlns=\"http:\/\/www.w3.org\/2000\/svg\">\n<path d=\"M0.858398 15L9.2304 7.99664L0.967732 1.00001\" stroke=\"black\" stroke-width=\"2\" stroke-miterlimit=\"10\"\/>\n<\/svg>\n\n        \n    <\/a>\n  \n","protected":false},"excerpt":{"rendered":"<p>P\u00e5 l\u00e4nkarna nedan hittar du inspelningen och presentationen.<\/p>\n","protected":false},"author":222,"featured_media":19032,"comment_status":"closed","ping_status":"closed","sticky":false,"template":"","format":"standard","meta":{"_acf_changed":false,"footnotes":""},"categories":[13],"tags":[],"article_type":[182],"agreement":[42],"for-members":[],"class_list":["post-19028","post","type-post","status-publish","format-standard","has-post-thumbnail","hentry","category-avtalsrorelse","type-medlemsnyhet","agreement-9cce80f7-ff07-de11-b4e1-02bf9e69ca65"],"acf":[],"yoast_head":"<!-- This site is optimized with the Yoast SEO Premium plugin v26.8 (Yoast SEO v26.8) - https:\/\/yoast.com\/product\/yoast-seo-premium-wordpress\/ -->\n<title>Avtalsupptakt (f\u00f6r medlemmar) - Kompetensf\u00f6retagen<\/title>\n<meta name=\"description\" content=\"Missade du avtalsupptakten? Se inspelningen h\u00e4r och ta del av informationen inf\u00f6r den kommande avtalsr\u00f6relsen.\" \/>\n<meta name=\"robots\" content=\"index, follow, max-snippet:-1, max-image-preview:large, max-video-preview:-1\" \/>\n<link rel=\"canonical\" href=\"https:\/\/www.kompetensforetagen.se\/2024\/12\/inspelning-fran-avtalsupptakt\/\" \/>\n<meta property=\"og:locale\" content=\"sv_SE\" \/>\n<meta property=\"og:type\" content=\"article\" \/>\n<meta property=\"og:title\" content=\"Avtalsupptakt (f\u00f6r medlemmar)\" \/>\n<meta property=\"og:description\" content=\"Missade du avtalsupptakten? Se inspelningen h\u00e4r och ta del av informationen inf\u00f6r den kommande avtalsr\u00f6relsen.\" \/>\n<meta property=\"og:url\" content=\"https:\/\/www.kompetensforetagen.se\/2024\/12\/inspelning-fran-avtalsupptakt\/\" \/>\n<meta property=\"og:site_name\" content=\"Kompetensf\u00f6retagen\" \/>\n<meta property=\"article:published_time\" content=\"2024-12-12T18:50:50+00:00\" \/>\n<meta property=\"article:modified_time\" content=\"2025-12-15T10:05:42+00:00\" \/>\n<meta property=\"og:image\" content=\"https:\/\/www.kompetensforetagen.se\/app\/uploads\/sites\/5\/2024\/12\/framsida.png\" \/>\n\t<meta property=\"og:image:width\" content=\"1600\" \/>\n\t<meta property=\"og:image:height\" content=\"900\" \/>\n\t<meta property=\"og:image:type\" content=\"image\/png\" \/>\n<meta name=\"author\" content=\"Fredric Sk\u00e4lstad\" \/>\n<meta name=\"twitter:card\" content=\"summary_large_image\" \/>\n<meta name=\"twitter:label1\" content=\"Skriven av\" \/>\n\t<meta name=\"twitter:data1\" content=\"Fredric Sk\u00e4lstad\" \/>\n\t<meta name=\"twitter:label2\" content=\"Ber\u00e4knad l\u00e4stid\" \/>\n\t<meta name=\"twitter:data2\" content=\"1 minut\" \/>\n<!-- \/ Yoast SEO Premium plugin. -->","yoast_head_json":{"title":"Avtalsupptakt (f\u00f6r medlemmar) - Kompetensf\u00f6retagen","description":"Missade du avtalsupptakten? Se inspelningen h\u00e4r och ta del av informationen inf\u00f6r den kommande avtalsr\u00f6relsen.","robots":{"index":"index","follow":"follow","max-snippet":"max-snippet:-1","max-image-preview":"max-image-preview:large","max-video-preview":"max-video-preview:-1"},"canonical":"https:\/\/www.kompetensforetagen.se\/2024\/12\/inspelning-fran-avtalsupptakt\/","og_locale":"sv_SE","og_type":"article","og_title":"Avtalsupptakt (f\u00f6r medlemmar)","og_description":"Missade du avtalsupptakten? Se inspelningen h\u00e4r och ta del av informationen inf\u00f6r den kommande avtalsr\u00f6relsen.","og_url":"https:\/\/www.kompetensforetagen.se\/2024\/12\/inspelning-fran-avtalsupptakt\/","og_site_name":"Kompetensf\u00f6retagen","article_published_time":"2024-12-12T18:50:50+00:00","article_modified_time":"2025-12-15T10:05:42+00:00","og_image":[{"width":1600,"height":900,"url":"https:\/\/www.kompetensforetagen.se\/app\/uploads\/sites\/5\/2024\/12\/framsida.png","type":"image\/png"}],"author":"Fredric Sk\u00e4lstad","twitter_card":"summary_large_image","twitter_misc":{"Skriven av":"Fredric Sk\u00e4lstad","Ber\u00e4knad l\u00e4stid":"1 minut"},"schema":{"@context":"https:\/\/schema.org","@graph":[{"@type":"Article","@id":"https:\/\/www.kompetensforetagen.se\/2024\/12\/inspelning-fran-avtalsupptakt\/#article","isPartOf":{"@id":"https:\/\/www.kompetensforetagen.se\/2024\/12\/inspelning-fran-avtalsupptakt\/"},"author":{"name":"Fredric Sk\u00e4lstad","@id":"https:\/\/www.kompetensforetagen.se\/#\/schema\/person\/72cd48bb411dea15e40f11d726e9eeeb"},"headline":"Avtalsupptakt (f\u00f6r medlemmar)","datePublished":"2024-12-12T18:50:50+00:00","dateModified":"2025-12-15T10:05:42+00:00","mainEntityOfPage":{"@id":"https:\/\/www.kompetensforetagen.se\/2024\/12\/inspelning-fran-avtalsupptakt\/"},"wordCount":13,"publisher":{"@id":"https:\/\/www.kompetensforetagen.se\/#organization"},"image":{"@id":"https:\/\/www.kompetensforetagen.se\/2024\/12\/inspelning-fran-avtalsupptakt\/#primaryimage"},"thumbnailUrl":"https:\/\/www.kompetensforetagen.se\/app\/uploads\/sites\/5\/2024\/12\/framsida.png","articleSection":["Avtalsr\u00f6relse"],"inLanguage":"sv-SE"},{"@type":"WebPage","@id":"https:\/\/www.kompetensforetagen.se\/2024\/12\/inspelning-fran-avtalsupptakt\/","url":"https:\/\/www.kompetensforetagen.se\/2024\/12\/inspelning-fran-avtalsupptakt\/","name":"Avtalsupptakt (f\u00f6r medlemmar) - Kompetensf\u00f6retagen","isPartOf":{"@id":"https:\/\/www.kompetensforetagen.se\/#website"},"primaryImageOfPage":{"@id":"https:\/\/www.kompetensforetagen.se\/2024\/12\/inspelning-fran-avtalsupptakt\/#primaryimage"},"image":{"@id":"https:\/\/www.kompetensforetagen.se\/2024\/12\/inspelning-fran-avtalsupptakt\/#primaryimage"},"thumbnailUrl":"https:\/\/www.kompetensforetagen.se\/app\/uploads\/sites\/5\/2024\/12\/framsida.png","datePublished":"2024-12-12T18:50:50+00:00","dateModified":"2025-12-15T10:05:42+00:00","description":"Missade du avtalsupptakten? Se inspelningen h\u00e4r och ta del av informationen inf\u00f6r den kommande avtalsr\u00f6relsen.","breadcrumb":{"@id":"https:\/\/www.kompetensforetagen.se\/2024\/12\/inspelning-fran-avtalsupptakt\/#breadcrumb"},"inLanguage":"sv-SE","potentialAction":[{"@type":"ReadAction","target":["https:\/\/www.kompetensforetagen.se\/2024\/12\/inspelning-fran-avtalsupptakt\/"]}]},{"@type":"ImageObject","inLanguage":"sv-SE","@id":"https:\/\/www.kompetensforetagen.se\/2024\/12\/inspelning-fran-avtalsupptakt\/#primaryimage","url":"https:\/\/www.kompetensforetagen.se\/app\/uploads\/sites\/5\/2024\/12\/framsida.png","contentUrl":"https:\/\/www.kompetensforetagen.se\/app\/uploads\/sites\/5\/2024\/12\/framsida.png","width":1600,"height":900,"caption":"Kompetensf\u00f6retagens webbinarium: inf\u00f6r avtal 2025"},{"@type":"BreadcrumbList","@id":"https:\/\/www.kompetensforetagen.se\/2024\/12\/inspelning-fran-avtalsupptakt\/#breadcrumb","itemListElement":[{"@type":"ListItem","position":1,"name":"Home","item":"https:\/\/www.kompetensforetagen.se\/"},{"@type":"ListItem","position":2,"name":"Avtalsupptakt (f\u00f6r medlemmar)"}]},{"@type":"WebSite","@id":"https:\/\/www.kompetensforetagen.se\/#website","url":"https:\/\/www.kompetensforetagen.se\/","name":"Kompetensf\u00f6retagen","description":"R\u00e4tt person p\u00e5 r\u00e4tt plats kan f\u00f6r\u00e4ndra v\u00e4rlden","publisher":{"@id":"https:\/\/www.kompetensforetagen.se\/#organization"},"potentialAction":[{"@type":"SearchAction","target":{"@type":"EntryPoint","urlTemplate":"https:\/\/www.kompetensforetagen.se\/?s={search_term_string}"},"query-input":{"@type":"PropertyValueSpecification","valueRequired":true,"valueName":"search_term_string"}}],"inLanguage":"sv-SE"},{"@type":"Organization","@id":"https:\/\/www.kompetensforetagen.se\/#organization","name":"Kompetensf\u00f6retagen","url":"https:\/\/www.kompetensforetagen.se\/","logo":{"@type":"ImageObject","inLanguage":"sv-SE","@id":"https:\/\/www.kompetensforetagen.se\/#\/schema\/logo\/image\/","url":"https:\/\/www.kompetensforetagen.se\/app\/uploads\/sites\/5\/2022\/10\/logga_svart.png","contentUrl":"https:\/\/www.kompetensforetagen.se\/app\/uploads\/sites\/5\/2022\/10\/logga_svart.png","width":752,"height":64,"caption":"Kompetensf\u00f6retagen"},"image":{"@id":"https:\/\/www.kompetensforetagen.se\/#\/schema\/logo\/image\/"},"sameAs":["https:\/\/www.linkedin.com\/company\/10540032\/"]},{"@type":"Person","@id":"https:\/\/www.kompetensforetagen.se\/#\/schema\/person\/72cd48bb411dea15e40f11d726e9eeeb","name":"Fredric Sk\u00e4lstad","image":{"@type":"ImageObject","inLanguage":"sv-SE","@id":"https:\/\/www.kompetensforetagen.se\/#\/schema\/person\/image\/","url":"https:\/\/secure.gravatar.com\/avatar\/64f20bf3ac13c78aedd6054f495d1a00b38234d6bf532fa3b1cb3ff0bcc24f8d?s=96&d=mm&r=g","contentUrl":"https:\/\/secure.gravatar.com\/avatar\/64f20bf3ac13c78aedd6054f495d1a00b38234d6bf532fa3b1cb3ff0bcc24f8d?s=96&d=mm&r=g","caption":"Fredric Sk\u00e4lstad"},"description":"Fredric \u00e4r n\u00e4ringspolitisk chef p\u00e5 Kompetensf\u00f6retagen.","url":"https:\/\/www.kompetensforetagen.se\/person\/fredricskalstad\/"}]}},"_links":{"self":[{"href":"https:\/\/www.kompetensforetagen.se\/api\/wp\/v2\/posts\/19028","targetHints":{"allow":["GET"]}}],"collection":[{"href":"https:\/\/www.kompetensforetagen.se\/api\/wp\/v2\/posts"}],"about":[{"href":"https:\/\/www.kompetensforetagen.se\/api\/wp\/v2\/types\/post"}],"author":[{"embeddable":true,"href":"https:\/\/www.kompetensforetagen.se\/api\/wp\/v2\/users\/222"}],"replies":[{"embeddable":true,"href":"https:\/\/www.kompetensforetagen.se\/api\/wp\/v2\/comments?post=19028"}],"version-history":[{"count":3,"href":"https:\/\/www.kompetensforetagen.se\/api\/wp\/v2\/posts\/19028\/revisions"}],"predecessor-version":[{"id":19039,"href":"https:\/\/www.kompetensforetagen.se\/api\/wp\/v2\/posts\/19028\/revisions\/19039"}],"wp:featuredmedia":[{"embeddable":true,"href":"https:\/\/www.kompetensforetagen.se\/api\/wp\/v2\/media\/19032"}],"wp:attachment":[{"href":"https:\/\/www.kompetensforetagen.se\/api\/wp\/v2\/media?parent=19028"}],"wp:term":[{"taxonomy":"category","embeddable":true,"href":"https:\/\/www.kompetensforetagen.se\/api\/wp\/v2\/categories?post=19028"},{"taxonomy":"post_tag","embeddable":true,"href":"https:\/\/www.kompetensforetagen.se\/api\/wp\/v2\/tags?post=19028"},{"taxonomy":"type","embeddable":true,"href":"https:\/\/www.kompetensforetagen.se\/api\/wp\/v2\/article_type?post=19028"},{"taxonomy":"agreement","embeddable":true,"href":"https:\/\/www.kompetensforetagen.se\/api\/wp\/v2\/agreement?post=19028"},{"taxonomy":"for-members","embeddable":true,"href":"https:\/\/www.kompetensforetagen.se\/api\/wp\/v2\/for-members?post=19028"}],"curies":[{"name":"wp","href":"https:\/\/api.w.org\/{rel}","templated":true}]}}