{"id":18835,"date":"2024-12-09T08:15:00","date_gmt":"2024-12-09T07:15:00","guid":{"rendered":"https:\/\/www.kompetensforetagen.se\/?p=18835"},"modified":"2025-12-15T11:16:15","modified_gmt":"2025-12-15T10:16:15","slug":"meritmind-ar-vart-1-000e-medlemforetag","status":"publish","type":"post","link":"https:\/\/www.kompetensforetagen.se\/2024\/12\/meritmind-ar-vart-1-000e-medlemforetag\/","title":{"rendered":"MeritMind \u00e4r v\u00e5rt 1000:e medlem&shy;f\u00f6retag"},"content":{"rendered":"<p class=\"intro\">MeritMind \u00e4r specialister p\u00e5 rekrytering och bemanning inom ekonomiomr\u00e5det. De har 25 \u00e5rs erfarenhet inom branschen och \u00e4r Kompetensf\u00f6retagens tusende medlemsf\u00f6retag.<br \/>\n\u2013Medlemskapet ger en arbetsr\u00e4ttslig trygghet i en allt mer komplicerad lagstiftning, inte minst med 24-m\u00e5nadersregeln i uthyrningslagen. Vi vill ocks\u00e5 vara med i diskussionen om att utveckla branschen och fr\u00e5gor som p\u00e5verkar oss arbetsgivare, s\u00e4ger Johanna Berg, HR-partner p\u00e5 Meritmind.<\/p>\n\n<p><strong>Den klassiska sportfr\u00e5gan: Hur k\u00e4nns det?<\/strong><\/p>\n\n\n\n<p>\u2013Det k\u00e4nns j\u00e4ttekul att bli medlemmar i Kompetensf\u00f6retagen och extra kul s\u00e5 klart att pricka in att bli det tusende medlemsf\u00f6retaget. Vi har under m\u00e5nga \u00e5r haft kollektivavtal direkt med Unionen, men ser fram emot den kunskap och gemenskap som Kompetensf\u00f6retagen erbjuder oss som f\u00f6retag.<\/p>\n\n\n\n<p><strong>Vad g\u00f6r ni p\u00e5 MeritMind?<\/strong><\/p>\n\n\n\n<p>\u2013 Meritmind \u00e4r specialister inom CFO:s ansvarsomr\u00e5de. Vi har ett stort n\u00e4tverk av skarpa ekonomikonsulter. Med tr\u00e4ffs\u00e4ker rekrytering hj\u00e4lper vi m\u00e4nniskor och f\u00f6retag att lyckas inom ekonomiomr\u00e5det.<\/p>\n\n\n\n<p>\u201325 \u00e5rs erfarenhet har gjort oss till en ledstj\u00e4rna, b\u00e5de f\u00f6r f\u00f6retag i behov av expertis och f\u00f6r ekonomer som vill tillh\u00f6ra ett sammanhang d\u00e4r utveckling och omt\u00e4nksamhet st\u00e5r i centrum.<\/p>\n\n\n\n<p><strong>Var finns ni i landet?<\/strong><\/p>\n\n\n\n<p>\u2013 Meritmind har kontor i Stockholm, G\u00f6teborg, Malm\u00f6, Uppsala, Link\u00f6ping V\u00e4ster\u00e5s och J\u00f6nk\u00f6ping varifr\u00e5n vi hj\u00e4lper verksamheter \u00f6ver hela Sverige.<\/p>\n\n\n\n<blockquote class=\"wp-block-quote is-layout-flow wp-block-quote-is-layout-flow\">\n<p>Processen f\u00f6r att bli medlem har fungerat fl\u00e4ckfritt. Sedan f\u00f6rsta dagen har vi f\u00e5tt proffsig hj\u00e4lp.<\/p>\n<\/blockquote>\n\n\n\n<p><strong>Varf\u00f6r har ni blivit medlemmar?<\/strong><\/p>\n\n\n\n<p>\u2013Det finns m\u00e5nga anledningar till v\u00e5rt medlemskap. Dels s\u00e5 ser vi f\u00f6rdelen i att ha en arbetsr\u00e4ttslig trygghet i en allt mer komplicerad  lagstiftning, inte minst nu med Uthyrningslagens 24-m\u00e5nadersregel. Vi ser ocks\u00e5 en f\u00f6rdel i att f\u00e5 ta del av diskussioner om att utveckla branschen och fr\u00e5gor som p\u00e5verkar oss arbetsgivare.<\/p>\n\n\n\n<p><strong>Hur har processen fungerat?<\/strong><\/p>\n\n\n\n<p>\u2013 Processen med medlemskap har fungerat fl\u00e4ckfritt tack vare duktigt och engagerade medarbetare p\u00e5 Almega! Jag fick ov\u00e4rderlig hj\u00e4lp av Lotta Tumlare p\u00e5 Medlemsrekryteringen med allt fr\u00e5n f\u00f6rs\u00e4kringsfr\u00e5gor till sj\u00e4lva anm\u00e4lan. Sen har jag sedan f\u00f6rsta dagen \u00e4ven f\u00e5tt proffsig hj\u00e4lp fr\u00e5n bla. Rebecca Henriques och Anna-Karin Reuter g\u00e4llande kollektivavtalet och arbetsr\u00e4ttsliga fr\u00e5gor. \u00c4ven f\u00f6rbundsdirekt\u00f6r Patrik Eidfelt har varit en stor hj\u00e4lp och svarat p\u00e5 m\u00e5nga av mina fr\u00e5gor och verkligen f\u00e5tt oss att k\u00e4nna oss v\u00e4lkomna som medlemmar. Jag ser fram emot m\u00e5nga \u00e5rs bra samarbete.<\/p>\n\n\n\n<p><strong>Kommer ni att p\u00e5b\u00f6rja processen f\u00f6r att bli auktoriserade?<\/strong><\/p>\n\n\n\n<p>\u2013 Vi ska absolut som ett n\u00e4sta steg se \u00f6ver processen om att bli auktoriserade inom de delar d\u00e4r vi verkar.<\/p>\n\n\n\n      <a href=\"https:\/\/www.kompetensforetagen.se\/bli-medlem-2\/\" target=\"\" class=\"Button is-button is-fullwidth is-style-fill has-black-background-color has-black-border-color has-white-color Button--arrow-tip white-space-nowrap\">\n      \n        Bli medlem\n      \n      \n                \n                <svg class='icon icon--arrow-tip'  width=\"11\" height=\"16\" viewBox=\"0 0 11 16\" fill=\"none\" xmlns=\"http:\/\/www.w3.org\/2000\/svg\">\n<path d=\"M0.858398 15L9.2304 7.99664L0.967732 1.00001\" stroke=\"black\" stroke-width=\"2\" stroke-miterlimit=\"10\"\/>\n<\/svg>\n\n        \n    <\/a>\n  \n","protected":false},"excerpt":{"rendered":"<p>Den klassiska sportfr\u00e5gan: Hur k\u00e4nns det? \u2013Det k\u00e4nns j\u00e4ttekul att bli medlemmar i Kompetensf\u00f6retagen och extra kul s\u00e5 klart att pricka in att bli det tusende medlemsf\u00f6retaget. Vi har under m\u00e5nga \u00e5r haft kollektivavtal direkt &hellip;<\/p>\n","protected":false},"author":222,"featured_media":18836,"comment_status":"closed","ping_status":"closed","sticky":false,"template":"","format":"standard","meta":{"_acf_changed":false,"footnotes":""},"categories":[181],"tags":[],"article_type":[8],"agreement":[],"for-members":[],"class_list":["post-18835","post","type-post","status-publish","format-standard","has-post-thumbnail","hentry","category-medlemsnyhet","type-aktuellt"],"acf":[],"yoast_head":"<!-- This site is optimized with the Yoast SEO Premium plugin v26.8 (Yoast SEO v26.8) - https:\/\/yoast.com\/product\/yoast-seo-premium-wordpress\/ -->\n<title>MeritMind \u00e4r v\u00e5rt 1000:e medlemf\u00f6retag - Kompetensf\u00f6retagen<\/title>\n<meta name=\"description\" content=\"Vi firar 1 000 medlemsf\u00f6retag! Meritmind blev f\u00f6retaget som tog oss \u00f6ver gr\u00e4nsen. L\u00e4s om milstolpen och branschens tillv\u00e4xt.\" \/>\n<meta name=\"robots\" content=\"index, follow, max-snippet:-1, max-image-preview:large, max-video-preview:-1\" \/>\n<link rel=\"canonical\" href=\"https:\/\/www.kompetensforetagen.se\/2024\/12\/meritmind-ar-vart-1-000e-medlemforetag\/\" \/>\n<meta property=\"og:locale\" content=\"sv_SE\" \/>\n<meta property=\"og:type\" content=\"article\" \/>\n<meta property=\"og:title\" content=\"MeritMind \u00e4r v\u00e5rt 1000:e medlemf\u00f6retag\" \/>\n<meta property=\"og:description\" content=\"Vi firar 1 000 medlemsf\u00f6retag! Meritmind blev f\u00f6retaget som tog oss \u00f6ver gr\u00e4nsen. L\u00e4s om milstolpen och branschens tillv\u00e4xt.\" \/>\n<meta property=\"og:url\" content=\"https:\/\/www.kompetensforetagen.se\/2024\/12\/meritmind-ar-vart-1-000e-medlemforetag\/\" \/>\n<meta property=\"og:site_name\" content=\"Kompetensf\u00f6retagen\" \/>\n<meta property=\"article:published_time\" content=\"2024-12-09T07:15:00+00:00\" \/>\n<meta property=\"article:modified_time\" content=\"2025-12-15T10:16:15+00:00\" \/>\n<meta property=\"og:image\" content=\"https:\/\/www.kompetensforetagen.se\/app\/uploads\/sites\/5\/2024\/12\/Medlemscase-hemsida.png\" \/>\n\t<meta property=\"og:image:width\" content=\"1900\" \/>\n\t<meta property=\"og:image:height\" content=\"1000\" \/>\n\t<meta property=\"og:image:type\" content=\"image\/png\" \/>\n<meta name=\"author\" content=\"Fredric Sk\u00e4lstad\" \/>\n<meta name=\"twitter:card\" content=\"summary_large_image\" \/>\n<meta name=\"twitter:label1\" content=\"Skriven av\" \/>\n\t<meta name=\"twitter:data1\" content=\"Fredric Sk\u00e4lstad\" \/>\n\t<meta name=\"twitter:label2\" content=\"Ber\u00e4knad l\u00e4stid\" \/>\n\t<meta name=\"twitter:data2\" content=\"2 minuter\" \/>\n<!-- \/ Yoast SEO Premium plugin. -->","yoast_head_json":{"title":"MeritMind \u00e4r v\u00e5rt 1000:e medlemf\u00f6retag - Kompetensf\u00f6retagen","description":"Vi firar 1 000 medlemsf\u00f6retag! Meritmind blev f\u00f6retaget som tog oss \u00f6ver gr\u00e4nsen. L\u00e4s om milstolpen och branschens tillv\u00e4xt.","robots":{"index":"index","follow":"follow","max-snippet":"max-snippet:-1","max-image-preview":"max-image-preview:large","max-video-preview":"max-video-preview:-1"},"canonical":"https:\/\/www.kompetensforetagen.se\/2024\/12\/meritmind-ar-vart-1-000e-medlemforetag\/","og_locale":"sv_SE","og_type":"article","og_title":"MeritMind \u00e4r v\u00e5rt 1000:e medlemf\u00f6retag","og_description":"Vi firar 1 000 medlemsf\u00f6retag! Meritmind blev f\u00f6retaget som tog oss \u00f6ver gr\u00e4nsen. L\u00e4s om milstolpen och branschens tillv\u00e4xt.","og_url":"https:\/\/www.kompetensforetagen.se\/2024\/12\/meritmind-ar-vart-1-000e-medlemforetag\/","og_site_name":"Kompetensf\u00f6retagen","article_published_time":"2024-12-09T07:15:00+00:00","article_modified_time":"2025-12-15T10:16:15+00:00","og_image":[{"width":1900,"height":1000,"url":"https:\/\/www.kompetensforetagen.se\/app\/uploads\/sites\/5\/2024\/12\/Medlemscase-hemsida.png","type":"image\/png"}],"author":"Fredric Sk\u00e4lstad","twitter_card":"summary_large_image","twitter_misc":{"Skriven av":"Fredric Sk\u00e4lstad","Ber\u00e4knad l\u00e4stid":"2 minuter"},"schema":{"@context":"https:\/\/schema.org","@graph":[{"@type":"Article","@id":"https:\/\/www.kompetensforetagen.se\/2024\/12\/meritmind-ar-vart-1-000e-medlemforetag\/#article","isPartOf":{"@id":"https:\/\/www.kompetensforetagen.se\/2024\/12\/meritmind-ar-vart-1-000e-medlemforetag\/"},"author":{"name":"Fredric Sk\u00e4lstad","@id":"https:\/\/www.kompetensforetagen.se\/#\/schema\/person\/72cd48bb411dea15e40f11d726e9eeeb"},"headline":"MeritMind \u00e4r v\u00e5rt 1000:e medlem&shy;f\u00f6retag","datePublished":"2024-12-09T07:15:00+00:00","dateModified":"2025-12-15T10:16:15+00:00","mainEntityOfPage":{"@id":"https:\/\/www.kompetensforetagen.se\/2024\/12\/meritmind-ar-vart-1-000e-medlemforetag\/"},"wordCount":415,"publisher":{"@id":"https:\/\/www.kompetensforetagen.se\/#organization"},"image":{"@id":"https:\/\/www.kompetensforetagen.se\/2024\/12\/meritmind-ar-vart-1-000e-medlemforetag\/#primaryimage"},"thumbnailUrl":"https:\/\/www.kompetensforetagen.se\/app\/uploads\/sites\/5\/2024\/12\/Medlemscase-hemsida.png","articleSection":["Medlemsnyhet"],"inLanguage":"sv-SE"},{"@type":"WebPage","@id":"https:\/\/www.kompetensforetagen.se\/2024\/12\/meritmind-ar-vart-1-000e-medlemforetag\/","url":"https:\/\/www.kompetensforetagen.se\/2024\/12\/meritmind-ar-vart-1-000e-medlemforetag\/","name":"MeritMind \u00e4r v\u00e5rt 1000:e medlemf\u00f6retag - Kompetensf\u00f6retagen","isPartOf":{"@id":"https:\/\/www.kompetensforetagen.se\/#website"},"primaryImageOfPage":{"@id":"https:\/\/www.kompetensforetagen.se\/2024\/12\/meritmind-ar-vart-1-000e-medlemforetag\/#primaryimage"},"image":{"@id":"https:\/\/www.kompetensforetagen.se\/2024\/12\/meritmind-ar-vart-1-000e-medlemforetag\/#primaryimage"},"thumbnailUrl":"https:\/\/www.kompetensforetagen.se\/app\/uploads\/sites\/5\/2024\/12\/Medlemscase-hemsida.png","datePublished":"2024-12-09T07:15:00+00:00","dateModified":"2025-12-15T10:16:15+00:00","description":"Vi firar 1 000 medlemsf\u00f6retag! Meritmind blev f\u00f6retaget som tog oss \u00f6ver gr\u00e4nsen. L\u00e4s om milstolpen och branschens tillv\u00e4xt.","breadcrumb":{"@id":"https:\/\/www.kompetensforetagen.se\/2024\/12\/meritmind-ar-vart-1-000e-medlemforetag\/#breadcrumb"},"inLanguage":"sv-SE","potentialAction":[{"@type":"ReadAction","target":["https:\/\/www.kompetensforetagen.se\/2024\/12\/meritmind-ar-vart-1-000e-medlemforetag\/"]}]},{"@type":"ImageObject","inLanguage":"sv-SE","@id":"https:\/\/www.kompetensforetagen.se\/2024\/12\/meritmind-ar-vart-1-000e-medlemforetag\/#primaryimage","url":"https:\/\/www.kompetensforetagen.se\/app\/uploads\/sites\/5\/2024\/12\/Medlemscase-hemsida.png","contentUrl":"https:\/\/www.kompetensforetagen.se\/app\/uploads\/sites\/5\/2024\/12\/Medlemscase-hemsida.png","width":1900,"height":1000,"caption":"MeritMind \u00e4r v\u00e5rt 1000:e medlemf\u00f6retag i Kompetensf\u00f6retagen."},{"@type":"BreadcrumbList","@id":"https:\/\/www.kompetensforetagen.se\/2024\/12\/meritmind-ar-vart-1-000e-medlemforetag\/#breadcrumb","itemListElement":[{"@type":"ListItem","position":1,"name":"Home","item":"https:\/\/www.kompetensforetagen.se\/"},{"@type":"ListItem","position":2,"name":"MeritMind \u00e4r v\u00e5rt 1000:e medlem&shy;f\u00f6retag"}]},{"@type":"WebSite","@id":"https:\/\/www.kompetensforetagen.se\/#website","url":"https:\/\/www.kompetensforetagen.se\/","name":"Kompetensf\u00f6retagen","description":"R\u00e4tt person p\u00e5 r\u00e4tt plats kan f\u00f6r\u00e4ndra v\u00e4rlden","publisher":{"@id":"https:\/\/www.kompetensforetagen.se\/#organization"},"potentialAction":[{"@type":"SearchAction","target":{"@type":"EntryPoint","urlTemplate":"https:\/\/www.kompetensforetagen.se\/?s={search_term_string}"},"query-input":{"@type":"PropertyValueSpecification","valueRequired":true,"valueName":"search_term_string"}}],"inLanguage":"sv-SE"},{"@type":"Organization","@id":"https:\/\/www.kompetensforetagen.se\/#organization","name":"Kompetensf\u00f6retagen","url":"https:\/\/www.kompetensforetagen.se\/","logo":{"@type":"ImageObject","inLanguage":"sv-SE","@id":"https:\/\/www.kompetensforetagen.se\/#\/schema\/logo\/image\/","url":"https:\/\/www.kompetensforetagen.se\/app\/uploads\/sites\/5\/2022\/10\/logga_svart.png","contentUrl":"https:\/\/www.kompetensforetagen.se\/app\/uploads\/sites\/5\/2022\/10\/logga_svart.png","width":752,"height":64,"caption":"Kompetensf\u00f6retagen"},"image":{"@id":"https:\/\/www.kompetensforetagen.se\/#\/schema\/logo\/image\/"},"sameAs":["https:\/\/www.linkedin.com\/company\/10540032\/"]},{"@type":"Person","@id":"https:\/\/www.kompetensforetagen.se\/#\/schema\/person\/72cd48bb411dea15e40f11d726e9eeeb","name":"Fredric Sk\u00e4lstad","image":{"@type":"ImageObject","inLanguage":"sv-SE","@id":"https:\/\/www.kompetensforetagen.se\/#\/schema\/person\/image\/","url":"https:\/\/secure.gravatar.com\/avatar\/64f20bf3ac13c78aedd6054f495d1a00b38234d6bf532fa3b1cb3ff0bcc24f8d?s=96&d=mm&r=g","contentUrl":"https:\/\/secure.gravatar.com\/avatar\/64f20bf3ac13c78aedd6054f495d1a00b38234d6bf532fa3b1cb3ff0bcc24f8d?s=96&d=mm&r=g","caption":"Fredric Sk\u00e4lstad"},"description":"Fredric \u00e4r n\u00e4ringspolitisk chef p\u00e5 Kompetensf\u00f6retagen.","url":"https:\/\/www.kompetensforetagen.se\/person\/fredricskalstad\/"}]}},"_links":{"self":[{"href":"https:\/\/www.kompetensforetagen.se\/api\/wp\/v2\/posts\/18835","targetHints":{"allow":["GET"]}}],"collection":[{"href":"https:\/\/www.kompetensforetagen.se\/api\/wp\/v2\/posts"}],"about":[{"href":"https:\/\/www.kompetensforetagen.se\/api\/wp\/v2\/types\/post"}],"author":[{"embeddable":true,"href":"https:\/\/www.kompetensforetagen.se\/api\/wp\/v2\/users\/222"}],"replies":[{"embeddable":true,"href":"https:\/\/www.kompetensforetagen.se\/api\/wp\/v2\/comments?post=18835"}],"version-history":[{"count":4,"href":"https:\/\/www.kompetensforetagen.se\/api\/wp\/v2\/posts\/18835\/revisions"}],"predecessor-version":[{"id":18899,"href":"https:\/\/www.kompetensforetagen.se\/api\/wp\/v2\/posts\/18835\/revisions\/18899"}],"wp:featuredmedia":[{"embeddable":true,"href":"https:\/\/www.kompetensforetagen.se\/api\/wp\/v2\/media\/18836"}],"wp:attachment":[{"href":"https:\/\/www.kompetensforetagen.se\/api\/wp\/v2\/media?parent=18835"}],"wp:term":[{"taxonomy":"category","embeddable":true,"href":"https:\/\/www.kompetensforetagen.se\/api\/wp\/v2\/categories?post=18835"},{"taxonomy":"post_tag","embeddable":true,"href":"https:\/\/www.kompetensforetagen.se\/api\/wp\/v2\/tags?post=18835"},{"taxonomy":"type","embeddable":true,"href":"https:\/\/www.kompetensforetagen.se\/api\/wp\/v2\/article_type?post=18835"},{"taxonomy":"agreement","embeddable":true,"href":"https:\/\/www.kompetensforetagen.se\/api\/wp\/v2\/agreement?post=18835"},{"taxonomy":"for-members","embeddable":true,"href":"https:\/\/www.kompetensforetagen.se\/api\/wp\/v2\/for-members?post=18835"}],"curies":[{"name":"wp","href":"https:\/\/api.w.org\/{rel}","templated":true}]}}