{"id":18758,"date":"2024-11-27T08:15:00","date_gmt":"2024-11-27T07:15:00","guid":{"rendered":"https:\/\/www.kompetensforetagen.se\/?p=18758"},"modified":"2025-12-15T11:23:07","modified_gmt":"2025-12-15T10:23:07","slug":"traffa-nima-astanehdost-ny-vd-pa-randstad","status":"publish","type":"post","link":"https:\/\/www.kompetensforetagen.se\/2024\/11\/traffa-nima-astanehdost-ny-vd-pa-randstad\/","title":{"rendered":"Tr\u00e4ffa Nima Astanehdost, ny vd p\u00e5 Randstad"},"content":{"rendered":"<p class=\"intro\">Sedan \u00e5rsskiftet \u00e4r Nima Astanehdost, ny vd f\u00f6r Randstad i Sverige. Men han har en l\u00e5ng bakgrund inom Randstad och den danska bemanningsbranschen.<br \/>\n\u2013 24-m\u00e5nadersregeln inneb\u00e4r ett tapp p\u00e5 bemanningsmarknaden under de kommande 18 m\u00e5naderna. Tillsammans m\u00e5ste vi forts\u00e4tta att prioritera fr\u00e5gor som st\u00e4rker branschens konkurrenskraft och l\u00e5ngsiktiga utveckling, s\u00e4ger Nima Astanehdost.<\/p>\n\n<p><strong>Du \u00e4r sedan \u00e5rsskiftet ny vd p\u00e5 Randstad, ber\u00e4tta om din bakgrund!<\/strong><\/p>\n\n\n\n<p>\u2013Jag b\u00f6rjade p\u00e5 Randstad redan 2001, faktiskt som studentmedarbetare. Sen dess har jag haft m\u00f6jligheten att arbeta mig upp inom f\u00f6retaget i flera olika roller, bland annat som rekryteringskonsult och manager. \u00c5r 2016 blev jag vd f\u00f6r Randstad i Danmark och \u00e4r sedan sju \u00e5r tillbaka ocks\u00e5 en del av styrelsen f\u00f6r Dansk Erhverv, som motsvarar Kompetensf\u00f6retagen i Sverige.<\/p>\n\n\n\n<p>\u2013 Sedan \u00e5rsskiftet har jag nu ocks\u00e5 tagit mig an rollen som vd f\u00f6r Randstad Sverige, vilket innebar att jag och min familj flyttade hit i februari. Vi trivs v\u00e4ldigt bra! Den svenska marknaden och teamet h\u00e4r \u00e4r betydligt st\u00f6rre \u00e4n i Danmark, vilket g\u00f6r det extra sp\u00e4nnande.<\/p>\n\n\n\n<p><strong> I branschen \u00e4r 24-m\u00e5nadersregeln i uthyrningslagen en j\u00e4ttefr\u00e5ga, vilka effekter har ni sett?<\/strong><\/p>\n\n\n\n<p>\u2013 24-m\u00e5nadersregeln \u00e4r en av de st\u00f6rsta utmaningarna n\u00e5gonsin p\u00e5 den svenska marknaden. Den begr\u00e4nsar flexibiliteten f\u00f6r b\u00e5de kunder och talanger och vi f\u00f6rutsp\u00e5r att marknaden kommer tappa enormt mycket inom de n\u00e4rmaste 18 m\u00e5naderna, som en direkt konsekvens av det nya regelverket.&nbsp; P\u00e5 kort sikt har v\u00e4ldigt m\u00e5nga m\u00e4nniskor f\u00f6rlorat sina arbeten p\u00e5 grund av den nya lagen. Kunderna har f\u00e5tt erfara ett stort kompetenstapp och det har skapat mycket administrativt arbete f\u00f6r bemanningsbranschen, s\u00e5v\u00e4l som f\u00f6r fackf\u00f6rbunden och kundf\u00f6retagen.<\/p>\n\n\n\n<blockquote class=\"wp-block-quote is-layout-flow wp-block-quote-is-layout-flow\">\n<p>24-m\u00e5nadersregeln \u00e4r en av de st\u00f6rsta utmaningarna n\u00e5gonsin p\u00e5 den svenska marknaden. Den begr\u00e4nsar flexibiliteten f\u00f6r b\u00e5de kunder och talanger.<\/p>\n<\/blockquote>\n\n\n\n<p><strong>Vad tror du om branschens framtid?<\/strong><\/p>\n\n\n\n<p>\u2013 Jag tror fortsatt p\u00e5 behovet av flexibel arbetskraft i Sverige d\u00e5 arbetsmarknaden \u00e4r mycket h\u00e5rt reglerad &#8211; det h\u00e4nger alltid ihop.&nbsp; Men jag tror ocks\u00e5 att vi kommer se att v\u00e5ra kundf\u00f6retag ser \u00f6ver sina strategier f\u00f6r inhyrning av konsulter och kanske d\u00e4rmed kommer att minska andelen inhyrda konsulter med anledning av lagstiftningen. Men, d\u00e5 man fortfarande beh\u00f6ver flexibilitet s\u00e5 tror vi att behovet av paketerade tj\u00e4nste- och produktk\u00f6p kommer att \u00f6ka d\u00e4r man inte begr\u00e4nsas av inhyrning p\u00e5 24 m\u00e5nader p\u00e5 samma s\u00e4tt.<\/p>\n\n\n\n<p><strong>Du kommer fr\u00e5n Danmark och har d\u00e4rmed ett utifr\u00e5nperspektiv p\u00e5 den svenska branschen. Vilka \u00e4r dina intryck?<\/strong><\/p>\n\n\n\n<p>\u2013 Den svenska och danska marknaden \u00e4r v\u00e4ldigt olika. I Danmark skulle jag s\u00e4ga att det finns en h\u00f6gre grad av flexibilitet, b\u00e5de utifr\u00e5n ett internt och externt perspektiv. Efter den 1 oktober 2024 n\u00e4r 24-m\u00e5nadersregeln tr\u00e4dde i kraft kommer skillnaderna bli \u00e4nnu st\u00f6rre och flexibiliteten minskar \u00e4nnu mer.<\/p>\n\n\n\n<p><strong>Varf\u00f6r \u00e4r Randstad auktoriserade av Kompetensf\u00f6retagen?<\/strong><\/p>\n\n\n\n<p>\u2013 Auktorisationen fr\u00e5n Kompetensf\u00f6retagen \u00e4r en kvalitetsst\u00e4mpel f\u00f6r Randstad. Ursprungligen gav kollektivavtalen och auktorisationen branschen legitimitet och en gemensam plattform f\u00f6r att s\u00e4kerst\u00e4lla goda arbetsvillkor och st\u00e4rka f\u00f6rtroendet hos b\u00e5de kunder och talanger. Det \u00e4r fortsatt en viktig samlande kraft f\u00f6r branschen.<\/p>\n\n\n\n<blockquote class=\"wp-block-quote is-layout-flow wp-block-quote-is-layout-flow\">\n<p>Auktorisationen \u00e4r en kvalitetsst\u00e4mpel f\u00f6r Randstad. <\/p>\n<\/blockquote>\n\n\n\n<p><strong>Varf\u00f6r \u00e4r auktorisationen viktig f\u00f6r branschens anseende?<\/strong><\/p>\n\n\n\n<p>\u2013 Auktorisationen \u00e4r avg\u00f6rande f\u00f6r att uppr\u00e4tth\u00e5lla f\u00f6rtroendet f\u00f6r v\u00e5r bransch. Samtidigt ser vi att det finns viktiga fr\u00e5gor som p\u00e5verkar branschen, exempelvis 24-m\u00e5nadersregeln, d\u00e4r vi beh\u00f6ver ett \u00e4nnu tydligare och kraftfullare arbete f\u00f6r att driva f\u00f6r\u00e4ndring. Givet den nya 24-m\u00e5nadersregeln f\u00f6rv\u00e4ntar vi oss att marknaden kommer tappa de kommande 18 m\u00e5naderna och det kommer skada den svenska marknaden. Det \u00e4r d\u00e4rf\u00f6r viktigt att vi nu tillsammans forts\u00e4tter prioritera fr\u00e5gor som st\u00e4rker branschens konkurrenskraft och l\u00e5ngsiktiga utveckling.<\/p>\n\n\n\n<p><strong>Vad g\u00f6r du p\u00e5 fritiden och vad tror du om 2025?<\/strong><\/p>\n\n\n\n<p>\u2013Jag \u00e4lskar all typ av sport. L\u00f6pning, gym, padel och fotboll. Jag \u00e4r ett stort fan av Newcastle United! Jag tycker ocks\u00e5 mycket om att resa och uppt\u00e4cka v\u00e4rlden. Jag och min familj \u00e5ker alltid till Spanien p\u00e5 somrarna, och vi f\u00f6rs\u00f6ker resa s\u00e5 mycket som m\u00f6jligt. Under 2025 hoppas jag p\u00e5 ljusare framtidsutsikter och att ekonomin b\u00f6rjar \u00e5terh\u00e4mta sig p\u00e5 den europeiska marknaden, s\u00e4rskilt i Sverige. Detta skulle inte bara ge v\u00e5ra kunder m\u00f6jlighet att v\u00e4xa sina verksamheter, utan ocks\u00e5 skapa b\u00e4ttre f\u00f6ruts\u00e4ttningar f\u00f6r v\u00e5ra talanger att hitta och utvecklas i r\u00e4tt roller.<\/p>\n","protected":false},"excerpt":{"rendered":"<p>Du \u00e4r sedan \u00e5rsskiftet ny vd p\u00e5 Randstad, ber\u00e4tta om din bakgrund! \u2013Jag b\u00f6rjade p\u00e5 Randstad redan 2001, faktiskt som studentmedarbetare. Sen dess har jag haft m\u00f6jligheten att arbeta mig upp inom f\u00f6retaget i flera &hellip;<\/p>\n","protected":false},"author":222,"featured_media":18759,"comment_status":"closed","ping_status":"closed","sticky":false,"template":"","format":"standard","meta":{"_acf_changed":false,"footnotes":""},"categories":[17],"tags":[],"article_type":[8],"agreement":[],"for-members":[],"class_list":["post-18758","post","type-post","status-publish","format-standard","has-post-thumbnail","hentry","category-auktorisation","type-aktuellt"],"acf":[],"yoast_head":"<!-- This site is optimized with the Yoast SEO Premium plugin v26.8 (Yoast SEO v26.8) - https:\/\/yoast.com\/product\/yoast-seo-premium-wordpress\/ -->\n<title>Tr\u00e4ffa Nima Astanehdost, ny vd p\u00e5 Randstad - Kompetensf\u00f6retagen<\/title>\n<meta name=\"description\" content=\"Tr\u00e4ffa Nima Astanehdost, ny VD p\u00e5 Randstad. En intervju om hans nya roll och syn p\u00e5 branschens framtidsfr\u00e5gor.\" \/>\n<meta name=\"robots\" content=\"index, follow, max-snippet:-1, max-image-preview:large, max-video-preview:-1\" \/>\n<link rel=\"canonical\" href=\"https:\/\/www.kompetensforetagen.se\/2024\/11\/traffa-nima-astanehdost-ny-vd-pa-randstad\/\" \/>\n<meta property=\"og:locale\" content=\"sv_SE\" \/>\n<meta property=\"og:type\" content=\"article\" \/>\n<meta property=\"og:title\" content=\"Tr\u00e4ffa Nima Astanehdost, ny vd p\u00e5 Randstad\" \/>\n<meta property=\"og:description\" content=\"Tr\u00e4ffa Nima Astanehdost, ny VD p\u00e5 Randstad. En intervju om hans nya roll och syn p\u00e5 branschens framtidsfr\u00e5gor.\" \/>\n<meta property=\"og:url\" content=\"https:\/\/www.kompetensforetagen.se\/2024\/11\/traffa-nima-astanehdost-ny-vd-pa-randstad\/\" \/>\n<meta property=\"og:site_name\" content=\"Kompetensf\u00f6retagen\" \/>\n<meta property=\"article:published_time\" content=\"2024-11-27T07:15:00+00:00\" \/>\n<meta property=\"article:modified_time\" content=\"2025-12-15T10:23:07+00:00\" \/>\n<meta property=\"og:image\" content=\"https:\/\/www.kompetensforetagen.se\/app\/uploads\/sites\/5\/2024\/11\/Nima-Randstad.png\" \/>\n\t<meta property=\"og:image:width\" content=\"1900\" \/>\n\t<meta property=\"og:image:height\" content=\"1000\" \/>\n\t<meta property=\"og:image:type\" content=\"image\/png\" \/>\n<meta name=\"author\" content=\"Fredric Sk\u00e4lstad\" \/>\n<meta name=\"twitter:card\" content=\"summary_large_image\" \/>\n<meta name=\"twitter:label1\" content=\"Skriven av\" \/>\n\t<meta name=\"twitter:data1\" content=\"Fredric Sk\u00e4lstad\" \/>\n\t<meta name=\"twitter:label2\" content=\"Ber\u00e4knad l\u00e4stid\" \/>\n\t<meta name=\"twitter:data2\" content=\"4 minuter\" \/>\n<!-- \/ Yoast SEO Premium plugin. -->","yoast_head_json":{"title":"Tr\u00e4ffa Nima Astanehdost, ny vd p\u00e5 Randstad - Kompetensf\u00f6retagen","description":"Tr\u00e4ffa Nima Astanehdost, ny VD p\u00e5 Randstad. En intervju om hans nya roll och syn p\u00e5 branschens framtidsfr\u00e5gor.","robots":{"index":"index","follow":"follow","max-snippet":"max-snippet:-1","max-image-preview":"max-image-preview:large","max-video-preview":"max-video-preview:-1"},"canonical":"https:\/\/www.kompetensforetagen.se\/2024\/11\/traffa-nima-astanehdost-ny-vd-pa-randstad\/","og_locale":"sv_SE","og_type":"article","og_title":"Tr\u00e4ffa Nima Astanehdost, ny vd p\u00e5 Randstad","og_description":"Tr\u00e4ffa Nima Astanehdost, ny VD p\u00e5 Randstad. En intervju om hans nya roll och syn p\u00e5 branschens framtidsfr\u00e5gor.","og_url":"https:\/\/www.kompetensforetagen.se\/2024\/11\/traffa-nima-astanehdost-ny-vd-pa-randstad\/","og_site_name":"Kompetensf\u00f6retagen","article_published_time":"2024-11-27T07:15:00+00:00","article_modified_time":"2025-12-15T10:23:07+00:00","og_image":[{"width":1900,"height":1000,"url":"https:\/\/www.kompetensforetagen.se\/app\/uploads\/sites\/5\/2024\/11\/Nima-Randstad.png","type":"image\/png"}],"author":"Fredric Sk\u00e4lstad","twitter_card":"summary_large_image","twitter_misc":{"Skriven av":"Fredric Sk\u00e4lstad","Ber\u00e4knad l\u00e4stid":"4 minuter"},"schema":{"@context":"https:\/\/schema.org","@graph":[{"@type":"Article","@id":"https:\/\/www.kompetensforetagen.se\/2024\/11\/traffa-nima-astanehdost-ny-vd-pa-randstad\/#article","isPartOf":{"@id":"https:\/\/www.kompetensforetagen.se\/2024\/11\/traffa-nima-astanehdost-ny-vd-pa-randstad\/"},"author":{"name":"Fredric Sk\u00e4lstad","@id":"https:\/\/www.kompetensforetagen.se\/#\/schema\/person\/72cd48bb411dea15e40f11d726e9eeeb"},"headline":"Tr\u00e4ffa Nima Astanehdost, ny vd p\u00e5 Randstad","datePublished":"2024-11-27T07:15:00+00:00","dateModified":"2025-12-15T10:23:07+00:00","mainEntityOfPage":{"@id":"https:\/\/www.kompetensforetagen.se\/2024\/11\/traffa-nima-astanehdost-ny-vd-pa-randstad\/"},"wordCount":757,"publisher":{"@id":"https:\/\/www.kompetensforetagen.se\/#organization"},"image":{"@id":"https:\/\/www.kompetensforetagen.se\/2024\/11\/traffa-nima-astanehdost-ny-vd-pa-randstad\/#primaryimage"},"thumbnailUrl":"https:\/\/www.kompetensforetagen.se\/app\/uploads\/sites\/5\/2024\/11\/Nima-Randstad.png","articleSection":["Auktorisation"],"inLanguage":"sv-SE"},{"@type":"WebPage","@id":"https:\/\/www.kompetensforetagen.se\/2024\/11\/traffa-nima-astanehdost-ny-vd-pa-randstad\/","url":"https:\/\/www.kompetensforetagen.se\/2024\/11\/traffa-nima-astanehdost-ny-vd-pa-randstad\/","name":"Tr\u00e4ffa Nima Astanehdost, ny vd p\u00e5 Randstad - Kompetensf\u00f6retagen","isPartOf":{"@id":"https:\/\/www.kompetensforetagen.se\/#website"},"primaryImageOfPage":{"@id":"https:\/\/www.kompetensforetagen.se\/2024\/11\/traffa-nima-astanehdost-ny-vd-pa-randstad\/#primaryimage"},"image":{"@id":"https:\/\/www.kompetensforetagen.se\/2024\/11\/traffa-nima-astanehdost-ny-vd-pa-randstad\/#primaryimage"},"thumbnailUrl":"https:\/\/www.kompetensforetagen.se\/app\/uploads\/sites\/5\/2024\/11\/Nima-Randstad.png","datePublished":"2024-11-27T07:15:00+00:00","dateModified":"2025-12-15T10:23:07+00:00","description":"Tr\u00e4ffa Nima Astanehdost, ny VD p\u00e5 Randstad. En intervju om hans nya roll och syn p\u00e5 branschens framtidsfr\u00e5gor.","breadcrumb":{"@id":"https:\/\/www.kompetensforetagen.se\/2024\/11\/traffa-nima-astanehdost-ny-vd-pa-randstad\/#breadcrumb"},"inLanguage":"sv-SE","potentialAction":[{"@type":"ReadAction","target":["https:\/\/www.kompetensforetagen.se\/2024\/11\/traffa-nima-astanehdost-ny-vd-pa-randstad\/"]}]},{"@type":"ImageObject","inLanguage":"sv-SE","@id":"https:\/\/www.kompetensforetagen.se\/2024\/11\/traffa-nima-astanehdost-ny-vd-pa-randstad\/#primaryimage","url":"https:\/\/www.kompetensforetagen.se\/app\/uploads\/sites\/5\/2024\/11\/Nima-Randstad.png","contentUrl":"https:\/\/www.kompetensforetagen.se\/app\/uploads\/sites\/5\/2024\/11\/Nima-Randstad.png","width":1900,"height":1000,"caption":"Nima fr\u00e5n Randstad \u2013 om karri\u00e4rv\u00e4gar i bemanningsbranschen."},{"@type":"BreadcrumbList","@id":"https:\/\/www.kompetensforetagen.se\/2024\/11\/traffa-nima-astanehdost-ny-vd-pa-randstad\/#breadcrumb","itemListElement":[{"@type":"ListItem","position":1,"name":"Home","item":"https:\/\/www.kompetensforetagen.se\/"},{"@type":"ListItem","position":2,"name":"Tr\u00e4ffa Nima Astanehdost, ny vd p\u00e5 Randstad"}]},{"@type":"WebSite","@id":"https:\/\/www.kompetensforetagen.se\/#website","url":"https:\/\/www.kompetensforetagen.se\/","name":"Kompetensf\u00f6retagen","description":"R\u00e4tt person p\u00e5 r\u00e4tt plats kan f\u00f6r\u00e4ndra v\u00e4rlden","publisher":{"@id":"https:\/\/www.kompetensforetagen.se\/#organization"},"potentialAction":[{"@type":"SearchAction","target":{"@type":"EntryPoint","urlTemplate":"https:\/\/www.kompetensforetagen.se\/?s={search_term_string}"},"query-input":{"@type":"PropertyValueSpecification","valueRequired":true,"valueName":"search_term_string"}}],"inLanguage":"sv-SE"},{"@type":"Organization","@id":"https:\/\/www.kompetensforetagen.se\/#organization","name":"Kompetensf\u00f6retagen","url":"https:\/\/www.kompetensforetagen.se\/","logo":{"@type":"ImageObject","inLanguage":"sv-SE","@id":"https:\/\/www.kompetensforetagen.se\/#\/schema\/logo\/image\/","url":"https:\/\/www.kompetensforetagen.se\/app\/uploads\/sites\/5\/2022\/10\/logga_svart.png","contentUrl":"https:\/\/www.kompetensforetagen.se\/app\/uploads\/sites\/5\/2022\/10\/logga_svart.png","width":752,"height":64,"caption":"Kompetensf\u00f6retagen"},"image":{"@id":"https:\/\/www.kompetensforetagen.se\/#\/schema\/logo\/image\/"},"sameAs":["https:\/\/www.linkedin.com\/company\/10540032\/"]},{"@type":"Person","@id":"https:\/\/www.kompetensforetagen.se\/#\/schema\/person\/72cd48bb411dea15e40f11d726e9eeeb","name":"Fredric Sk\u00e4lstad","image":{"@type":"ImageObject","inLanguage":"sv-SE","@id":"https:\/\/www.kompetensforetagen.se\/#\/schema\/person\/image\/","url":"https:\/\/secure.gravatar.com\/avatar\/64f20bf3ac13c78aedd6054f495d1a00b38234d6bf532fa3b1cb3ff0bcc24f8d?s=96&d=mm&r=g","contentUrl":"https:\/\/secure.gravatar.com\/avatar\/64f20bf3ac13c78aedd6054f495d1a00b38234d6bf532fa3b1cb3ff0bcc24f8d?s=96&d=mm&r=g","caption":"Fredric Sk\u00e4lstad"},"description":"Fredric \u00e4r n\u00e4ringspolitisk chef p\u00e5 Kompetensf\u00f6retagen.","url":"https:\/\/www.kompetensforetagen.se\/person\/fredricskalstad\/"}]}},"_links":{"self":[{"href":"https:\/\/www.kompetensforetagen.se\/api\/wp\/v2\/posts\/18758","targetHints":{"allow":["GET"]}}],"collection":[{"href":"https:\/\/www.kompetensforetagen.se\/api\/wp\/v2\/posts"}],"about":[{"href":"https:\/\/www.kompetensforetagen.se\/api\/wp\/v2\/types\/post"}],"author":[{"embeddable":true,"href":"https:\/\/www.kompetensforetagen.se\/api\/wp\/v2\/users\/222"}],"replies":[{"embeddable":true,"href":"https:\/\/www.kompetensforetagen.se\/api\/wp\/v2\/comments?post=18758"}],"version-history":[{"count":4,"href":"https:\/\/www.kompetensforetagen.se\/api\/wp\/v2\/posts\/18758\/revisions"}],"predecessor-version":[{"id":18791,"href":"https:\/\/www.kompetensforetagen.se\/api\/wp\/v2\/posts\/18758\/revisions\/18791"}],"wp:featuredmedia":[{"embeddable":true,"href":"https:\/\/www.kompetensforetagen.se\/api\/wp\/v2\/media\/18759"}],"wp:attachment":[{"href":"https:\/\/www.kompetensforetagen.se\/api\/wp\/v2\/media?parent=18758"}],"wp:term":[{"taxonomy":"category","embeddable":true,"href":"https:\/\/www.kompetensforetagen.se\/api\/wp\/v2\/categories?post=18758"},{"taxonomy":"post_tag","embeddable":true,"href":"https:\/\/www.kompetensforetagen.se\/api\/wp\/v2\/tags?post=18758"},{"taxonomy":"type","embeddable":true,"href":"https:\/\/www.kompetensforetagen.se\/api\/wp\/v2\/article_type?post=18758"},{"taxonomy":"agreement","embeddable":true,"href":"https:\/\/www.kompetensforetagen.se\/api\/wp\/v2\/agreement?post=18758"},{"taxonomy":"for-members","embeddable":true,"href":"https:\/\/www.kompetensforetagen.se\/api\/wp\/v2\/for-members?post=18758"}],"curies":[{"name":"wp","href":"https:\/\/api.w.org\/{rel}","templated":true}]}}