{"id":18705,"date":"2024-11-14T09:46:11","date_gmt":"2024-11-14T08:46:11","guid":{"rendered":"https:\/\/www.kompetensforetagen.se\/?p=18705"},"modified":"2025-12-15T11:24:17","modified_gmt":"2025-12-15T10:24:17","slug":"louise-bagewitz-vill-beratta-om-vardet-branschen-skapar","status":"publish","type":"post","link":"https:\/\/www.kompetensforetagen.se\/2024\/11\/louise-bagewitz-vill-beratta-om-vardet-branschen-skapar\/","title":{"rendered":"Louise Bagewitz vill ber\u00e4tta om v\u00e4rdet branschen skapar"},"content":{"rendered":"<p class=\"intro\">Academic Work grundades 1998 av tre studenter. Nu \u00e4r det ett auktoriserat bemannings- och rekryteringsf\u00f6retag som rekryterar och hyr ut akademiker som befinner sig i b\u00f6rjan av karri\u00e4ren.<br \/>\n\u2013 Jag brinner f\u00f6r att f\u00f6rmedla v\u00e4rdet av det branschen bidrar med p\u00e5 arbetsmarknaden, s\u00e4ger Louise Bagewitz, vd p\u00e5 Academic Work.<\/p>\n\n<p><strong>Du tilltr\u00e4de nyligen rollen som ny styrelseledamot, hur t\u00e4nker du kring uppdraget?<\/strong><br>\u2013 Det \u00e4r ett roligt uppdrag d\u00e4r vi kan g\u00f6ra skillnad tillsammans. Det h\u00e4r \u00e4r en viktig bransch f\u00f6r hela arbetsmarknaden och det k\u00e4nns inspirerande att f\u00e5 arbeta tillsammans med branschkollegor f\u00f6r att f\u00f6rmedla den bilden.<\/p>\n\n\n\n<blockquote class=\"wp-block-quote is-layout-flow wp-block-quote-is-layout-flow\">\n<p>Kompetensbranschen f\u00f6rb\u00e4ttrar vardagen f\u00f6r v\u00e5ra kunder och konsulter.<\/p>\n<\/blockquote>\n\n\n\n<p><strong>Vilka branschfr\u00e5gor \u00e4r viktigast f\u00f6r dig att driva i styrelsearbetet?<\/strong><br>\u2013 Jag brinner f\u00f6r att f\u00f6rmedla v\u00e4rdet av det vi bidrar med p\u00e5 arbetsmarknaden. Vi tar alla parters intressen i beaktande, b\u00e5de vad g\u00e4ller att erbjuda en bra modell f\u00f6r kompetensf\u00f6rs\u00f6rjning, och en bra anst\u00e4llningsform f\u00f6r den som vill ha ett jobb.<\/p>\n\n\n\n<p>\u2013 Historiskt har bemanning varit ett n\u00e5got negativt laddat ord, men sanningen \u00e4r att detta \u00e4r en bransch som p\u00e5verkar b\u00e5de kunderna vi jobbar med och individerna som f\u00e5r jobb via oss p\u00e5 ett mycket bra s\u00e4tt.<\/p>\n\n\n\n<p><strong>P\u00e5 vilket s\u00e4tt \u00e4r auktorisationen viktig f\u00f6r branschens anseende?<\/strong><br>\u2013 Jag tror att auktorisationen har bidragit till att omvandla bilden av branschen. Framf\u00f6r allt handlar det om vikten av kollektivavtalen som \u00e4r en central nyckel p\u00e5 arbetsmarknaden, och som bidrar till k\u00e4nslan av seriositet och kvalitet.<\/p>\n\n\n\n<p><strong>Vad tycker du om att g\u00f6ra p\u00e5 fritiden?<\/strong><br>\u2013 Jag umg\u00e5s mycket med min familj, det \u00e4r min st\u00f6rsta prio. Men jag tycker ocks\u00e5 om att l\u00e4sa b\u00f6cker och spela tennis. Ett hett boktips \u00e4r Systrarna av Jonas Hassen Khemiri.<\/p>\n\n\n\n<p><\/p>\n","protected":false},"excerpt":{"rendered":"<p>Du tilltr\u00e4de nyligen rollen som ny styrelseledamot, hur t\u00e4nker du kring uppdraget?\u2013 Det \u00e4r ett roligt uppdrag d\u00e4r vi kan g\u00f6ra skillnad tillsammans. Det h\u00e4r \u00e4r en viktig bransch f\u00f6r hela arbetsmarknaden och det k\u00e4nns &hellip;<\/p>\n","protected":false},"author":222,"featured_media":18706,"comment_status":"closed","ping_status":"closed","sticky":false,"template":"","format":"standard","meta":{"_acf_changed":false,"footnotes":""},"categories":[17],"tags":[],"article_type":[8],"agreement":[],"for-members":[],"class_list":["post-18705","post","type-post","status-publish","format-standard","has-post-thumbnail","hentry","category-auktorisation","type-aktuellt"],"acf":[],"yoast_head":"<!-- This site is optimized with the Yoast SEO Premium plugin v26.8 (Yoast SEO v26.8) - https:\/\/yoast.com\/product\/yoast-seo-premium-wordpress\/ -->\n<title>Louise Bagewitz vill ber\u00e4tta om v\u00e4rdet branschen skapar - Kompetensf\u00f6retagen<\/title>\n<meta name=\"description\" content=\"Louise Bagewitz vill ber\u00e4tta om v\u00e4rdet branschen skapar. L\u00e4s om hennes drivkrafter och vision f\u00f6r kompetenssektorn.\" \/>\n<meta name=\"robots\" content=\"index, follow, max-snippet:-1, max-image-preview:large, max-video-preview:-1\" \/>\n<link rel=\"canonical\" href=\"https:\/\/www.kompetensforetagen.se\/2024\/11\/louise-bagewitz-vill-beratta-om-vardet-branschen-skapar\/\" \/>\n<meta property=\"og:locale\" content=\"sv_SE\" \/>\n<meta property=\"og:type\" content=\"article\" \/>\n<meta property=\"og:title\" content=\"Louise Bagewitz vill ber\u00e4tta om v\u00e4rdet branschen skapar\" \/>\n<meta property=\"og:description\" content=\"Louise Bagewitz vill ber\u00e4tta om v\u00e4rdet branschen skapar. L\u00e4s om hennes drivkrafter och vision f\u00f6r kompetenssektorn.\" \/>\n<meta property=\"og:url\" content=\"https:\/\/www.kompetensforetagen.se\/2024\/11\/louise-bagewitz-vill-beratta-om-vardet-branschen-skapar\/\" \/>\n<meta property=\"og:site_name\" content=\"Kompetensf\u00f6retagen\" \/>\n<meta property=\"article:published_time\" content=\"2024-11-14T08:46:11+00:00\" \/>\n<meta property=\"article:modified_time\" content=\"2025-12-15T10:24:17+00:00\" \/>\n<meta property=\"og:image\" content=\"https:\/\/www.kompetensforetagen.se\/app\/uploads\/sites\/5\/2024\/11\/Louise-Bagewiz.png\" \/>\n\t<meta property=\"og:image:width\" content=\"3325\" \/>\n\t<meta property=\"og:image:height\" content=\"1750\" \/>\n\t<meta property=\"og:image:type\" content=\"image\/png\" \/>\n<meta name=\"author\" content=\"Fredric Sk\u00e4lstad\" \/>\n<meta name=\"twitter:card\" content=\"summary_large_image\" \/>\n<meta name=\"twitter:label1\" content=\"Skriven av\" \/>\n\t<meta name=\"twitter:data1\" content=\"Fredric Sk\u00e4lstad\" \/>\n\t<meta name=\"twitter:label2\" content=\"Ber\u00e4knad l\u00e4stid\" \/>\n\t<meta name=\"twitter:data2\" content=\"2 minuter\" \/>\n<!-- \/ Yoast SEO Premium plugin. -->","yoast_head_json":{"title":"Louise Bagewitz vill ber\u00e4tta om v\u00e4rdet branschen skapar - Kompetensf\u00f6retagen","description":"Louise Bagewitz vill ber\u00e4tta om v\u00e4rdet branschen skapar. L\u00e4s om hennes drivkrafter och vision f\u00f6r kompetenssektorn.","robots":{"index":"index","follow":"follow","max-snippet":"max-snippet:-1","max-image-preview":"max-image-preview:large","max-video-preview":"max-video-preview:-1"},"canonical":"https:\/\/www.kompetensforetagen.se\/2024\/11\/louise-bagewitz-vill-beratta-om-vardet-branschen-skapar\/","og_locale":"sv_SE","og_type":"article","og_title":"Louise Bagewitz vill ber\u00e4tta om v\u00e4rdet branschen skapar","og_description":"Louise Bagewitz vill ber\u00e4tta om v\u00e4rdet branschen skapar. L\u00e4s om hennes drivkrafter och vision f\u00f6r kompetenssektorn.","og_url":"https:\/\/www.kompetensforetagen.se\/2024\/11\/louise-bagewitz-vill-beratta-om-vardet-branschen-skapar\/","og_site_name":"Kompetensf\u00f6retagen","article_published_time":"2024-11-14T08:46:11+00:00","article_modified_time":"2025-12-15T10:24:17+00:00","og_image":[{"width":3325,"height":1750,"url":"https:\/\/www.kompetensforetagen.se\/app\/uploads\/sites\/5\/2024\/11\/Louise-Bagewiz.png","type":"image\/png"}],"author":"Fredric Sk\u00e4lstad","twitter_card":"summary_large_image","twitter_misc":{"Skriven av":"Fredric Sk\u00e4lstad","Ber\u00e4knad l\u00e4stid":"2 minuter"},"schema":{"@context":"https:\/\/schema.org","@graph":[{"@type":"Article","@id":"https:\/\/www.kompetensforetagen.se\/2024\/11\/louise-bagewitz-vill-beratta-om-vardet-branschen-skapar\/#article","isPartOf":{"@id":"https:\/\/www.kompetensforetagen.se\/2024\/11\/louise-bagewitz-vill-beratta-om-vardet-branschen-skapar\/"},"author":{"name":"Fredric Sk\u00e4lstad","@id":"https:\/\/www.kompetensforetagen.se\/#\/schema\/person\/72cd48bb411dea15e40f11d726e9eeeb"},"headline":"Louise Bagewitz vill ber\u00e4tta om v\u00e4rdet branschen skapar","datePublished":"2024-11-14T08:46:11+00:00","dateModified":"2025-12-15T10:24:17+00:00","mainEntityOfPage":{"@id":"https:\/\/www.kompetensforetagen.se\/2024\/11\/louise-bagewitz-vill-beratta-om-vardet-branschen-skapar\/"},"wordCount":275,"publisher":{"@id":"https:\/\/www.kompetensforetagen.se\/#organization"},"image":{"@id":"https:\/\/www.kompetensforetagen.se\/2024\/11\/louise-bagewitz-vill-beratta-om-vardet-branschen-skapar\/#primaryimage"},"thumbnailUrl":"https:\/\/www.kompetensforetagen.se\/app\/uploads\/sites\/5\/2024\/11\/Louise-Bagewiz.png","articleSection":["Auktorisation"],"inLanguage":"sv-SE"},{"@type":"WebPage","@id":"https:\/\/www.kompetensforetagen.se\/2024\/11\/louise-bagewitz-vill-beratta-om-vardet-branschen-skapar\/","url":"https:\/\/www.kompetensforetagen.se\/2024\/11\/louise-bagewitz-vill-beratta-om-vardet-branschen-skapar\/","name":"Louise Bagewitz vill ber\u00e4tta om v\u00e4rdet branschen skapar - Kompetensf\u00f6retagen","isPartOf":{"@id":"https:\/\/www.kompetensforetagen.se\/#website"},"primaryImageOfPage":{"@id":"https:\/\/www.kompetensforetagen.se\/2024\/11\/louise-bagewitz-vill-beratta-om-vardet-branschen-skapar\/#primaryimage"},"image":{"@id":"https:\/\/www.kompetensforetagen.se\/2024\/11\/louise-bagewitz-vill-beratta-om-vardet-branschen-skapar\/#primaryimage"},"thumbnailUrl":"https:\/\/www.kompetensforetagen.se\/app\/uploads\/sites\/5\/2024\/11\/Louise-Bagewiz.png","datePublished":"2024-11-14T08:46:11+00:00","dateModified":"2025-12-15T10:24:17+00:00","description":"Louise Bagewitz vill ber\u00e4tta om v\u00e4rdet branschen skapar. L\u00e4s om hennes drivkrafter och vision f\u00f6r kompetenssektorn.","breadcrumb":{"@id":"https:\/\/www.kompetensforetagen.se\/2024\/11\/louise-bagewitz-vill-beratta-om-vardet-branschen-skapar\/#breadcrumb"},"inLanguage":"sv-SE","potentialAction":[{"@type":"ReadAction","target":["https:\/\/www.kompetensforetagen.se\/2024\/11\/louise-bagewitz-vill-beratta-om-vardet-branschen-skapar\/"]}]},{"@type":"ImageObject","inLanguage":"sv-SE","@id":"https:\/\/www.kompetensforetagen.se\/2024\/11\/louise-bagewitz-vill-beratta-om-vardet-branschen-skapar\/#primaryimage","url":"https:\/\/www.kompetensforetagen.se\/app\/uploads\/sites\/5\/2024\/11\/Louise-Bagewiz.png","contentUrl":"https:\/\/www.kompetensforetagen.se\/app\/uploads\/sites\/5\/2024\/11\/Louise-Bagewiz.png","width":3325,"height":1750,"caption":"Louise Bagewitz vill ber\u00e4tta om v\u00e4rdet branschen skapar"},{"@type":"BreadcrumbList","@id":"https:\/\/www.kompetensforetagen.se\/2024\/11\/louise-bagewitz-vill-beratta-om-vardet-branschen-skapar\/#breadcrumb","itemListElement":[{"@type":"ListItem","position":1,"name":"Home","item":"https:\/\/www.kompetensforetagen.se\/"},{"@type":"ListItem","position":2,"name":"Louise Bagewitz vill ber\u00e4tta om v\u00e4rdet branschen skapar"}]},{"@type":"WebSite","@id":"https:\/\/www.kompetensforetagen.se\/#website","url":"https:\/\/www.kompetensforetagen.se\/","name":"Kompetensf\u00f6retagen","description":"R\u00e4tt person p\u00e5 r\u00e4tt plats kan f\u00f6r\u00e4ndra v\u00e4rlden","publisher":{"@id":"https:\/\/www.kompetensforetagen.se\/#organization"},"potentialAction":[{"@type":"SearchAction","target":{"@type":"EntryPoint","urlTemplate":"https:\/\/www.kompetensforetagen.se\/?s={search_term_string}"},"query-input":{"@type":"PropertyValueSpecification","valueRequired":true,"valueName":"search_term_string"}}],"inLanguage":"sv-SE"},{"@type":"Organization","@id":"https:\/\/www.kompetensforetagen.se\/#organization","name":"Kompetensf\u00f6retagen","url":"https:\/\/www.kompetensforetagen.se\/","logo":{"@type":"ImageObject","inLanguage":"sv-SE","@id":"https:\/\/www.kompetensforetagen.se\/#\/schema\/logo\/image\/","url":"https:\/\/www.kompetensforetagen.se\/app\/uploads\/sites\/5\/2022\/10\/logga_svart.png","contentUrl":"https:\/\/www.kompetensforetagen.se\/app\/uploads\/sites\/5\/2022\/10\/logga_svart.png","width":752,"height":64,"caption":"Kompetensf\u00f6retagen"},"image":{"@id":"https:\/\/www.kompetensforetagen.se\/#\/schema\/logo\/image\/"},"sameAs":["https:\/\/www.linkedin.com\/company\/10540032\/"]},{"@type":"Person","@id":"https:\/\/www.kompetensforetagen.se\/#\/schema\/person\/72cd48bb411dea15e40f11d726e9eeeb","name":"Fredric Sk\u00e4lstad","image":{"@type":"ImageObject","inLanguage":"sv-SE","@id":"https:\/\/www.kompetensforetagen.se\/#\/schema\/person\/image\/","url":"https:\/\/secure.gravatar.com\/avatar\/64f20bf3ac13c78aedd6054f495d1a00b38234d6bf532fa3b1cb3ff0bcc24f8d?s=96&d=mm&r=g","contentUrl":"https:\/\/secure.gravatar.com\/avatar\/64f20bf3ac13c78aedd6054f495d1a00b38234d6bf532fa3b1cb3ff0bcc24f8d?s=96&d=mm&r=g","caption":"Fredric Sk\u00e4lstad"},"description":"Fredric \u00e4r n\u00e4ringspolitisk chef p\u00e5 Kompetensf\u00f6retagen.","url":"https:\/\/www.kompetensforetagen.se\/person\/fredricskalstad\/"}]}},"_links":{"self":[{"href":"https:\/\/www.kompetensforetagen.se\/api\/wp\/v2\/posts\/18705","targetHints":{"allow":["GET"]}}],"collection":[{"href":"https:\/\/www.kompetensforetagen.se\/api\/wp\/v2\/posts"}],"about":[{"href":"https:\/\/www.kompetensforetagen.se\/api\/wp\/v2\/types\/post"}],"author":[{"embeddable":true,"href":"https:\/\/www.kompetensforetagen.se\/api\/wp\/v2\/users\/222"}],"replies":[{"embeddable":true,"href":"https:\/\/www.kompetensforetagen.se\/api\/wp\/v2\/comments?post=18705"}],"version-history":[{"count":1,"href":"https:\/\/www.kompetensforetagen.se\/api\/wp\/v2\/posts\/18705\/revisions"}],"predecessor-version":[{"id":18707,"href":"https:\/\/www.kompetensforetagen.se\/api\/wp\/v2\/posts\/18705\/revisions\/18707"}],"wp:featuredmedia":[{"embeddable":true,"href":"https:\/\/www.kompetensforetagen.se\/api\/wp\/v2\/media\/18706"}],"wp:attachment":[{"href":"https:\/\/www.kompetensforetagen.se\/api\/wp\/v2\/media?parent=18705"}],"wp:term":[{"taxonomy":"category","embeddable":true,"href":"https:\/\/www.kompetensforetagen.se\/api\/wp\/v2\/categories?post=18705"},{"taxonomy":"post_tag","embeddable":true,"href":"https:\/\/www.kompetensforetagen.se\/api\/wp\/v2\/tags?post=18705"},{"taxonomy":"type","embeddable":true,"href":"https:\/\/www.kompetensforetagen.se\/api\/wp\/v2\/article_type?post=18705"},{"taxonomy":"agreement","embeddable":true,"href":"https:\/\/www.kompetensforetagen.se\/api\/wp\/v2\/agreement?post=18705"},{"taxonomy":"for-members","embeddable":true,"href":"https:\/\/www.kompetensforetagen.se\/api\/wp\/v2\/for-members?post=18705"}],"curies":[{"name":"wp","href":"https:\/\/api.w.org\/{rel}","templated":true}]}}