{"id":18610,"date":"2024-10-25T11:03:32","date_gmt":"2024-10-25T09:03:32","guid":{"rendered":"https:\/\/www.kompetensforetagen.se\/?p=18610"},"modified":"2024-10-28T15:30:49","modified_gmt":"2024-10-28T14:30:49","slug":"ny-eu-dom-kan-fortydliga-granser-for-uthyrningslagen","status":"publish","type":"post","link":"https:\/\/www.kompetensforetagen.se\/2024\/10\/ny-eu-dom-kan-fortydliga-granser-for-uthyrningslagen\/","title":{"rendered":"Ny EU-dom kan f\u00f6rtydliga gr\u00e4nser f\u00f6r uthyrningslagen"},"content":{"rendered":"<p class=\"intro\">En ny EU-dom tydligg\u00f6r gr\u00e4nsen mellan bemannings- och konsulttj\u00e4nster. Domen betonar att uthyrningslagen g\u00e4ller f\u00f6r f\u00f6retag som systematiskt hyr ut personal under kundens kontroll och ledning, skriver Mia Fransson, f\u00f6rbundsjurist p\u00e5 Kompetensf\u00f6retagen.<\/p>\n\n<p>F\u00f6r Kompetensf\u00f6retagen, vars medlemsf\u00f6retag har olika typer av leveranser mot kund, \u00e4r domen v\u00e4lkommen. Den kan komma att minska risken f\u00f6r att uthyrningslagen anv\u00e4nds p\u00e5 s\u00e4tt som kan begr\u00e4nsa v\u00e5ra medlemsf\u00f6retags verksamhet.<\/p>\n\n\n\n<p><\/p>\n\n\n\n      <a href=\"https:\/\/eur02.safelinks.protection.outlook.com\/?url=https%3A%2F%2Fcuria.europa.eu%2Fjuris%2Fdocument%2Fdocument.jsf%3Fdocid%3D291563%26doclang%3DSV&amp;data=05%7C02%7Cfredric.skalstad%40kompetensforetagen.se%7Ca5876946c9a24bd3cc4c08dcf4c35b26%7C1d019c94da7b49c2bf935ee1bb4b6882%7C0%7C0%7C638654367121491423%7CUnknown%7CTWFpbGZsb3d8eyJWIjoiMC4wLjAwMDAiLCJQIjoiV2luMzIiLCJBTiI6Ik1haWwiLCJXVCI6Mn0%3D%7C0%7C%7C%7C&amp;sdata=wkc6E5PqcJCYwkZmLB3RkkwRlzF3reheS6PDaMsP82c%3D&amp;reserved=0\" target=\"_blank\" class=\"Button is-button is-fullwidth is-style-fill has-black-background-color has-black-border-color has-white-color Button--arrow-tip\">\n      \n        H\u00e4r hittar du domen\n      \n      \n                \n                <svg class='icon icon--arrow-tip'  width=\"11\" height=\"16\" viewBox=\"0 0 11 16\" fill=\"none\" xmlns=\"http:\/\/www.w3.org\/2000\/svg\">\n<path d=\"M0.858398 15L9.2304 7.99664L0.967732 1.00001\" stroke=\"black\" stroke-width=\"2\" stroke-miterlimit=\"10\"\/>\n<\/svg>\n\n        \n    <\/a>\n  \n","protected":false},"excerpt":{"rendered":"<p>F\u00f6r Kompetensf\u00f6retagen, vars medlemsf\u00f6retag har olika typer av leveranser mot kund, \u00e4r domen v\u00e4lkommen. Den kan komma att minska risken f\u00f6r att uthyrningslagen anv\u00e4nds p\u00e5 s\u00e4tt som kan begr\u00e4nsa v\u00e5ra medlemsf\u00f6retags verksamhet.<\/p>\n","protected":false},"author":222,"featured_media":18611,"comment_status":"closed","ping_status":"closed","sticky":false,"template":"","format":"standard","meta":{"_acf_changed":false,"footnotes":""},"categories":[217],"tags":[],"article_type":[8],"agreement":[],"for-members":[],"class_list":["post-18610","post","type-post","status-publish","format-standard","has-post-thumbnail","hentry","category-uthyrningslagen","type-aktuellt"],"acf":[],"yoast_head":"<!-- This site is optimized with the Yoast SEO Premium plugin v26.8 (Yoast SEO v26.8) - https:\/\/yoast.com\/product\/yoast-seo-premium-wordpress\/ -->\n<title>Ny EU-dom kan f\u00f6rtydliga gr\u00e4nser f\u00f6r uthyrningslagen - Kompetensf\u00f6retagen<\/title>\n<meta name=\"description\" content=\"F\u00f6r Kompetensf\u00f6retagen, vars medlemsf\u00f6retag har olika typer av leveranser mot kund, \u00e4r domen v\u00e4lkommen.\" \/>\n<meta name=\"robots\" content=\"index, follow, max-snippet:-1, max-image-preview:large, max-video-preview:-1\" \/>\n<link rel=\"canonical\" href=\"https:\/\/www.kompetensforetagen.se\/2024\/10\/ny-eu-dom-kan-fortydliga-granser-for-uthyrningslagen\/\" \/>\n<meta property=\"og:locale\" content=\"sv_SE\" \/>\n<meta property=\"og:type\" content=\"article\" \/>\n<meta property=\"og:title\" content=\"Ny EU-dom kan f\u00f6rtydliga gr\u00e4nser f\u00f6r uthyrningslagen\" \/>\n<meta property=\"og:description\" content=\"F\u00f6r Kompetensf\u00f6retagen, vars medlemsf\u00f6retag har olika typer av leveranser mot kund, \u00e4r domen v\u00e4lkommen.\" \/>\n<meta property=\"og:url\" content=\"https:\/\/www.kompetensforetagen.se\/2024\/10\/ny-eu-dom-kan-fortydliga-granser-for-uthyrningslagen\/\" \/>\n<meta property=\"og:site_name\" content=\"Kompetensf\u00f6retagen\" \/>\n<meta property=\"article:published_time\" content=\"2024-10-25T09:03:32+00:00\" \/>\n<meta property=\"article:modified_time\" content=\"2024-10-28T14:30:49+00:00\" \/>\n<meta property=\"og:image\" content=\"https:\/\/www.kompetensforetagen.se\/app\/uploads\/sites\/5\/2024\/10\/Medlemscase-hemsida-9.png\" \/>\n\t<meta property=\"og:image:width\" content=\"1900\" \/>\n\t<meta property=\"og:image:height\" content=\"1000\" \/>\n\t<meta property=\"og:image:type\" content=\"image\/png\" \/>\n<meta name=\"author\" content=\"Fredric Sk\u00e4lstad\" \/>\n<meta name=\"twitter:card\" content=\"summary_large_image\" \/>\n<meta name=\"twitter:label1\" content=\"Skriven av\" \/>\n\t<meta name=\"twitter:data1\" content=\"Fredric Sk\u00e4lstad\" \/>\n\t<meta name=\"twitter:label2\" content=\"Ber\u00e4knad l\u00e4stid\" \/>\n\t<meta name=\"twitter:data2\" content=\"1 minut\" \/>\n<!-- \/ Yoast SEO Premium plugin. -->","yoast_head_json":{"title":"Ny EU-dom kan f\u00f6rtydliga gr\u00e4nser f\u00f6r uthyrningslagen - Kompetensf\u00f6retagen","description":"F\u00f6r Kompetensf\u00f6retagen, vars medlemsf\u00f6retag har olika typer av leveranser mot kund, \u00e4r domen v\u00e4lkommen.","robots":{"index":"index","follow":"follow","max-snippet":"max-snippet:-1","max-image-preview":"max-image-preview:large","max-video-preview":"max-video-preview:-1"},"canonical":"https:\/\/www.kompetensforetagen.se\/2024\/10\/ny-eu-dom-kan-fortydliga-granser-for-uthyrningslagen\/","og_locale":"sv_SE","og_type":"article","og_title":"Ny EU-dom kan f\u00f6rtydliga gr\u00e4nser f\u00f6r uthyrningslagen","og_description":"F\u00f6r Kompetensf\u00f6retagen, vars medlemsf\u00f6retag har olika typer av leveranser mot kund, \u00e4r domen v\u00e4lkommen.","og_url":"https:\/\/www.kompetensforetagen.se\/2024\/10\/ny-eu-dom-kan-fortydliga-granser-for-uthyrningslagen\/","og_site_name":"Kompetensf\u00f6retagen","article_published_time":"2024-10-25T09:03:32+00:00","article_modified_time":"2024-10-28T14:30:49+00:00","og_image":[{"width":1900,"height":1000,"url":"https:\/\/www.kompetensforetagen.se\/app\/uploads\/sites\/5\/2024\/10\/Medlemscase-hemsida-9.png","type":"image\/png"}],"author":"Fredric Sk\u00e4lstad","twitter_card":"summary_large_image","twitter_misc":{"Skriven av":"Fredric Sk\u00e4lstad","Ber\u00e4knad l\u00e4stid":"1 minut"},"schema":{"@context":"https:\/\/schema.org","@graph":[{"@type":"Article","@id":"https:\/\/www.kompetensforetagen.se\/2024\/10\/ny-eu-dom-kan-fortydliga-granser-for-uthyrningslagen\/#article","isPartOf":{"@id":"https:\/\/www.kompetensforetagen.se\/2024\/10\/ny-eu-dom-kan-fortydliga-granser-for-uthyrningslagen\/"},"author":{"name":"Fredric Sk\u00e4lstad","@id":"https:\/\/www.kompetensforetagen.se\/#\/schema\/person\/72cd48bb411dea15e40f11d726e9eeeb"},"headline":"Ny EU-dom kan f\u00f6rtydliga gr\u00e4nser f\u00f6r uthyrningslagen","datePublished":"2024-10-25T09:03:32+00:00","dateModified":"2024-10-28T14:30:49+00:00","mainEntityOfPage":{"@id":"https:\/\/www.kompetensforetagen.se\/2024\/10\/ny-eu-dom-kan-fortydliga-granser-for-uthyrningslagen\/"},"wordCount":52,"publisher":{"@id":"https:\/\/www.kompetensforetagen.se\/#organization"},"image":{"@id":"https:\/\/www.kompetensforetagen.se\/2024\/10\/ny-eu-dom-kan-fortydliga-granser-for-uthyrningslagen\/#primaryimage"},"thumbnailUrl":"https:\/\/www.kompetensforetagen.se\/app\/uploads\/sites\/5\/2024\/10\/Medlemscase-hemsida-9.png","articleSection":["Uthyrningslagen"],"inLanguage":"sv-SE"},{"@type":"WebPage","@id":"https:\/\/www.kompetensforetagen.se\/2024\/10\/ny-eu-dom-kan-fortydliga-granser-for-uthyrningslagen\/","url":"https:\/\/www.kompetensforetagen.se\/2024\/10\/ny-eu-dom-kan-fortydliga-granser-for-uthyrningslagen\/","name":"Ny EU-dom kan f\u00f6rtydliga gr\u00e4nser f\u00f6r uthyrningslagen - Kompetensf\u00f6retagen","isPartOf":{"@id":"https:\/\/www.kompetensforetagen.se\/#website"},"primaryImageOfPage":{"@id":"https:\/\/www.kompetensforetagen.se\/2024\/10\/ny-eu-dom-kan-fortydliga-granser-for-uthyrningslagen\/#primaryimage"},"image":{"@id":"https:\/\/www.kompetensforetagen.se\/2024\/10\/ny-eu-dom-kan-fortydliga-granser-for-uthyrningslagen\/#primaryimage"},"thumbnailUrl":"https:\/\/www.kompetensforetagen.se\/app\/uploads\/sites\/5\/2024\/10\/Medlemscase-hemsida-9.png","datePublished":"2024-10-25T09:03:32+00:00","dateModified":"2024-10-28T14:30:49+00:00","description":"F\u00f6r Kompetensf\u00f6retagen, vars medlemsf\u00f6retag har olika typer av leveranser mot kund, \u00e4r domen v\u00e4lkommen.","breadcrumb":{"@id":"https:\/\/www.kompetensforetagen.se\/2024\/10\/ny-eu-dom-kan-fortydliga-granser-for-uthyrningslagen\/#breadcrumb"},"inLanguage":"sv-SE","potentialAction":[{"@type":"ReadAction","target":["https:\/\/www.kompetensforetagen.se\/2024\/10\/ny-eu-dom-kan-fortydliga-granser-for-uthyrningslagen\/"]}]},{"@type":"ImageObject","inLanguage":"sv-SE","@id":"https:\/\/www.kompetensforetagen.se\/2024\/10\/ny-eu-dom-kan-fortydliga-granser-for-uthyrningslagen\/#primaryimage","url":"https:\/\/www.kompetensforetagen.se\/app\/uploads\/sites\/5\/2024\/10\/Medlemscase-hemsida-9.png","contentUrl":"https:\/\/www.kompetensforetagen.se\/app\/uploads\/sites\/5\/2024\/10\/Medlemscase-hemsida-9.png","width":1900,"height":1000,"caption":"Mia Fransson kommenterar ny dom i EU-domstolen om uthyrningslagen"},{"@type":"BreadcrumbList","@id":"https:\/\/www.kompetensforetagen.se\/2024\/10\/ny-eu-dom-kan-fortydliga-granser-for-uthyrningslagen\/#breadcrumb","itemListElement":[{"@type":"ListItem","position":1,"name":"Home","item":"https:\/\/www.kompetensforetagen.se\/"},{"@type":"ListItem","position":2,"name":"Ny EU-dom kan f\u00f6rtydliga gr\u00e4nser f\u00f6r uthyrningslagen"}]},{"@type":"WebSite","@id":"https:\/\/www.kompetensforetagen.se\/#website","url":"https:\/\/www.kompetensforetagen.se\/","name":"Kompetensf\u00f6retagen","description":"R\u00e4tt person p\u00e5 r\u00e4tt plats kan f\u00f6r\u00e4ndra v\u00e4rlden","publisher":{"@id":"https:\/\/www.kompetensforetagen.se\/#organization"},"potentialAction":[{"@type":"SearchAction","target":{"@type":"EntryPoint","urlTemplate":"https:\/\/www.kompetensforetagen.se\/?s={search_term_string}"},"query-input":{"@type":"PropertyValueSpecification","valueRequired":true,"valueName":"search_term_string"}}],"inLanguage":"sv-SE"},{"@type":"Organization","@id":"https:\/\/www.kompetensforetagen.se\/#organization","name":"Kompetensf\u00f6retagen","url":"https:\/\/www.kompetensforetagen.se\/","logo":{"@type":"ImageObject","inLanguage":"sv-SE","@id":"https:\/\/www.kompetensforetagen.se\/#\/schema\/logo\/image\/","url":"https:\/\/www.kompetensforetagen.se\/app\/uploads\/sites\/5\/2022\/10\/logga_svart.png","contentUrl":"https:\/\/www.kompetensforetagen.se\/app\/uploads\/sites\/5\/2022\/10\/logga_svart.png","width":752,"height":64,"caption":"Kompetensf\u00f6retagen"},"image":{"@id":"https:\/\/www.kompetensforetagen.se\/#\/schema\/logo\/image\/"},"sameAs":["https:\/\/www.linkedin.com\/company\/10540032\/"]},{"@type":"Person","@id":"https:\/\/www.kompetensforetagen.se\/#\/schema\/person\/72cd48bb411dea15e40f11d726e9eeeb","name":"Fredric Sk\u00e4lstad","image":{"@type":"ImageObject","inLanguage":"sv-SE","@id":"https:\/\/www.kompetensforetagen.se\/#\/schema\/person\/image\/","url":"https:\/\/secure.gravatar.com\/avatar\/64f20bf3ac13c78aedd6054f495d1a00b38234d6bf532fa3b1cb3ff0bcc24f8d?s=96&d=mm&r=g","contentUrl":"https:\/\/secure.gravatar.com\/avatar\/64f20bf3ac13c78aedd6054f495d1a00b38234d6bf532fa3b1cb3ff0bcc24f8d?s=96&d=mm&r=g","caption":"Fredric Sk\u00e4lstad"},"description":"Fredric \u00e4r n\u00e4ringspolitisk chef p\u00e5 Kompetensf\u00f6retagen.","url":"https:\/\/www.kompetensforetagen.se\/person\/fredricskalstad\/"}]}},"_links":{"self":[{"href":"https:\/\/www.kompetensforetagen.se\/api\/wp\/v2\/posts\/18610","targetHints":{"allow":["GET"]}}],"collection":[{"href":"https:\/\/www.kompetensforetagen.se\/api\/wp\/v2\/posts"}],"about":[{"href":"https:\/\/www.kompetensforetagen.se\/api\/wp\/v2\/types\/post"}],"author":[{"embeddable":true,"href":"https:\/\/www.kompetensforetagen.se\/api\/wp\/v2\/users\/222"}],"replies":[{"embeddable":true,"href":"https:\/\/www.kompetensforetagen.se\/api\/wp\/v2\/comments?post=18610"}],"version-history":[{"count":3,"href":"https:\/\/www.kompetensforetagen.se\/api\/wp\/v2\/posts\/18610\/revisions"}],"predecessor-version":[{"id":18621,"href":"https:\/\/www.kompetensforetagen.se\/api\/wp\/v2\/posts\/18610\/revisions\/18621"}],"wp:featuredmedia":[{"embeddable":true,"href":"https:\/\/www.kompetensforetagen.se\/api\/wp\/v2\/media\/18611"}],"wp:attachment":[{"href":"https:\/\/www.kompetensforetagen.se\/api\/wp\/v2\/media?parent=18610"}],"wp:term":[{"taxonomy":"category","embeddable":true,"href":"https:\/\/www.kompetensforetagen.se\/api\/wp\/v2\/categories?post=18610"},{"taxonomy":"post_tag","embeddable":true,"href":"https:\/\/www.kompetensforetagen.se\/api\/wp\/v2\/tags?post=18610"},{"taxonomy":"type","embeddable":true,"href":"https:\/\/www.kompetensforetagen.se\/api\/wp\/v2\/article_type?post=18610"},{"taxonomy":"agreement","embeddable":true,"href":"https:\/\/www.kompetensforetagen.se\/api\/wp\/v2\/agreement?post=18610"},{"taxonomy":"for-members","embeddable":true,"href":"https:\/\/www.kompetensforetagen.se\/api\/wp\/v2\/for-members?post=18610"}],"curies":[{"name":"wp","href":"https:\/\/api.w.org\/{rel}","templated":true}]}}