{"id":18441,"date":"2024-10-07T09:00:00","date_gmt":"2024-10-07T07:00:00","guid":{"rendered":"https:\/\/www.kompetensforetagen.se\/?p=18441"},"modified":"2025-12-12T10:11:28","modified_gmt":"2025-12-12T09:11:28","slug":"effektiv-bemanning-med-auktorisation","status":"publish","type":"post","link":"https:\/\/www.kompetensforetagen.se\/2024\/10\/effektiv-bemanning-med-auktorisation\/","title":{"rendered":"Effektiv bemanning med auktorisation"},"content":{"rendered":"<p class=\"intro\">Bolaget Effektiv startade p\u00e5 fotbollsplanen med en tidigare proffsspelare i spetsen som tog lagandan fr\u00e5n idrottsv\u00e4rlden och omsatte den till n\u00e4ringslivet. F\u00f6retaget \u00e4r i dag auktoriserade inom bemanning och rekrytering.<br \/>\n\u2013 Jag brinner f\u00f6r att ge tillbaka till samh\u00e4llet, s\u00e4ger <a href=\"https:\/\/www.linkedin.com\/in\/mathiassvensson\/\">Mathias Svensson<\/a>, vd och \u00e4gare av <a href=\"https:\/\/effektiv.se\/\">Effektiv<\/a>.<\/p>\n\n<p><strong>Vad \u00e4r det roligaste med ditt jobb?<\/strong><\/p>\n\n\n\n<p>\u2013 Som ett v\u00e4rderingsstyrt bolag \u00e4r det en naturlig del f\u00f6r oss att ge tillbaka till samh\u00e4llet och hitta r\u00e4tt arbete till r\u00e4tt personer. V\u00e5r personal \u00e4r ambassad\u00f6rer f\u00f6r v\u00e5rt f\u00f6retag, och det \u00e4r d\u00e4rf\u00f6r viktigt att vara en trygg part som kan st\u00f6tta och v\u00e4gleda. P\u00e5 s\u00e5 s\u00e4tt kan vi f\u00f6r\u00e4ndra b\u00e5de branschen och samh\u00e4llet, och det brinner jag f\u00f6r, s\u00e4ger Mathias Svensson.<\/p>\n\n\n\n<p><strong>Vad ser du f\u00f6r viktiga f\u00f6r\u00e4ndringar i branschen?<\/strong><\/p>\n\n\n\n<p>\u2013 Jag upplever att bilden av branschen har f\u00f6r\u00e4ndrats, men det finns fortfarande mycket att g\u00f6ra. Vi fyller en viktig funktion p\u00e5 arbetsmarknaden, men alla \u00e4r inte medvetna om det. M\u00e5nga tar v\u00e4ldigt l\u00e4tt p\u00e5 det vi h\u00e5ller p\u00e5 med, men sanningen \u00e4r att det kr\u00e4vs erfarenhet, kompetens och nyfikenhet att g\u00f6ra det vi g\u00f6r.<\/p>\n\n\n\n<blockquote class=\"wp-block-quote is-layout-flow wp-block-quote-is-layout-flow\">\n<p>Det \u00e4r sv\u00e5rt att ta sig in p\u00e5 marknaden utan auktorisation och kollektivavtal.<\/p>\n<\/blockquote>\n\n\n\n<p><strong>Varf\u00f6r \u00e4r ni auktoriserade?<\/strong><\/p>\n\n\n\n<p>\u2013 Vi tycker att auktorisationen \u00e4r extremt viktig som grund i v\u00e5rt arbete. Den har kvalitetss\u00e4krat branschen och skapat gemensamma riktlinjer, s\u00e4rskilt tack vare kollektivavtalen. Jag upplever att det i dag \u00e4r tufft att ta sig in p\u00e5 marknaden om man inte har kollektivavtal, och det \u00e4r en utveckling som vi ska vara stolta \u00f6ver.<\/p>\n\n\n\n<p><strong>P\u00e5 vilket s\u00e4tt \u00e4r auktorisationen viktig f\u00f6r branschens anseende?<\/strong><\/p>\n\n\n\n<p>\u2013 Branschen spelar en viktig roll p\u00e5 arbetsmarknaden, dels f\u00f6r kompetensf\u00f6rs\u00f6rjningen, dels som en r\u00e5dgivande och fostrande instans. M\u00e5nga unga m\u00e4nniskor hoppar i dag mellan olika jobb, och d\u00e4r kr\u00e4vs en organisation som verkligen ser personalens kompetens och f\u00f6rvaltar den v\u00e4l. Det \u00e4r viktigt att det finns genomg\u00e5ende processer f\u00f6r hur man sk\u00f6ter sig och tar hand om sin personal, och auktorisationen \u00e4r en viktig del av det.<\/p>\n\n\n\n      <a href=\"https:\/\/www.kompetensforetagen.se\/auktorisation-for-bemanningsforetag\/\" target=\"\" class=\"Button is-button is-fullwidth is-style-fill has-black-background-color has-black-border-color has-white-color Button--arrow-tip\">\n      \n        Auktorisation f\u00f6r bemannings\u00adf\u00f6retag\n      \n      \n                \n                <svg class='icon icon--arrow-tip'  width=\"11\" height=\"16\" viewBox=\"0 0 11 16\" fill=\"none\" xmlns=\"http:\/\/www.w3.org\/2000\/svg\">\n<path d=\"M0.858398 15L9.2304 7.99664L0.967732 1.00001\" stroke=\"black\" stroke-width=\"2\" stroke-miterlimit=\"10\"\/>\n<\/svg>\n\n        \n    <\/a>\n  \n","protected":false},"excerpt":{"rendered":"<p>Vad \u00e4r det roligaste med ditt jobb? \u2013 Som ett v\u00e4rderingsstyrt bolag \u00e4r det en naturlig del f\u00f6r oss att ge tillbaka till samh\u00e4llet och hitta r\u00e4tt arbete till r\u00e4tt personer. V\u00e5r personal \u00e4r ambassad\u00f6rer &hellip;<\/p>\n","protected":false},"author":222,"featured_media":18442,"comment_status":"closed","ping_status":"closed","sticky":false,"template":"","format":"standard","meta":{"_acf_changed":false,"footnotes":""},"categories":[1],"tags":[],"article_type":[182],"agreement":[],"for-members":[],"class_list":["post-18441","post","type-post","status-publish","format-standard","has-post-thumbnail","hentry","category-okategoriserade","type-medlemsnyhet"],"acf":[],"yoast_head":"<!-- This site is optimized with the Yoast SEO Premium plugin v26.8 (Yoast SEO v26.8) - https:\/\/yoast.com\/product\/yoast-seo-premium-wordpress\/ -->\n<title>Effektiv bemanning med auktorisation - Kompetensf\u00f6retagen<\/title>\n<meta name=\"description\" content=\"Effektiv bemanning kr\u00e4ver trygghet. L\u00e4s om hur auktorisation s\u00e4kerst\u00e4ller kvalitet, schyssta villkor och kompetens i dina upphandlingar.\" \/>\n<meta name=\"robots\" content=\"index, follow, max-snippet:-1, max-image-preview:large, max-video-preview:-1\" \/>\n<link rel=\"canonical\" href=\"https:\/\/www.kompetensforetagen.se\/2024\/10\/effektiv-bemanning-med-auktorisation\/\" \/>\n<meta property=\"og:locale\" content=\"sv_SE\" \/>\n<meta property=\"og:type\" content=\"article\" \/>\n<meta property=\"og:title\" content=\"Effektiv bemanning med auktorisation\" \/>\n<meta property=\"og:description\" content=\"Effektiv bemanning kr\u00e4ver trygghet. L\u00e4s om hur auktorisation s\u00e4kerst\u00e4ller kvalitet, schyssta villkor och kompetens i dina upphandlingar.\" \/>\n<meta property=\"og:url\" content=\"https:\/\/www.kompetensforetagen.se\/2024\/10\/effektiv-bemanning-med-auktorisation\/\" \/>\n<meta property=\"og:site_name\" content=\"Kompetensf\u00f6retagen\" \/>\n<meta property=\"article:published_time\" content=\"2024-10-07T07:00:00+00:00\" \/>\n<meta property=\"article:modified_time\" content=\"2025-12-12T09:11:28+00:00\" \/>\n<meta property=\"og:image\" content=\"https:\/\/www.kompetensforetagen.se\/app\/uploads\/sites\/5\/2024\/09\/Effektiv.png\" \/>\n\t<meta property=\"og:image:width\" content=\"1900\" \/>\n\t<meta property=\"og:image:height\" content=\"1000\" \/>\n\t<meta property=\"og:image:type\" content=\"image\/png\" \/>\n<meta name=\"author\" content=\"Fredric Sk\u00e4lstad\" \/>\n<meta name=\"twitter:card\" content=\"summary_large_image\" \/>\n<meta name=\"twitter:label1\" content=\"Skriven av\" \/>\n\t<meta name=\"twitter:data1\" content=\"Fredric Sk\u00e4lstad\" \/>\n\t<meta name=\"twitter:label2\" content=\"Ber\u00e4knad l\u00e4stid\" \/>\n\t<meta name=\"twitter:data2\" content=\"2 minuter\" \/>\n<!-- \/ Yoast SEO Premium plugin. -->","yoast_head_json":{"title":"Effektiv bemanning med auktorisation - Kompetensf\u00f6retagen","description":"Effektiv bemanning kr\u00e4ver trygghet. L\u00e4s om hur auktorisation s\u00e4kerst\u00e4ller kvalitet, schyssta villkor och kompetens i dina upphandlingar.","robots":{"index":"index","follow":"follow","max-snippet":"max-snippet:-1","max-image-preview":"max-image-preview:large","max-video-preview":"max-video-preview:-1"},"canonical":"https:\/\/www.kompetensforetagen.se\/2024\/10\/effektiv-bemanning-med-auktorisation\/","og_locale":"sv_SE","og_type":"article","og_title":"Effektiv bemanning med auktorisation","og_description":"Effektiv bemanning kr\u00e4ver trygghet. L\u00e4s om hur auktorisation s\u00e4kerst\u00e4ller kvalitet, schyssta villkor och kompetens i dina upphandlingar.","og_url":"https:\/\/www.kompetensforetagen.se\/2024\/10\/effektiv-bemanning-med-auktorisation\/","og_site_name":"Kompetensf\u00f6retagen","article_published_time":"2024-10-07T07:00:00+00:00","article_modified_time":"2025-12-12T09:11:28+00:00","og_image":[{"width":1900,"height":1000,"url":"https:\/\/www.kompetensforetagen.se\/app\/uploads\/sites\/5\/2024\/09\/Effektiv.png","type":"image\/png"}],"author":"Fredric Sk\u00e4lstad","twitter_card":"summary_large_image","twitter_misc":{"Skriven av":"Fredric Sk\u00e4lstad","Ber\u00e4knad l\u00e4stid":"2 minuter"},"schema":{"@context":"https:\/\/schema.org","@graph":[{"@type":"Article","@id":"https:\/\/www.kompetensforetagen.se\/2024\/10\/effektiv-bemanning-med-auktorisation\/#article","isPartOf":{"@id":"https:\/\/www.kompetensforetagen.se\/2024\/10\/effektiv-bemanning-med-auktorisation\/"},"author":{"name":"Fredric Sk\u00e4lstad","@id":"https:\/\/www.kompetensforetagen.se\/#\/schema\/person\/72cd48bb411dea15e40f11d726e9eeeb"},"headline":"Effektiv bemanning med auktorisation","datePublished":"2024-10-07T07:00:00+00:00","dateModified":"2025-12-12T09:11:28+00:00","mainEntityOfPage":{"@id":"https:\/\/www.kompetensforetagen.se\/2024\/10\/effektiv-bemanning-med-auktorisation\/"},"wordCount":337,"publisher":{"@id":"https:\/\/www.kompetensforetagen.se\/#organization"},"image":{"@id":"https:\/\/www.kompetensforetagen.se\/2024\/10\/effektiv-bemanning-med-auktorisation\/#primaryimage"},"thumbnailUrl":"https:\/\/www.kompetensforetagen.se\/app\/uploads\/sites\/5\/2024\/09\/Effektiv.png","inLanguage":"sv-SE"},{"@type":"WebPage","@id":"https:\/\/www.kompetensforetagen.se\/2024\/10\/effektiv-bemanning-med-auktorisation\/","url":"https:\/\/www.kompetensforetagen.se\/2024\/10\/effektiv-bemanning-med-auktorisation\/","name":"Effektiv bemanning med auktorisation - Kompetensf\u00f6retagen","isPartOf":{"@id":"https:\/\/www.kompetensforetagen.se\/#website"},"primaryImageOfPage":{"@id":"https:\/\/www.kompetensforetagen.se\/2024\/10\/effektiv-bemanning-med-auktorisation\/#primaryimage"},"image":{"@id":"https:\/\/www.kompetensforetagen.se\/2024\/10\/effektiv-bemanning-med-auktorisation\/#primaryimage"},"thumbnailUrl":"https:\/\/www.kompetensforetagen.se\/app\/uploads\/sites\/5\/2024\/09\/Effektiv.png","datePublished":"2024-10-07T07:00:00+00:00","dateModified":"2025-12-12T09:11:28+00:00","description":"Effektiv bemanning kr\u00e4ver trygghet. L\u00e4s om hur auktorisation s\u00e4kerst\u00e4ller kvalitet, schyssta villkor och kompetens i dina upphandlingar.","breadcrumb":{"@id":"https:\/\/www.kompetensforetagen.se\/2024\/10\/effektiv-bemanning-med-auktorisation\/#breadcrumb"},"inLanguage":"sv-SE","potentialAction":[{"@type":"ReadAction","target":["https:\/\/www.kompetensforetagen.se\/2024\/10\/effektiv-bemanning-med-auktorisation\/"]}]},{"@type":"ImageObject","inLanguage":"sv-SE","@id":"https:\/\/www.kompetensforetagen.se\/2024\/10\/effektiv-bemanning-med-auktorisation\/#primaryimage","url":"https:\/\/www.kompetensforetagen.se\/app\/uploads\/sites\/5\/2024\/09\/Effektiv.png","contentUrl":"https:\/\/www.kompetensforetagen.se\/app\/uploads\/sites\/5\/2024\/09\/Effektiv.png","width":1900,"height":1000,"caption":"Effektiv \u2013 auktoriserat medlemsf\u00f6retag inom rekrytering."},{"@type":"BreadcrumbList","@id":"https:\/\/www.kompetensforetagen.se\/2024\/10\/effektiv-bemanning-med-auktorisation\/#breadcrumb","itemListElement":[{"@type":"ListItem","position":1,"name":"Home","item":"https:\/\/www.kompetensforetagen.se\/"},{"@type":"ListItem","position":2,"name":"Effektiv bemanning med auktorisation"}]},{"@type":"WebSite","@id":"https:\/\/www.kompetensforetagen.se\/#website","url":"https:\/\/www.kompetensforetagen.se\/","name":"Kompetensf\u00f6retagen","description":"R\u00e4tt person p\u00e5 r\u00e4tt plats kan f\u00f6r\u00e4ndra v\u00e4rlden","publisher":{"@id":"https:\/\/www.kompetensforetagen.se\/#organization"},"potentialAction":[{"@type":"SearchAction","target":{"@type":"EntryPoint","urlTemplate":"https:\/\/www.kompetensforetagen.se\/?s={search_term_string}"},"query-input":{"@type":"PropertyValueSpecification","valueRequired":true,"valueName":"search_term_string"}}],"inLanguage":"sv-SE"},{"@type":"Organization","@id":"https:\/\/www.kompetensforetagen.se\/#organization","name":"Kompetensf\u00f6retagen","url":"https:\/\/www.kompetensforetagen.se\/","logo":{"@type":"ImageObject","inLanguage":"sv-SE","@id":"https:\/\/www.kompetensforetagen.se\/#\/schema\/logo\/image\/","url":"https:\/\/www.kompetensforetagen.se\/app\/uploads\/sites\/5\/2022\/10\/logga_svart.png","contentUrl":"https:\/\/www.kompetensforetagen.se\/app\/uploads\/sites\/5\/2022\/10\/logga_svart.png","width":752,"height":64,"caption":"Kompetensf\u00f6retagen"},"image":{"@id":"https:\/\/www.kompetensforetagen.se\/#\/schema\/logo\/image\/"},"sameAs":["https:\/\/www.linkedin.com\/company\/10540032\/"]},{"@type":"Person","@id":"https:\/\/www.kompetensforetagen.se\/#\/schema\/person\/72cd48bb411dea15e40f11d726e9eeeb","name":"Fredric Sk\u00e4lstad","image":{"@type":"ImageObject","inLanguage":"sv-SE","@id":"https:\/\/www.kompetensforetagen.se\/#\/schema\/person\/image\/","url":"https:\/\/secure.gravatar.com\/avatar\/64f20bf3ac13c78aedd6054f495d1a00b38234d6bf532fa3b1cb3ff0bcc24f8d?s=96&d=mm&r=g","contentUrl":"https:\/\/secure.gravatar.com\/avatar\/64f20bf3ac13c78aedd6054f495d1a00b38234d6bf532fa3b1cb3ff0bcc24f8d?s=96&d=mm&r=g","caption":"Fredric Sk\u00e4lstad"},"description":"Fredric \u00e4r n\u00e4ringspolitisk chef p\u00e5 Kompetensf\u00f6retagen.","url":"https:\/\/www.kompetensforetagen.se\/person\/fredricskalstad\/"}]}},"_links":{"self":[{"href":"https:\/\/www.kompetensforetagen.se\/api\/wp\/v2\/posts\/18441","targetHints":{"allow":["GET"]}}],"collection":[{"href":"https:\/\/www.kompetensforetagen.se\/api\/wp\/v2\/posts"}],"about":[{"href":"https:\/\/www.kompetensforetagen.se\/api\/wp\/v2\/types\/post"}],"author":[{"embeddable":true,"href":"https:\/\/www.kompetensforetagen.se\/api\/wp\/v2\/users\/222"}],"replies":[{"embeddable":true,"href":"https:\/\/www.kompetensforetagen.se\/api\/wp\/v2\/comments?post=18441"}],"version-history":[{"count":1,"href":"https:\/\/www.kompetensforetagen.se\/api\/wp\/v2\/posts\/18441\/revisions"}],"predecessor-version":[{"id":18443,"href":"https:\/\/www.kompetensforetagen.se\/api\/wp\/v2\/posts\/18441\/revisions\/18443"}],"wp:featuredmedia":[{"embeddable":true,"href":"https:\/\/www.kompetensforetagen.se\/api\/wp\/v2\/media\/18442"}],"wp:attachment":[{"href":"https:\/\/www.kompetensforetagen.se\/api\/wp\/v2\/media?parent=18441"}],"wp:term":[{"taxonomy":"category","embeddable":true,"href":"https:\/\/www.kompetensforetagen.se\/api\/wp\/v2\/categories?post=18441"},{"taxonomy":"post_tag","embeddable":true,"href":"https:\/\/www.kompetensforetagen.se\/api\/wp\/v2\/tags?post=18441"},{"taxonomy":"type","embeddable":true,"href":"https:\/\/www.kompetensforetagen.se\/api\/wp\/v2\/article_type?post=18441"},{"taxonomy":"agreement","embeddable":true,"href":"https:\/\/www.kompetensforetagen.se\/api\/wp\/v2\/agreement?post=18441"},{"taxonomy":"for-members","embeddable":true,"href":"https:\/\/www.kompetensforetagen.se\/api\/wp\/v2\/for-members?post=18441"}],"curies":[{"name":"wp","href":"https:\/\/api.w.org\/{rel}","templated":true}]}}