{"id":18414,"date":"2024-09-30T09:18:33","date_gmt":"2024-09-30T07:18:33","guid":{"rendered":"https:\/\/www.kompetensforetagen.se\/?p=18414"},"modified":"2025-12-15T11:19:31","modified_gmt":"2025-12-15T10:19:31","slug":"auktorisationen-ar-ett-kvitto-pa-att-man-ar-en-bra-arbetsgivare","status":"publish","type":"post","link":"https:\/\/www.kompetensforetagen.se\/2024\/09\/auktorisationen-ar-ett-kvitto-pa-att-man-ar-en-bra-arbetsgivare\/","title":{"rendered":"Auktorisationen \u00e4r ett kvitto p\u00e5 att man \u00e4r en bra arbetsgivare"},"content":{"rendered":"<p class=\"intro\">Bohusl\u00e4nska Bahusia arbetar utifr\u00e5n v\u00e4rdeorden branschkunskap och individuell utveckling. I n\u00e4rmare tjugo \u00e5r har f\u00f6retaget varit den externa personalavdelningen f\u00f6r sm\u00e5 och medelstora f\u00f6retag och \u00e4r i dag auktoriserade inom bemanning, rekrytering och omst\u00e4llning.<br \/>\n\u2013 Auktorisationen \u00e4r ett bevis p\u00e5 att man \u00e4r en seri\u00f6s akt\u00f6r med h\u00f6g standard, och det ska man aldrig tumma p\u00e5, s\u00e4ger vd H\u00e5kan Karlsson.<\/p>\n\n<p><strong>Varf\u00f6r \u00e4r ni auktoriserade?<\/strong><br>\u2013 Vi blev auktoriserade tidigt, och f\u00f6r oss har det framf\u00f6r allt handlat om att visa p\u00e5 seriositeten och att kunna verifiera att vi \u00e4r en trygg akt\u00f6r som f\u00f6ljer lagar, kollektivavtal och \u00e4r en god arbetsgivare som hanterar v\u00e5ra medarbetare p\u00e5 ett bra s\u00e4tt.<\/p>\n\n\n\n<p><strong>Anser du att kunder efterfr\u00e5gar auktorisation?<\/strong><br>\u2013 Auktorisationen \u00e4r en branschstandard och jag upplever att m\u00e5nga kunder \u00e4r v\u00e4l insatta i vad den inneb\u00e4r. Tilliten till branschen \u00e4r nog generellt starkare i dag, vilket g\u00f6r att fr\u00e5gan om auktorisation inte alltid kommer upp. I dag handlar det nog snarare om att man m\u00e5ste kunna argumentera f\u00f6r varf\u00f6r man inte \u00e4r auktoriserad.<\/p>\n\n\n\n<blockquote class=\"wp-block-quote is-layout-flow wp-block-quote-is-layout-flow\">\n<p>Auktorisationen \u00e4r ett bevis p\u00e5 att man \u00e4r en seri\u00f6s akt\u00f6r med h\u00f6g standard. Det ska man aldrig tumma p\u00e5.<\/p>\n<\/blockquote>\n\n\n\n<p><strong>P\u00e5 vilket s\u00e4tt \u00e4r auktorisationen viktig f\u00f6r ert varum\u00e4rke och branschens anseende?<\/strong><br>\u2013 Auktorisationen \u00e4r ett bevis p\u00e5 att man \u00e4r en seri\u00f6s akt\u00f6r med h\u00f6g standard, och det ska man aldrig tumma p\u00e5. Jag tycker framf\u00f6r allt att det \u00e4r bra att man har styrt upp branschen och att det i dag finns krav p\u00e5 kollektivavtal. Men det \u00e4r minst lika viktigt att uppdatera krav och kvalifikationer s\u00e5 att auktorisationen beh\u00e5ller sitt v\u00e4rde och relevans.\u00a0<\/p>\n\n\n\n<p><strong>Och vad g\u00f6r du n\u00e4r du inte jobbar?<\/strong><br>\u2013 Jag tycker om att arbeta med byggnationer, gr\u00f6nytor och v\u00e4xtlighet, och sen har jag ett stort intresse f\u00f6r sport. St\u00f6rst intresse har jag f\u00f6r fotboll och d\u00e5 f\u00f6ljer jag mina lokala favoritlag, men \u00e4ven Manchester United och IFK G\u00f6teborg st\u00e5r h\u00f6gt i kurs. <\/p>\n","protected":false},"excerpt":{"rendered":"<p>Varf\u00f6r \u00e4r ni auktoriserade?\u2013 Vi blev auktoriserade tidigt, och f\u00f6r oss har det framf\u00f6r allt handlat om att visa p\u00e5 seriositeten och att kunna verifiera att vi \u00e4r en trygg akt\u00f6r som f\u00f6ljer lagar, kollektivavtal &hellip;<\/p>\n","protected":false},"author":222,"featured_media":18420,"comment_status":"closed","ping_status":"closed","sticky":false,"template":"","format":"standard","meta":{"_acf_changed":false,"footnotes":""},"categories":[17],"tags":[],"article_type":[182],"agreement":[],"for-members":[],"class_list":["post-18414","post","type-post","status-publish","format-standard","has-post-thumbnail","hentry","category-auktorisation","type-medlemsnyhet"],"acf":[],"yoast_head":"<!-- This site is optimized with the Yoast SEO Premium plugin v26.8 (Yoast SEO v26.8) - https:\/\/yoast.com\/product\/yoast-seo-premium-wordpress\/ -->\n<title>Auktorisationen \u00e4r ett kvitto p\u00e5 att man \u00e4r en bra arbetsgivare - Kompetensf\u00f6retagen<\/title>\n<meta name=\"description\" content=\"&quot;Auktorisationen \u00e4r ett kvitto p\u00e5 att man \u00e4r en bra arbetsgivare&quot;. L\u00e4s varf\u00f6r kvalitetsst\u00e4mpeln \u00e4r viktig f\u00f6r b\u00e5de kund och konsult.\" \/>\n<meta name=\"robots\" content=\"index, follow, max-snippet:-1, max-image-preview:large, max-video-preview:-1\" \/>\n<link rel=\"canonical\" href=\"https:\/\/www.kompetensforetagen.se\/2024\/09\/auktorisationen-ar-ett-kvitto-pa-att-man-ar-en-bra-arbetsgivare\/\" \/>\n<meta property=\"og:locale\" content=\"sv_SE\" \/>\n<meta property=\"og:type\" content=\"article\" \/>\n<meta property=\"og:title\" content=\"Auktorisationen \u00e4r ett kvitto p\u00e5 att man \u00e4r en bra arbetsgivare\" \/>\n<meta property=\"og:description\" content=\"&quot;Auktorisationen \u00e4r ett kvitto p\u00e5 att man \u00e4r en bra arbetsgivare&quot;. L\u00e4s varf\u00f6r kvalitetsst\u00e4mpeln \u00e4r viktig f\u00f6r b\u00e5de kund och konsult.\" \/>\n<meta property=\"og:url\" content=\"https:\/\/www.kompetensforetagen.se\/2024\/09\/auktorisationen-ar-ett-kvitto-pa-att-man-ar-en-bra-arbetsgivare\/\" \/>\n<meta property=\"og:site_name\" content=\"Kompetensf\u00f6retagen\" \/>\n<meta property=\"article:published_time\" content=\"2024-09-30T07:18:33+00:00\" \/>\n<meta property=\"article:modified_time\" content=\"2025-12-15T10:19:31+00:00\" \/>\n<meta property=\"og:image\" content=\"https:\/\/www.kompetensforetagen.se\/app\/uploads\/sites\/5\/2024\/09\/bahusia-1.png\" \/>\n\t<meta property=\"og:image:width\" content=\"1900\" \/>\n\t<meta property=\"og:image:height\" content=\"1000\" \/>\n\t<meta property=\"og:image:type\" content=\"image\/png\" \/>\n<meta name=\"author\" content=\"Fredric Sk\u00e4lstad\" \/>\n<meta name=\"twitter:card\" content=\"summary_large_image\" \/>\n<meta name=\"twitter:label1\" content=\"Skriven av\" \/>\n\t<meta name=\"twitter:data1\" content=\"Fredric Sk\u00e4lstad\" \/>\n\t<meta name=\"twitter:label2\" content=\"Ber\u00e4knad l\u00e4stid\" \/>\n\t<meta name=\"twitter:data2\" content=\"2 minuter\" \/>\n<!-- \/ Yoast SEO Premium plugin. -->","yoast_head_json":{"title":"Auktorisationen \u00e4r ett kvitto p\u00e5 att man \u00e4r en bra arbetsgivare - Kompetensf\u00f6retagen","description":"\"Auktorisationen \u00e4r ett kvitto p\u00e5 att man \u00e4r en bra arbetsgivare\". L\u00e4s varf\u00f6r kvalitetsst\u00e4mpeln \u00e4r viktig f\u00f6r b\u00e5de kund och konsult.","robots":{"index":"index","follow":"follow","max-snippet":"max-snippet:-1","max-image-preview":"max-image-preview:large","max-video-preview":"max-video-preview:-1"},"canonical":"https:\/\/www.kompetensforetagen.se\/2024\/09\/auktorisationen-ar-ett-kvitto-pa-att-man-ar-en-bra-arbetsgivare\/","og_locale":"sv_SE","og_type":"article","og_title":"Auktorisationen \u00e4r ett kvitto p\u00e5 att man \u00e4r en bra arbetsgivare","og_description":"\"Auktorisationen \u00e4r ett kvitto p\u00e5 att man \u00e4r en bra arbetsgivare\". L\u00e4s varf\u00f6r kvalitetsst\u00e4mpeln \u00e4r viktig f\u00f6r b\u00e5de kund och konsult.","og_url":"https:\/\/www.kompetensforetagen.se\/2024\/09\/auktorisationen-ar-ett-kvitto-pa-att-man-ar-en-bra-arbetsgivare\/","og_site_name":"Kompetensf\u00f6retagen","article_published_time":"2024-09-30T07:18:33+00:00","article_modified_time":"2025-12-15T10:19:31+00:00","og_image":[{"width":1900,"height":1000,"url":"https:\/\/www.kompetensforetagen.se\/app\/uploads\/sites\/5\/2024\/09\/bahusia-1.png","type":"image\/png"}],"author":"Fredric Sk\u00e4lstad","twitter_card":"summary_large_image","twitter_misc":{"Skriven av":"Fredric Sk\u00e4lstad","Ber\u00e4knad l\u00e4stid":"2 minuter"},"schema":{"@context":"https:\/\/schema.org","@graph":[{"@type":"Article","@id":"https:\/\/www.kompetensforetagen.se\/2024\/09\/auktorisationen-ar-ett-kvitto-pa-att-man-ar-en-bra-arbetsgivare\/#article","isPartOf":{"@id":"https:\/\/www.kompetensforetagen.se\/2024\/09\/auktorisationen-ar-ett-kvitto-pa-att-man-ar-en-bra-arbetsgivare\/"},"author":{"name":"Fredric Sk\u00e4lstad","@id":"https:\/\/www.kompetensforetagen.se\/#\/schema\/person\/72cd48bb411dea15e40f11d726e9eeeb"},"headline":"Auktorisationen \u00e4r ett kvitto p\u00e5 att man \u00e4r en bra arbetsgivare","datePublished":"2024-09-30T07:18:33+00:00","dateModified":"2025-12-15T10:19:31+00:00","mainEntityOfPage":{"@id":"https:\/\/www.kompetensforetagen.se\/2024\/09\/auktorisationen-ar-ett-kvitto-pa-att-man-ar-en-bra-arbetsgivare\/"},"wordCount":304,"publisher":{"@id":"https:\/\/www.kompetensforetagen.se\/#organization"},"image":{"@id":"https:\/\/www.kompetensforetagen.se\/2024\/09\/auktorisationen-ar-ett-kvitto-pa-att-man-ar-en-bra-arbetsgivare\/#primaryimage"},"thumbnailUrl":"https:\/\/www.kompetensforetagen.se\/app\/uploads\/sites\/5\/2024\/09\/bahusia-1.png","articleSection":["Auktorisation"],"inLanguage":"sv-SE"},{"@type":"WebPage","@id":"https:\/\/www.kompetensforetagen.se\/2024\/09\/auktorisationen-ar-ett-kvitto-pa-att-man-ar-en-bra-arbetsgivare\/","url":"https:\/\/www.kompetensforetagen.se\/2024\/09\/auktorisationen-ar-ett-kvitto-pa-att-man-ar-en-bra-arbetsgivare\/","name":"Auktorisationen \u00e4r ett kvitto p\u00e5 att man \u00e4r en bra arbetsgivare - Kompetensf\u00f6retagen","isPartOf":{"@id":"https:\/\/www.kompetensforetagen.se\/#website"},"primaryImageOfPage":{"@id":"https:\/\/www.kompetensforetagen.se\/2024\/09\/auktorisationen-ar-ett-kvitto-pa-att-man-ar-en-bra-arbetsgivare\/#primaryimage"},"image":{"@id":"https:\/\/www.kompetensforetagen.se\/2024\/09\/auktorisationen-ar-ett-kvitto-pa-att-man-ar-en-bra-arbetsgivare\/#primaryimage"},"thumbnailUrl":"https:\/\/www.kompetensforetagen.se\/app\/uploads\/sites\/5\/2024\/09\/bahusia-1.png","datePublished":"2024-09-30T07:18:33+00:00","dateModified":"2025-12-15T10:19:31+00:00","description":"\"Auktorisationen \u00e4r ett kvitto p\u00e5 att man \u00e4r en bra arbetsgivare\". L\u00e4s varf\u00f6r kvalitetsst\u00e4mpeln \u00e4r viktig f\u00f6r b\u00e5de kund och konsult.","breadcrumb":{"@id":"https:\/\/www.kompetensforetagen.se\/2024\/09\/auktorisationen-ar-ett-kvitto-pa-att-man-ar-en-bra-arbetsgivare\/#breadcrumb"},"inLanguage":"sv-SE","potentialAction":[{"@type":"ReadAction","target":["https:\/\/www.kompetensforetagen.se\/2024\/09\/auktorisationen-ar-ett-kvitto-pa-att-man-ar-en-bra-arbetsgivare\/"]}]},{"@type":"ImageObject","inLanguage":"sv-SE","@id":"https:\/\/www.kompetensforetagen.se\/2024\/09\/auktorisationen-ar-ett-kvitto-pa-att-man-ar-en-bra-arbetsgivare\/#primaryimage","url":"https:\/\/www.kompetensforetagen.se\/app\/uploads\/sites\/5\/2024\/09\/bahusia-1.png","contentUrl":"https:\/\/www.kompetensforetagen.se\/app\/uploads\/sites\/5\/2024\/09\/bahusia-1.png","width":1900,"height":1000,"caption":"Bahusia \u2013 auktoriserat medlemsf\u00f6retag inom bemanning."},{"@type":"BreadcrumbList","@id":"https:\/\/www.kompetensforetagen.se\/2024\/09\/auktorisationen-ar-ett-kvitto-pa-att-man-ar-en-bra-arbetsgivare\/#breadcrumb","itemListElement":[{"@type":"ListItem","position":1,"name":"Home","item":"https:\/\/www.kompetensforetagen.se\/"},{"@type":"ListItem","position":2,"name":"Auktorisationen \u00e4r ett kvitto p\u00e5 att man \u00e4r en bra arbetsgivare"}]},{"@type":"WebSite","@id":"https:\/\/www.kompetensforetagen.se\/#website","url":"https:\/\/www.kompetensforetagen.se\/","name":"Kompetensf\u00f6retagen","description":"R\u00e4tt person p\u00e5 r\u00e4tt plats kan f\u00f6r\u00e4ndra v\u00e4rlden","publisher":{"@id":"https:\/\/www.kompetensforetagen.se\/#organization"},"potentialAction":[{"@type":"SearchAction","target":{"@type":"EntryPoint","urlTemplate":"https:\/\/www.kompetensforetagen.se\/?s={search_term_string}"},"query-input":{"@type":"PropertyValueSpecification","valueRequired":true,"valueName":"search_term_string"}}],"inLanguage":"sv-SE"},{"@type":"Organization","@id":"https:\/\/www.kompetensforetagen.se\/#organization","name":"Kompetensf\u00f6retagen","url":"https:\/\/www.kompetensforetagen.se\/","logo":{"@type":"ImageObject","inLanguage":"sv-SE","@id":"https:\/\/www.kompetensforetagen.se\/#\/schema\/logo\/image\/","url":"https:\/\/www.kompetensforetagen.se\/app\/uploads\/sites\/5\/2022\/10\/logga_svart.png","contentUrl":"https:\/\/www.kompetensforetagen.se\/app\/uploads\/sites\/5\/2022\/10\/logga_svart.png","width":752,"height":64,"caption":"Kompetensf\u00f6retagen"},"image":{"@id":"https:\/\/www.kompetensforetagen.se\/#\/schema\/logo\/image\/"},"sameAs":["https:\/\/www.linkedin.com\/company\/10540032\/"]},{"@type":"Person","@id":"https:\/\/www.kompetensforetagen.se\/#\/schema\/person\/72cd48bb411dea15e40f11d726e9eeeb","name":"Fredric Sk\u00e4lstad","image":{"@type":"ImageObject","inLanguage":"sv-SE","@id":"https:\/\/www.kompetensforetagen.se\/#\/schema\/person\/image\/","url":"https:\/\/secure.gravatar.com\/avatar\/64f20bf3ac13c78aedd6054f495d1a00b38234d6bf532fa3b1cb3ff0bcc24f8d?s=96&d=mm&r=g","contentUrl":"https:\/\/secure.gravatar.com\/avatar\/64f20bf3ac13c78aedd6054f495d1a00b38234d6bf532fa3b1cb3ff0bcc24f8d?s=96&d=mm&r=g","caption":"Fredric Sk\u00e4lstad"},"description":"Fredric \u00e4r n\u00e4ringspolitisk chef p\u00e5 Kompetensf\u00f6retagen.","url":"https:\/\/www.kompetensforetagen.se\/person\/fredricskalstad\/"}]}},"_links":{"self":[{"href":"https:\/\/www.kompetensforetagen.se\/api\/wp\/v2\/posts\/18414","targetHints":{"allow":["GET"]}}],"collection":[{"href":"https:\/\/www.kompetensforetagen.se\/api\/wp\/v2\/posts"}],"about":[{"href":"https:\/\/www.kompetensforetagen.se\/api\/wp\/v2\/types\/post"}],"author":[{"embeddable":true,"href":"https:\/\/www.kompetensforetagen.se\/api\/wp\/v2\/users\/222"}],"replies":[{"embeddable":true,"href":"https:\/\/www.kompetensforetagen.se\/api\/wp\/v2\/comments?post=18414"}],"version-history":[{"count":3,"href":"https:\/\/www.kompetensforetagen.se\/api\/wp\/v2\/posts\/18414\/revisions"}],"predecessor-version":[{"id":18417,"href":"https:\/\/www.kompetensforetagen.se\/api\/wp\/v2\/posts\/18414\/revisions\/18417"}],"wp:featuredmedia":[{"embeddable":true,"href":"https:\/\/www.kompetensforetagen.se\/api\/wp\/v2\/media\/18420"}],"wp:attachment":[{"href":"https:\/\/www.kompetensforetagen.se\/api\/wp\/v2\/media?parent=18414"}],"wp:term":[{"taxonomy":"category","embeddable":true,"href":"https:\/\/www.kompetensforetagen.se\/api\/wp\/v2\/categories?post=18414"},{"taxonomy":"post_tag","embeddable":true,"href":"https:\/\/www.kompetensforetagen.se\/api\/wp\/v2\/tags?post=18414"},{"taxonomy":"type","embeddable":true,"href":"https:\/\/www.kompetensforetagen.se\/api\/wp\/v2\/article_type?post=18414"},{"taxonomy":"agreement","embeddable":true,"href":"https:\/\/www.kompetensforetagen.se\/api\/wp\/v2\/agreement?post=18414"},{"taxonomy":"for-members","embeddable":true,"href":"https:\/\/www.kompetensforetagen.se\/api\/wp\/v2\/for-members?post=18414"}],"curies":[{"name":"wp","href":"https:\/\/api.w.org\/{rel}","templated":true}]}}