{"id":18366,"date":"2024-09-19T08:34:52","date_gmt":"2024-09-19T06:34:52","guid":{"rendered":"https:\/\/www.kompetensforetagen.se\/?p=18366"},"modified":"2025-12-12T10:35:10","modified_gmt":"2025-12-12T09:35:10","slug":"vi-hyllar-branschens-stjarnor","status":"publish","type":"post","link":"https:\/\/www.kompetensforetagen.se\/2024\/09\/vi-hyllar-branschens-stjarnor\/","title":{"rendered":"Vi hyllar branschens stj\u00e4rnor"},"content":{"rendered":"\n<p>Den 18 september samlade vi kompetensbranschen till \u00e5rets Kompetensbranschdag. Under kv\u00e4llen delades fem priser ut till personer som har gjort extraordin\u00e4ra insatser inom kompetensbranschen. Priserna gick till medarbetare p\u00e5 f\u00f6retagen Rekryteringsgruppen, Lernia, Adecco, Clevery och Hello Lilly.<br>\u2013 Utan kompetensbranschen stannar den svenska arbetsmarkaden. V\u00e5ra medlemsf\u00f6retag \u00e4r den viktigaste rekryteringsv\u00e4gen f\u00f6r stora delen av n\u00e4ringslivet. De \u00f6ppnar arbetsmarknaden f\u00f6r unga och personer f\u00f6dda utomlands. D\u00e4rf\u00f6r \u00e4r det fantastiskt att vi tillsammans f\u00e5r hylla de medarbetare som g\u00f6r detta m\u00f6jligt, s\u00e4ger <strong>Eva Domanders<\/strong>, ordf\u00f6rande Kompetensf\u00f6retagen.<\/p>\n\n\n<a class='Share__link Share__link--url copy-text' href='#' rel='nofollow' data-text='och-vinnarna-ar!' title='Dela url' data-confirmation='L\u00e4nken kopierades till urklipp'><svg class='icon icon--link'  width='18' height='18' viewBox='0 0 18 18' fill='none' xmlns='http:\/\/www.w3.org\/2000\/svg'>\n            <path d='M10.4142 0.514721L6.87868 4.05025L8.29289 5.46447L11.1213 2.63604L15.364 6.87868L12.5355 9.70711L13.9497 11.1213L17.4853 7.58579C17.8763 7.19476 17.8763 6.5626 17.4853 6.17158L11.8284 0.514721C11.4374 0.123691 10.8052 0.123691 10.4142 0.514721Z' fill='black'\/>\n            <path d='M9.7071 12.5355L6.87868 15.364L2.63604 11.1213L5.46446 8.2929L4.05025 6.87868L0.514716 10.4142C0.123686 10.8052 0.123686 11.4374 0.514716 11.8284L6.17157 17.4853C6.5626 17.8763 7.19475 17.8763 7.58578 17.4853L11.1213 13.9497L9.7071 12.5355Z' fill='black'\/>\n            <path d='M6.17157 11.8284C6.5626 12.2195 7.19475 12.2195 7.58578 11.8284L11.8284 7.58579C12.2195 7.19476 12.2195 6.56261 11.8284 6.17158C11.4374 5.78055 10.8052 5.78055 10.4142 6.17158L6.17157 10.4142C5.78054 10.8052 5.78054 11.4374 6.17157 11.8284Z' fill='black'\/>\n            <\/svg> <\/a>\n<h2 class=\"wp-block-heading\" id=\"h-och-vinnarna-ar\">Och vinnarna \u00e4r!<\/h2>\n\n\n\n<ul class=\"wp-block-list\">\n<li><mark class=\"has-inline-color has-green-color\"><strong>\u00c5rets konsult, white collar: Henrik Ingemann Nielsen, Adecco<\/strong><\/mark><\/li>\n<\/ul>\n\n\n\n<p><em>Henrik Ingemann Nielsen har bidragit till hela teamets framg\u00e5ng genom sitt professionella och prestigel\u00f6sa s\u00e4tt. Med respekt och empati skapar han en trygg och inkluderande arbetsmilj\u00f6. Han har med sitt engagemang f\u00f6r b\u00e5de verksamheten och kollegorna f\u00f6rb\u00e4ttrat processer och utvecklat teamets arbetss\u00e4tt. Trots f\u00f6r\u00e4ndringar inom f\u00f6retaget har Henrik varit en stabil och trygg ledare. Hans f\u00f6rm\u00e5ga att se och fr\u00e4mja allas potential har lett till att flera medarbetare har vuxit och hittat nya roller i f\u00f6retaget.<\/em><\/p>\n\n\n\n<ul class=\"wp-block-list\">\n<li><strong><mark class=\"has-inline-color has-green-color\">\u00c5rets konsult, blue collar: Ilyas Sahmaoui, Rekryteringsgruppen<\/mark><\/strong><\/li>\n<\/ul>\n\n\n\n<p><em>Ilyas Sahmaoui visar st\u00e4ndigt prov p\u00e5 h\u00f6g professionalism. Han \u00e4r dedikerad till att f\u00f6rb\u00e4ttra sina kunskaper och f\u00e4rdigheter f\u00f6r att alltid leverera p\u00e5 toppniv\u00e5 och kommer med innovativa f\u00f6rslag som har h\u00f6jt effektiviteten. Som en sann m\u00f6jligg\u00f6rare fokuserar Ilyas inte bara p\u00e5 sitt eget arbete, utan ser \u00e4ven till att hans kollegor har de b\u00e4sta f\u00f6ruts\u00e4ttningarna f\u00f6r att lyckas. Hans prestigel\u00f6sa och hj\u00e4lpsamma natur g\u00f6r honom till en ov\u00e4rderlig resurs, alltid redo att st\u00e4lla upp f\u00f6r teamet och f\u00f6retaget.<\/em><\/p>\n\n\n\n<ul class=\"wp-block-list\">\n<li><strong><mark class=\"has-inline-color has-green-color\">\u00c5rets rekryterare: Ida H\u00f6gberg, Clevry<\/mark><\/strong><\/li>\n<\/ul>\n\n\n\n<p><em>Ida H\u00f6gberg \u00e4r en inspirationsk\u00e4lla och en m\u00e4stare p\u00e5 att hitta nya s\u00e4tt att n\u00e5 sina m\u00e5l. I hennes v\u00e4rld \u00e4r varje tillf\u00e4lle en m\u00f6jlighet att hitta nya kandidater, oavsett om det \u00e4r genom n\u00e4tverk eller digitala plattformar. Hennes vilja att st\u00e4ndigt f\u00f6rb\u00e4ttra och anpassa metoder efter den senaste utvecklingen har inte bara hj\u00e4lpt oss att hitta r\u00e4tt talanger snabbare, utan ocks\u00e5 s\u00e4kerst\u00e4llt att v\u00e5ra rekryteringar h\u00e5ller h\u00f6gsta m\u00f6jliga kvalitet. Idas flexibilitet, taktfasta korrekthet och f\u00f6rm\u00e5ga att anpassa sig efter kundernas behov g\u00f6r henne till en ov\u00e4rderlig resurs inom rekrytering.<\/em><\/p>\n\n\n\n<ul class=\"wp-block-list\">\n<li><strong><mark class=\"has-inline-color has-green-color\">\u00c5rets konsultchef: Frida P\u00e5lsson, Lernia<\/mark><\/strong><\/li>\n<\/ul>\n\n\n\n<p><em>Frida P\u00e5lsson sprider mycket v\u00e4rme och gl\u00e4dje omkring sig. Samtidigt \u00e4r hon aff\u00e4rsm\u00e4ssig, har alltid ett s\u00e4ljfokus och bygger starka relationer. Frida st\u00f6ttar sina kollegor och lyfter gruppen n\u00e4r det \u00e4r tufft. Hon kommer alltid med f\u00f6rslag p\u00e5 f\u00f6rb\u00e4ttringar och l\u00f6sningar, och inget \u00e4r n\u00e5gonsin ett problem f\u00f6r henne \u2013 hon s\u00e4tter sig ner, funderar och tappar aldrig modet.<\/em><\/p>\n\n\n\n<ul class=\"wp-block-list\">\n<li><strong><mark class=\"has-inline-color has-green-color\">\u00c5rets omst\u00e4llningscoach: Malin Larsson, Lilly<\/mark><\/strong><\/li>\n<\/ul>\n\n\n\n<p><em>Malin Larsson levererar st\u00e4ndigt \u00f6ver f\u00f6rv\u00e4ntan och sammanfattar i sin person ordet proffs. Hon ser alltid m\u00f6jligheter d\u00e4r andra ser problem och f\u00e5r sina deltagare att k\u00e4nna sig sedda och h\u00f6rda. Genom att introducera innovativa tekniker har hon bidragit till att f\u00f6rb\u00e4ttra b\u00e5de arbetsmetoder och resultat. Malin \u00e4r en inspirerande f\u00f6rebild f\u00f6r sina kollegor och en ov\u00e4rderlig resurs f\u00f6r HelloLilly AB.<\/em><\/p>\n\n\n<a class='Share__link Share__link--url copy-text' href='#' rel='nofollow' data-text='\u00c5rets-jury' title='Dela url' data-confirmation='L\u00e4nken kopierades till urklipp'><svg class='icon icon--link'  width='18' height='18' viewBox='0 0 18 18' fill='none' xmlns='http:\/\/www.w3.org\/2000\/svg'>\n            <path d='M10.4142 0.514721L6.87868 4.05025L8.29289 5.46447L11.1213 2.63604L15.364 6.87868L12.5355 9.70711L13.9497 11.1213L17.4853 7.58579C17.8763 7.19476 17.8763 6.5626 17.4853 6.17158L11.8284 0.514721C11.4374 0.123691 10.8052 0.123691 10.4142 0.514721Z' fill='black'\/>\n            <path d='M9.7071 12.5355L6.87868 15.364L2.63604 11.1213L5.46446 8.2929L4.05025 6.87868L0.514716 10.4142C0.123686 10.8052 0.123686 11.4374 0.514716 11.8284L6.17157 17.4853C6.5626 17.8763 7.19475 17.8763 7.58578 17.4853L11.1213 13.9497L9.7071 12.5355Z' fill='black'\/>\n            <path d='M6.17157 11.8284C6.5626 12.2195 7.19475 12.2195 7.58578 11.8284L11.8284 7.58579C12.2195 7.19476 12.2195 6.56261 11.8284 6.17158C11.4374 5.78055 10.8052 5.78055 10.4142 6.17158L6.17157 10.4142C5.78054 10.8052 5.78054 11.4374 6.17157 11.8284Z' fill='black'\/>\n            <\/svg> <\/a>\n<h2 class=\"wp-block-heading\" id=\"h-arets-jury\">\u00c5rets jury<\/h2>\n\n\n\n<p>Pristagarna uts\u00e5gs efter noggrann utv\u00e4rdering av juryn som bestod av:<\/p>\n\n\n\n<p><strong>Ann Hallsenius<\/strong>, ansvarig kommunikation Almega<\/p>\n\n\n\n<p><strong>Charlotta Stern<\/strong>, vd Ratio<\/p>\n\n\n\n<p><strong>Fredric Sk\u00e4lstad<\/strong>, n\u00e4ringspolitisk chef Kompetensf\u00f6retagen<\/p>\n\n\n\n<p><strong>G\u00f6ran H\u00e4gglund<\/strong>, ordf\u00f6rande auktorisationsn\u00e4mnden<\/p>\n\n\n\n<p><strong>Henrik B\u00e4ckstr\u00f6m<\/strong>, direkt\u00f6r NIVA Helsingfors, tillika tidigare f\u00f6rbundsdirekt\u00f6r Bemanningsf\u00f6retagen<\/p>\n\n\n\n<p><strong>Patrik Eidfelt<\/strong>, f\u00f6rbundsdirekt\u00f6r Kompetensf\u00f6retagen<\/p>\n\n\n\n<p><\/p>\n\n\n\n  \n","protected":false},"excerpt":{"rendered":"<p>Den 18 september samlade vi kompetensbranschen till \u00e5rets Kompetensbranschdag. Under kv\u00e4llen delades fem priser ut till personer som har gjort extraordin\u00e4ra insatser inom kompetensbranschen. Priserna gick till medarbetare p\u00e5 f\u00f6retagen Rekryteringsgruppen, Lernia, Adecco, Clevery och &hellip;<\/p>\n","protected":false},"author":222,"featured_media":18375,"comment_status":"closed","ping_status":"closed","sticky":false,"template":"","format":"standard","meta":{"_acf_changed":false,"footnotes":""},"categories":[253],"tags":[],"article_type":[],"agreement":[],"for-members":[],"class_list":["post-18366","post","type-post","status-publish","format-standard","has-post-thumbnail","hentry","category-kompetensbranschen"],"acf":[],"yoast_head":"<!-- This site is optimized with the Yoast SEO Premium plugin v26.8 (Yoast SEO v26.8) - https:\/\/yoast.com\/product\/yoast-seo-premium-wordpress\/ -->\n<title>Vi hyllar branschens stj\u00e4rnor - Kompetensf\u00f6retagen<\/title>\n<meta name=\"description\" content=\"Vi hyllar branschens stj\u00e4rnor! L\u00e4s om de nominerade och vinnarna som utm\u00e4rkt sig inom bemanning, rekrytering och omst\u00e4llning.\" \/>\n<meta name=\"robots\" content=\"index, follow, max-snippet:-1, max-image-preview:large, max-video-preview:-1\" \/>\n<link rel=\"canonical\" href=\"https:\/\/www.kompetensforetagen.se\/2024\/09\/vi-hyllar-branschens-stjarnor\/\" \/>\n<meta property=\"og:locale\" content=\"sv_SE\" \/>\n<meta property=\"og:type\" content=\"article\" \/>\n<meta property=\"og:title\" content=\"Vi hyllar branschens stj\u00e4rnor\" \/>\n<meta property=\"og:description\" content=\"Vi hyllar branschens stj\u00e4rnor! L\u00e4s om de nominerade och vinnarna som utm\u00e4rkt sig inom bemanning, rekrytering och omst\u00e4llning.\" \/>\n<meta property=\"og:url\" content=\"https:\/\/www.kompetensforetagen.se\/2024\/09\/vi-hyllar-branschens-stjarnor\/\" \/>\n<meta property=\"og:site_name\" content=\"Kompetensf\u00f6retagen\" \/>\n<meta property=\"article:published_time\" content=\"2024-09-19T06:34:52+00:00\" \/>\n<meta property=\"article:modified_time\" content=\"2025-12-12T09:35:10+00:00\" \/>\n<meta property=\"og:image\" content=\"https:\/\/www.kompetensforetagen.se\/app\/uploads\/sites\/5\/2024\/09\/DSC09227.jpg\" \/>\n\t<meta property=\"og:image:width\" content=\"2048\" \/>\n\t<meta property=\"og:image:height\" content=\"1365\" \/>\n\t<meta property=\"og:image:type\" content=\"image\/jpeg\" \/>\n<meta name=\"author\" content=\"Fredric Sk\u00e4lstad\" \/>\n<meta name=\"twitter:card\" content=\"summary_large_image\" \/>\n<meta name=\"twitter:label1\" content=\"Skriven av\" \/>\n\t<meta name=\"twitter:data1\" content=\"Fredric Sk\u00e4lstad\" \/>\n\t<meta name=\"twitter:label2\" content=\"Ber\u00e4knad l\u00e4stid\" \/>\n\t<meta name=\"twitter:data2\" content=\"3 minuter\" \/>\n<!-- \/ Yoast SEO Premium plugin. -->","yoast_head_json":{"title":"Vi hyllar branschens stj\u00e4rnor - Kompetensf\u00f6retagen","description":"Vi hyllar branschens stj\u00e4rnor! L\u00e4s om de nominerade och vinnarna som utm\u00e4rkt sig inom bemanning, rekrytering och omst\u00e4llning.","robots":{"index":"index","follow":"follow","max-snippet":"max-snippet:-1","max-image-preview":"max-image-preview:large","max-video-preview":"max-video-preview:-1"},"canonical":"https:\/\/www.kompetensforetagen.se\/2024\/09\/vi-hyllar-branschens-stjarnor\/","og_locale":"sv_SE","og_type":"article","og_title":"Vi hyllar branschens stj\u00e4rnor","og_description":"Vi hyllar branschens stj\u00e4rnor! L\u00e4s om de nominerade och vinnarna som utm\u00e4rkt sig inom bemanning, rekrytering och omst\u00e4llning.","og_url":"https:\/\/www.kompetensforetagen.se\/2024\/09\/vi-hyllar-branschens-stjarnor\/","og_site_name":"Kompetensf\u00f6retagen","article_published_time":"2024-09-19T06:34:52+00:00","article_modified_time":"2025-12-12T09:35:10+00:00","og_image":[{"width":2048,"height":1365,"url":"https:\/\/www.kompetensforetagen.se\/app\/uploads\/sites\/5\/2024\/09\/DSC09227.jpg","type":"image\/jpeg"}],"author":"Fredric Sk\u00e4lstad","twitter_card":"summary_large_image","twitter_misc":{"Skriven av":"Fredric Sk\u00e4lstad","Ber\u00e4knad l\u00e4stid":"3 minuter"},"schema":{"@context":"https:\/\/schema.org","@graph":[{"@type":"Article","@id":"https:\/\/www.kompetensforetagen.se\/2024\/09\/vi-hyllar-branschens-stjarnor\/#article","isPartOf":{"@id":"https:\/\/www.kompetensforetagen.se\/2024\/09\/vi-hyllar-branschens-stjarnor\/"},"author":{"name":"Fredric Sk\u00e4lstad","@id":"https:\/\/www.kompetensforetagen.se\/#\/schema\/person\/72cd48bb411dea15e40f11d726e9eeeb"},"headline":"Vi hyllar branschens stj\u00e4rnor","datePublished":"2024-09-19T06:34:52+00:00","dateModified":"2025-12-12T09:35:10+00:00","mainEntityOfPage":{"@id":"https:\/\/www.kompetensforetagen.se\/2024\/09\/vi-hyllar-branschens-stjarnor\/"},"wordCount":656,"publisher":{"@id":"https:\/\/www.kompetensforetagen.se\/#organization"},"image":{"@id":"https:\/\/www.kompetensforetagen.se\/2024\/09\/vi-hyllar-branschens-stjarnor\/#primaryimage"},"thumbnailUrl":"https:\/\/www.kompetensforetagen.se\/app\/uploads\/sites\/5\/2024\/09\/DSC09227.jpg","articleSection":["Kompetensbranschen"],"inLanguage":"sv-SE"},{"@type":"WebPage","@id":"https:\/\/www.kompetensforetagen.se\/2024\/09\/vi-hyllar-branschens-stjarnor\/","url":"https:\/\/www.kompetensforetagen.se\/2024\/09\/vi-hyllar-branschens-stjarnor\/","name":"Vi hyllar branschens stj\u00e4rnor - Kompetensf\u00f6retagen","isPartOf":{"@id":"https:\/\/www.kompetensforetagen.se\/#website"},"primaryImageOfPage":{"@id":"https:\/\/www.kompetensforetagen.se\/2024\/09\/vi-hyllar-branschens-stjarnor\/#primaryimage"},"image":{"@id":"https:\/\/www.kompetensforetagen.se\/2024\/09\/vi-hyllar-branschens-stjarnor\/#primaryimage"},"thumbnailUrl":"https:\/\/www.kompetensforetagen.se\/app\/uploads\/sites\/5\/2024\/09\/DSC09227.jpg","datePublished":"2024-09-19T06:34:52+00:00","dateModified":"2025-12-12T09:35:10+00:00","description":"Vi hyllar branschens stj\u00e4rnor! L\u00e4s om de nominerade och vinnarna som utm\u00e4rkt sig inom bemanning, rekrytering och omst\u00e4llning.","breadcrumb":{"@id":"https:\/\/www.kompetensforetagen.se\/2024\/09\/vi-hyllar-branschens-stjarnor\/#breadcrumb"},"inLanguage":"sv-SE","potentialAction":[{"@type":"ReadAction","target":["https:\/\/www.kompetensforetagen.se\/2024\/09\/vi-hyllar-branschens-stjarnor\/"]}]},{"@type":"ImageObject","inLanguage":"sv-SE","@id":"https:\/\/www.kompetensforetagen.se\/2024\/09\/vi-hyllar-branschens-stjarnor\/#primaryimage","url":"https:\/\/www.kompetensforetagen.se\/app\/uploads\/sites\/5\/2024\/09\/DSC09227.jpg","contentUrl":"https:\/\/www.kompetensforetagen.se\/app\/uploads\/sites\/5\/2024\/09\/DSC09227.jpg","width":2048,"height":1365,"caption":"Kompetensdagen: Prisutdelning fr\u00e5n Kompetensf\u00f6retagens h\u00f6stevent 2024."},{"@type":"BreadcrumbList","@id":"https:\/\/www.kompetensforetagen.se\/2024\/09\/vi-hyllar-branschens-stjarnor\/#breadcrumb","itemListElement":[{"@type":"ListItem","position":1,"name":"Home","item":"https:\/\/www.kompetensforetagen.se\/"},{"@type":"ListItem","position":2,"name":"Vi hyllar branschens stj\u00e4rnor"}]},{"@type":"WebSite","@id":"https:\/\/www.kompetensforetagen.se\/#website","url":"https:\/\/www.kompetensforetagen.se\/","name":"Kompetensf\u00f6retagen","description":"R\u00e4tt person p\u00e5 r\u00e4tt plats kan f\u00f6r\u00e4ndra v\u00e4rlden","publisher":{"@id":"https:\/\/www.kompetensforetagen.se\/#organization"},"potentialAction":[{"@type":"SearchAction","target":{"@type":"EntryPoint","urlTemplate":"https:\/\/www.kompetensforetagen.se\/?s={search_term_string}"},"query-input":{"@type":"PropertyValueSpecification","valueRequired":true,"valueName":"search_term_string"}}],"inLanguage":"sv-SE"},{"@type":"Organization","@id":"https:\/\/www.kompetensforetagen.se\/#organization","name":"Kompetensf\u00f6retagen","url":"https:\/\/www.kompetensforetagen.se\/","logo":{"@type":"ImageObject","inLanguage":"sv-SE","@id":"https:\/\/www.kompetensforetagen.se\/#\/schema\/logo\/image\/","url":"https:\/\/www.kompetensforetagen.se\/app\/uploads\/sites\/5\/2022\/10\/logga_svart.png","contentUrl":"https:\/\/www.kompetensforetagen.se\/app\/uploads\/sites\/5\/2022\/10\/logga_svart.png","width":752,"height":64,"caption":"Kompetensf\u00f6retagen"},"image":{"@id":"https:\/\/www.kompetensforetagen.se\/#\/schema\/logo\/image\/"},"sameAs":["https:\/\/www.linkedin.com\/company\/10540032\/"]},{"@type":"Person","@id":"https:\/\/www.kompetensforetagen.se\/#\/schema\/person\/72cd48bb411dea15e40f11d726e9eeeb","name":"Fredric Sk\u00e4lstad","image":{"@type":"ImageObject","inLanguage":"sv-SE","@id":"https:\/\/www.kompetensforetagen.se\/#\/schema\/person\/image\/","url":"https:\/\/secure.gravatar.com\/avatar\/64f20bf3ac13c78aedd6054f495d1a00b38234d6bf532fa3b1cb3ff0bcc24f8d?s=96&d=mm&r=g","contentUrl":"https:\/\/secure.gravatar.com\/avatar\/64f20bf3ac13c78aedd6054f495d1a00b38234d6bf532fa3b1cb3ff0bcc24f8d?s=96&d=mm&r=g","caption":"Fredric Sk\u00e4lstad"},"description":"Fredric \u00e4r n\u00e4ringspolitisk chef p\u00e5 Kompetensf\u00f6retagen.","url":"https:\/\/www.kompetensforetagen.se\/person\/fredricskalstad\/"}]}},"_links":{"self":[{"href":"https:\/\/www.kompetensforetagen.se\/api\/wp\/v2\/posts\/18366","targetHints":{"allow":["GET"]}}],"collection":[{"href":"https:\/\/www.kompetensforetagen.se\/api\/wp\/v2\/posts"}],"about":[{"href":"https:\/\/www.kompetensforetagen.se\/api\/wp\/v2\/types\/post"}],"author":[{"embeddable":true,"href":"https:\/\/www.kompetensforetagen.se\/api\/wp\/v2\/users\/222"}],"replies":[{"embeddable":true,"href":"https:\/\/www.kompetensforetagen.se\/api\/wp\/v2\/comments?post=18366"}],"version-history":[{"count":5,"href":"https:\/\/www.kompetensforetagen.se\/api\/wp\/v2\/posts\/18366\/revisions"}],"predecessor-version":[{"id":21006,"href":"https:\/\/www.kompetensforetagen.se\/api\/wp\/v2\/posts\/18366\/revisions\/21006"}],"wp:featuredmedia":[{"embeddable":true,"href":"https:\/\/www.kompetensforetagen.se\/api\/wp\/v2\/media\/18375"}],"wp:attachment":[{"href":"https:\/\/www.kompetensforetagen.se\/api\/wp\/v2\/media?parent=18366"}],"wp:term":[{"taxonomy":"category","embeddable":true,"href":"https:\/\/www.kompetensforetagen.se\/api\/wp\/v2\/categories?post=18366"},{"taxonomy":"post_tag","embeddable":true,"href":"https:\/\/www.kompetensforetagen.se\/api\/wp\/v2\/tags?post=18366"},{"taxonomy":"type","embeddable":true,"href":"https:\/\/www.kompetensforetagen.se\/api\/wp\/v2\/article_type?post=18366"},{"taxonomy":"agreement","embeddable":true,"href":"https:\/\/www.kompetensforetagen.se\/api\/wp\/v2\/agreement?post=18366"},{"taxonomy":"for-members","embeddable":true,"href":"https:\/\/www.kompetensforetagen.se\/api\/wp\/v2\/for-members?post=18366"}],"curies":[{"name":"wp","href":"https:\/\/api.w.org\/{rel}","templated":true}]}}