{"id":18294,"date":"2024-09-11T15:30:32","date_gmt":"2024-09-11T13:30:32","guid":{"rendered":"https:\/\/www.kompetensforetagen.se\/?p=18294"},"modified":"2024-09-11T17:31:59","modified_gmt":"2024-09-11T15:31:59","slug":"valkommen-till-jobbet-mats-persson","status":"publish","type":"post","link":"https:\/\/www.kompetensforetagen.se\/2024\/09\/valkommen-till-jobbet-mats-persson\/","title":{"rendered":"V\u00e4lkommen till posten som arbetsmarknads-minister, Mats Persson!"},"content":{"rendered":"\n<p>Nu \u00e4r h\u00f6sten h\u00e4r och jag har jobbat mina f\u00f6rsta fyra veckor i rollen som n\u00e4ringspolitisk expert, med huvudansvar f\u00f6r p\u00e5verkansarbetet som r\u00f6r medlemsf\u00f6retagens tj\u00e4nster till Arbetsf\u00f6rmedlingen.<\/p>\n\n\n\n<p>F\u00f6rst och fr\u00e4mst vill jag v\u00e4lkomna Mats Persson till det sp\u00e4nnande nya jobbet som arbetsmarknadsminister. Tillsammans har vi ett gediget arbete framf\u00f6r oss, f\u00f6r att mota bort den h\u00f6gsta arbetsl\u00f6sheten p\u00e5 10 \u00e5r. Min huvuduppgift \u00e4r d\u00e4rf\u00f6r att belysa den avg\u00f6rande roll som kompetensbranschen har f\u00f6r att v\u00e4lkomna fler in i arbetslivet.<\/p>\n\n\n\n<blockquote class=\"wp-block-quote is-layout-flow wp-block-quote-is-layout-flow\">\n<p>Vi har ett gediget arbete framf\u00f6r oss, f\u00f6r att mota bort den h\u00f6gsta arbetsl\u00f6sheten p\u00e5 10 \u00e5r.<\/p>\n<\/blockquote>\n\n\n\n<p>F\u00f6r de som inte sett s\u00e5 inledde Kompetensf\u00f6retagen, tillsammans med Almega och Utbildningsf\u00f6retagen, h\u00f6sten med en debattartikel riktad till d\u00e5varande arbetsmarknadsminister Johan Pehrson. L\u00e4s g\u00e4rna v\u00e5rt inl\u00e4gg<a href=\"https:\/\/www.svd.se\/a\/dRJ4qA\/utbildningsforetag-var-ar-din-arbetsmarknadspolitik-johan-pehrson\" target=\"_blank\" rel=\"noreferrer noopener\">, replik och slutreplik h\u00e4r<\/a>.<\/p>\n\n\n\n<p>H\u00e4r kommer n\u00e5gra spaningar som jag vill dela med mig fr\u00e5n f\u00f6rsta veckorna p\u00e5 jobbet:<\/p>\n\n\n\n<ul class=\"wp-block-list\">\n<li><mark class=\"has-inline-color has-green-color\"><strong>St\u00f6rre ansvar l\u00e4ggs p\u00e5 Arbetsf\u00f6rmedlingen f\u00f6r de tuffare arbetsmarknadspolitiska utmaningarna<\/strong><\/mark><\/li>\n<\/ul>\n\n\n\n<p>Arbetsf\u00f6rmedlingen har f\u00e5tt ett ut\u00f6kat uppdrag av regeringen att st\u00f6tta l\u00e5ngtidsarbetsl\u00f6sa i arbete, vilket \u00f6versatts i en ny insats i egen regi: Sammanh\u00e5llet matchningsst\u00f6d, SMS. Enligt myndigheten ska det vara ett &#8221;komplement&#8221; som de bygger upp just nu, men utan tydlig styrning kring omfattningen av dessa insatser. I dagsl\u00e4get handlar det om 1800 deltagare, men varken m\u00e5l eller urval av deltagare har hittills specificerats. Vi tror att den nya SMS-insatsen riskerar att sv\u00e4lla med allt f\u00f6r tolkningsbara regler f\u00f6r vilka som ska omfattas. Fr\u00e5n Kompetensf\u00f6retagens sida betonades d\u00e4rf\u00f6r vikten av uppf\u00f6ljningsbara m\u00e5l, organisation och finansiering.<\/p>\n\n\n\n<ul class=\"wp-block-list\">\n<li><mark class=\"has-inline-color has-green-color\"><strong>L\u00e4gre deltagarvolymer i Rusta och matcha samt leverant\u00f6rsuppf\u00f6ljning en del av \u00e5tstramning<\/strong><\/mark><\/li>\n<\/ul>\n\n\n\n<p>I dagsl\u00e4get finns ett stort antal leverant\u00f6rer och underleverant\u00f6rer i Rusta och matcha-tj\u00e4nsten (ROM2), motsvarande omkring 650 leverant\u00f6rer p\u00e5 marknaden. Den branta \u00f6kningen av nya leverant\u00f6rer har skapat problem f\u00f6r branschen, vilket lett till politiska beslut om \u00e5tstramningar.<\/p>\n\n\n\n<p>En konsekvens har blivit att Arbetsf\u00f6rmedlingen styr volymerna i matchningstj\u00e4nster utifr\u00e5n regeringens budget f\u00f6r 2024, mot mellan 50-55 000 deltagare m\u00e5natligen. I snitt handlar det om l\u00e4gre \u00e4n 80 deltagare per leverant\u00f6r.<\/p>\n\n\n\n<p>Kompetensf\u00f6retagen har, tillsammans med Almega Utbildningsf\u00f6retagen, l\u00e4mnat in en skrivelse om \u00f6versyn av leverant\u00f6rer, till Arbetsf\u00f6rmedlingen. I samtal med Arbetsf\u00f6rmedlingen har vi ocks\u00e5 understrukit vikten av f\u00f6ruts\u00e4gbarhet och l\u00e5ngsiktighet i arbetsmarknadspolitiken, n\u00e5got som ska bli intressant att diskutera vidare med nya ministern.<\/p>\n\n\n\n<ul class=\"wp-block-list\">\n<li><mark class=\"has-inline-color has-green-color\"><strong>Reformens k\u00e4rna ligger i kontroll och uppf\u00f6ljning &#8211; n\u00e5got som ocks\u00e5 ska prioriteras fram\u00f6ver<\/strong><\/mark><\/li>\n<\/ul>\n\n\n\n<p>En positiv aspekt i Arbetsf\u00f6rmedlingens arbete \u00e4r deras \u00f6kade fokus p\u00e5 kontroller och uppf\u00f6ljning b\u00e5de av leverant\u00f6rer och myndighetens uppdrag. Myndigheten vill snabbare uppt\u00e4cka och h\u00e4va avtal med oseri\u00f6sa leverant\u00f6rer. D\u00e4rf\u00f6r g\u00f6rs kontinuerliga riskbed\u00f6mningar av leverant\u00f6rer i systemet. Till och med augusti 2024 har beslutats om 9 miljoner i viten och 9 h\u00e4vda avtal.<\/p>\n\n\n\n<p>I linje med leverant\u00f6rsuppf\u00f6ljningen s\u00e5 arbetar Arbetsf\u00f6rmedlingen med ett regeringsuppdrag att utveckla arbetet mot felaktiga utbetalningar inom arbetsmarknadspolitiken. F\u00f6r att komma \u00e5t oseri\u00f6sa akt\u00f6rer \u00e4r Arbetsf\u00f6rmedlingen ocks\u00e5 v\u00e4ldigt tacksamma f\u00f6r klagom\u00e5ls- och visselbl\u00e5sarfunktionerna.<\/p>\n\n\n\n<p>Flera medlemsf\u00f6retag har n\u00e4mnt problem n\u00e4r det kommer till utbetalningar av resultaters\u00e4ttningen. F\u00f6r att komma till r\u00e4tta med detta har myndigheten genomf\u00f6rt en st\u00f6rre stickprovsunders\u00f6kning av 700 unika handl\u00e4ggningsprocesser, d\u00e4r det visat sig att utbetalningarna varit korrekta i n\u00e4stan 100 procent av fallen.<\/p>\n\n\n\n<blockquote class=\"wp-block-quote is-layout-flow wp-block-quote-is-layout-flow\">\n<p>Vi kommer att forts\u00e4tta kampen f\u00f6r en slimmad myndighet som fokuserar p\u00e5 k\u00e4rnuppdraget.<\/p>\n<\/blockquote>\n\n\n\n<p>\u00c4ven om vi hade \u00f6nskat oss mer renodling av Arbetsf\u00f6rmedlingens uppgifter \u2013 med fokus p\u00e5 att kontrollera och f\u00f6lja upp uteslutande \u2013 s\u00e5 finns \u00e5tminstone n\u00e5gra positiva tecken i tiden. Fr\u00e5n Kompetensf\u00f6retagens sida kommer vi forts\u00e4tta kampen om en slimmad myndighet, vars uppgift uteslutande ska vara myndighetsut\u00f6vning \u2013 och inte att rusta, matcha och st\u00f6tta arbetsl\u00f6sa i arbete. F\u00f6r det kan v\u00e5ra medlemsf\u00f6retag b\u00e4st.<\/p>\n\n\n\n<p><strong><mark class=\"has-inline-color has-primary-color\">Under h\u00f6sten kommer en m\u00e4ngd roliga aktiviteter och evenemang:<\/mark><\/strong><\/p>\n\n\n\n<p><mark class=\"has-inline-color has-black-color\">24\/9: M\u00f6te med statssekreteraren hos arbetsmarknadsminister Mats Persson (L) om Arbetsf\u00f6rmedlingens regleringsbrev, f\u00f6r\u00e4ndringar i upphandlade tj\u00e4nster och annat.<\/mark><\/p>\n\n\n\n<p><mark class=\"has-inline-color has-black-color\">25\/9: Uppstart f\u00f6r en reformarbetsgrupp f\u00f6r att ta fram framtidens arbetsmarknadspolitik till kommande regering.<\/mark><\/p>\n\n\n\n<p><mark class=\"has-inline-color has-green-color\">15\/10: Marknadsdag f\u00f6r matchnings- och omst\u00e4llningsleverant\u00f6rer.<\/mark><\/p>\n\n\n\n<p>Med det vill jag varmt v\u00e4lkomna er att komma med inspel, tankar och funderingar till v\u00e5rt arbete! \u202f<\/p>\n\n\n\n      <a href=\"https:\/\/ui.ungpd.com\/Events\/a23a7a40-4e83-49f4-8882-dc39c023140f\" target=\"_blank\" class=\"Button is-button is-fullwidth is-style-fill has-black-background-color has-black-border-color has-white-color Button--arrow-tip\">\n      \n        Anm\u00e4l dig till marknadsdagen f\u00f6r matchning och omst\u00e4llning\n      \n      \n                \n                <svg class='icon icon--arrow-tip'  width=\"11\" height=\"16\" viewBox=\"0 0 11 16\" fill=\"none\" xmlns=\"http:\/\/www.w3.org\/2000\/svg\">\n<path d=\"M0.858398 15L9.2304 7.99664L0.967732 1.00001\" stroke=\"black\" stroke-width=\"2\" stroke-miterlimit=\"10\"\/>\n<\/svg>\n\n        \n    <\/a>\n  \n","protected":false},"excerpt":{"rendered":"<p>Nu \u00e4r h\u00f6sten h\u00e4r och jag har jobbat mina f\u00f6rsta fyra veckor i rollen som n\u00e4ringspolitisk expert, med huvudansvar f\u00f6r p\u00e5verkansarbetet som r\u00f6r medlemsf\u00f6retagens tj\u00e4nster till Arbetsf\u00f6rmedlingen. F\u00f6rst och fr\u00e4mst vill jag v\u00e4lkomna Mats Persson &hellip;<\/p>\n","protected":false},"author":222,"featured_media":18302,"comment_status":"closed","ping_status":"closed","sticky":false,"template":"","format":"standard","meta":{"_acf_changed":false,"footnotes":""},"categories":[192],"tags":[],"article_type":[211],"agreement":[],"for-members":[],"class_list":["post-18294","post","type-post","status-publish","format-standard","has-post-thumbnail","hentry","category-arbetsformedlingen","type-blogg"],"acf":[],"yoast_head":"<!-- This site is optimized with the Yoast SEO Premium plugin v26.8 (Yoast SEO v26.8) - https:\/\/yoast.com\/product\/yoast-seo-premium-wordpress\/ -->\n<title>V\u00e4lkommen till posten som arbetsmarknads-minister, Mats Persson! - Kompetensf\u00f6retagen<\/title>\n<meta name=\"description\" content=\"Tillsammans har vi ett gediget arbete framf\u00f6r oss, f\u00f6r att mota bort den h\u00f6gsta arbetsl\u00f6sheten p\u00e5 10 \u00e5r.\" \/>\n<meta name=\"robots\" content=\"index, follow, max-snippet:-1, max-image-preview:large, max-video-preview:-1\" \/>\n<link rel=\"canonical\" href=\"https:\/\/www.kompetensforetagen.se\/2024\/09\/valkommen-till-jobbet-mats-persson\/\" \/>\n<meta property=\"og:locale\" content=\"sv_SE\" \/>\n<meta property=\"og:type\" content=\"article\" \/>\n<meta property=\"og:title\" content=\"V\u00e4lkommen till posten som arbetsmarknads-minister, Mats Persson!\" \/>\n<meta property=\"og:description\" content=\"Tillsammans har vi ett gediget arbete framf\u00f6r oss, f\u00f6r att mota bort den h\u00f6gsta arbetsl\u00f6sheten p\u00e5 10 \u00e5r.\" \/>\n<meta property=\"og:url\" content=\"https:\/\/www.kompetensforetagen.se\/2024\/09\/valkommen-till-jobbet-mats-persson\/\" \/>\n<meta property=\"og:site_name\" content=\"Kompetensf\u00f6retagen\" \/>\n<meta property=\"article:published_time\" content=\"2024-09-11T13:30:32+00:00\" \/>\n<meta property=\"article:modified_time\" content=\"2024-09-11T15:31:59+00:00\" \/>\n<meta property=\"og:image\" content=\"https:\/\/www.kompetensforetagen.se\/app\/uploads\/sites\/5\/2024\/09\/Kopia-av-Langre-citat-8.png\" \/>\n\t<meta property=\"og:image:width\" content=\"940\" \/>\n\t<meta property=\"og:image:height\" content=\"788\" \/>\n\t<meta property=\"og:image:type\" content=\"image\/png\" \/>\n<meta name=\"author\" content=\"Fredric Sk\u00e4lstad\" \/>\n<meta name=\"twitter:card\" content=\"summary_large_image\" \/>\n<meta name=\"twitter:label1\" content=\"Skriven av\" \/>\n\t<meta name=\"twitter:data1\" content=\"Fredric Sk\u00e4lstad\" \/>\n\t<meta name=\"twitter:label2\" content=\"Ber\u00e4knad l\u00e4stid\" \/>\n\t<meta name=\"twitter:data2\" content=\"4 minuter\" \/>\n<!-- \/ Yoast SEO Premium plugin. -->","yoast_head_json":{"title":"V\u00e4lkommen till posten som arbetsmarknads-minister, Mats Persson! - Kompetensf\u00f6retagen","description":"Tillsammans har vi ett gediget arbete framf\u00f6r oss, f\u00f6r att mota bort den h\u00f6gsta arbetsl\u00f6sheten p\u00e5 10 \u00e5r.","robots":{"index":"index","follow":"follow","max-snippet":"max-snippet:-1","max-image-preview":"max-image-preview:large","max-video-preview":"max-video-preview:-1"},"canonical":"https:\/\/www.kompetensforetagen.se\/2024\/09\/valkommen-till-jobbet-mats-persson\/","og_locale":"sv_SE","og_type":"article","og_title":"V\u00e4lkommen till posten som arbetsmarknads-minister, Mats Persson!","og_description":"Tillsammans har vi ett gediget arbete framf\u00f6r oss, f\u00f6r att mota bort den h\u00f6gsta arbetsl\u00f6sheten p\u00e5 10 \u00e5r.","og_url":"https:\/\/www.kompetensforetagen.se\/2024\/09\/valkommen-till-jobbet-mats-persson\/","og_site_name":"Kompetensf\u00f6retagen","article_published_time":"2024-09-11T13:30:32+00:00","article_modified_time":"2024-09-11T15:31:59+00:00","og_image":[{"width":940,"height":788,"url":"https:\/\/www.kompetensforetagen.se\/app\/uploads\/sites\/5\/2024\/09\/Kopia-av-Langre-citat-8.png","type":"image\/png"}],"author":"Fredric Sk\u00e4lstad","twitter_card":"summary_large_image","twitter_misc":{"Skriven av":"Fredric Sk\u00e4lstad","Ber\u00e4knad l\u00e4stid":"4 minuter"},"schema":{"@context":"https:\/\/schema.org","@graph":[{"@type":"Article","@id":"https:\/\/www.kompetensforetagen.se\/2024\/09\/valkommen-till-jobbet-mats-persson\/#article","isPartOf":{"@id":"https:\/\/www.kompetensforetagen.se\/2024\/09\/valkommen-till-jobbet-mats-persson\/"},"author":{"name":"Fredric Sk\u00e4lstad","@id":"https:\/\/www.kompetensforetagen.se\/#\/schema\/person\/72cd48bb411dea15e40f11d726e9eeeb"},"headline":"V\u00e4lkommen till posten som arbetsmarknads-minister, Mats Persson!","datePublished":"2024-09-11T13:30:32+00:00","dateModified":"2024-09-11T15:31:59+00:00","mainEntityOfPage":{"@id":"https:\/\/www.kompetensforetagen.se\/2024\/09\/valkommen-till-jobbet-mats-persson\/"},"wordCount":808,"publisher":{"@id":"https:\/\/www.kompetensforetagen.se\/#organization"},"image":{"@id":"https:\/\/www.kompetensforetagen.se\/2024\/09\/valkommen-till-jobbet-mats-persson\/#primaryimage"},"thumbnailUrl":"https:\/\/www.kompetensforetagen.se\/app\/uploads\/sites\/5\/2024\/09\/Kopia-av-Langre-citat-8.png","articleSection":["Arbetsf\u00f6rmedlingen"],"inLanguage":"sv-SE"},{"@type":"WebPage","@id":"https:\/\/www.kompetensforetagen.se\/2024\/09\/valkommen-till-jobbet-mats-persson\/","url":"https:\/\/www.kompetensforetagen.se\/2024\/09\/valkommen-till-jobbet-mats-persson\/","name":"V\u00e4lkommen till posten som arbetsmarknads-minister, Mats Persson! - Kompetensf\u00f6retagen","isPartOf":{"@id":"https:\/\/www.kompetensforetagen.se\/#website"},"primaryImageOfPage":{"@id":"https:\/\/www.kompetensforetagen.se\/2024\/09\/valkommen-till-jobbet-mats-persson\/#primaryimage"},"image":{"@id":"https:\/\/www.kompetensforetagen.se\/2024\/09\/valkommen-till-jobbet-mats-persson\/#primaryimage"},"thumbnailUrl":"https:\/\/www.kompetensforetagen.se\/app\/uploads\/sites\/5\/2024\/09\/Kopia-av-Langre-citat-8.png","datePublished":"2024-09-11T13:30:32+00:00","dateModified":"2024-09-11T15:31:59+00:00","description":"Tillsammans har vi ett gediget arbete framf\u00f6r oss, f\u00f6r att mota bort den h\u00f6gsta arbetsl\u00f6sheten p\u00e5 10 \u00e5r.","breadcrumb":{"@id":"https:\/\/www.kompetensforetagen.se\/2024\/09\/valkommen-till-jobbet-mats-persson\/#breadcrumb"},"inLanguage":"sv-SE","potentialAction":[{"@type":"ReadAction","target":["https:\/\/www.kompetensforetagen.se\/2024\/09\/valkommen-till-jobbet-mats-persson\/"]}]},{"@type":"ImageObject","inLanguage":"sv-SE","@id":"https:\/\/www.kompetensforetagen.se\/2024\/09\/valkommen-till-jobbet-mats-persson\/#primaryimage","url":"https:\/\/www.kompetensforetagen.se\/app\/uploads\/sites\/5\/2024\/09\/Kopia-av-Langre-citat-8.png","contentUrl":"https:\/\/www.kompetensforetagen.se\/app\/uploads\/sites\/5\/2024\/09\/Kopia-av-Langre-citat-8.png","width":940,"height":788,"caption":"Jessica Forss Katz: V\u00e4lkommen till posten som arbetsmarknads-minister, Mats Persson!"},{"@type":"BreadcrumbList","@id":"https:\/\/www.kompetensforetagen.se\/2024\/09\/valkommen-till-jobbet-mats-persson\/#breadcrumb","itemListElement":[{"@type":"ListItem","position":1,"name":"Home","item":"https:\/\/www.kompetensforetagen.se\/"},{"@type":"ListItem","position":2,"name":"V\u00e4lkommen till posten som arbetsmarknads-minister, Mats Persson!"}]},{"@type":"WebSite","@id":"https:\/\/www.kompetensforetagen.se\/#website","url":"https:\/\/www.kompetensforetagen.se\/","name":"Kompetensf\u00f6retagen","description":"R\u00e4tt person p\u00e5 r\u00e4tt plats kan f\u00f6r\u00e4ndra v\u00e4rlden","publisher":{"@id":"https:\/\/www.kompetensforetagen.se\/#organization"},"potentialAction":[{"@type":"SearchAction","target":{"@type":"EntryPoint","urlTemplate":"https:\/\/www.kompetensforetagen.se\/?s={search_term_string}"},"query-input":{"@type":"PropertyValueSpecification","valueRequired":true,"valueName":"search_term_string"}}],"inLanguage":"sv-SE"},{"@type":"Organization","@id":"https:\/\/www.kompetensforetagen.se\/#organization","name":"Kompetensf\u00f6retagen","url":"https:\/\/www.kompetensforetagen.se\/","logo":{"@type":"ImageObject","inLanguage":"sv-SE","@id":"https:\/\/www.kompetensforetagen.se\/#\/schema\/logo\/image\/","url":"https:\/\/www.kompetensforetagen.se\/app\/uploads\/sites\/5\/2022\/10\/logga_svart.png","contentUrl":"https:\/\/www.kompetensforetagen.se\/app\/uploads\/sites\/5\/2022\/10\/logga_svart.png","width":752,"height":64,"caption":"Kompetensf\u00f6retagen"},"image":{"@id":"https:\/\/www.kompetensforetagen.se\/#\/schema\/logo\/image\/"},"sameAs":["https:\/\/www.linkedin.com\/company\/10540032\/"]},{"@type":"Person","@id":"https:\/\/www.kompetensforetagen.se\/#\/schema\/person\/72cd48bb411dea15e40f11d726e9eeeb","name":"Fredric Sk\u00e4lstad","image":{"@type":"ImageObject","inLanguage":"sv-SE","@id":"https:\/\/www.kompetensforetagen.se\/#\/schema\/person\/image\/","url":"https:\/\/secure.gravatar.com\/avatar\/64f20bf3ac13c78aedd6054f495d1a00b38234d6bf532fa3b1cb3ff0bcc24f8d?s=96&d=mm&r=g","contentUrl":"https:\/\/secure.gravatar.com\/avatar\/64f20bf3ac13c78aedd6054f495d1a00b38234d6bf532fa3b1cb3ff0bcc24f8d?s=96&d=mm&r=g","caption":"Fredric Sk\u00e4lstad"},"description":"Fredric \u00e4r n\u00e4ringspolitisk chef p\u00e5 Kompetensf\u00f6retagen.","url":"https:\/\/www.kompetensforetagen.se\/person\/fredricskalstad\/"}]}},"_links":{"self":[{"href":"https:\/\/www.kompetensforetagen.se\/api\/wp\/v2\/posts\/18294","targetHints":{"allow":["GET"]}}],"collection":[{"href":"https:\/\/www.kompetensforetagen.se\/api\/wp\/v2\/posts"}],"about":[{"href":"https:\/\/www.kompetensforetagen.se\/api\/wp\/v2\/types\/post"}],"author":[{"embeddable":true,"href":"https:\/\/www.kompetensforetagen.se\/api\/wp\/v2\/users\/222"}],"replies":[{"embeddable":true,"href":"https:\/\/www.kompetensforetagen.se\/api\/wp\/v2\/comments?post=18294"}],"version-history":[{"count":5,"href":"https:\/\/www.kompetensforetagen.se\/api\/wp\/v2\/posts\/18294\/revisions"}],"predecessor-version":[{"id":18301,"href":"https:\/\/www.kompetensforetagen.se\/api\/wp\/v2\/posts\/18294\/revisions\/18301"}],"wp:featuredmedia":[{"embeddable":true,"href":"https:\/\/www.kompetensforetagen.se\/api\/wp\/v2\/media\/18302"}],"wp:attachment":[{"href":"https:\/\/www.kompetensforetagen.se\/api\/wp\/v2\/media?parent=18294"}],"wp:term":[{"taxonomy":"category","embeddable":true,"href":"https:\/\/www.kompetensforetagen.se\/api\/wp\/v2\/categories?post=18294"},{"taxonomy":"post_tag","embeddable":true,"href":"https:\/\/www.kompetensforetagen.se\/api\/wp\/v2\/tags?post=18294"},{"taxonomy":"type","embeddable":true,"href":"https:\/\/www.kompetensforetagen.se\/api\/wp\/v2\/article_type?post=18294"},{"taxonomy":"agreement","embeddable":true,"href":"https:\/\/www.kompetensforetagen.se\/api\/wp\/v2\/agreement?post=18294"},{"taxonomy":"for-members","embeddable":true,"href":"https:\/\/www.kompetensforetagen.se\/api\/wp\/v2\/for-members?post=18294"}],"curies":[{"name":"wp","href":"https:\/\/api.w.org\/{rel}","templated":true}]}}