{"id":18126,"date":"2024-09-02T12:11:07","date_gmt":"2024-09-02T10:11:07","guid":{"rendered":"https:\/\/www.kompetensforetagen.se\/?p=18126"},"modified":"2024-09-02T13:12:54","modified_gmt":"2024-09-02T11:12:54","slug":"for-bolaget-best-ar-auktorisationen-ar-en-kalla-till-kunskap-och-utveckling","status":"publish","type":"post","link":"https:\/\/www.kompetensforetagen.se\/2024\/09\/for-bolaget-best-ar-auktorisationen-ar-en-kalla-till-kunskap-och-utveckling\/","title":{"rendered":"F\u00f6r bolaget Best \u00e4r auktorisationen en k\u00e4lla till kunskap och utveckling"},"content":{"rendered":"\n<p><strong>Med ett stort kontaktn\u00e4t och bred erfarenhet i bagaget erbjuder bolaget Best bemannings- och rekryteringstj\u00e4nster till f\u00f6retag, organisationer och myndigheter i M\u00e4lardalen. F\u00f6retaget \u00e4r auktoriserade inom bemanning, rekrytering och omst\u00e4llning. \u201dV\u00e5r ambition har alltid varit att arbeta med m\u00e4nniskan i fokus\u201d, s\u00e4ger M\u00e5rten Sporrong, koncernstrateg, Best.<\/strong><\/p>\n\n\n\n<p><strong><strong>Vad ser du f\u00f6r positiva f\u00f6r\u00e4ndringar i branschen?<\/strong><\/strong><\/p>\n\n\n\n<p>&#8211; Den st\u00f6rsta skillnaden jag ser \u00e4r acceptansen. N\u00e4r jag b\u00f6rjade jobba var vi fula fiskar och n\u00e5gon man inte tog p\u00e5 allvar. Man s\u00e5g inte att bemanningsbranschen fyllde ett utrymme och en funktion som f\u00f6retag. Det \u00e4r helt annorlunda idag och vi har f\u00e5tt en annan respekt p\u00e5 arbetsmarknaden.<\/p>\n\n\n\n<blockquote class=\"wp-block-quote is-layout-flow wp-block-quote-is-layout-flow\">\n<p>Tillsammans med branschen s\u00e4tter vi standarden f\u00f6r hur vi vill jobba.<\/p>\n<\/blockquote>\n\n\n\n<p><strong>Varf\u00f6r \u00e4r ni auktoriserade?<\/strong><\/p>\n\n\n\n<p>&#8211; Framf\u00f6r allt f\u00f6r att det \u00e4r en k\u00e4lla till kunskap och utveckling. Tillsammans med branschen s\u00e4tter vi standarden f\u00f6r hur vi vill jobba. Auktorisationen har ocks\u00e5 spelat en viktig roll f\u00f6r v\u00e5r relation till fackf\u00f6rbunden. I dag \u00e4r vi samarbetspartners, inte motst\u00e5ndare, och tillsammans f\u00f6rb\u00e4ttrar vi f\u00f6ruts\u00e4ttningarna f\u00f6r arbetstagare runt om i landet.<\/p>\n\n\n\n<p><strong>P\u00e5 vilket s\u00e4tt \u00e4r auktorisationen viktig f\u00f6r branschens anseende?<\/strong><\/p>\n\n\n\n<p>&#8211; Jag tycker att den spelar en viktig roll f\u00f6r att skapa trygghet och tydlighet, vilket \u00e4r till gagn f\u00f6r alla parter. Det g\u00e5r inte att lura n\u00e5gon i dag f\u00f6r att det finns kunskap, professionalitet och struktur \u2013 f\u00f6r oss som f\u00f6retag, f\u00f6r arbetstagaren vi hyr ut och f\u00f6r v\u00e5ra kunder. <\/p>\n\n\n\n<blockquote class=\"wp-block-quote is-layout-flow wp-block-quote-is-layout-flow\">\n<p>I dag \u00e4r vi samarbetspartners, inte motst\u00e5ndare, och tillsammans f\u00f6rb\u00e4ttrar vi f\u00f6ruts\u00e4ttningarna f\u00f6r arbetstagare runt om i landet.<\/p>\n<\/blockquote>\n\n\n\n<p><strong>Vad tycker du om att g\u00f6ra p\u00e5 fritiden? <\/strong><\/p>\n\n\n\n<p>-Jag spelar v\u00e4ldigt mycket tennis och en inbiten fotbolls\u00e5sk\u00e5dare. Min son spelar s\u00e5 det blir en del fotbollsresor, men jag \u00e4r ocks\u00e5 en fullblodig Arsenalsupporter.&nbsp;<\/p>\n\n\n\n      <a href=\"https:\/\/www.kompetensforetagen.se\/auktorisation\/\" target=\"_blank\" class=\"Button is-button is-style-fill has-green-background-color has-green-border-color has-white-color Button--arrow-tip\">\n      \n        L\u00e4s mer om auktorisationen\n      \n      \n                \n                <svg class='icon icon--arrow-tip'  width=\"11\" height=\"16\" viewBox=\"0 0 11 16\" fill=\"none\" xmlns=\"http:\/\/www.w3.org\/2000\/svg\">\n<path d=\"M0.858398 15L9.2304 7.99664L0.967732 1.00001\" stroke=\"black\" stroke-width=\"2\" stroke-miterlimit=\"10\"\/>\n<\/svg>\n\n        \n    <\/a>\n  \n","protected":false},"excerpt":{"rendered":"<p>Med ett stort kontaktn\u00e4t och bred erfarenhet i bagaget erbjuder bolaget Best bemannings- och rekryteringstj\u00e4nster till f\u00f6retag, organisationer och myndigheter i M\u00e4lardalen. F\u00f6retaget \u00e4r auktoriserade inom bemanning, rekrytering och omst\u00e4llning. \u201dV\u00e5r ambition har alltid varit &hellip;<\/p>\n","protected":false},"author":14830,"featured_media":18165,"comment_status":"closed","ping_status":"closed","sticky":false,"template":"","format":"standard","meta":{"_acf_changed":false,"footnotes":""},"categories":[17],"tags":[],"article_type":[],"agreement":[],"for-members":[],"class_list":["post-18126","post","type-post","status-publish","format-standard","has-post-thumbnail","hentry","category-auktorisation"],"acf":[],"yoast_head":"<!-- This site is optimized with the Yoast SEO Premium plugin v26.8 (Yoast SEO v26.8) - https:\/\/yoast.com\/product\/yoast-seo-premium-wordpress\/ -->\n<title>F\u00f6r bolaget Best \u00e4r auktorisationen en k\u00e4lla till kunskap och utveckling - Kompetensf\u00f6retagen<\/title>\n<meta name=\"description\" content=\"F\u00f6retaget \u00e4r auktoriserade inom bemanning, rekrytering och omst\u00e4llning. \u201dV\u00e5r ambition har alltid varit att arbeta med m\u00e4nniskan i fokus\u201d, s\u00e4ger M\u00e5rten Sporrong.\" \/>\n<meta name=\"robots\" content=\"index, follow, max-snippet:-1, max-image-preview:large, max-video-preview:-1\" \/>\n<link rel=\"canonical\" href=\"https:\/\/www.kompetensforetagen.se\/2024\/09\/for-bolaget-best-ar-auktorisationen-ar-en-kalla-till-kunskap-och-utveckling\/\" \/>\n<meta property=\"og:locale\" content=\"sv_SE\" \/>\n<meta property=\"og:type\" content=\"article\" \/>\n<meta property=\"og:title\" content=\"F\u00f6r bolaget Best \u00e4r auktorisationen en k\u00e4lla till kunskap och utveckling\" \/>\n<meta property=\"og:description\" content=\"F\u00f6retaget \u00e4r auktoriserade inom bemanning, rekrytering och omst\u00e4llning. \u201dV\u00e5r ambition har alltid varit att arbeta med m\u00e4nniskan i fokus\u201d, s\u00e4ger M\u00e5rten Sporrong.\" \/>\n<meta property=\"og:url\" content=\"https:\/\/www.kompetensforetagen.se\/2024\/09\/for-bolaget-best-ar-auktorisationen-ar-en-kalla-till-kunskap-och-utveckling\/\" \/>\n<meta property=\"og:site_name\" content=\"Kompetensf\u00f6retagen\" \/>\n<meta property=\"article:published_time\" content=\"2024-09-02T10:11:07+00:00\" \/>\n<meta property=\"article:modified_time\" content=\"2024-09-02T11:12:54+00:00\" \/>\n<meta property=\"og:image\" content=\"https:\/\/www.kompetensforetagen.se\/app\/uploads\/sites\/5\/2024\/09\/Kopia-av-statistics-5.png\" \/>\n\t<meta property=\"og:image:width\" content=\"1900\" \/>\n\t<meta property=\"og:image:height\" content=\"1000\" \/>\n\t<meta property=\"og:image:type\" content=\"image\/png\" \/>\n<meta name=\"author\" content=\"camillagunnar2\" \/>\n<meta name=\"twitter:card\" content=\"summary_large_image\" \/>\n<meta name=\"twitter:label1\" content=\"Skriven av\" \/>\n\t<meta name=\"twitter:data1\" content=\"camillagunnar2\" \/>\n\t<meta name=\"twitter:label2\" content=\"Ber\u00e4knad l\u00e4stid\" \/>\n\t<meta name=\"twitter:data2\" content=\"2 minuter\" \/>\n<!-- \/ Yoast SEO Premium plugin. -->","yoast_head_json":{"title":"F\u00f6r bolaget Best \u00e4r auktorisationen en k\u00e4lla till kunskap och utveckling - Kompetensf\u00f6retagen","description":"F\u00f6retaget \u00e4r auktoriserade inom bemanning, rekrytering och omst\u00e4llning. \u201dV\u00e5r ambition har alltid varit att arbeta med m\u00e4nniskan i fokus\u201d, s\u00e4ger M\u00e5rten Sporrong.","robots":{"index":"index","follow":"follow","max-snippet":"max-snippet:-1","max-image-preview":"max-image-preview:large","max-video-preview":"max-video-preview:-1"},"canonical":"https:\/\/www.kompetensforetagen.se\/2024\/09\/for-bolaget-best-ar-auktorisationen-ar-en-kalla-till-kunskap-och-utveckling\/","og_locale":"sv_SE","og_type":"article","og_title":"F\u00f6r bolaget Best \u00e4r auktorisationen en k\u00e4lla till kunskap och utveckling","og_description":"F\u00f6retaget \u00e4r auktoriserade inom bemanning, rekrytering och omst\u00e4llning. \u201dV\u00e5r ambition har alltid varit att arbeta med m\u00e4nniskan i fokus\u201d, s\u00e4ger M\u00e5rten Sporrong.","og_url":"https:\/\/www.kompetensforetagen.se\/2024\/09\/for-bolaget-best-ar-auktorisationen-ar-en-kalla-till-kunskap-och-utveckling\/","og_site_name":"Kompetensf\u00f6retagen","article_published_time":"2024-09-02T10:11:07+00:00","article_modified_time":"2024-09-02T11:12:54+00:00","og_image":[{"width":1900,"height":1000,"url":"https:\/\/www.kompetensforetagen.se\/app\/uploads\/sites\/5\/2024\/09\/Kopia-av-statistics-5.png","type":"image\/png"}],"author":"camillagunnar2","twitter_card":"summary_large_image","twitter_misc":{"Skriven av":"camillagunnar2","Ber\u00e4knad l\u00e4stid":"2 minuter"},"schema":{"@context":"https:\/\/schema.org","@graph":[{"@type":"Article","@id":"https:\/\/www.kompetensforetagen.se\/2024\/09\/for-bolaget-best-ar-auktorisationen-ar-en-kalla-till-kunskap-och-utveckling\/#article","isPartOf":{"@id":"https:\/\/www.kompetensforetagen.se\/2024\/09\/for-bolaget-best-ar-auktorisationen-ar-en-kalla-till-kunskap-och-utveckling\/"},"author":{"name":"camillagunnar2","@id":"https:\/\/www.kompetensforetagen.se\/#\/schema\/person\/94b8ea93ef0611b1467f15023d9ebd1b"},"headline":"F\u00f6r bolaget Best \u00e4r auktorisationen en k\u00e4lla till kunskap och utveckling","datePublished":"2024-09-02T10:11:07+00:00","dateModified":"2024-09-02T11:12:54+00:00","mainEntityOfPage":{"@id":"https:\/\/www.kompetensforetagen.se\/2024\/09\/for-bolaget-best-ar-auktorisationen-ar-en-kalla-till-kunskap-och-utveckling\/"},"wordCount":357,"publisher":{"@id":"https:\/\/www.kompetensforetagen.se\/#organization"},"image":{"@id":"https:\/\/www.kompetensforetagen.se\/2024\/09\/for-bolaget-best-ar-auktorisationen-ar-en-kalla-till-kunskap-och-utveckling\/#primaryimage"},"thumbnailUrl":"https:\/\/www.kompetensforetagen.se\/app\/uploads\/sites\/5\/2024\/09\/Kopia-av-statistics-5.png","articleSection":["Auktorisation"],"inLanguage":"sv-SE"},{"@type":"WebPage","@id":"https:\/\/www.kompetensforetagen.se\/2024\/09\/for-bolaget-best-ar-auktorisationen-ar-en-kalla-till-kunskap-och-utveckling\/","url":"https:\/\/www.kompetensforetagen.se\/2024\/09\/for-bolaget-best-ar-auktorisationen-ar-en-kalla-till-kunskap-och-utveckling\/","name":"F\u00f6r bolaget Best \u00e4r auktorisationen en k\u00e4lla till kunskap och utveckling - Kompetensf\u00f6retagen","isPartOf":{"@id":"https:\/\/www.kompetensforetagen.se\/#website"},"primaryImageOfPage":{"@id":"https:\/\/www.kompetensforetagen.se\/2024\/09\/for-bolaget-best-ar-auktorisationen-ar-en-kalla-till-kunskap-och-utveckling\/#primaryimage"},"image":{"@id":"https:\/\/www.kompetensforetagen.se\/2024\/09\/for-bolaget-best-ar-auktorisationen-ar-en-kalla-till-kunskap-och-utveckling\/#primaryimage"},"thumbnailUrl":"https:\/\/www.kompetensforetagen.se\/app\/uploads\/sites\/5\/2024\/09\/Kopia-av-statistics-5.png","datePublished":"2024-09-02T10:11:07+00:00","dateModified":"2024-09-02T11:12:54+00:00","description":"F\u00f6retaget \u00e4r auktoriserade inom bemanning, rekrytering och omst\u00e4llning. \u201dV\u00e5r ambition har alltid varit att arbeta med m\u00e4nniskan i fokus\u201d, s\u00e4ger M\u00e5rten Sporrong.","breadcrumb":{"@id":"https:\/\/www.kompetensforetagen.se\/2024\/09\/for-bolaget-best-ar-auktorisationen-ar-en-kalla-till-kunskap-och-utveckling\/#breadcrumb"},"inLanguage":"sv-SE","potentialAction":[{"@type":"ReadAction","target":["https:\/\/www.kompetensforetagen.se\/2024\/09\/for-bolaget-best-ar-auktorisationen-ar-en-kalla-till-kunskap-och-utveckling\/"]}]},{"@type":"ImageObject","inLanguage":"sv-SE","@id":"https:\/\/www.kompetensforetagen.se\/2024\/09\/for-bolaget-best-ar-auktorisationen-ar-en-kalla-till-kunskap-och-utveckling\/#primaryimage","url":"https:\/\/www.kompetensforetagen.se\/app\/uploads\/sites\/5\/2024\/09\/Kopia-av-statistics-5.png","contentUrl":"https:\/\/www.kompetensforetagen.se\/app\/uploads\/sites\/5\/2024\/09\/Kopia-av-statistics-5.png","width":1900,"height":1000,"caption":"M\u00e5rten Sporrong: Koncernstrateg, Best"},{"@type":"BreadcrumbList","@id":"https:\/\/www.kompetensforetagen.se\/2024\/09\/for-bolaget-best-ar-auktorisationen-ar-en-kalla-till-kunskap-och-utveckling\/#breadcrumb","itemListElement":[{"@type":"ListItem","position":1,"name":"Home","item":"https:\/\/www.kompetensforetagen.se\/"},{"@type":"ListItem","position":2,"name":"F\u00f6r bolaget Best \u00e4r auktorisationen en k\u00e4lla till kunskap och utveckling"}]},{"@type":"WebSite","@id":"https:\/\/www.kompetensforetagen.se\/#website","url":"https:\/\/www.kompetensforetagen.se\/","name":"Kompetensf\u00f6retagen","description":"R\u00e4tt person p\u00e5 r\u00e4tt plats kan f\u00f6r\u00e4ndra v\u00e4rlden","publisher":{"@id":"https:\/\/www.kompetensforetagen.se\/#organization"},"potentialAction":[{"@type":"SearchAction","target":{"@type":"EntryPoint","urlTemplate":"https:\/\/www.kompetensforetagen.se\/?s={search_term_string}"},"query-input":{"@type":"PropertyValueSpecification","valueRequired":true,"valueName":"search_term_string"}}],"inLanguage":"sv-SE"},{"@type":"Organization","@id":"https:\/\/www.kompetensforetagen.se\/#organization","name":"Kompetensf\u00f6retagen","url":"https:\/\/www.kompetensforetagen.se\/","logo":{"@type":"ImageObject","inLanguage":"sv-SE","@id":"https:\/\/www.kompetensforetagen.se\/#\/schema\/logo\/image\/","url":"https:\/\/www.kompetensforetagen.se\/app\/uploads\/sites\/5\/2022\/10\/logga_svart.png","contentUrl":"https:\/\/www.kompetensforetagen.se\/app\/uploads\/sites\/5\/2022\/10\/logga_svart.png","width":752,"height":64,"caption":"Kompetensf\u00f6retagen"},"image":{"@id":"https:\/\/www.kompetensforetagen.se\/#\/schema\/logo\/image\/"},"sameAs":["https:\/\/www.linkedin.com\/company\/10540032\/"]},{"@type":"Person","@id":"https:\/\/www.kompetensforetagen.se\/#\/schema\/person\/94b8ea93ef0611b1467f15023d9ebd1b","name":"camillagunnar2","image":{"@type":"ImageObject","inLanguage":"sv-SE","@id":"https:\/\/www.kompetensforetagen.se\/#\/schema\/person\/image\/","url":"https:\/\/secure.gravatar.com\/avatar\/b6f8240666aff929220ce2eb5e5698c1b44b3223ca9f0ac50ecbf5dbdb13dab4?s=96&d=mm&r=g","contentUrl":"https:\/\/secure.gravatar.com\/avatar\/b6f8240666aff929220ce2eb5e5698c1b44b3223ca9f0ac50ecbf5dbdb13dab4?s=96&d=mm&r=g","caption":"camillagunnar2"},"url":"https:\/\/www.kompetensforetagen.se\/person\/camillagunnar2\/"}]}},"_links":{"self":[{"href":"https:\/\/www.kompetensforetagen.se\/api\/wp\/v2\/posts\/18126","targetHints":{"allow":["GET"]}}],"collection":[{"href":"https:\/\/www.kompetensforetagen.se\/api\/wp\/v2\/posts"}],"about":[{"href":"https:\/\/www.kompetensforetagen.se\/api\/wp\/v2\/types\/post"}],"author":[{"embeddable":true,"href":"https:\/\/www.kompetensforetagen.se\/api\/wp\/v2\/users\/14830"}],"replies":[{"embeddable":true,"href":"https:\/\/www.kompetensforetagen.se\/api\/wp\/v2\/comments?post=18126"}],"version-history":[{"count":11,"href":"https:\/\/www.kompetensforetagen.se\/api\/wp\/v2\/posts\/18126\/revisions"}],"predecessor-version":[{"id":18166,"href":"https:\/\/www.kompetensforetagen.se\/api\/wp\/v2\/posts\/18126\/revisions\/18166"}],"wp:featuredmedia":[{"embeddable":true,"href":"https:\/\/www.kompetensforetagen.se\/api\/wp\/v2\/media\/18165"}],"wp:attachment":[{"href":"https:\/\/www.kompetensforetagen.se\/api\/wp\/v2\/media?parent=18126"}],"wp:term":[{"taxonomy":"category","embeddable":true,"href":"https:\/\/www.kompetensforetagen.se\/api\/wp\/v2\/categories?post=18126"},{"taxonomy":"post_tag","embeddable":true,"href":"https:\/\/www.kompetensforetagen.se\/api\/wp\/v2\/tags?post=18126"},{"taxonomy":"type","embeddable":true,"href":"https:\/\/www.kompetensforetagen.se\/api\/wp\/v2\/article_type?post=18126"},{"taxonomy":"agreement","embeddable":true,"href":"https:\/\/www.kompetensforetagen.se\/api\/wp\/v2\/agreement?post=18126"},{"taxonomy":"for-members","embeddable":true,"href":"https:\/\/www.kompetensforetagen.se\/api\/wp\/v2\/for-members?post=18126"}],"curies":[{"name":"wp","href":"https:\/\/api.w.org\/{rel}","templated":true}]}}