{"id":17860,"date":"2024-08-26T10:58:00","date_gmt":"2024-08-26T08:58:00","guid":{"rendered":"https:\/\/www.kompetensforetagen.se\/?p=17860"},"modified":"2024-08-29T12:28:05","modified_gmt":"2024-08-29T10:28:05","slug":"auktorisationen-ar-en-positiv-konkurrensfordelfor-rekryteringsgruppen","status":"publish","type":"post","link":"https:\/\/www.kompetensforetagen.se\/2024\/08\/auktorisationen-ar-en-positiv-konkurrensfordelfor-rekryteringsgruppen\/","title":{"rendered":"Auktorisationen \u00e4r en konkurrensf\u00f6rdel f\u00f6r Rekryteringsgruppen"},"content":{"rendered":"<p class=\"intro\">Stockholmsbaserade Rekryteringsgruppen \u00e4r sedan 2004 ett auktoriserat bemanningsf\u00f6retag med goda kundrelationer, kvalitet och personligt engagemang i k\u00e4rnan av verksamheten.<br \/>\n\u2013 Vi \u00e4r stolta \u00f6ver auktorisationen och ser den som en positiv konkurrensf\u00f6rdel, s\u00e4ger <a href=\"https:\/\/www.linkedin.com\/in\/fredrik-bj%C3%B6rklund-089a1651\/\" target=\"_blank\" rel=\"noopener\">Fredrik Bj\u00f6rklund<\/a>, vd, <a href=\"https:\/\/www.linkedin.com\/company\/rekryteringsgruppen\/\" target=\"_blank\" rel=\"noopener\">Rekryteringsgruppen<\/a>.<\/p>\n\n<p><strong>Vad lockade dig till branschen?<\/strong><br>\u2013 Jag tycker att branschen \u00e4r h\u00e4ftig. Personalen har tidigare, slarvigt utryckt, varit ett verktyg f\u00f6r att l\u00f6sa en uppgift eller ett problem. I v\u00e5r bransch \u00e4r personalen produkten och k\u00e4rnan i verksamheten och att f\u00e5 arbeta tillsammans med m\u00e4nniskor p\u00e5 det h\u00e4r s\u00e4ttet \u00e4r oerh\u00f6rt stimulerande.<\/p>\n\n\n\n<p><strong>Vad ser du f\u00f6r positiva f\u00f6r\u00e4ndringar i branschen?<\/strong><br>\u2013 En stor f\u00f6r\u00e4ndring \u00e4r att kunderna har b\u00f6rjat f\u00f6rst\u00e5 och l\u00e4ra sig mer om vad bemanning \u00e4r, och st\u00e4ller d\u00e4rf\u00f6r krav. Det \u00e4r l\u00e4tt att stirra sig blind p\u00e5 siffran, det vill jag tv\u00e4tta bort och i st\u00e4llet lyfta andra aspekter som engagemang, flexibilitet och effektivitet. Och det upplever jag att \u00e4ven kunder g\u00f6r i dag.<\/p>\n\n\n\n<blockquote class=\"wp-block-quote is-layout-flow wp-block-quote-is-layout-flow\">\n<p>Vi \u00e4r stolta \u00f6ver auktorisationen och ser det som en positiv konkurrensf\u00f6rdel.<\/p>\n<\/blockquote>\n\n\n\n<p><strong>Varf\u00f6r \u00e4r ni auktoriserade?<\/strong><br>\u2013 N\u00e4r vi startade var det en sj\u00e4lvklarhet, i dag \u00e4r det nog mer av en f\u00f6rv\u00e4ntan. Vi \u00e4r fortfarande stolta \u00f6ver auktorisationen och ser det som en positiv konkurrensf\u00f6rdel.<\/p>\n\n\n\n<p><strong>P\u00e5 vilket s\u00e4tt \u00e4r auktorisationen viktig f\u00f6r branschens anseende?<\/strong><br>\u2013 Auktorisationen har bidragit till att kvalitetss\u00e4kra branschen och s\u00e4tta en standard, men jag upplever att det fortfarande till viss del finns en bild av att bemanning \u00e4r n\u00e5gonting fult. Den f\u00f6rest\u00e4llningen vill jag \u00e4ndra p\u00e5.<\/p>\n\n\n\n<p><strong>Vad tycker du om att g\u00f6ra p\u00e5 fritiden?<\/strong><br>\u2013 Jag \u00e4r en gammal seglare som precis har k\u00f6pt motorb\u00e5t. Det k\u00e4nns lite i mitt seglarhj\u00e4rta, men allt har sin tid och nu var det dags att byta segel mot motor.<\/p>\n\n\n\n      <a href=\"https:\/\/www.kompetensforetagen.se\/auktorisation\/\" target=\"_blank\" class=\"Button is-button is-style-fill has-secondary-background-color has-secondary-border-color Button--squiggly-arrow-link\">\n      \n        Mer om auktorisationen\n      \n      \n                \n                <svg class='icon icon--squiggly-arrow-link'  width=\"114\" height=\"36\" viewBox=\"0 0 114 36\" fill=\"none\" xmlns=\"http:\/\/www.w3.org\/2000\/svg\">\n<path d=\"M0.591797 18.5C7.0918 18.5 11.5209 19.9081 13.4345 14.5C14.3308 11.9657 14.3461 11.9541 15.0839 9.38315C15.7735 6.97969 17.3449 4.54993 19.8345 3.93399C22.9224 3.16984 26.0805 5.67017 27.0204 8.62798C27.9603 11.5851 27.243 14.7829 26.3407 17.751C25.4378 20.719 24.34 23.7256 24.5322 26.8156C24.7244 29.9049 26.6162 33.154 29.7193 33.8559C33.0114 34.5995 36.3563 32.146 37.6741 29.1234C38.9912 26.0995 38.7745 22.6791 38.4839 19.4082C38.1926 16.1373 37.8656 12.7464 38.9918 9.65134C40.1187 6.55559 43.1657 3.84801 46.5259 4.19961C49.9434 4.55763 52.3227 7.90617 52.8134 11.2104C53.3042 14.5147 52.3993 17.8408 51.8259 21.1322C51.2526 24.4237 51.0624 28.0141 52.8029 30.8923C54.221 33.2393 56.8902 34.826 59.6869 34.9864C62.4836 35.1468 65.3259 33.8758 67.0188 31.7072C69.5136 28.5126 69.3227 24.0689 68.5255 20.1345C67.7289 16.1996 66.4369 12.2139 67.1225 8.2597C67.8081 4.30548 71.3849 0.426331 75.4597 1.0705C78.5034 1.55171 80.6627 4.37413 81.4078 7.28189C82.1528 10.189 81.8133 13.2366 81.7711 16.2323C81.7288 19.2279 82.0551 22.4052 83.8874 24.8144C86.657 28.4555 91.9762 29.2197 96.6072 28.7147C101.239 28.2098 105.813 25.7501 110.457 26.1383\" stroke=\"black\" stroke-width=\"2\" stroke-miterlimit=\"10\"\/>\n<path d=\"M105.097 35L111.68 25.3613L102.457 18.2063\" stroke=\"black\" stroke-width=\"2\" stroke-miterlimit=\"10\"\/>\n<\/svg>\n\n        \n    <\/a>\n  \n","protected":false},"excerpt":{"rendered":"<p>Vad lockade dig till branschen?\u2013 Jag tycker att branschen \u00e4r h\u00e4ftig. Personalen har tidigare, slarvigt utryckt, varit ett verktyg f\u00f6r att l\u00f6sa en uppgift eller ett problem. I v\u00e5r bransch \u00e4r personalen produkten och k\u00e4rnan &hellip;<\/p>\n","protected":false},"author":222,"featured_media":17875,"comment_status":"closed","ping_status":"closed","sticky":false,"template":"","format":"standard","meta":{"_acf_changed":false,"footnotes":""},"categories":[17],"tags":[],"article_type":[8],"agreement":[],"for-members":[],"class_list":["post-17860","post","type-post","status-publish","format-standard","has-post-thumbnail","hentry","category-auktorisation","type-aktuellt"],"acf":[],"yoast_head":"<!-- This site is optimized with the Yoast SEO Premium plugin v26.8 (Yoast SEO v26.8) - https:\/\/yoast.com\/product\/yoast-seo-premium-wordpress\/ -->\n<title>Auktorisationen \u00e4r en konkurrensf\u00f6rdel f\u00f6r Rekryteringsgruppen - Kompetensf\u00f6retagen<\/title>\n<meta name=\"description\" content=\"I dag \u00e4r auktorisationen nog mer av en f\u00f6rv\u00e4ntan. Vi \u00e4r fortfarande stolta \u00f6ver den och ser det som en positiv konkurrensf\u00f6rdel.\" \/>\n<meta name=\"robots\" content=\"index, follow, max-snippet:-1, max-image-preview:large, max-video-preview:-1\" \/>\n<link rel=\"canonical\" href=\"https:\/\/www.kompetensforetagen.se\/2024\/08\/auktorisationen-ar-en-positiv-konkurrensfordelfor-rekryteringsgruppen\/\" \/>\n<meta property=\"og:locale\" content=\"sv_SE\" \/>\n<meta property=\"og:type\" content=\"article\" \/>\n<meta property=\"og:title\" content=\"Auktorisationen \u00e4r en konkurrensf\u00f6rdel f\u00f6r Rekryteringsgruppen\" \/>\n<meta property=\"og:description\" content=\"I dag \u00e4r auktorisationen nog mer av en f\u00f6rv\u00e4ntan. Vi \u00e4r fortfarande stolta \u00f6ver den och ser det som en positiv konkurrensf\u00f6rdel.\" \/>\n<meta property=\"og:url\" content=\"https:\/\/www.kompetensforetagen.se\/2024\/08\/auktorisationen-ar-en-positiv-konkurrensfordelfor-rekryteringsgruppen\/\" \/>\n<meta property=\"og:site_name\" content=\"Kompetensf\u00f6retagen\" \/>\n<meta property=\"article:published_time\" content=\"2024-08-26T08:58:00+00:00\" \/>\n<meta property=\"article:modified_time\" content=\"2024-08-29T10:28:05+00:00\" \/>\n<meta property=\"og:image\" content=\"https:\/\/www.kompetensforetagen.se\/app\/uploads\/sites\/5\/2020\/08\/Kopia-av-statistics-2.png\" \/>\n\t<meta property=\"og:image:width\" content=\"1900\" \/>\n\t<meta property=\"og:image:height\" content=\"1000\" \/>\n\t<meta property=\"og:image:type\" content=\"image\/png\" \/>\n<meta name=\"author\" content=\"Fredric Sk\u00e4lstad\" \/>\n<meta name=\"twitter:card\" content=\"summary_large_image\" \/>\n<meta name=\"twitter:label1\" content=\"Skriven av\" \/>\n\t<meta name=\"twitter:data1\" content=\"Fredric Sk\u00e4lstad\" \/>\n\t<meta name=\"twitter:label2\" content=\"Ber\u00e4knad l\u00e4stid\" \/>\n\t<meta name=\"twitter:data2\" content=\"2 minuter\" \/>\n<!-- \/ Yoast SEO Premium plugin. -->","yoast_head_json":{"title":"Auktorisationen \u00e4r en konkurrensf\u00f6rdel f\u00f6r Rekryteringsgruppen - Kompetensf\u00f6retagen","description":"I dag \u00e4r auktorisationen nog mer av en f\u00f6rv\u00e4ntan. Vi \u00e4r fortfarande stolta \u00f6ver den och ser det som en positiv konkurrensf\u00f6rdel.","robots":{"index":"index","follow":"follow","max-snippet":"max-snippet:-1","max-image-preview":"max-image-preview:large","max-video-preview":"max-video-preview:-1"},"canonical":"https:\/\/www.kompetensforetagen.se\/2024\/08\/auktorisationen-ar-en-positiv-konkurrensfordelfor-rekryteringsgruppen\/","og_locale":"sv_SE","og_type":"article","og_title":"Auktorisationen \u00e4r en konkurrensf\u00f6rdel f\u00f6r Rekryteringsgruppen","og_description":"I dag \u00e4r auktorisationen nog mer av en f\u00f6rv\u00e4ntan. Vi \u00e4r fortfarande stolta \u00f6ver den och ser det som en positiv konkurrensf\u00f6rdel.","og_url":"https:\/\/www.kompetensforetagen.se\/2024\/08\/auktorisationen-ar-en-positiv-konkurrensfordelfor-rekryteringsgruppen\/","og_site_name":"Kompetensf\u00f6retagen","article_published_time":"2024-08-26T08:58:00+00:00","article_modified_time":"2024-08-29T10:28:05+00:00","og_image":[{"width":1900,"height":1000,"url":"https:\/\/www.kompetensforetagen.se\/app\/uploads\/sites\/5\/2020\/08\/Kopia-av-statistics-2.png","type":"image\/png"}],"author":"Fredric Sk\u00e4lstad","twitter_card":"summary_large_image","twitter_misc":{"Skriven av":"Fredric Sk\u00e4lstad","Ber\u00e4knad l\u00e4stid":"2 minuter"},"schema":{"@context":"https:\/\/schema.org","@graph":[{"@type":"Article","@id":"https:\/\/www.kompetensforetagen.se\/2024\/08\/auktorisationen-ar-en-positiv-konkurrensfordelfor-rekryteringsgruppen\/#article","isPartOf":{"@id":"https:\/\/www.kompetensforetagen.se\/2024\/08\/auktorisationen-ar-en-positiv-konkurrensfordelfor-rekryteringsgruppen\/"},"author":{"name":"Fredric Sk\u00e4lstad","@id":"https:\/\/www.kompetensforetagen.se\/#\/schema\/person\/72cd48bb411dea15e40f11d726e9eeeb"},"headline":"Auktorisationen \u00e4r en konkurrensf\u00f6rdel f\u00f6r Rekryteringsgruppen","datePublished":"2024-08-26T08:58:00+00:00","dateModified":"2024-08-29T10:28:05+00:00","mainEntityOfPage":{"@id":"https:\/\/www.kompetensforetagen.se\/2024\/08\/auktorisationen-ar-en-positiv-konkurrensfordelfor-rekryteringsgruppen\/"},"wordCount":294,"publisher":{"@id":"https:\/\/www.kompetensforetagen.se\/#organization"},"image":{"@id":"https:\/\/www.kompetensforetagen.se\/2024\/08\/auktorisationen-ar-en-positiv-konkurrensfordelfor-rekryteringsgruppen\/#primaryimage"},"thumbnailUrl":"https:\/\/www.kompetensforetagen.se\/app\/uploads\/sites\/5\/2020\/08\/Kopia-av-statistics-2.png","articleSection":["Auktorisation"],"inLanguage":"sv-SE"},{"@type":"WebPage","@id":"https:\/\/www.kompetensforetagen.se\/2024\/08\/auktorisationen-ar-en-positiv-konkurrensfordelfor-rekryteringsgruppen\/","url":"https:\/\/www.kompetensforetagen.se\/2024\/08\/auktorisationen-ar-en-positiv-konkurrensfordelfor-rekryteringsgruppen\/","name":"Auktorisationen \u00e4r en konkurrensf\u00f6rdel f\u00f6r Rekryteringsgruppen - Kompetensf\u00f6retagen","isPartOf":{"@id":"https:\/\/www.kompetensforetagen.se\/#website"},"primaryImageOfPage":{"@id":"https:\/\/www.kompetensforetagen.se\/2024\/08\/auktorisationen-ar-en-positiv-konkurrensfordelfor-rekryteringsgruppen\/#primaryimage"},"image":{"@id":"https:\/\/www.kompetensforetagen.se\/2024\/08\/auktorisationen-ar-en-positiv-konkurrensfordelfor-rekryteringsgruppen\/#primaryimage"},"thumbnailUrl":"https:\/\/www.kompetensforetagen.se\/app\/uploads\/sites\/5\/2020\/08\/Kopia-av-statistics-2.png","datePublished":"2024-08-26T08:58:00+00:00","dateModified":"2024-08-29T10:28:05+00:00","description":"I dag \u00e4r auktorisationen nog mer av en f\u00f6rv\u00e4ntan. Vi \u00e4r fortfarande stolta \u00f6ver den och ser det som en positiv konkurrensf\u00f6rdel.","breadcrumb":{"@id":"https:\/\/www.kompetensforetagen.se\/2024\/08\/auktorisationen-ar-en-positiv-konkurrensfordelfor-rekryteringsgruppen\/#breadcrumb"},"inLanguage":"sv-SE","potentialAction":[{"@type":"ReadAction","target":["https:\/\/www.kompetensforetagen.se\/2024\/08\/auktorisationen-ar-en-positiv-konkurrensfordelfor-rekryteringsgruppen\/"]}]},{"@type":"ImageObject","inLanguage":"sv-SE","@id":"https:\/\/www.kompetensforetagen.se\/2024\/08\/auktorisationen-ar-en-positiv-konkurrensfordelfor-rekryteringsgruppen\/#primaryimage","url":"https:\/\/www.kompetensforetagen.se\/app\/uploads\/sites\/5\/2020\/08\/Kopia-av-statistics-2.png","contentUrl":"https:\/\/www.kompetensforetagen.se\/app\/uploads\/sites\/5\/2020\/08\/Kopia-av-statistics-2.png","width":1900,"height":1000},{"@type":"BreadcrumbList","@id":"https:\/\/www.kompetensforetagen.se\/2024\/08\/auktorisationen-ar-en-positiv-konkurrensfordelfor-rekryteringsgruppen\/#breadcrumb","itemListElement":[{"@type":"ListItem","position":1,"name":"Home","item":"https:\/\/www.kompetensforetagen.se\/"},{"@type":"ListItem","position":2,"name":"Auktorisationen \u00e4r en konkurrensf\u00f6rdel f\u00f6r Rekryteringsgruppen"}]},{"@type":"WebSite","@id":"https:\/\/www.kompetensforetagen.se\/#website","url":"https:\/\/www.kompetensforetagen.se\/","name":"Kompetensf\u00f6retagen","description":"R\u00e4tt person p\u00e5 r\u00e4tt plats kan f\u00f6r\u00e4ndra v\u00e4rlden","publisher":{"@id":"https:\/\/www.kompetensforetagen.se\/#organization"},"potentialAction":[{"@type":"SearchAction","target":{"@type":"EntryPoint","urlTemplate":"https:\/\/www.kompetensforetagen.se\/?s={search_term_string}"},"query-input":{"@type":"PropertyValueSpecification","valueRequired":true,"valueName":"search_term_string"}}],"inLanguage":"sv-SE"},{"@type":"Organization","@id":"https:\/\/www.kompetensforetagen.se\/#organization","name":"Kompetensf\u00f6retagen","url":"https:\/\/www.kompetensforetagen.se\/","logo":{"@type":"ImageObject","inLanguage":"sv-SE","@id":"https:\/\/www.kompetensforetagen.se\/#\/schema\/logo\/image\/","url":"https:\/\/www.kompetensforetagen.se\/app\/uploads\/sites\/5\/2022\/10\/logga_svart.png","contentUrl":"https:\/\/www.kompetensforetagen.se\/app\/uploads\/sites\/5\/2022\/10\/logga_svart.png","width":752,"height":64,"caption":"Kompetensf\u00f6retagen"},"image":{"@id":"https:\/\/www.kompetensforetagen.se\/#\/schema\/logo\/image\/"},"sameAs":["https:\/\/www.linkedin.com\/company\/10540032\/"]},{"@type":"Person","@id":"https:\/\/www.kompetensforetagen.se\/#\/schema\/person\/72cd48bb411dea15e40f11d726e9eeeb","name":"Fredric Sk\u00e4lstad","image":{"@type":"ImageObject","inLanguage":"sv-SE","@id":"https:\/\/www.kompetensforetagen.se\/#\/schema\/person\/image\/","url":"https:\/\/secure.gravatar.com\/avatar\/64f20bf3ac13c78aedd6054f495d1a00b38234d6bf532fa3b1cb3ff0bcc24f8d?s=96&d=mm&r=g","contentUrl":"https:\/\/secure.gravatar.com\/avatar\/64f20bf3ac13c78aedd6054f495d1a00b38234d6bf532fa3b1cb3ff0bcc24f8d?s=96&d=mm&r=g","caption":"Fredric Sk\u00e4lstad"},"description":"Fredric \u00e4r n\u00e4ringspolitisk chef p\u00e5 Kompetensf\u00f6retagen.","url":"https:\/\/www.kompetensforetagen.se\/person\/fredricskalstad\/"}]}},"_links":{"self":[{"href":"https:\/\/www.kompetensforetagen.se\/api\/wp\/v2\/posts\/17860","targetHints":{"allow":["GET"]}}],"collection":[{"href":"https:\/\/www.kompetensforetagen.se\/api\/wp\/v2\/posts"}],"about":[{"href":"https:\/\/www.kompetensforetagen.se\/api\/wp\/v2\/types\/post"}],"author":[{"embeddable":true,"href":"https:\/\/www.kompetensforetagen.se\/api\/wp\/v2\/users\/222"}],"replies":[{"embeddable":true,"href":"https:\/\/www.kompetensforetagen.se\/api\/wp\/v2\/comments?post=17860"}],"version-history":[{"count":12,"href":"https:\/\/www.kompetensforetagen.se\/api\/wp\/v2\/posts\/17860\/revisions"}],"predecessor-version":[{"id":17884,"href":"https:\/\/www.kompetensforetagen.se\/api\/wp\/v2\/posts\/17860\/revisions\/17884"}],"wp:featuredmedia":[{"embeddable":true,"href":"https:\/\/www.kompetensforetagen.se\/api\/wp\/v2\/media\/17875"}],"wp:attachment":[{"href":"https:\/\/www.kompetensforetagen.se\/api\/wp\/v2\/media?parent=17860"}],"wp:term":[{"taxonomy":"category","embeddable":true,"href":"https:\/\/www.kompetensforetagen.se\/api\/wp\/v2\/categories?post=17860"},{"taxonomy":"post_tag","embeddable":true,"href":"https:\/\/www.kompetensforetagen.se\/api\/wp\/v2\/tags?post=17860"},{"taxonomy":"type","embeddable":true,"href":"https:\/\/www.kompetensforetagen.se\/api\/wp\/v2\/article_type?post=17860"},{"taxonomy":"agreement","embeddable":true,"href":"https:\/\/www.kompetensforetagen.se\/api\/wp\/v2\/agreement?post=17860"},{"taxonomy":"for-members","embeddable":true,"href":"https:\/\/www.kompetensforetagen.se\/api\/wp\/v2\/for-members?post=17860"}],"curies":[{"name":"wp","href":"https:\/\/api.w.org\/{rel}","templated":true}]}}