{"id":17835,"date":"2024-08-19T13:00:00","date_gmt":"2024-08-19T11:00:00","guid":{"rendered":"https:\/\/www.kompetensforetagen.se\/?p=17835"},"modified":"2025-12-12T09:52:56","modified_gmt":"2025-12-12T08:52:56","slug":"bemanningsforbud-hotar-varden","status":"publish","type":"post","link":"https:\/\/www.kompetensforetagen.se\/2024\/08\/bemanningsforbud-hotar-varden\/","title":{"rendered":"Bemanningsf\u00f6rbud hotar v\u00e5rden"},"content":{"rendered":"\n<p>En arbetsgrupp inom Socialdemokraterna har f\u00f6reslagit ett f\u00f6rbud mot bemanningsf\u00f6retag inom v\u00e4lf\u00e4rdssektorn.<\/p>\n\n\n\n<p>\u2013 Ett f\u00f6rbud mot inhyrd v\u00e5rdpersonal skulle det sl\u00e5 h\u00e5rt mot patients\u00e4kerheten och v\u00e5rdens kvalitet, s\u00e4ger <strong>Eva Domanders<\/strong>, ordf\u00f6rande f\u00f6r Kompetensf\u00f6retagen.<\/p>\n\n\n\n<p>\u2013 Stopp f\u00f6r inhyrda l\u00e4kare och sjuksk\u00f6terskor inneb\u00e4r l\u00e4ngre v\u00e5rdk\u00f6er, inst\u00e4llda operationer och f\u00e4rre v\u00e5rdplatser, s\u00e4ger <strong>Eva Domanders<\/strong>.<\/p>\n\n\n\n<blockquote class=\"wp-block-quote is-layout-flow wp-block-quote-is-layout-flow\">\n<p>Ett f\u00f6rbud mot inhyrda sjuksk\u00f6terskor och l\u00e4kare hotar patients\u00e4kerheten.<\/p>\n<\/blockquote>\n\n\n\n<p>En unders\u00f6kning fr\u00e5n Demoskop, som genomf\u00f6rts p\u00e5 uppdrag av Kompetensf\u00f6retagen, visar att endast 28 procent av v\u00e5rdkonsulterna skulle ta anst\u00e4llning i den regionala v\u00e5rden vid f\u00f6rbud mot inhyrning.<\/p>\n\n\n\n<p>\u2013 Utan l\u00e4kare och sjuksk\u00f6terskor fr\u00e5n bemanningsf\u00f6retag \u00f6kar pressen p\u00e5 den ordinarie personalen. Ett f\u00f6rbud riskerar snarare att \u00f6ka \u00e4n minska personalflykten, s\u00e4ger <strong>Eva Domanders<\/strong>.<\/p>\n\n\n\n<p>\u2013 Tack vare v\u00e5r branschs flexibilitet kan tusentals v\u00e5rdplatser h\u00e5llas \u00f6ppna. Det inneb\u00e4r bland annat att patienter f\u00e5r tr\u00e4ffa l\u00e4kare d\u00e4r det annars hade varit om\u00f6jligt, s\u00e4ger Eva Domanders.<\/p>\n\n\n\n<p>Socialdemokraternas arbetsgrupp f\u00f6resl\u00e5r att regionerna ska skapa interna &#8221;bemanningsf\u00f6retag&#8221; f\u00f6r att klara akut personalbrist.<\/p>\n\n\n\n<p>\u2013 Regionala personalpooler \u00e4r sannolikt b\u00e5de en v\u00e4ldigt dyr och ineffektiv l\u00f6sning. Sedan l\u00f6ser inte personalpooler det upplevda problemet med brist p\u00e5 kontinuitet bland v\u00e5rdpersonalen, s\u00e4ger <strong>Eva Domanders<\/strong>.&nbsp;&nbsp;<\/p>\n","protected":false},"excerpt":{"rendered":"<p>En arbetsgrupp inom Socialdemokraterna har f\u00f6reslagit ett f\u00f6rbud mot bemanningsf\u00f6retag inom v\u00e4lf\u00e4rdssektorn. \u2013 Ett f\u00f6rbud mot inhyrd v\u00e5rdpersonal skulle det sl\u00e5 h\u00e5rt mot patients\u00e4kerheten och v\u00e5rdens kvalitet, s\u00e4ger Eva Domanders, ordf\u00f6rande f\u00f6r Kompetensf\u00f6retagen. \u2013 Stopp &hellip;<\/p>\n","protected":false},"author":222,"featured_media":17845,"comment_status":"closed","ping_status":"closed","sticky":false,"template":"","format":"standard","meta":{"_acf_changed":false,"footnotes":""},"categories":[5],"tags":[],"article_type":[8],"agreement":[],"for-members":[],"class_list":["post-17835","post","type-post","status-publish","format-standard","has-post-thumbnail","hentry","category-vard","type-aktuellt"],"acf":[],"yoast_head":"<!-- This site is optimized with the Yoast SEO Premium plugin v26.8 (Yoast SEO v26.8) - https:\/\/yoast.com\/product\/yoast-seo-premium-wordpress\/ -->\n<title>Bemanningsf\u00f6rbud hotar v\u00e5rden - Kompetensf\u00f6retagen<\/title>\n<meta name=\"description\" content=\"Bemanningsf\u00f6rbud hotar v\u00e5rden. L\u00e4s v\u00e5r analys av hur begr\u00e4nsningar av hyrpersonal p\u00e5verkar v\u00e5rdk\u00f6er, arbetsmilj\u00f6 och patients\u00e4kerhet.\" \/>\n<meta name=\"robots\" content=\"index, follow, max-snippet:-1, max-image-preview:large, max-video-preview:-1\" \/>\n<link rel=\"canonical\" href=\"https:\/\/www.kompetensforetagen.se\/2024\/08\/bemanningsforbud-hotar-varden\/\" \/>\n<meta property=\"og:locale\" content=\"sv_SE\" \/>\n<meta property=\"og:type\" content=\"article\" \/>\n<meta property=\"og:title\" content=\"Bemanningsf\u00f6rbud hotar v\u00e5rden\" \/>\n<meta property=\"og:description\" content=\"Bemanningsf\u00f6rbud hotar v\u00e5rden. L\u00e4s v\u00e5r analys av hur begr\u00e4nsningar av hyrpersonal p\u00e5verkar v\u00e5rdk\u00f6er, arbetsmilj\u00f6 och patients\u00e4kerhet.\" \/>\n<meta property=\"og:url\" content=\"https:\/\/www.kompetensforetagen.se\/2024\/08\/bemanningsforbud-hotar-varden\/\" \/>\n<meta property=\"og:site_name\" content=\"Kompetensf\u00f6retagen\" \/>\n<meta property=\"article:published_time\" content=\"2024-08-19T11:00:00+00:00\" \/>\n<meta property=\"article:modified_time\" content=\"2025-12-12T08:52:56+00:00\" \/>\n<meta property=\"og:image\" content=\"https:\/\/www.kompetensforetagen.se\/app\/uploads\/sites\/5\/2020\/08\/DSC01293-1180x787.jpg\" \/>\n\t<meta property=\"og:image:width\" content=\"1180\" \/>\n\t<meta property=\"og:image:height\" content=\"787\" \/>\n\t<meta property=\"og:image:type\" content=\"image\/jpeg\" \/>\n<meta name=\"author\" content=\"Fredric Sk\u00e4lstad\" \/>\n<meta name=\"twitter:card\" content=\"summary_large_image\" \/>\n<meta name=\"twitter:label1\" content=\"Skriven av\" \/>\n\t<meta name=\"twitter:data1\" content=\"Fredric Sk\u00e4lstad\" \/>\n\t<meta name=\"twitter:label2\" content=\"Ber\u00e4knad l\u00e4stid\" \/>\n\t<meta name=\"twitter:data2\" content=\"2 minuter\" \/>\n<!-- \/ Yoast SEO Premium plugin. -->","yoast_head_json":{"title":"Bemanningsf\u00f6rbud hotar v\u00e5rden - Kompetensf\u00f6retagen","description":"Bemanningsf\u00f6rbud hotar v\u00e5rden. L\u00e4s v\u00e5r analys av hur begr\u00e4nsningar av hyrpersonal p\u00e5verkar v\u00e5rdk\u00f6er, arbetsmilj\u00f6 och patients\u00e4kerhet.","robots":{"index":"index","follow":"follow","max-snippet":"max-snippet:-1","max-image-preview":"max-image-preview:large","max-video-preview":"max-video-preview:-1"},"canonical":"https:\/\/www.kompetensforetagen.se\/2024\/08\/bemanningsforbud-hotar-varden\/","og_locale":"sv_SE","og_type":"article","og_title":"Bemanningsf\u00f6rbud hotar v\u00e5rden","og_description":"Bemanningsf\u00f6rbud hotar v\u00e5rden. L\u00e4s v\u00e5r analys av hur begr\u00e4nsningar av hyrpersonal p\u00e5verkar v\u00e5rdk\u00f6er, arbetsmilj\u00f6 och patients\u00e4kerhet.","og_url":"https:\/\/www.kompetensforetagen.se\/2024\/08\/bemanningsforbud-hotar-varden\/","og_site_name":"Kompetensf\u00f6retagen","article_published_time":"2024-08-19T11:00:00+00:00","article_modified_time":"2025-12-12T08:52:56+00:00","og_image":[{"width":1180,"height":787,"url":"https:\/\/www.kompetensforetagen.se\/app\/uploads\/sites\/5\/2020\/08\/DSC01293-1180x787.jpg","type":"image\/jpeg"}],"author":"Fredric Sk\u00e4lstad","twitter_card":"summary_large_image","twitter_misc":{"Skriven av":"Fredric Sk\u00e4lstad","Ber\u00e4knad l\u00e4stid":"2 minuter"},"schema":{"@context":"https:\/\/schema.org","@graph":[{"@type":"Article","@id":"https:\/\/www.kompetensforetagen.se\/2024\/08\/bemanningsforbud-hotar-varden\/#article","isPartOf":{"@id":"https:\/\/www.kompetensforetagen.se\/2024\/08\/bemanningsforbud-hotar-varden\/"},"author":{"name":"Fredric Sk\u00e4lstad","@id":"https:\/\/www.kompetensforetagen.se\/#\/schema\/person\/72cd48bb411dea15e40f11d726e9eeeb"},"headline":"Bemanningsf\u00f6rbud hotar v\u00e5rden","datePublished":"2024-08-19T11:00:00+00:00","dateModified":"2025-12-12T08:52:56+00:00","mainEntityOfPage":{"@id":"https:\/\/www.kompetensforetagen.se\/2024\/08\/bemanningsforbud-hotar-varden\/"},"wordCount":248,"publisher":{"@id":"https:\/\/www.kompetensforetagen.se\/#organization"},"image":{"@id":"https:\/\/www.kompetensforetagen.se\/2024\/08\/bemanningsforbud-hotar-varden\/#primaryimage"},"thumbnailUrl":"https:\/\/www.kompetensforetagen.se\/app\/uploads\/sites\/5\/2020\/08\/DSC01293.jpg","articleSection":["V\u00e5rdbemanning"],"inLanguage":"sv-SE"},{"@type":"WebPage","@id":"https:\/\/www.kompetensforetagen.se\/2024\/08\/bemanningsforbud-hotar-varden\/","url":"https:\/\/www.kompetensforetagen.se\/2024\/08\/bemanningsforbud-hotar-varden\/","name":"Bemanningsf\u00f6rbud hotar v\u00e5rden - Kompetensf\u00f6retagen","isPartOf":{"@id":"https:\/\/www.kompetensforetagen.se\/#website"},"primaryImageOfPage":{"@id":"https:\/\/www.kompetensforetagen.se\/2024\/08\/bemanningsforbud-hotar-varden\/#primaryimage"},"image":{"@id":"https:\/\/www.kompetensforetagen.se\/2024\/08\/bemanningsforbud-hotar-varden\/#primaryimage"},"thumbnailUrl":"https:\/\/www.kompetensforetagen.se\/app\/uploads\/sites\/5\/2020\/08\/DSC01293.jpg","datePublished":"2024-08-19T11:00:00+00:00","dateModified":"2025-12-12T08:52:56+00:00","description":"Bemanningsf\u00f6rbud hotar v\u00e5rden. L\u00e4s v\u00e5r analys av hur begr\u00e4nsningar av hyrpersonal p\u00e5verkar v\u00e5rdk\u00f6er, arbetsmilj\u00f6 och patients\u00e4kerhet.","breadcrumb":{"@id":"https:\/\/www.kompetensforetagen.se\/2024\/08\/bemanningsforbud-hotar-varden\/#breadcrumb"},"inLanguage":"sv-SE","potentialAction":[{"@type":"ReadAction","target":["https:\/\/www.kompetensforetagen.se\/2024\/08\/bemanningsforbud-hotar-varden\/"]}]},{"@type":"ImageObject","inLanguage":"sv-SE","@id":"https:\/\/www.kompetensforetagen.se\/2024\/08\/bemanningsforbud-hotar-varden\/#primaryimage","url":"https:\/\/www.kompetensforetagen.se\/app\/uploads\/sites\/5\/2020\/08\/DSC01293.jpg","contentUrl":"https:\/\/www.kompetensforetagen.se\/app\/uploads\/sites\/5\/2020\/08\/DSC01293.jpg","width":8880,"height":5921},{"@type":"BreadcrumbList","@id":"https:\/\/www.kompetensforetagen.se\/2024\/08\/bemanningsforbud-hotar-varden\/#breadcrumb","itemListElement":[{"@type":"ListItem","position":1,"name":"Home","item":"https:\/\/www.kompetensforetagen.se\/"},{"@type":"ListItem","position":2,"name":"Bemanningsf\u00f6rbud hotar v\u00e5rden"}]},{"@type":"WebSite","@id":"https:\/\/www.kompetensforetagen.se\/#website","url":"https:\/\/www.kompetensforetagen.se\/","name":"Kompetensf\u00f6retagen","description":"R\u00e4tt person p\u00e5 r\u00e4tt plats kan f\u00f6r\u00e4ndra v\u00e4rlden","publisher":{"@id":"https:\/\/www.kompetensforetagen.se\/#organization"},"potentialAction":[{"@type":"SearchAction","target":{"@type":"EntryPoint","urlTemplate":"https:\/\/www.kompetensforetagen.se\/?s={search_term_string}"},"query-input":{"@type":"PropertyValueSpecification","valueRequired":true,"valueName":"search_term_string"}}],"inLanguage":"sv-SE"},{"@type":"Organization","@id":"https:\/\/www.kompetensforetagen.se\/#organization","name":"Kompetensf\u00f6retagen","url":"https:\/\/www.kompetensforetagen.se\/","logo":{"@type":"ImageObject","inLanguage":"sv-SE","@id":"https:\/\/www.kompetensforetagen.se\/#\/schema\/logo\/image\/","url":"https:\/\/www.kompetensforetagen.se\/app\/uploads\/sites\/5\/2022\/10\/logga_svart.png","contentUrl":"https:\/\/www.kompetensforetagen.se\/app\/uploads\/sites\/5\/2022\/10\/logga_svart.png","width":752,"height":64,"caption":"Kompetensf\u00f6retagen"},"image":{"@id":"https:\/\/www.kompetensforetagen.se\/#\/schema\/logo\/image\/"},"sameAs":["https:\/\/www.linkedin.com\/company\/10540032\/"]},{"@type":"Person","@id":"https:\/\/www.kompetensforetagen.se\/#\/schema\/person\/72cd48bb411dea15e40f11d726e9eeeb","name":"Fredric Sk\u00e4lstad","image":{"@type":"ImageObject","inLanguage":"sv-SE","@id":"https:\/\/www.kompetensforetagen.se\/#\/schema\/person\/image\/","url":"https:\/\/secure.gravatar.com\/avatar\/64f20bf3ac13c78aedd6054f495d1a00b38234d6bf532fa3b1cb3ff0bcc24f8d?s=96&d=mm&r=g","contentUrl":"https:\/\/secure.gravatar.com\/avatar\/64f20bf3ac13c78aedd6054f495d1a00b38234d6bf532fa3b1cb3ff0bcc24f8d?s=96&d=mm&r=g","caption":"Fredric Sk\u00e4lstad"},"description":"Fredric \u00e4r n\u00e4ringspolitisk chef p\u00e5 Kompetensf\u00f6retagen.","url":"https:\/\/www.kompetensforetagen.se\/person\/fredricskalstad\/"}]}},"_links":{"self":[{"href":"https:\/\/www.kompetensforetagen.se\/api\/wp\/v2\/posts\/17835","targetHints":{"allow":["GET"]}}],"collection":[{"href":"https:\/\/www.kompetensforetagen.se\/api\/wp\/v2\/posts"}],"about":[{"href":"https:\/\/www.kompetensforetagen.se\/api\/wp\/v2\/types\/post"}],"author":[{"embeddable":true,"href":"https:\/\/www.kompetensforetagen.se\/api\/wp\/v2\/users\/222"}],"replies":[{"embeddable":true,"href":"https:\/\/www.kompetensforetagen.se\/api\/wp\/v2\/comments?post=17835"}],"version-history":[{"count":8,"href":"https:\/\/www.kompetensforetagen.se\/api\/wp\/v2\/posts\/17835\/revisions"}],"predecessor-version":[{"id":17856,"href":"https:\/\/www.kompetensforetagen.se\/api\/wp\/v2\/posts\/17835\/revisions\/17856"}],"wp:featuredmedia":[{"embeddable":true,"href":"https:\/\/www.kompetensforetagen.se\/api\/wp\/v2\/media\/17845"}],"wp:attachment":[{"href":"https:\/\/www.kompetensforetagen.se\/api\/wp\/v2\/media?parent=17835"}],"wp:term":[{"taxonomy":"category","embeddable":true,"href":"https:\/\/www.kompetensforetagen.se\/api\/wp\/v2\/categories?post=17835"},{"taxonomy":"post_tag","embeddable":true,"href":"https:\/\/www.kompetensforetagen.se\/api\/wp\/v2\/tags?post=17835"},{"taxonomy":"type","embeddable":true,"href":"https:\/\/www.kompetensforetagen.se\/api\/wp\/v2\/article_type?post=17835"},{"taxonomy":"agreement","embeddable":true,"href":"https:\/\/www.kompetensforetagen.se\/api\/wp\/v2\/agreement?post=17835"},{"taxonomy":"for-members","embeddable":true,"href":"https:\/\/www.kompetensforetagen.se\/api\/wp\/v2\/for-members?post=17835"}],"curies":[{"name":"wp","href":"https:\/\/api.w.org\/{rel}","templated":true}]}}