{"id":17754,"date":"2024-08-08T11:18:59","date_gmt":"2024-08-08T09:18:59","guid":{"rendered":"https:\/\/www.kompetensforetagen.se\/?p=17754"},"modified":"2024-08-13T09:46:24","modified_gmt":"2024-08-13T07:46:24","slug":"jessica-forss-katz-ny-naringspolitisk-expert-pa-komptensforetagen","status":"publish","type":"post","link":"https:\/\/www.kompetensforetagen.se\/2024\/08\/jessica-forss-katz-ny-naringspolitisk-expert-pa-komptensforetagen\/","title":{"rendered":"Jessica Forss Katz ny n\u00e4ringspolitisk expert"},"content":{"rendered":"<p class=\"intro\"><em>Vi s\u00e4ger varmt v\u00e4lkommen till Kompetensf\u00f6retagens nya n\u00e4ringspolitiska expert som ska vara ansvarig f\u00f6r arbetsmarknadspolitiska fr\u00e5gor.<\/em><em data-rich-text-format-boundary=\"true\">\u2013 Behoven av smarta l\u00f6sningar f\u00f6r kompetensf\u00f6rs\u00f6rjningen \u00f6kar hela tiden, och det \u00e4r d\u00e4r f\u00f6retagen inom bemanning, omst\u00e4llning och rekrytering g\u00f6r som st\u00f6rst nytta, s\u00e4ger Jessica Forss Katz.<\/em><\/p>\n\n<p><strong>Grattis till nya jobbet som n\u00e4ringspolitisk expert p\u00e5 Kompetensf\u00f6retagen<\/strong>!<br>\u2013 Tack! Det ska bli v\u00e4ldigt roligt att f\u00e5 jobba med kompetensf\u00f6rs\u00f6rjningen p\u00e5 arbetsmarknaden, det \u00e4r fr\u00e5gor som ligger mig varmt om hj\u00e4rtat.<\/p>\n\n\n\n<p><strong>Vad har du f\u00f6r bakgrund?<\/strong><br>\u2013 Jag \u00e4r statsvetare och brinner f\u00f6r samh\u00e4llsfr\u00e5gor och politik, s\u00e4rskilt arbetsmarknadsfr\u00e5gor.<br><br>\u2013 Jag \u00e4r inne p\u00e5 mitt tredje \u00e5r p\u00e5 Almega och har haft f\u00f6rm\u00e5nen att f\u00e5 jobba med olika aspekter av kompetensf\u00f6rs\u00f6rjningsfr\u00e5gor inom tj\u00e4nstesektorn.<br><br>\u2013 Innan jag kom till Almega jobbade jag som kommunikationskonsult, men jag har ocks\u00e5 i perioder jobbat p\u00e5 myndigheter och skrivit en del p\u00e5 fritiden.<\/p>\n\n\n\n<blockquote class=\"wp-block-quote is-layout-flow wp-block-quote-is-layout-flow\">\n<p>Mitt viktigaste uppdrag \u00e4r att f\u00f6rb\u00e4ttra villkoren f\u00f6r f\u00f6retagen i branschen<\/p>\n<\/blockquote>\n\n\n\n<p><strong>Vad kommer du att jobba med som n\u00e4ringspolitisk expert p\u00e5 Kompetensf\u00f6retagen?&nbsp;<\/strong><br>\u2013 Jag kommer framf\u00f6r allt att arbeta n\u00e4ra v\u00e5ra medlemsf\u00f6retag inom omst\u00e4llning och matchning med arbetsmarknadspolitiska fr\u00e5gor. Mitt viktigaste uppdrag \u00e4r att f\u00f6rb\u00e4ttra deras villkor och \u00f6ppna nya marknader. \u00c4ven reglerna kring arbetskraftsinvandring blir ett viktigt omr\u00e5de.<\/p>\n\n\n\n<p>\u2013 Sedan ansvarar jag f\u00f6r den interna omv\u00e4rldsbevakningen, s\u00e5 att vi h\u00e5ller oss ajour p\u00e5 de viktigaste fr\u00e5gorna f\u00f6r v\u00e5ra medlemmar.<\/p>\n\n\n\n<p>\u2013 Men vi \u00e4r ett litet team som jobbar n\u00e4ra varandra, s\u00e5 det k\u00e4nns sk\u00f6nt att kunna st\u00e4mma av med kollegorna &#8211; s\u00e4rskilt nu i b\u00f6rjan.<br><\/p>\n\n\n\n<blockquote class=\"wp-block-quote is-layout-flow wp-block-quote-is-layout-flow\">\n<p>Strukturomvandlingen i samh\u00e4llet \u00f6kar kompetensbranschens betydelse f\u00f6r n\u00e4ringslivet<\/p>\n<\/blockquote>\n\n\n\n<p><strong>Vad tror du om framtiden f\u00f6r f\u00f6retagen inom bemanning, rekrytering och omst\u00e4llning?&nbsp;<\/strong><br>\u2013 Det \u00e4r tydligt att hela n\u00e4ringslivet letar med ljus och lykta efter bra personer att anst\u00e4lla. Jag tror att kompetensbranschen kommer v\u00e4xa kraftigt i betydelse f\u00f6r det svenska n\u00e4ringslivet, i takt med de stora strukturomvandlingar som vi ser i samh\u00e4llet.<\/p>\n\n\n\n<p>\u2013 Jag tror helt enkelt att behoven av smarta, snabba, l\u00f6sningar f\u00f6r kompetensf\u00f6rs\u00f6rjningen \u00f6kar hela tiden, och det \u00e4r d\u00e4r f\u00f6retagen inom bemanning, omst\u00e4llning och rekrytering g\u00f6r som st\u00f6rst nytta.<\/p>\n\n\n\n      <a href=\"https:\/\/www.kompetensforetagen.se\/arbetsformedlingen\/\" target=\"\" class=\"Button is-button is-style-fill has-black-background-color has-black-border-color has-white-color Button--arrow-tip\">\n      \n        H\u00e4r kan du l\u00e4sa om v\u00e5rt arbetsmarknadspolitiska arbete\n      \n      \n                \n                <svg class='icon icon--arrow-tip'  width=\"11\" height=\"16\" viewBox=\"0 0 11 16\" fill=\"none\" xmlns=\"http:\/\/www.w3.org\/2000\/svg\">\n<path d=\"M0.858398 15L9.2304 7.99664L0.967732 1.00001\" stroke=\"black\" stroke-width=\"2\" stroke-miterlimit=\"10\"\/>\n<\/svg>\n\n        \n    <\/a>\n  \n","protected":false},"excerpt":{"rendered":"<p>Grattis till nya jobbet som n\u00e4ringspolitisk expert p\u00e5 Kompetensf\u00f6retagen!\u2013 Tack! Det ska bli v\u00e4ldigt roligt att f\u00e5 jobba med kompetensf\u00f6rs\u00f6rjningen p\u00e5 arbetsmarknaden, det \u00e4r fr\u00e5gor som ligger mig varmt om hj\u00e4rtat. Vad har du f\u00f6r &hellip;<\/p>\n","protected":false},"author":222,"featured_media":17755,"comment_status":"closed","ping_status":"closed","sticky":false,"template":"","format":"standard","meta":{"_acf_changed":false,"footnotes":""},"categories":[192,19],"tags":[],"article_type":[8],"agreement":[],"for-members":[],"class_list":["post-17754","post","type-post","status-publish","format-standard","has-post-thumbnail","hentry","category-arbetsformedlingen","category-omstallning","type-aktuellt"],"acf":[],"yoast_head":"<!-- This site is optimized with the Yoast SEO Premium plugin v26.8 (Yoast SEO v26.8) - https:\/\/yoast.com\/product\/yoast-seo-premium-wordpress\/ -->\n<title>Jessica Forss Katz ny n\u00e4ringspolitisk expert - Kompetensf\u00f6retagen<\/title>\n<meta name=\"description\" content=\"Jessica Forss Katz \u00e4r ny n\u00e4ringspolitisk expert p\u00e5 Kompetensf\u00f6retagen med inriktning mot arbetsarknadspolitiska fr\u00e5gor.\" \/>\n<meta name=\"robots\" content=\"index, follow, max-snippet:-1, max-image-preview:large, max-video-preview:-1\" \/>\n<link rel=\"canonical\" href=\"https:\/\/www.kompetensforetagen.se\/2024\/08\/jessica-forss-katz-ny-naringspolitisk-expert-pa-komptensforetagen\/\" \/>\n<meta property=\"og:locale\" content=\"sv_SE\" \/>\n<meta property=\"og:type\" content=\"article\" \/>\n<meta property=\"og:title\" content=\"Jessica Forss Katz ny n\u00e4ringspolitisk expert\" \/>\n<meta property=\"og:description\" content=\"Jessica Forss Katz \u00e4r ny n\u00e4ringspolitisk expert p\u00e5 Kompetensf\u00f6retagen med inriktning mot arbetsarknadspolitiska fr\u00e5gor.\" \/>\n<meta property=\"og:url\" content=\"https:\/\/www.kompetensforetagen.se\/2024\/08\/jessica-forss-katz-ny-naringspolitisk-expert-pa-komptensforetagen\/\" \/>\n<meta property=\"og:site_name\" content=\"Kompetensf\u00f6retagen\" \/>\n<meta property=\"article:published_time\" content=\"2024-08-08T09:18:59+00:00\" \/>\n<meta property=\"article:modified_time\" content=\"2024-08-13T07:46:24+00:00\" \/>\n<meta property=\"og:image\" content=\"https:\/\/www.kompetensforetagen.se\/app\/uploads\/sites\/5\/2024\/08\/Jessica-Forss-Katz-3-scaled.jpg\" \/>\n\t<meta property=\"og:image:width\" content=\"2560\" \/>\n\t<meta property=\"og:image:height\" content=\"1707\" \/>\n\t<meta property=\"og:image:type\" content=\"image\/jpeg\" \/>\n<meta name=\"author\" content=\"Fredric Sk\u00e4lstad\" \/>\n<meta name=\"twitter:card\" content=\"summary_large_image\" \/>\n<meta name=\"twitter:label1\" content=\"Skriven av\" \/>\n\t<meta name=\"twitter:data1\" content=\"Fredric Sk\u00e4lstad\" \/>\n\t<meta name=\"twitter:label2\" content=\"Ber\u00e4knad l\u00e4stid\" \/>\n\t<meta name=\"twitter:data2\" content=\"2 minuter\" \/>\n<!-- \/ Yoast SEO Premium plugin. -->","yoast_head_json":{"title":"Jessica Forss Katz ny n\u00e4ringspolitisk expert - Kompetensf\u00f6retagen","description":"Jessica Forss Katz \u00e4r ny n\u00e4ringspolitisk expert p\u00e5 Kompetensf\u00f6retagen med inriktning mot arbetsarknadspolitiska fr\u00e5gor.","robots":{"index":"index","follow":"follow","max-snippet":"max-snippet:-1","max-image-preview":"max-image-preview:large","max-video-preview":"max-video-preview:-1"},"canonical":"https:\/\/www.kompetensforetagen.se\/2024\/08\/jessica-forss-katz-ny-naringspolitisk-expert-pa-komptensforetagen\/","og_locale":"sv_SE","og_type":"article","og_title":"Jessica Forss Katz ny n\u00e4ringspolitisk expert","og_description":"Jessica Forss Katz \u00e4r ny n\u00e4ringspolitisk expert p\u00e5 Kompetensf\u00f6retagen med inriktning mot arbetsarknadspolitiska fr\u00e5gor.","og_url":"https:\/\/www.kompetensforetagen.se\/2024\/08\/jessica-forss-katz-ny-naringspolitisk-expert-pa-komptensforetagen\/","og_site_name":"Kompetensf\u00f6retagen","article_published_time":"2024-08-08T09:18:59+00:00","article_modified_time":"2024-08-13T07:46:24+00:00","og_image":[{"width":2560,"height":1707,"url":"https:\/\/www.kompetensforetagen.se\/app\/uploads\/sites\/5\/2024\/08\/Jessica-Forss-Katz-3-scaled.jpg","type":"image\/jpeg"}],"author":"Fredric Sk\u00e4lstad","twitter_card":"summary_large_image","twitter_misc":{"Skriven av":"Fredric Sk\u00e4lstad","Ber\u00e4knad l\u00e4stid":"2 minuter"},"schema":{"@context":"https:\/\/schema.org","@graph":[{"@type":"Article","@id":"https:\/\/www.kompetensforetagen.se\/2024\/08\/jessica-forss-katz-ny-naringspolitisk-expert-pa-komptensforetagen\/#article","isPartOf":{"@id":"https:\/\/www.kompetensforetagen.se\/2024\/08\/jessica-forss-katz-ny-naringspolitisk-expert-pa-komptensforetagen\/"},"author":{"name":"Fredric Sk\u00e4lstad","@id":"https:\/\/www.kompetensforetagen.se\/#\/schema\/person\/72cd48bb411dea15e40f11d726e9eeeb"},"headline":"Jessica Forss Katz ny n\u00e4ringspolitisk expert","datePublished":"2024-08-08T09:18:59+00:00","dateModified":"2024-08-13T07:46:24+00:00","mainEntityOfPage":{"@id":"https:\/\/www.kompetensforetagen.se\/2024\/08\/jessica-forss-katz-ny-naringspolitisk-expert-pa-komptensforetagen\/"},"wordCount":362,"publisher":{"@id":"https:\/\/www.kompetensforetagen.se\/#organization"},"image":{"@id":"https:\/\/www.kompetensforetagen.se\/2024\/08\/jessica-forss-katz-ny-naringspolitisk-expert-pa-komptensforetagen\/#primaryimage"},"thumbnailUrl":"https:\/\/www.kompetensforetagen.se\/app\/uploads\/sites\/5\/2024\/08\/Jessica-Forss-Katz-3-scaled.jpg","articleSection":["Arbetsf\u00f6rmedlingen","Omst\u00e4llning"],"inLanguage":"sv-SE"},{"@type":"WebPage","@id":"https:\/\/www.kompetensforetagen.se\/2024\/08\/jessica-forss-katz-ny-naringspolitisk-expert-pa-komptensforetagen\/","url":"https:\/\/www.kompetensforetagen.se\/2024\/08\/jessica-forss-katz-ny-naringspolitisk-expert-pa-komptensforetagen\/","name":"Jessica Forss Katz ny n\u00e4ringspolitisk expert - Kompetensf\u00f6retagen","isPartOf":{"@id":"https:\/\/www.kompetensforetagen.se\/#website"},"primaryImageOfPage":{"@id":"https:\/\/www.kompetensforetagen.se\/2024\/08\/jessica-forss-katz-ny-naringspolitisk-expert-pa-komptensforetagen\/#primaryimage"},"image":{"@id":"https:\/\/www.kompetensforetagen.se\/2024\/08\/jessica-forss-katz-ny-naringspolitisk-expert-pa-komptensforetagen\/#primaryimage"},"thumbnailUrl":"https:\/\/www.kompetensforetagen.se\/app\/uploads\/sites\/5\/2024\/08\/Jessica-Forss-Katz-3-scaled.jpg","datePublished":"2024-08-08T09:18:59+00:00","dateModified":"2024-08-13T07:46:24+00:00","description":"Jessica Forss Katz \u00e4r ny n\u00e4ringspolitisk expert p\u00e5 Kompetensf\u00f6retagen med inriktning mot arbetsarknadspolitiska fr\u00e5gor.","breadcrumb":{"@id":"https:\/\/www.kompetensforetagen.se\/2024\/08\/jessica-forss-katz-ny-naringspolitisk-expert-pa-komptensforetagen\/#breadcrumb"},"inLanguage":"sv-SE","potentialAction":[{"@type":"ReadAction","target":["https:\/\/www.kompetensforetagen.se\/2024\/08\/jessica-forss-katz-ny-naringspolitisk-expert-pa-komptensforetagen\/"]}]},{"@type":"ImageObject","inLanguage":"sv-SE","@id":"https:\/\/www.kompetensforetagen.se\/2024\/08\/jessica-forss-katz-ny-naringspolitisk-expert-pa-komptensforetagen\/#primaryimage","url":"https:\/\/www.kompetensforetagen.se\/app\/uploads\/sites\/5\/2024\/08\/Jessica-Forss-Katz-3-scaled.jpg","contentUrl":"https:\/\/www.kompetensforetagen.se\/app\/uploads\/sites\/5\/2024\/08\/Jessica-Forss-Katz-3-scaled.jpg","width":2560,"height":1707,"caption":"Jessica Forss Katz \u00e4r ny n\u00e4ringspolitisk expert p\u00e5 Kompetensf\u00f6retagen"},{"@type":"BreadcrumbList","@id":"https:\/\/www.kompetensforetagen.se\/2024\/08\/jessica-forss-katz-ny-naringspolitisk-expert-pa-komptensforetagen\/#breadcrumb","itemListElement":[{"@type":"ListItem","position":1,"name":"Home","item":"https:\/\/www.kompetensforetagen.se\/"},{"@type":"ListItem","position":2,"name":"Jessica Forss Katz ny n\u00e4ringspolitisk expert"}]},{"@type":"WebSite","@id":"https:\/\/www.kompetensforetagen.se\/#website","url":"https:\/\/www.kompetensforetagen.se\/","name":"Kompetensf\u00f6retagen","description":"R\u00e4tt person p\u00e5 r\u00e4tt plats kan f\u00f6r\u00e4ndra v\u00e4rlden","publisher":{"@id":"https:\/\/www.kompetensforetagen.se\/#organization"},"potentialAction":[{"@type":"SearchAction","target":{"@type":"EntryPoint","urlTemplate":"https:\/\/www.kompetensforetagen.se\/?s={search_term_string}"},"query-input":{"@type":"PropertyValueSpecification","valueRequired":true,"valueName":"search_term_string"}}],"inLanguage":"sv-SE"},{"@type":"Organization","@id":"https:\/\/www.kompetensforetagen.se\/#organization","name":"Kompetensf\u00f6retagen","url":"https:\/\/www.kompetensforetagen.se\/","logo":{"@type":"ImageObject","inLanguage":"sv-SE","@id":"https:\/\/www.kompetensforetagen.se\/#\/schema\/logo\/image\/","url":"https:\/\/www.kompetensforetagen.se\/app\/uploads\/sites\/5\/2022\/10\/logga_svart.png","contentUrl":"https:\/\/www.kompetensforetagen.se\/app\/uploads\/sites\/5\/2022\/10\/logga_svart.png","width":752,"height":64,"caption":"Kompetensf\u00f6retagen"},"image":{"@id":"https:\/\/www.kompetensforetagen.se\/#\/schema\/logo\/image\/"},"sameAs":["https:\/\/www.linkedin.com\/company\/10540032\/"]},{"@type":"Person","@id":"https:\/\/www.kompetensforetagen.se\/#\/schema\/person\/72cd48bb411dea15e40f11d726e9eeeb","name":"Fredric Sk\u00e4lstad","image":{"@type":"ImageObject","inLanguage":"sv-SE","@id":"https:\/\/www.kompetensforetagen.se\/#\/schema\/person\/image\/","url":"https:\/\/secure.gravatar.com\/avatar\/64f20bf3ac13c78aedd6054f495d1a00b38234d6bf532fa3b1cb3ff0bcc24f8d?s=96&d=mm&r=g","contentUrl":"https:\/\/secure.gravatar.com\/avatar\/64f20bf3ac13c78aedd6054f495d1a00b38234d6bf532fa3b1cb3ff0bcc24f8d?s=96&d=mm&r=g","caption":"Fredric Sk\u00e4lstad"},"description":"Fredric \u00e4r n\u00e4ringspolitisk chef p\u00e5 Kompetensf\u00f6retagen.","url":"https:\/\/www.kompetensforetagen.se\/person\/fredricskalstad\/"}]}},"_links":{"self":[{"href":"https:\/\/www.kompetensforetagen.se\/api\/wp\/v2\/posts\/17754","targetHints":{"allow":["GET"]}}],"collection":[{"href":"https:\/\/www.kompetensforetagen.se\/api\/wp\/v2\/posts"}],"about":[{"href":"https:\/\/www.kompetensforetagen.se\/api\/wp\/v2\/types\/post"}],"author":[{"embeddable":true,"href":"https:\/\/www.kompetensforetagen.se\/api\/wp\/v2\/users\/222"}],"replies":[{"embeddable":true,"href":"https:\/\/www.kompetensforetagen.se\/api\/wp\/v2\/comments?post=17754"}],"version-history":[{"count":16,"href":"https:\/\/www.kompetensforetagen.se\/api\/wp\/v2\/posts\/17754\/revisions"}],"predecessor-version":[{"id":17795,"href":"https:\/\/www.kompetensforetagen.se\/api\/wp\/v2\/posts\/17754\/revisions\/17795"}],"wp:featuredmedia":[{"embeddable":true,"href":"https:\/\/www.kompetensforetagen.se\/api\/wp\/v2\/media\/17755"}],"wp:attachment":[{"href":"https:\/\/www.kompetensforetagen.se\/api\/wp\/v2\/media?parent=17754"}],"wp:term":[{"taxonomy":"category","embeddable":true,"href":"https:\/\/www.kompetensforetagen.se\/api\/wp\/v2\/categories?post=17754"},{"taxonomy":"post_tag","embeddable":true,"href":"https:\/\/www.kompetensforetagen.se\/api\/wp\/v2\/tags?post=17754"},{"taxonomy":"type","embeddable":true,"href":"https:\/\/www.kompetensforetagen.se\/api\/wp\/v2\/article_type?post=17754"},{"taxonomy":"agreement","embeddable":true,"href":"https:\/\/www.kompetensforetagen.se\/api\/wp\/v2\/agreement?post=17754"},{"taxonomy":"for-members","embeddable":true,"href":"https:\/\/www.kompetensforetagen.se\/api\/wp\/v2\/for-members?post=17754"}],"curies":[{"name":"wp","href":"https:\/\/api.w.org\/{rel}","templated":true}]}}