{"id":17652,"date":"2024-07-01T10:39:00","date_gmt":"2024-07-01T08:39:00","guid":{"rendered":"https:\/\/www.kompetensforetagen.se\/?p=17652"},"modified":"2024-10-23T11:17:31","modified_gmt":"2024-10-23T09:17:31","slug":"fyra-nya-auktoriserade-foretag-och-tre-forlorar-auktorisationen","status":"publish","type":"post","link":"https:\/\/www.kompetensforetagen.se\/2024\/07\/fyra-nya-auktoriserade-foretag-och-tre-forlorar-auktorisationen\/","title":{"rendered":"Fyra nya auktoriserade f\u00f6retag och tre f\u00f6rlorar auktorisationen"},"content":{"rendered":"\n<p><span data-contrast=\"auto\" style=\"background-color: transparent;font-size: 1rem\">Vid det senaste m\u00f6tet med Kompetensf\u00f6retagens auktorisationsn\u00e4mnd rekommenderade den 91 f\u00f6retag f\u00f6r auktorisation. Fyra av dessa auktoriserades f\u00f6r f\u00f6rsta g\u00e5ngen. Det inneb\u00e4r att de uppfyller Kompetensf\u00f6retagens villkor, som att de varit verksamma i minst 12 m\u00e5nader och kan redovisa ordnad ekonomi. Villkoren i sin helhet finns du <a href=\"https:\/\/eur02.safelinks.protection.outlook.com\/?url=https%3A%2F%2Fwww.kompetensforetagen.se%2Fauktorisation-2%2Fansok-om-auktorisation%2Fsteg-1-villkor-for-auktorisation-kan-foretaget-bli-auktoriserat%2F&amp;data=02%7C01%7Ccecilia.malmstrom%40almega.se%7C1879494ae2904e9ae4cf08d8429bc3c0%7C1d019c94da7b49c2bf935ee1bb4b6882%7C0%7C0%7C637332584062765823&amp;sdata=8zeZIofgc%2B0Kio43UnkolTf%2B48mk6mR%2FGUerIKvZMKg%3D&amp;reserved=0\">h\u00e4r<\/a>\u00a0.<\/span><\/p>\n\n\n\n<p><span data-contrast=\"auto\">De f\u00f6retag som nu godk\u00e4nts f\u00f6r auktorisation av Kompetensf\u00f6retagens styrelse har meddelats detta.&nbsp;<\/span><span data-ccp-props=\"{&quot;201341983&quot;:0,&quot;335559739&quot;:160,&quot;335559740&quot;:259}\">&nbsp;<\/span><\/p>\n\n\n\n<p><strong>87 medlemsf\u00f6retag fick sin ans\u00f6kan om f\u00f6rnyad auktorisation godk\u00e4nd.&nbsp;&nbsp;<\/strong><\/p>\n\n\n\n<p><span data-contrast=\"auto\">Vid auktorisationsn\u00e4mndens m\u00f6te lades ocks\u00e5 fram att tre medlemsf\u00f6retag vid granskning inte uppfyller Kompetensf\u00f6retagens krav. D\u00e4rmed beslutade styrelsen att f\u00f6lja auktorisationsn\u00e4mndens rekommendation att de inte f\u00e5r beh\u00e5lla sin auktorisation. Vilka f\u00f6retag detta g\u00e4ller och grunderna f\u00f6r beslutet \u00e4r inte offentligt. De \u00e4r dock v\u00e4lkomna tillbaka med ny auktorisationsans\u00f6kan efter sex m\u00e5nader<\/span><i><span data-contrast=\"auto\">,<\/span><\/i><span data-contrast=\"auto\"> n\u00e4r de \u00e5ter uppfyller Kompetensf\u00f6retagens krav.&nbsp;&nbsp;<\/span><\/p>\n\n\n\n<p><span data-contrast=\"auto\">Kompetensf\u00f6retagens <a href=\"https:\/\/www.kompetensforetagen.se\/auktorisation\/kompetensforetagens-auktorisationsnamnd\/\">auktorisationsn\u00e4mnd<\/a> leds av G\u00f6ran H\u00e4gglund, och \u00f6vriga deltagare i n\u00e4mnden \u00e4r representanter f\u00f6r Kompetensf\u00f6retagen, Akademikerf\u00f6rbunden, LO-f\u00f6rbunden och Unionen.<\/span><span data-ccp-props=\"{&quot;201341983&quot;:0,&quot;335559739&quot;:160,&quot;335559740&quot;:259}\">&nbsp;<\/span><\/p>\n","protected":false},"excerpt":{"rendered":"<p>Vid det senaste m\u00f6tet med Kompetensf\u00f6retagens auktorisationsn\u00e4mnd rekommenderade den 91 f\u00f6retag f\u00f6r auktorisation. Fyra av dessa auktoriserades f\u00f6r f\u00f6rsta g\u00e5ngen. Det inneb\u00e4r att de uppfyller Kompetensf\u00f6retagens villkor, som att de varit verksamma i minst 12 &hellip;<\/p>\n","protected":false},"author":222,"featured_media":10591,"comment_status":"closed","ping_status":"closed","sticky":false,"template":"","format":"standard","meta":{"_acf_changed":false,"footnotes":""},"categories":[17,1],"tags":[],"article_type":[8],"agreement":[],"for-members":[],"class_list":["post-17652","post","type-post","status-publish","format-standard","has-post-thumbnail","hentry","category-auktorisation","category-okategoriserade","type-aktuellt"],"acf":[],"yoast_head":"<!-- This site is optimized with the Yoast SEO Premium plugin v26.8 (Yoast SEO v26.8) - https:\/\/yoast.com\/product\/yoast-seo-premium-wordpress\/ -->\n<title>Fyra nya auktoriserade f\u00f6retag och tre f\u00f6rlorar auktorisationen - Kompetensf\u00f6retagen<\/title>\n<meta name=\"description\" content=\"87 medlemsf\u00f6retag fick sin ans\u00f6kan om f\u00f6rnyad auktorisation godk\u00e4nd.\u00a0Vid m\u00f6tet lades ocks\u00e5 fram att tre medlemsf\u00f6retag vid inte uppfyller kraven.\" \/>\n<meta name=\"robots\" content=\"index, follow, max-snippet:-1, max-image-preview:large, max-video-preview:-1\" \/>\n<link rel=\"canonical\" href=\"https:\/\/www.kompetensforetagen.se\/2024\/07\/fyra-nya-auktoriserade-foretag-och-tre-forlorar-auktorisationen\/\" \/>\n<meta property=\"og:locale\" content=\"sv_SE\" \/>\n<meta property=\"og:type\" content=\"article\" \/>\n<meta property=\"og:title\" content=\"Fyra nya auktoriserade f\u00f6retag och tre f\u00f6rlorar auktorisationen\" \/>\n<meta property=\"og:description\" content=\"87 medlemsf\u00f6retag fick sin ans\u00f6kan om f\u00f6rnyad auktorisation godk\u00e4nd.\u00a0Vid m\u00f6tet lades ocks\u00e5 fram att tre medlemsf\u00f6retag vid inte uppfyller kraven.\" \/>\n<meta property=\"og:url\" content=\"https:\/\/www.kompetensforetagen.se\/2024\/07\/fyra-nya-auktoriserade-foretag-och-tre-forlorar-auktorisationen\/\" \/>\n<meta property=\"og:site_name\" content=\"Kompetensf\u00f6retagen\" \/>\n<meta property=\"article:published_time\" content=\"2024-07-01T08:39:00+00:00\" \/>\n<meta property=\"article:modified_time\" content=\"2024-10-23T09:17:31+00:00\" \/>\n<meta property=\"og:image\" content=\"https:\/\/www.kompetensforetagen.se\/app\/uploads\/sites\/5\/2023\/01\/pexels-dominika-roseclay-3839649-scaled.jpg\" \/>\n\t<meta property=\"og:image:width\" content=\"1707\" \/>\n\t<meta property=\"og:image:height\" content=\"2560\" \/>\n\t<meta property=\"og:image:type\" content=\"image\/jpeg\" \/>\n<meta name=\"author\" content=\"Fredric Sk\u00e4lstad\" \/>\n<meta name=\"twitter:card\" content=\"summary_large_image\" \/>\n<meta name=\"twitter:label1\" content=\"Skriven av\" \/>\n\t<meta name=\"twitter:data1\" content=\"Fredric Sk\u00e4lstad\" \/>\n\t<meta name=\"twitter:label2\" content=\"Ber\u00e4knad l\u00e4stid\" \/>\n\t<meta name=\"twitter:data2\" content=\"1 minut\" \/>\n<!-- \/ Yoast SEO Premium plugin. -->","yoast_head_json":{"title":"Fyra nya auktoriserade f\u00f6retag och tre f\u00f6rlorar auktorisationen - Kompetensf\u00f6retagen","description":"87 medlemsf\u00f6retag fick sin ans\u00f6kan om f\u00f6rnyad auktorisation godk\u00e4nd.\u00a0Vid m\u00f6tet lades ocks\u00e5 fram att tre medlemsf\u00f6retag vid inte uppfyller kraven.","robots":{"index":"index","follow":"follow","max-snippet":"max-snippet:-1","max-image-preview":"max-image-preview:large","max-video-preview":"max-video-preview:-1"},"canonical":"https:\/\/www.kompetensforetagen.se\/2024\/07\/fyra-nya-auktoriserade-foretag-och-tre-forlorar-auktorisationen\/","og_locale":"sv_SE","og_type":"article","og_title":"Fyra nya auktoriserade f\u00f6retag och tre f\u00f6rlorar auktorisationen","og_description":"87 medlemsf\u00f6retag fick sin ans\u00f6kan om f\u00f6rnyad auktorisation godk\u00e4nd.\u00a0Vid m\u00f6tet lades ocks\u00e5 fram att tre medlemsf\u00f6retag vid inte uppfyller kraven.","og_url":"https:\/\/www.kompetensforetagen.se\/2024\/07\/fyra-nya-auktoriserade-foretag-och-tre-forlorar-auktorisationen\/","og_site_name":"Kompetensf\u00f6retagen","article_published_time":"2024-07-01T08:39:00+00:00","article_modified_time":"2024-10-23T09:17:31+00:00","og_image":[{"width":1707,"height":2560,"url":"https:\/\/www.kompetensforetagen.se\/app\/uploads\/sites\/5\/2023\/01\/pexels-dominika-roseclay-3839649-scaled.jpg","type":"image\/jpeg"}],"author":"Fredric Sk\u00e4lstad","twitter_card":"summary_large_image","twitter_misc":{"Skriven av":"Fredric Sk\u00e4lstad","Ber\u00e4knad l\u00e4stid":"1 minut"},"schema":{"@context":"https:\/\/schema.org","@graph":[{"@type":"Article","@id":"https:\/\/www.kompetensforetagen.se\/2024\/07\/fyra-nya-auktoriserade-foretag-och-tre-forlorar-auktorisationen\/#article","isPartOf":{"@id":"https:\/\/www.kompetensforetagen.se\/2024\/07\/fyra-nya-auktoriserade-foretag-och-tre-forlorar-auktorisationen\/"},"author":{"name":"Fredric Sk\u00e4lstad","@id":"https:\/\/www.kompetensforetagen.se\/#\/schema\/person\/72cd48bb411dea15e40f11d726e9eeeb"},"headline":"Fyra nya auktoriserade f\u00f6retag och tre f\u00f6rlorar auktorisationen","datePublished":"2024-07-01T08:39:00+00:00","dateModified":"2024-10-23T09:17:31+00:00","mainEntityOfPage":{"@id":"https:\/\/www.kompetensforetagen.se\/2024\/07\/fyra-nya-auktoriserade-foretag-och-tre-forlorar-auktorisationen\/"},"wordCount":206,"publisher":{"@id":"https:\/\/www.kompetensforetagen.se\/#organization"},"image":{"@id":"https:\/\/www.kompetensforetagen.se\/2024\/07\/fyra-nya-auktoriserade-foretag-och-tre-forlorar-auktorisationen\/#primaryimage"},"thumbnailUrl":"https:\/\/www.kompetensforetagen.se\/app\/uploads\/sites\/5\/2023\/01\/pexels-dominika-roseclay-3839649-scaled.jpg","articleSection":["Auktorisation"],"inLanguage":"sv-SE"},{"@type":"WebPage","@id":"https:\/\/www.kompetensforetagen.se\/2024\/07\/fyra-nya-auktoriserade-foretag-och-tre-forlorar-auktorisationen\/","url":"https:\/\/www.kompetensforetagen.se\/2024\/07\/fyra-nya-auktoriserade-foretag-och-tre-forlorar-auktorisationen\/","name":"Fyra nya auktoriserade f\u00f6retag och tre f\u00f6rlorar auktorisationen - Kompetensf\u00f6retagen","isPartOf":{"@id":"https:\/\/www.kompetensforetagen.se\/#website"},"primaryImageOfPage":{"@id":"https:\/\/www.kompetensforetagen.se\/2024\/07\/fyra-nya-auktoriserade-foretag-och-tre-forlorar-auktorisationen\/#primaryimage"},"image":{"@id":"https:\/\/www.kompetensforetagen.se\/2024\/07\/fyra-nya-auktoriserade-foretag-och-tre-forlorar-auktorisationen\/#primaryimage"},"thumbnailUrl":"https:\/\/www.kompetensforetagen.se\/app\/uploads\/sites\/5\/2023\/01\/pexels-dominika-roseclay-3839649-scaled.jpg","datePublished":"2024-07-01T08:39:00+00:00","dateModified":"2024-10-23T09:17:31+00:00","description":"87 medlemsf\u00f6retag fick sin ans\u00f6kan om f\u00f6rnyad auktorisation godk\u00e4nd.\u00a0Vid m\u00f6tet lades ocks\u00e5 fram att tre medlemsf\u00f6retag vid inte uppfyller kraven.","breadcrumb":{"@id":"https:\/\/www.kompetensforetagen.se\/2024\/07\/fyra-nya-auktoriserade-foretag-och-tre-forlorar-auktorisationen\/#breadcrumb"},"inLanguage":"sv-SE","potentialAction":[{"@type":"ReadAction","target":["https:\/\/www.kompetensforetagen.se\/2024\/07\/fyra-nya-auktoriserade-foretag-och-tre-forlorar-auktorisationen\/"]}]},{"@type":"ImageObject","inLanguage":"sv-SE","@id":"https:\/\/www.kompetensforetagen.se\/2024\/07\/fyra-nya-auktoriserade-foretag-och-tre-forlorar-auktorisationen\/#primaryimage","url":"https:\/\/www.kompetensforetagen.se\/app\/uploads\/sites\/5\/2023\/01\/pexels-dominika-roseclay-3839649-scaled.jpg","contentUrl":"https:\/\/www.kompetensforetagen.se\/app\/uploads\/sites\/5\/2023\/01\/pexels-dominika-roseclay-3839649-scaled.jpg","width":1707,"height":2560,"caption":"St\u00e4mpel ligger p\u00e5 st\u00e4mpeldyna"},{"@type":"BreadcrumbList","@id":"https:\/\/www.kompetensforetagen.se\/2024\/07\/fyra-nya-auktoriserade-foretag-och-tre-forlorar-auktorisationen\/#breadcrumb","itemListElement":[{"@type":"ListItem","position":1,"name":"Home","item":"https:\/\/www.kompetensforetagen.se\/"},{"@type":"ListItem","position":2,"name":"Fyra nya auktoriserade f\u00f6retag och tre f\u00f6rlorar auktorisationen"}]},{"@type":"WebSite","@id":"https:\/\/www.kompetensforetagen.se\/#website","url":"https:\/\/www.kompetensforetagen.se\/","name":"Kompetensf\u00f6retagen","description":"R\u00e4tt person p\u00e5 r\u00e4tt plats kan f\u00f6r\u00e4ndra v\u00e4rlden","publisher":{"@id":"https:\/\/www.kompetensforetagen.se\/#organization"},"potentialAction":[{"@type":"SearchAction","target":{"@type":"EntryPoint","urlTemplate":"https:\/\/www.kompetensforetagen.se\/?s={search_term_string}"},"query-input":{"@type":"PropertyValueSpecification","valueRequired":true,"valueName":"search_term_string"}}],"inLanguage":"sv-SE"},{"@type":"Organization","@id":"https:\/\/www.kompetensforetagen.se\/#organization","name":"Kompetensf\u00f6retagen","url":"https:\/\/www.kompetensforetagen.se\/","logo":{"@type":"ImageObject","inLanguage":"sv-SE","@id":"https:\/\/www.kompetensforetagen.se\/#\/schema\/logo\/image\/","url":"https:\/\/www.kompetensforetagen.se\/app\/uploads\/sites\/5\/2022\/10\/logga_svart.png","contentUrl":"https:\/\/www.kompetensforetagen.se\/app\/uploads\/sites\/5\/2022\/10\/logga_svart.png","width":752,"height":64,"caption":"Kompetensf\u00f6retagen"},"image":{"@id":"https:\/\/www.kompetensforetagen.se\/#\/schema\/logo\/image\/"},"sameAs":["https:\/\/www.linkedin.com\/company\/10540032\/"]},{"@type":"Person","@id":"https:\/\/www.kompetensforetagen.se\/#\/schema\/person\/72cd48bb411dea15e40f11d726e9eeeb","name":"Fredric Sk\u00e4lstad","image":{"@type":"ImageObject","inLanguage":"sv-SE","@id":"https:\/\/www.kompetensforetagen.se\/#\/schema\/person\/image\/","url":"https:\/\/secure.gravatar.com\/avatar\/64f20bf3ac13c78aedd6054f495d1a00b38234d6bf532fa3b1cb3ff0bcc24f8d?s=96&d=mm&r=g","contentUrl":"https:\/\/secure.gravatar.com\/avatar\/64f20bf3ac13c78aedd6054f495d1a00b38234d6bf532fa3b1cb3ff0bcc24f8d?s=96&d=mm&r=g","caption":"Fredric Sk\u00e4lstad"},"description":"Fredric \u00e4r n\u00e4ringspolitisk chef p\u00e5 Kompetensf\u00f6retagen.","url":"https:\/\/www.kompetensforetagen.se\/person\/fredricskalstad\/"}]}},"_links":{"self":[{"href":"https:\/\/www.kompetensforetagen.se\/api\/wp\/v2\/posts\/17652","targetHints":{"allow":["GET"]}}],"collection":[{"href":"https:\/\/www.kompetensforetagen.se\/api\/wp\/v2\/posts"}],"about":[{"href":"https:\/\/www.kompetensforetagen.se\/api\/wp\/v2\/types\/post"}],"author":[{"embeddable":true,"href":"https:\/\/www.kompetensforetagen.se\/api\/wp\/v2\/users\/222"}],"replies":[{"embeddable":true,"href":"https:\/\/www.kompetensforetagen.se\/api\/wp\/v2\/comments?post=17652"}],"version-history":[{"count":2,"href":"https:\/\/www.kompetensforetagen.se\/api\/wp\/v2\/posts\/17652\/revisions"}],"predecessor-version":[{"id":18608,"href":"https:\/\/www.kompetensforetagen.se\/api\/wp\/v2\/posts\/17652\/revisions\/18608"}],"wp:featuredmedia":[{"embeddable":true,"href":"https:\/\/www.kompetensforetagen.se\/api\/wp\/v2\/media\/10591"}],"wp:attachment":[{"href":"https:\/\/www.kompetensforetagen.se\/api\/wp\/v2\/media?parent=17652"}],"wp:term":[{"taxonomy":"category","embeddable":true,"href":"https:\/\/www.kompetensforetagen.se\/api\/wp\/v2\/categories?post=17652"},{"taxonomy":"post_tag","embeddable":true,"href":"https:\/\/www.kompetensforetagen.se\/api\/wp\/v2\/tags?post=17652"},{"taxonomy":"type","embeddable":true,"href":"https:\/\/www.kompetensforetagen.se\/api\/wp\/v2\/article_type?post=17652"},{"taxonomy":"agreement","embeddable":true,"href":"https:\/\/www.kompetensforetagen.se\/api\/wp\/v2\/agreement?post=17652"},{"taxonomy":"for-members","embeddable":true,"href":"https:\/\/www.kompetensforetagen.se\/api\/wp\/v2\/for-members?post=17652"}],"curies":[{"name":"wp","href":"https:\/\/api.w.org\/{rel}","templated":true}]}}