{"id":17485,"date":"2024-06-13T07:11:39","date_gmt":"2024-06-13T05:11:39","guid":{"rendered":"https:\/\/www.kompetensforetagen.se\/?p=17485"},"modified":"2025-08-05T13:37:02","modified_gmt":"2025-08-05T11:37:02","slug":"vardbemanningens-faktiska-siffror","status":"publish","type":"post","link":"https:\/\/www.kompetensforetagen.se\/2024\/06\/vardbemanningens-faktiska-siffror\/","title":{"rendered":"V\u00e5rdbemanningens faktiska siffror"},"content":{"rendered":"\n<p>St\u00e4ndigt p\u00e5st\u00e5s det att hyrl\u00e4kare \u00e4r l\u00e5ngt dyrare \u00e4n regionernas egen personal. Det \u00e4r inte sant. Den m\u00e5ttliga skillnad i kostnad som finns skapar andra v\u00e4rden som kortare v\u00e5rdk\u00f6er och mer flexibilitet. Bemannings\u00adbranschen uppstod f\u00f6r att l\u00f6sa problem, skriver <strong>Eva Domanders och Patrik Eidfelt<\/strong> p\u00e5 Dagens Nyheters debattsida (240613).<\/p>\n\n\n\n<p><a href=\"https:\/\/www.dn.se\/debatt\/regionerna-bluffar-om-notan-for-hyrlakarna\/\" target=\"_blank\" rel=\"noreferrer noopener\">Du kan l\u00e4sa artikeln h\u00e4r.<\/a><\/p>\n\n\n\n      <a href=\"https:\/\/www.kompetensforetagen.se\/app\/uploads\/sites\/5\/2024\/06\/Vardbemanningens-faktiska-siffror-1.pdf\" target=\"_blank\" class=\"Button is-button is-style-fill has-primary-background-color has-primary-border-color Button--download\">\n      \n        Ladda ner rapport\n      \n      \n                <svg class='icon icon--download'  width=\"16\" height=\"16\" viewBox=\"0 0 16 16\" fill=\"none\" xmlns=\"http:\/\/www.w3.org\/2000\/svg\">\n<path d=\"M8 -2.18557e-07L8 10M8 10L13 5M8 10L3 5\" stroke=\"black\" stroke-width=\"2\" stroke-miterlimit=\"10\"\/>\n<path d=\"M15 11.5V15H1V11.5\" stroke=\"black\" stroke-width=\"2\" stroke-miterlimit=\"10\"\/>\n<\/svg>\n\n        \n    <\/a>\n  \n","protected":false},"excerpt":{"rendered":"<p>St\u00e4ndigt p\u00e5st\u00e5s det att hyrl\u00e4kare \u00e4r l\u00e5ngt dyrare \u00e4n regionernas egen personal. Det \u00e4r inte sant. Den m\u00e5ttliga skillnad i kostnad som finns skapar andra v\u00e4rden som kortare v\u00e5rdk\u00f6er och mer flexibilitet. Bemannings\u00adbranschen uppstod f\u00f6r &hellip;<\/p>\n","protected":false},"author":222,"featured_media":17478,"comment_status":"closed","ping_status":"closed","sticky":false,"template":"","format":"standard","meta":{"_acf_changed":false,"footnotes":""},"categories":[5],"tags":[],"article_type":[32,210,16],"agreement":[],"for-members":[],"class_list":["post-17485","post","type-post","status-publish","format-standard","has-post-thumbnail","hentry","category-vard","type-debattartiklar","type-fakta","type-rapporter"],"acf":[],"yoast_head":"<!-- This site is optimized with the Yoast SEO Premium plugin v26.8 (Yoast SEO v26.8) - https:\/\/yoast.com\/product\/yoast-seo-premium-wordpress\/ -->\n<title>V\u00e5rdbemanningens faktiska siffror - Kompetensf\u00f6retagen<\/title>\n<meta name=\"description\" content=\"St\u00e4ndigt p\u00e5st\u00e5s det att hyrl\u00e4kare \u00e4r l\u00e5ngt dyrare \u00e4n regionernas egen personal. Det \u00e4r inte sant. Dagens Nyheters debattsida (240613).\" \/>\n<meta name=\"robots\" content=\"index, follow, max-snippet:-1, max-image-preview:large, max-video-preview:-1\" \/>\n<link rel=\"canonical\" href=\"https:\/\/www.kompetensforetagen.se\/2024\/06\/vardbemanningens-faktiska-siffror\/\" \/>\n<meta property=\"og:locale\" content=\"sv_SE\" \/>\n<meta property=\"og:type\" content=\"article\" \/>\n<meta property=\"og:title\" content=\"V\u00e5rdbemanningens faktiska siffror\" \/>\n<meta property=\"og:description\" content=\"St\u00e4ndigt p\u00e5st\u00e5s det att hyrl\u00e4kare \u00e4r l\u00e5ngt dyrare \u00e4n regionernas egen personal. Det \u00e4r inte sant. Dagens Nyheters debattsida (240613).\" \/>\n<meta property=\"og:url\" content=\"https:\/\/www.kompetensforetagen.se\/2024\/06\/vardbemanningens-faktiska-siffror\/\" \/>\n<meta property=\"og:site_name\" content=\"Kompetensf\u00f6retagen\" \/>\n<meta property=\"article:published_time\" content=\"2024-06-13T05:11:39+00:00\" \/>\n<meta property=\"article:modified_time\" content=\"2025-08-05T11:37:02+00:00\" \/>\n<meta property=\"og:image\" content=\"https:\/\/www.kompetensforetagen.se\/app\/uploads\/sites\/5\/2024\/06\/Vardbemanningens-faktiska-siffror.gif\" \/>\n\t<meta property=\"og:image:width\" content=\"1122\" \/>\n\t<meta property=\"og:image:height\" content=\"793\" \/>\n\t<meta property=\"og:image:type\" content=\"image\/gif\" \/>\n<meta name=\"author\" content=\"Fredric Sk\u00e4lstad\" \/>\n<meta name=\"twitter:card\" content=\"summary_large_image\" \/>\n<meta name=\"twitter:label1\" content=\"Skriven av\" \/>\n\t<meta name=\"twitter:data1\" content=\"Fredric Sk\u00e4lstad\" \/>\n\t<meta name=\"twitter:label2\" content=\"Ber\u00e4knad l\u00e4stid\" \/>\n\t<meta name=\"twitter:data2\" content=\"1 minut\" \/>\n<!-- \/ Yoast SEO Premium plugin. -->","yoast_head_json":{"title":"V\u00e5rdbemanningens faktiska siffror - Kompetensf\u00f6retagen","description":"St\u00e4ndigt p\u00e5st\u00e5s det att hyrl\u00e4kare \u00e4r l\u00e5ngt dyrare \u00e4n regionernas egen personal. Det \u00e4r inte sant. Dagens Nyheters debattsida (240613).","robots":{"index":"index","follow":"follow","max-snippet":"max-snippet:-1","max-image-preview":"max-image-preview:large","max-video-preview":"max-video-preview:-1"},"canonical":"https:\/\/www.kompetensforetagen.se\/2024\/06\/vardbemanningens-faktiska-siffror\/","og_locale":"sv_SE","og_type":"article","og_title":"V\u00e5rdbemanningens faktiska siffror","og_description":"St\u00e4ndigt p\u00e5st\u00e5s det att hyrl\u00e4kare \u00e4r l\u00e5ngt dyrare \u00e4n regionernas egen personal. Det \u00e4r inte sant. Dagens Nyheters debattsida (240613).","og_url":"https:\/\/www.kompetensforetagen.se\/2024\/06\/vardbemanningens-faktiska-siffror\/","og_site_name":"Kompetensf\u00f6retagen","article_published_time":"2024-06-13T05:11:39+00:00","article_modified_time":"2025-08-05T11:37:02+00:00","og_image":[{"width":1122,"height":793,"url":"https:\/\/www.kompetensforetagen.se\/app\/uploads\/sites\/5\/2024\/06\/Vardbemanningens-faktiska-siffror.gif","type":"image\/gif"}],"author":"Fredric Sk\u00e4lstad","twitter_card":"summary_large_image","twitter_misc":{"Skriven av":"Fredric Sk\u00e4lstad","Ber\u00e4knad l\u00e4stid":"1 minut"},"schema":{"@context":"https:\/\/schema.org","@graph":[{"@type":"Article","@id":"https:\/\/www.kompetensforetagen.se\/2024\/06\/vardbemanningens-faktiska-siffror\/#article","isPartOf":{"@id":"https:\/\/www.kompetensforetagen.se\/2024\/06\/vardbemanningens-faktiska-siffror\/"},"author":{"name":"Fredric Sk\u00e4lstad","@id":"https:\/\/www.kompetensforetagen.se\/#\/schema\/person\/72cd48bb411dea15e40f11d726e9eeeb"},"headline":"V\u00e5rdbemanningens faktiska siffror","datePublished":"2024-06-13T05:11:39+00:00","dateModified":"2025-08-05T11:37:02+00:00","mainEntityOfPage":{"@id":"https:\/\/www.kompetensforetagen.se\/2024\/06\/vardbemanningens-faktiska-siffror\/"},"wordCount":71,"publisher":{"@id":"https:\/\/www.kompetensforetagen.se\/#organization"},"image":{"@id":"https:\/\/www.kompetensforetagen.se\/2024\/06\/vardbemanningens-faktiska-siffror\/#primaryimage"},"thumbnailUrl":"https:\/\/www.kompetensforetagen.se\/app\/uploads\/sites\/5\/2024\/06\/Vardbemanningens-faktiska-siffror.gif","articleSection":["V\u00e5rdbemanning"],"inLanguage":"sv-SE"},{"@type":"WebPage","@id":"https:\/\/www.kompetensforetagen.se\/2024\/06\/vardbemanningens-faktiska-siffror\/","url":"https:\/\/www.kompetensforetagen.se\/2024\/06\/vardbemanningens-faktiska-siffror\/","name":"V\u00e5rdbemanningens faktiska siffror - Kompetensf\u00f6retagen","isPartOf":{"@id":"https:\/\/www.kompetensforetagen.se\/#website"},"primaryImageOfPage":{"@id":"https:\/\/www.kompetensforetagen.se\/2024\/06\/vardbemanningens-faktiska-siffror\/#primaryimage"},"image":{"@id":"https:\/\/www.kompetensforetagen.se\/2024\/06\/vardbemanningens-faktiska-siffror\/#primaryimage"},"thumbnailUrl":"https:\/\/www.kompetensforetagen.se\/app\/uploads\/sites\/5\/2024\/06\/Vardbemanningens-faktiska-siffror.gif","datePublished":"2024-06-13T05:11:39+00:00","dateModified":"2025-08-05T11:37:02+00:00","description":"St\u00e4ndigt p\u00e5st\u00e5s det att hyrl\u00e4kare \u00e4r l\u00e5ngt dyrare \u00e4n regionernas egen personal. Det \u00e4r inte sant. Dagens Nyheters debattsida (240613).","breadcrumb":{"@id":"https:\/\/www.kompetensforetagen.se\/2024\/06\/vardbemanningens-faktiska-siffror\/#breadcrumb"},"inLanguage":"sv-SE","potentialAction":[{"@type":"ReadAction","target":["https:\/\/www.kompetensforetagen.se\/2024\/06\/vardbemanningens-faktiska-siffror\/"]}]},{"@type":"ImageObject","inLanguage":"sv-SE","@id":"https:\/\/www.kompetensforetagen.se\/2024\/06\/vardbemanningens-faktiska-siffror\/#primaryimage","url":"https:\/\/www.kompetensforetagen.se\/app\/uploads\/sites\/5\/2024\/06\/Vardbemanningens-faktiska-siffror.gif","contentUrl":"https:\/\/www.kompetensforetagen.se\/app\/uploads\/sites\/5\/2024\/06\/Vardbemanningens-faktiska-siffror.gif","width":1122,"height":793,"caption":"Grafik: V\u00e5rdbemanningens faktiska siffror och statistik."},{"@type":"BreadcrumbList","@id":"https:\/\/www.kompetensforetagen.se\/2024\/06\/vardbemanningens-faktiska-siffror\/#breadcrumb","itemListElement":[{"@type":"ListItem","position":1,"name":"Home","item":"https:\/\/www.kompetensforetagen.se\/"},{"@type":"ListItem","position":2,"name":"V\u00e5rdbemanningens faktiska siffror"}]},{"@type":"WebSite","@id":"https:\/\/www.kompetensforetagen.se\/#website","url":"https:\/\/www.kompetensforetagen.se\/","name":"Kompetensf\u00f6retagen","description":"R\u00e4tt person p\u00e5 r\u00e4tt plats kan f\u00f6r\u00e4ndra v\u00e4rlden","publisher":{"@id":"https:\/\/www.kompetensforetagen.se\/#organization"},"potentialAction":[{"@type":"SearchAction","target":{"@type":"EntryPoint","urlTemplate":"https:\/\/www.kompetensforetagen.se\/?s={search_term_string}"},"query-input":{"@type":"PropertyValueSpecification","valueRequired":true,"valueName":"search_term_string"}}],"inLanguage":"sv-SE"},{"@type":"Organization","@id":"https:\/\/www.kompetensforetagen.se\/#organization","name":"Kompetensf\u00f6retagen","url":"https:\/\/www.kompetensforetagen.se\/","logo":{"@type":"ImageObject","inLanguage":"sv-SE","@id":"https:\/\/www.kompetensforetagen.se\/#\/schema\/logo\/image\/","url":"https:\/\/www.kompetensforetagen.se\/app\/uploads\/sites\/5\/2022\/10\/logga_svart.png","contentUrl":"https:\/\/www.kompetensforetagen.se\/app\/uploads\/sites\/5\/2022\/10\/logga_svart.png","width":752,"height":64,"caption":"Kompetensf\u00f6retagen"},"image":{"@id":"https:\/\/www.kompetensforetagen.se\/#\/schema\/logo\/image\/"},"sameAs":["https:\/\/www.linkedin.com\/company\/10540032\/"]},{"@type":"Person","@id":"https:\/\/www.kompetensforetagen.se\/#\/schema\/person\/72cd48bb411dea15e40f11d726e9eeeb","name":"Fredric Sk\u00e4lstad","image":{"@type":"ImageObject","inLanguage":"sv-SE","@id":"https:\/\/www.kompetensforetagen.se\/#\/schema\/person\/image\/","url":"https:\/\/secure.gravatar.com\/avatar\/64f20bf3ac13c78aedd6054f495d1a00b38234d6bf532fa3b1cb3ff0bcc24f8d?s=96&d=mm&r=g","contentUrl":"https:\/\/secure.gravatar.com\/avatar\/64f20bf3ac13c78aedd6054f495d1a00b38234d6bf532fa3b1cb3ff0bcc24f8d?s=96&d=mm&r=g","caption":"Fredric Sk\u00e4lstad"},"description":"Fredric \u00e4r n\u00e4ringspolitisk chef p\u00e5 Kompetensf\u00f6retagen.","url":"https:\/\/www.kompetensforetagen.se\/person\/fredricskalstad\/"}]}},"_links":{"self":[{"href":"https:\/\/www.kompetensforetagen.se\/api\/wp\/v2\/posts\/17485","targetHints":{"allow":["GET"]}}],"collection":[{"href":"https:\/\/www.kompetensforetagen.se\/api\/wp\/v2\/posts"}],"about":[{"href":"https:\/\/www.kompetensforetagen.se\/api\/wp\/v2\/types\/post"}],"author":[{"embeddable":true,"href":"https:\/\/www.kompetensforetagen.se\/api\/wp\/v2\/users\/222"}],"replies":[{"embeddable":true,"href":"https:\/\/www.kompetensforetagen.se\/api\/wp\/v2\/comments?post=17485"}],"version-history":[{"count":2,"href":"https:\/\/www.kompetensforetagen.se\/api\/wp\/v2\/posts\/17485\/revisions"}],"predecessor-version":[{"id":17488,"href":"https:\/\/www.kompetensforetagen.se\/api\/wp\/v2\/posts\/17485\/revisions\/17488"}],"wp:featuredmedia":[{"embeddable":true,"href":"https:\/\/www.kompetensforetagen.se\/api\/wp\/v2\/media\/17478"}],"wp:attachment":[{"href":"https:\/\/www.kompetensforetagen.se\/api\/wp\/v2\/media?parent=17485"}],"wp:term":[{"taxonomy":"category","embeddable":true,"href":"https:\/\/www.kompetensforetagen.se\/api\/wp\/v2\/categories?post=17485"},{"taxonomy":"post_tag","embeddable":true,"href":"https:\/\/www.kompetensforetagen.se\/api\/wp\/v2\/tags?post=17485"},{"taxonomy":"type","embeddable":true,"href":"https:\/\/www.kompetensforetagen.se\/api\/wp\/v2\/article_type?post=17485"},{"taxonomy":"agreement","embeddable":true,"href":"https:\/\/www.kompetensforetagen.se\/api\/wp\/v2\/agreement?post=17485"},{"taxonomy":"for-members","embeddable":true,"href":"https:\/\/www.kompetensforetagen.se\/api\/wp\/v2\/for-members?post=17485"}],"curies":[{"name":"wp","href":"https:\/\/api.w.org\/{rel}","templated":true}]}}