{"id":17298,"date":"2024-05-27T13:44:37","date_gmt":"2024-05-27T11:44:37","guid":{"rendered":"https:\/\/www.kompetensforetagen.se\/?p=17298"},"modified":"2024-05-27T13:44:38","modified_gmt":"2024-05-27T11:44:38","slug":"mia-fransson-ny-forbundsjurist-pa-komptensforetagen","status":"publish","type":"post","link":"https:\/\/www.kompetensforetagen.se\/2024\/05\/mia-fransson-ny-forbundsjurist-pa-komptensforetagen\/","title":{"rendered":"Mia Fransson ny f\u00f6rbundsjurist p\u00e5 Komptens&shy;f\u00f6retagen"},"content":{"rendered":"\n<p><strong>Grattis till nya jobbet som f\u00f6rbundsjurist p\u00e5 Kompetensf\u00f6retagen<\/strong>!<br>Tack, och jag \u00e4r stolt \u00f6ver att f\u00e5 vara del av en bransch som skapat fler trygga jobb p\u00e5 arbetsmarknaden.<\/p>\n\n\n\n<p><strong>Vad har du f\u00f6r bakgrund?<\/strong><br>Jag \u00e4r jurist som tidigare arbetat p\u00e5 advokatbyr\u00e5 och i m\u00e5nga \u00e5r p\u00e5 Almegas expertenhet. Jag \u00e4r uppvuxen i en sl\u00e4kt av egenf\u00f6retagare och entrepren\u00f6rer s\u00e5 f\u00f6r mig \u00e4r det naturligt att arbeta f\u00f6r att v\u00e4rna f\u00f6retagandets villkor.<\/p>\n\n\n\n<blockquote class=\"wp-block-quote is-layout-flow wp-block-quote-is-layout-flow\">\n<p>Att branschen kan forts\u00e4tta att utvecklas och inte hindras av orimliga villkor, lagar och krav<\/p>\n<\/blockquote>\n\n\n\n<p><strong>Vad inneb\u00e4r det att vara f\u00f6rbundsjurist p\u00e5 Kompetensf\u00f6retagen?&nbsp;<\/strong><br>Det inneb\u00e4r att tillsammans med kollegorna och medlemsf\u00f6retagen inom Kompetensf\u00f6retagen se till att branschen kan forts\u00e4tta att utvecklas och inte hindras av orimliga villkor, lagar och krav.<\/p>\n\n\n\n<p><strong>Du kommer fram\u00e5t ha kvar en del av dina arbetsuppgifter p\u00e5 Almegas expertenhet?&nbsp;<\/strong><br>Ja, det st\u00e4mmer och i den rollen arbetar jag med att vara ombud f\u00f6r Almegas medlemsf\u00f6retag inklusive kompetensf\u00f6retag i domstol samt ge r\u00e5d, st\u00f6d och utbilda i arbetsr\u00e4ttsliga och internationella fr\u00e5gor.<br><br><strong>Vilken hj\u00e4lp kan medlemsf\u00f6retagen f\u00e5 av dig?<\/strong>&nbsp;<br>Jag kommer kunna st\u00f6tta dem i fr\u00e5gor kring de allm\u00e4nna villkoren, arbetsr\u00e4tt och internationella fr\u00e5gor s\u00e5 som EU-r\u00e4tt.<\/p>\n\n\n\n<blockquote class=\"wp-block-quote is-layout-flow wp-block-quote-is-layout-flow\">\n<p>Det finns ett \u00f6kat behov f\u00f6r f\u00f6retag att f\u00e5 hj\u00e4lp med att hitta r\u00e4tt kompetens<\/p>\n<\/blockquote>\n\n\n\n<p><strong>Vad tror du om framtiden f\u00f6r f\u00f6retagen inom bemanning, rekrytering och omst\u00e4llning?&nbsp;<\/strong><br>Jag tror att framtiden \u00e4r ljus, d\u00e5 det finns ett \u00f6kat behov f\u00f6r f\u00f6retag att f\u00e5 hj\u00e4lp med att hitta r\u00e4tt kompetens och att underl\u00e4tta f\u00f6r f\u00f6retag att kunna anpassa sin personalstyrka efter behov.<br><br><strong>Vad ska du g\u00f6ra i sommar?<\/strong><br>I sommar ska jag vara p\u00e5 mitt landst\u00e4lle i S\u00f6rmland med familj och v\u00e4nner. Det blir cykling, basket samt matlagning i min sicilianska pizzaugn. Den perfekta pizzan ska skapas i sommar.<\/p>\n","protected":false},"excerpt":{"rendered":"<p>Grattis till nya jobbet som f\u00f6rbundsjurist p\u00e5 Kompetensf\u00f6retagen!Tack, och jag \u00e4r stolt \u00f6ver att f\u00e5 vara del av en bransch som skapat fler trygga jobb p\u00e5 arbetsmarknaden. Vad har du f\u00f6r bakgrund?Jag \u00e4r jurist som &hellip;<\/p>\n","protected":false},"author":14830,"featured_media":17301,"comment_status":"closed","ping_status":"closed","sticky":false,"template":"","format":"standard","meta":{"_acf_changed":false,"footnotes":""},"categories":[1],"tags":[],"article_type":[],"agreement":[],"for-members":[],"class_list":["post-17298","post","type-post","status-publish","format-standard","has-post-thumbnail","hentry","category-okategoriserade"],"acf":[],"yoast_head":"<!-- This site is optimized with the Yoast SEO Premium plugin v26.8 (Yoast SEO v26.8) - https:\/\/yoast.com\/product\/yoast-seo-premium-wordpress\/ -->\n<title>Mia Fransson ny f\u00f6rbundsjurist p\u00e5 Komptensf\u00f6retagen - Kompetensf\u00f6retagen<\/title>\n<meta name=\"description\" content=\"Mia Fransson, ny f\u00f6rbundsjurist till Kompetensf\u00f6retagen p\u00e5 deltid och kommer fortsatt \u00e4ven jobba p\u00e5 Almegas expertenhet.\" \/>\n<meta name=\"robots\" content=\"index, follow, max-snippet:-1, max-image-preview:large, max-video-preview:-1\" \/>\n<link rel=\"canonical\" href=\"https:\/\/www.kompetensforetagen.se\/2024\/05\/mia-fransson-ny-forbundsjurist-pa-komptensforetagen\/\" \/>\n<meta property=\"og:locale\" content=\"sv_SE\" \/>\n<meta property=\"og:type\" content=\"article\" \/>\n<meta property=\"og:title\" content=\"Mia Fransson ny f\u00f6rbundsjurist p\u00e5 Komptensf\u00f6retagen\" \/>\n<meta property=\"og:description\" content=\"Mia Fransson, ny f\u00f6rbundsjurist till Kompetensf\u00f6retagen p\u00e5 deltid och kommer fortsatt \u00e4ven jobba p\u00e5 Almegas expertenhet.\" \/>\n<meta property=\"og:url\" content=\"https:\/\/www.kompetensforetagen.se\/2024\/05\/mia-fransson-ny-forbundsjurist-pa-komptensforetagen\/\" \/>\n<meta property=\"og:site_name\" content=\"Kompetensf\u00f6retagen\" \/>\n<meta property=\"article:published_time\" content=\"2024-05-27T11:44:37+00:00\" \/>\n<meta property=\"article:modified_time\" content=\"2024-05-27T11:44:38+00:00\" \/>\n<meta property=\"og:image\" content=\"https:\/\/www.kompetensforetagen.se\/app\/uploads\/sites\/5\/2024\/05\/Mia-Fransson.png\" \/>\n\t<meta property=\"og:image:width\" content=\"625\" \/>\n\t<meta property=\"og:image:height\" content=\"446\" \/>\n\t<meta property=\"og:image:type\" content=\"image\/png\" \/>\n<meta name=\"author\" content=\"camillagunnar2\" \/>\n<meta name=\"twitter:card\" content=\"summary_large_image\" \/>\n<meta name=\"twitter:label1\" content=\"Skriven av\" \/>\n\t<meta name=\"twitter:data1\" content=\"camillagunnar2\" \/>\n\t<meta name=\"twitter:label2\" content=\"Ber\u00e4knad l\u00e4stid\" \/>\n\t<meta name=\"twitter:data2\" content=\"2 minuter\" \/>\n<!-- \/ Yoast SEO Premium plugin. -->","yoast_head_json":{"title":"Mia Fransson ny f\u00f6rbundsjurist p\u00e5 Komptensf\u00f6retagen - Kompetensf\u00f6retagen","description":"Mia Fransson, ny f\u00f6rbundsjurist till Kompetensf\u00f6retagen p\u00e5 deltid och kommer fortsatt \u00e4ven jobba p\u00e5 Almegas expertenhet.","robots":{"index":"index","follow":"follow","max-snippet":"max-snippet:-1","max-image-preview":"max-image-preview:large","max-video-preview":"max-video-preview:-1"},"canonical":"https:\/\/www.kompetensforetagen.se\/2024\/05\/mia-fransson-ny-forbundsjurist-pa-komptensforetagen\/","og_locale":"sv_SE","og_type":"article","og_title":"Mia Fransson ny f\u00f6rbundsjurist p\u00e5 Komptensf\u00f6retagen","og_description":"Mia Fransson, ny f\u00f6rbundsjurist till Kompetensf\u00f6retagen p\u00e5 deltid och kommer fortsatt \u00e4ven jobba p\u00e5 Almegas expertenhet.","og_url":"https:\/\/www.kompetensforetagen.se\/2024\/05\/mia-fransson-ny-forbundsjurist-pa-komptensforetagen\/","og_site_name":"Kompetensf\u00f6retagen","article_published_time":"2024-05-27T11:44:37+00:00","article_modified_time":"2024-05-27T11:44:38+00:00","og_image":[{"width":625,"height":446,"url":"https:\/\/www.kompetensforetagen.se\/app\/uploads\/sites\/5\/2024\/05\/Mia-Fransson.png","type":"image\/png"}],"author":"camillagunnar2","twitter_card":"summary_large_image","twitter_misc":{"Skriven av":"camillagunnar2","Ber\u00e4knad l\u00e4stid":"2 minuter"},"schema":{"@context":"https:\/\/schema.org","@graph":[{"@type":"Article","@id":"https:\/\/www.kompetensforetagen.se\/2024\/05\/mia-fransson-ny-forbundsjurist-pa-komptensforetagen\/#article","isPartOf":{"@id":"https:\/\/www.kompetensforetagen.se\/2024\/05\/mia-fransson-ny-forbundsjurist-pa-komptensforetagen\/"},"author":{"name":"camillagunnar2","@id":"https:\/\/www.kompetensforetagen.se\/#\/schema\/person\/94b8ea93ef0611b1467f15023d9ebd1b"},"headline":"Mia Fransson ny f\u00f6rbundsjurist p\u00e5 Komptens&shy;f\u00f6retagen","datePublished":"2024-05-27T11:44:37+00:00","dateModified":"2024-05-27T11:44:38+00:00","mainEntityOfPage":{"@id":"https:\/\/www.kompetensforetagen.se\/2024\/05\/mia-fransson-ny-forbundsjurist-pa-komptensforetagen\/"},"wordCount":354,"publisher":{"@id":"https:\/\/www.kompetensforetagen.se\/#organization"},"image":{"@id":"https:\/\/www.kompetensforetagen.se\/2024\/05\/mia-fransson-ny-forbundsjurist-pa-komptensforetagen\/#primaryimage"},"thumbnailUrl":"https:\/\/www.kompetensforetagen.se\/app\/uploads\/sites\/5\/2024\/05\/Mia-Fransson.png","inLanguage":"sv-SE"},{"@type":"WebPage","@id":"https:\/\/www.kompetensforetagen.se\/2024\/05\/mia-fransson-ny-forbundsjurist-pa-komptensforetagen\/","url":"https:\/\/www.kompetensforetagen.se\/2024\/05\/mia-fransson-ny-forbundsjurist-pa-komptensforetagen\/","name":"Mia Fransson ny f\u00f6rbundsjurist p\u00e5 Komptensf\u00f6retagen - Kompetensf\u00f6retagen","isPartOf":{"@id":"https:\/\/www.kompetensforetagen.se\/#website"},"primaryImageOfPage":{"@id":"https:\/\/www.kompetensforetagen.se\/2024\/05\/mia-fransson-ny-forbundsjurist-pa-komptensforetagen\/#primaryimage"},"image":{"@id":"https:\/\/www.kompetensforetagen.se\/2024\/05\/mia-fransson-ny-forbundsjurist-pa-komptensforetagen\/#primaryimage"},"thumbnailUrl":"https:\/\/www.kompetensforetagen.se\/app\/uploads\/sites\/5\/2024\/05\/Mia-Fransson.png","datePublished":"2024-05-27T11:44:37+00:00","dateModified":"2024-05-27T11:44:38+00:00","description":"Mia Fransson, ny f\u00f6rbundsjurist till Kompetensf\u00f6retagen p\u00e5 deltid och kommer fortsatt \u00e4ven jobba p\u00e5 Almegas expertenhet.","breadcrumb":{"@id":"https:\/\/www.kompetensforetagen.se\/2024\/05\/mia-fransson-ny-forbundsjurist-pa-komptensforetagen\/#breadcrumb"},"inLanguage":"sv-SE","potentialAction":[{"@type":"ReadAction","target":["https:\/\/www.kompetensforetagen.se\/2024\/05\/mia-fransson-ny-forbundsjurist-pa-komptensforetagen\/"]}]},{"@type":"ImageObject","inLanguage":"sv-SE","@id":"https:\/\/www.kompetensforetagen.se\/2024\/05\/mia-fransson-ny-forbundsjurist-pa-komptensforetagen\/#primaryimage","url":"https:\/\/www.kompetensforetagen.se\/app\/uploads\/sites\/5\/2024\/05\/Mia-Fransson.png","contentUrl":"https:\/\/www.kompetensforetagen.se\/app\/uploads\/sites\/5\/2024\/05\/Mia-Fransson.png","width":625,"height":446,"caption":"Mia Fransson, f\u00f6rbundsjurist p\u00e5 kompetensf\u00f6retagen."},{"@type":"BreadcrumbList","@id":"https:\/\/www.kompetensforetagen.se\/2024\/05\/mia-fransson-ny-forbundsjurist-pa-komptensforetagen\/#breadcrumb","itemListElement":[{"@type":"ListItem","position":1,"name":"Home","item":"https:\/\/www.kompetensforetagen.se\/"},{"@type":"ListItem","position":2,"name":"Mia Fransson ny f\u00f6rbundsjurist p\u00e5 Komptens&shy;f\u00f6retagen"}]},{"@type":"WebSite","@id":"https:\/\/www.kompetensforetagen.se\/#website","url":"https:\/\/www.kompetensforetagen.se\/","name":"Kompetensf\u00f6retagen","description":"R\u00e4tt person p\u00e5 r\u00e4tt plats kan f\u00f6r\u00e4ndra v\u00e4rlden","publisher":{"@id":"https:\/\/www.kompetensforetagen.se\/#organization"},"potentialAction":[{"@type":"SearchAction","target":{"@type":"EntryPoint","urlTemplate":"https:\/\/www.kompetensforetagen.se\/?s={search_term_string}"},"query-input":{"@type":"PropertyValueSpecification","valueRequired":true,"valueName":"search_term_string"}}],"inLanguage":"sv-SE"},{"@type":"Organization","@id":"https:\/\/www.kompetensforetagen.se\/#organization","name":"Kompetensf\u00f6retagen","url":"https:\/\/www.kompetensforetagen.se\/","logo":{"@type":"ImageObject","inLanguage":"sv-SE","@id":"https:\/\/www.kompetensforetagen.se\/#\/schema\/logo\/image\/","url":"https:\/\/www.kompetensforetagen.se\/app\/uploads\/sites\/5\/2022\/10\/logga_svart.png","contentUrl":"https:\/\/www.kompetensforetagen.se\/app\/uploads\/sites\/5\/2022\/10\/logga_svart.png","width":752,"height":64,"caption":"Kompetensf\u00f6retagen"},"image":{"@id":"https:\/\/www.kompetensforetagen.se\/#\/schema\/logo\/image\/"},"sameAs":["https:\/\/www.linkedin.com\/company\/10540032\/"]},{"@type":"Person","@id":"https:\/\/www.kompetensforetagen.se\/#\/schema\/person\/94b8ea93ef0611b1467f15023d9ebd1b","name":"camillagunnar2","image":{"@type":"ImageObject","inLanguage":"sv-SE","@id":"https:\/\/www.kompetensforetagen.se\/#\/schema\/person\/image\/","url":"https:\/\/secure.gravatar.com\/avatar\/b6f8240666aff929220ce2eb5e5698c1b44b3223ca9f0ac50ecbf5dbdb13dab4?s=96&d=mm&r=g","contentUrl":"https:\/\/secure.gravatar.com\/avatar\/b6f8240666aff929220ce2eb5e5698c1b44b3223ca9f0ac50ecbf5dbdb13dab4?s=96&d=mm&r=g","caption":"camillagunnar2"},"url":"https:\/\/www.kompetensforetagen.se\/person\/camillagunnar2\/"}]}},"_links":{"self":[{"href":"https:\/\/www.kompetensforetagen.se\/api\/wp\/v2\/posts\/17298","targetHints":{"allow":["GET"]}}],"collection":[{"href":"https:\/\/www.kompetensforetagen.se\/api\/wp\/v2\/posts"}],"about":[{"href":"https:\/\/www.kompetensforetagen.se\/api\/wp\/v2\/types\/post"}],"author":[{"embeddable":true,"href":"https:\/\/www.kompetensforetagen.se\/api\/wp\/v2\/users\/14830"}],"replies":[{"embeddable":true,"href":"https:\/\/www.kompetensforetagen.se\/api\/wp\/v2\/comments?post=17298"}],"version-history":[{"count":5,"href":"https:\/\/www.kompetensforetagen.se\/api\/wp\/v2\/posts\/17298\/revisions"}],"predecessor-version":[{"id":17315,"href":"https:\/\/www.kompetensforetagen.se\/api\/wp\/v2\/posts\/17298\/revisions\/17315"}],"wp:featuredmedia":[{"embeddable":true,"href":"https:\/\/www.kompetensforetagen.se\/api\/wp\/v2\/media\/17301"}],"wp:attachment":[{"href":"https:\/\/www.kompetensforetagen.se\/api\/wp\/v2\/media?parent=17298"}],"wp:term":[{"taxonomy":"category","embeddable":true,"href":"https:\/\/www.kompetensforetagen.se\/api\/wp\/v2\/categories?post=17298"},{"taxonomy":"post_tag","embeddable":true,"href":"https:\/\/www.kompetensforetagen.se\/api\/wp\/v2\/tags?post=17298"},{"taxonomy":"type","embeddable":true,"href":"https:\/\/www.kompetensforetagen.se\/api\/wp\/v2\/article_type?post=17298"},{"taxonomy":"agreement","embeddable":true,"href":"https:\/\/www.kompetensforetagen.se\/api\/wp\/v2\/agreement?post=17298"},{"taxonomy":"for-members","embeddable":true,"href":"https:\/\/www.kompetensforetagen.se\/api\/wp\/v2\/for-members?post=17298"}],"curies":[{"name":"wp","href":"https:\/\/api.w.org\/{rel}","templated":true}]}}