{"id":17273,"date":"2024-05-20T12:59:12","date_gmt":"2024-05-20T10:59:12","guid":{"rendered":"https:\/\/www.kompetensforetagen.se\/?p=17273"},"modified":"2024-08-13T16:13:22","modified_gmt":"2024-08-13T14:13:22","slug":"eva-domanders-summerar-aret-som-gatt","status":"publish","type":"post","link":"https:\/\/www.kompetensforetagen.se\/2024\/05\/eva-domanders-summerar-aret-som-gatt\/","title":{"rendered":"Eva Domanders summerar bransch\u00e5ret"},"content":{"rendered":"\n<p><strong>I samband med Kompetensf\u00f6retagens \u00e5rsm\u00f6te vill jag ta tillf\u00e4llet i akt och sammanfatta \u00e5ret som g\u00e5tt. I en tid av utmaningar, men med stora m\u00f6jligheter \u00e4r jag stolt att f\u00e5 leda denna organisation.<\/strong><\/p>\n\n\n\n<p>Under \u00e5ret har \u00f6ver 180&nbsp;000 personer n\u00e5gon g\u00e5ng arbetat i kompetensbranschen. M\u00e5nga av dessa \u00e4r unga, som f\u00e5r sitt f\u00f6rsta arbete inom bemanning. Andra \u00e4r utrikesf\u00f6dda som hittar en v\u00e4g in i det svenska samh\u00e4llet genom n\u00e5got av v\u00e5ra medlemsf\u00f6retag. Var tionde var f\u00f6rra \u00e5ret arbetss\u00f6kande. F\u00f6r dem blir branschen v\u00e4gen in p\u00e5 arbetsmarknaden.<\/p>\n\n\n\n<p>F\u00f6r m\u00e5nga \u00e4r allts\u00e5 ett jobb i kompetensbranschen det f\u00f6rsta jobbet \u2013 och f\u00f6r en hel del \u00e4ldre blir branschen en f\u00f6rl\u00e4ngning p\u00e5 karri\u00e4ren och arbetslivet.<\/p>\n\n\n\n<p>Vi skapar flexibilitet och kostnadseffektiva l\u00f6sningar f\u00f6r f\u00f6retag som beh\u00f6ver specialister och avancerade tj\u00e4nster inom tech, ledarskap och ingenj\u00f6rsomr\u00e5den. F\u00f6r gruv-, skogs- och kemiindustrin \u00e4r rekryterings- och bemanningsf\u00f6retag den viktigaste rekryteringsv\u00e4gen.<\/p>\n\n\n\n<p>Detta visar p\u00e5 v\u00e5r branschs otroliga m\u00e5ngfald och stora betydelse f\u00f6r svensk arbetsmarknad och ekonomi. Under \u00e5ret omsatte branschen hela 88 miljarder kronor. Bidraget till samh\u00e4llet i form av skatteint\u00e4kter var 40 miljarder kronor.<\/p>\n\n\n\n<blockquote class=\"wp-block-quote is-layout-flow wp-block-quote-is-layout-flow\">\n<p>Kompetensbranschens ska st\u00e5 f\u00f6r 3 procent av syssels\u00e4ttningen i Sverige<\/p>\n<\/blockquote>\n\n\n\n<p>Under det g\u00e5ngna \u00e5ret satte styrelsen ett strategiskt m\u00e5l: kompetensbranschens ska st\u00e5 f\u00f6r 3 procent av syssels\u00e4ttningen i Sverige. Det \u00e4r en h\u00f6g ambition \u2013 i dag \u00e4r siffran drygt 2 procent.<\/p>\n\n\n\n<p>Vi m\u00e5ste d\u00e4rf\u00f6r under kommande \u00e5r arbeta f\u00f6r att f\u00f6r\u00e4ndra bilden av branschen. V\u00e5ra medlemsf\u00f6retag f\u00f6rb\u00e4ttrar Sveriges konkurrenskraft och skapar en flexibel och trygg arbetsmarknad. Vi k\u00e4nner till branschens tillskott till v\u00e5rt lands BNP och skatteint\u00e4kter. Vi i styrelsen vet att v\u00e5ra medlemsf\u00f6retag st\u00e5r f\u00f6r avancerade tj\u00e4nster. Men nu m\u00e5ste vi se till att fler d\u00e4rute f\u00e5r veta det.<\/p>\n\n\n\n<p>Det finns ocks\u00e5 utmaningar att hantera. I oktober blir det skarpt l\u00e4ge f\u00f6r 24-m\u00e5nadersregeln i uthyrningslagen. Det kommer att p\u00e5verka v\u00e5r bransch avsev\u00e4rt. Trots dessa utmaningar, \u00e4r v\u00e5r v\u00e4g fram\u00e5t klar.<\/p>\n\n\n\n<blockquote class=\"wp-block-quote is-layout-flow wp-block-quote-is-layout-flow\">\n<p>Vi tillsammans bidrar till att skapa en dynamisk och inkluderande arbetsmarknad<\/p>\n<\/blockquote>\n\n\n\n<p>Till alla medlemmar vill jag understryka att vi ska var stolta \u00f6ver kompetensbranschen, v\u00e5ra f\u00f6retag inom bemanning, rekrytering och omst\u00e4llning f\u00e5r Sveriges kompetenshjul att snurra. Vi tillsammans bidrar till att skapa en dynamisk och inkluderande arbetsmarknad.<\/p>\n\n\n\n<p>L\u00e5t oss gemensamt forts\u00e4tta arbeta mot v\u00e5ra m\u00e5l och \u00f6vervinna de utmaningar vi st\u00e5r inf\u00f6r. Tack alla medlemmar f\u00f6r ert engagemang och ert h\u00e5rda arbete. <strong>Tillsammans g\u00f6r vi skillnad.<\/strong><\/p>\n\n\n\n<p>Tack.<\/p>\n","protected":false},"excerpt":{"rendered":"<p>I samband med Kompetensf\u00f6retagens \u00e5rsm\u00f6te vill jag ta tillf\u00e4llet i akt och sammanfatta \u00e5ret som g\u00e5tt. I en tid av utmaningar, men med stora m\u00f6jligheter \u00e4r jag stolt att f\u00e5 leda denna organisation. Under \u00e5ret &hellip;<\/p>\n","protected":false},"author":14830,"featured_media":17278,"comment_status":"closed","ping_status":"closed","sticky":false,"template":"","format":"standard","meta":{"_acf_changed":false,"footnotes":""},"categories":[1,251],"tags":[],"article_type":[],"agreement":[],"for-members":[],"class_list":["post-17273","post","type-post","status-publish","format-standard","has-post-thumbnail","hentry","category-okategoriserade","category-styrelsen"],"acf":[],"yoast_head":"<!-- This site is optimized with the Yoast SEO Premium plugin v26.8 (Yoast SEO v26.8) - https:\/\/yoast.com\/product\/yoast-seo-premium-wordpress\/ -->\n<title>Eva Domanders summerar bransch\u00e5ret - Kompetensf\u00f6retagen<\/title>\n<meta name=\"description\" content=\"I samband med Kompetensf\u00f6retagens \u00e5rsm\u00f6te vill jag ta tillf\u00e4llet i akt och sammanfatta \u00e5ret som g\u00e5tt 2023\/2024.\" \/>\n<meta name=\"robots\" content=\"index, follow, max-snippet:-1, max-image-preview:large, max-video-preview:-1\" \/>\n<link rel=\"canonical\" href=\"https:\/\/www.kompetensforetagen.se\/2024\/05\/eva-domanders-summerar-aret-som-gatt\/\" \/>\n<meta property=\"og:locale\" content=\"sv_SE\" \/>\n<meta property=\"og:type\" content=\"article\" \/>\n<meta property=\"og:title\" content=\"Eva Domanders summerar bransch\u00e5ret\" \/>\n<meta property=\"og:description\" content=\"I samband med Kompetensf\u00f6retagens \u00e5rsm\u00f6te vill jag ta tillf\u00e4llet i akt och sammanfatta \u00e5ret som g\u00e5tt 2023\/2024.\" \/>\n<meta property=\"og:url\" content=\"https:\/\/www.kompetensforetagen.se\/2024\/05\/eva-domanders-summerar-aret-som-gatt\/\" \/>\n<meta property=\"og:site_name\" content=\"Kompetensf\u00f6retagen\" \/>\n<meta property=\"article:published_time\" content=\"2024-05-20T10:59:12+00:00\" \/>\n<meta property=\"article:modified_time\" content=\"2024-08-13T14:13:22+00:00\" \/>\n<meta property=\"og:image\" content=\"https:\/\/www.kompetensforetagen.se\/app\/uploads\/sites\/5\/2024\/05\/Blogg-3.png\" \/>\n\t<meta property=\"og:image:width\" content=\"1900\" \/>\n\t<meta property=\"og:image:height\" content=\"1000\" \/>\n\t<meta property=\"og:image:type\" content=\"image\/png\" \/>\n<meta name=\"author\" content=\"camillagunnar2\" \/>\n<meta name=\"twitter:card\" content=\"summary_large_image\" \/>\n<meta name=\"twitter:label1\" content=\"Skriven av\" \/>\n\t<meta name=\"twitter:data1\" content=\"camillagunnar2\" \/>\n\t<meta name=\"twitter:label2\" content=\"Ber\u00e4knad l\u00e4stid\" \/>\n\t<meta name=\"twitter:data2\" content=\"2 minuter\" \/>\n<!-- \/ Yoast SEO Premium plugin. -->","yoast_head_json":{"title":"Eva Domanders summerar bransch\u00e5ret - Kompetensf\u00f6retagen","description":"I samband med Kompetensf\u00f6retagens \u00e5rsm\u00f6te vill jag ta tillf\u00e4llet i akt och sammanfatta \u00e5ret som g\u00e5tt 2023\/2024.","robots":{"index":"index","follow":"follow","max-snippet":"max-snippet:-1","max-image-preview":"max-image-preview:large","max-video-preview":"max-video-preview:-1"},"canonical":"https:\/\/www.kompetensforetagen.se\/2024\/05\/eva-domanders-summerar-aret-som-gatt\/","og_locale":"sv_SE","og_type":"article","og_title":"Eva Domanders summerar bransch\u00e5ret","og_description":"I samband med Kompetensf\u00f6retagens \u00e5rsm\u00f6te vill jag ta tillf\u00e4llet i akt och sammanfatta \u00e5ret som g\u00e5tt 2023\/2024.","og_url":"https:\/\/www.kompetensforetagen.se\/2024\/05\/eva-domanders-summerar-aret-som-gatt\/","og_site_name":"Kompetensf\u00f6retagen","article_published_time":"2024-05-20T10:59:12+00:00","article_modified_time":"2024-08-13T14:13:22+00:00","og_image":[{"width":1900,"height":1000,"url":"https:\/\/www.kompetensforetagen.se\/app\/uploads\/sites\/5\/2024\/05\/Blogg-3.png","type":"image\/png"}],"author":"camillagunnar2","twitter_card":"summary_large_image","twitter_misc":{"Skriven av":"camillagunnar2","Ber\u00e4knad l\u00e4stid":"2 minuter"},"schema":{"@context":"https:\/\/schema.org","@graph":[{"@type":"Article","@id":"https:\/\/www.kompetensforetagen.se\/2024\/05\/eva-domanders-summerar-aret-som-gatt\/#article","isPartOf":{"@id":"https:\/\/www.kompetensforetagen.se\/2024\/05\/eva-domanders-summerar-aret-som-gatt\/"},"author":{"name":"camillagunnar2","@id":"https:\/\/www.kompetensforetagen.se\/#\/schema\/person\/94b8ea93ef0611b1467f15023d9ebd1b"},"headline":"Eva Domanders summerar bransch\u00e5ret","datePublished":"2024-05-20T10:59:12+00:00","dateModified":"2024-08-13T14:13:22+00:00","mainEntityOfPage":{"@id":"https:\/\/www.kompetensforetagen.se\/2024\/05\/eva-domanders-summerar-aret-som-gatt\/"},"wordCount":477,"publisher":{"@id":"https:\/\/www.kompetensforetagen.se\/#organization"},"image":{"@id":"https:\/\/www.kompetensforetagen.se\/2024\/05\/eva-domanders-summerar-aret-som-gatt\/#primaryimage"},"thumbnailUrl":"https:\/\/www.kompetensforetagen.se\/app\/uploads\/sites\/5\/2024\/05\/Blogg-3.png","articleSection":{"1":"Styrelsen"},"inLanguage":"sv-SE"},{"@type":"WebPage","@id":"https:\/\/www.kompetensforetagen.se\/2024\/05\/eva-domanders-summerar-aret-som-gatt\/","url":"https:\/\/www.kompetensforetagen.se\/2024\/05\/eva-domanders-summerar-aret-som-gatt\/","name":"Eva Domanders summerar bransch\u00e5ret - Kompetensf\u00f6retagen","isPartOf":{"@id":"https:\/\/www.kompetensforetagen.se\/#website"},"primaryImageOfPage":{"@id":"https:\/\/www.kompetensforetagen.se\/2024\/05\/eva-domanders-summerar-aret-som-gatt\/#primaryimage"},"image":{"@id":"https:\/\/www.kompetensforetagen.se\/2024\/05\/eva-domanders-summerar-aret-som-gatt\/#primaryimage"},"thumbnailUrl":"https:\/\/www.kompetensforetagen.se\/app\/uploads\/sites\/5\/2024\/05\/Blogg-3.png","datePublished":"2024-05-20T10:59:12+00:00","dateModified":"2024-08-13T14:13:22+00:00","description":"I samband med Kompetensf\u00f6retagens \u00e5rsm\u00f6te vill jag ta tillf\u00e4llet i akt och sammanfatta \u00e5ret som g\u00e5tt 2023\/2024.","breadcrumb":{"@id":"https:\/\/www.kompetensforetagen.se\/2024\/05\/eva-domanders-summerar-aret-som-gatt\/#breadcrumb"},"inLanguage":"sv-SE","potentialAction":[{"@type":"ReadAction","target":["https:\/\/www.kompetensforetagen.se\/2024\/05\/eva-domanders-summerar-aret-som-gatt\/"]}]},{"@type":"ImageObject","inLanguage":"sv-SE","@id":"https:\/\/www.kompetensforetagen.se\/2024\/05\/eva-domanders-summerar-aret-som-gatt\/#primaryimage","url":"https:\/\/www.kompetensforetagen.se\/app\/uploads\/sites\/5\/2024\/05\/Blogg-3.png","contentUrl":"https:\/\/www.kompetensforetagen.se\/app\/uploads\/sites\/5\/2024\/05\/Blogg-3.png","width":1900,"height":1000,"caption":"Eva Domanders: summerar bransch\u00e5ret 2023\/2024"},{"@type":"BreadcrumbList","@id":"https:\/\/www.kompetensforetagen.se\/2024\/05\/eva-domanders-summerar-aret-som-gatt\/#breadcrumb","itemListElement":[{"@type":"ListItem","position":1,"name":"Home","item":"https:\/\/www.kompetensforetagen.se\/"},{"@type":"ListItem","position":2,"name":"Eva Domanders summerar bransch\u00e5ret"}]},{"@type":"WebSite","@id":"https:\/\/www.kompetensforetagen.se\/#website","url":"https:\/\/www.kompetensforetagen.se\/","name":"Kompetensf\u00f6retagen","description":"R\u00e4tt person p\u00e5 r\u00e4tt plats kan f\u00f6r\u00e4ndra v\u00e4rlden","publisher":{"@id":"https:\/\/www.kompetensforetagen.se\/#organization"},"potentialAction":[{"@type":"SearchAction","target":{"@type":"EntryPoint","urlTemplate":"https:\/\/www.kompetensforetagen.se\/?s={search_term_string}"},"query-input":{"@type":"PropertyValueSpecification","valueRequired":true,"valueName":"search_term_string"}}],"inLanguage":"sv-SE"},{"@type":"Organization","@id":"https:\/\/www.kompetensforetagen.se\/#organization","name":"Kompetensf\u00f6retagen","url":"https:\/\/www.kompetensforetagen.se\/","logo":{"@type":"ImageObject","inLanguage":"sv-SE","@id":"https:\/\/www.kompetensforetagen.se\/#\/schema\/logo\/image\/","url":"https:\/\/www.kompetensforetagen.se\/app\/uploads\/sites\/5\/2022\/10\/logga_svart.png","contentUrl":"https:\/\/www.kompetensforetagen.se\/app\/uploads\/sites\/5\/2022\/10\/logga_svart.png","width":752,"height":64,"caption":"Kompetensf\u00f6retagen"},"image":{"@id":"https:\/\/www.kompetensforetagen.se\/#\/schema\/logo\/image\/"},"sameAs":["https:\/\/www.linkedin.com\/company\/10540032\/"]},{"@type":"Person","@id":"https:\/\/www.kompetensforetagen.se\/#\/schema\/person\/94b8ea93ef0611b1467f15023d9ebd1b","name":"camillagunnar2","image":{"@type":"ImageObject","inLanguage":"sv-SE","@id":"https:\/\/www.kompetensforetagen.se\/#\/schema\/person\/image\/","url":"https:\/\/secure.gravatar.com\/avatar\/b6f8240666aff929220ce2eb5e5698c1b44b3223ca9f0ac50ecbf5dbdb13dab4?s=96&d=mm&r=g","contentUrl":"https:\/\/secure.gravatar.com\/avatar\/b6f8240666aff929220ce2eb5e5698c1b44b3223ca9f0ac50ecbf5dbdb13dab4?s=96&d=mm&r=g","caption":"camillagunnar2"},"url":"https:\/\/www.kompetensforetagen.se\/person\/camillagunnar2\/"}]}},"_links":{"self":[{"href":"https:\/\/www.kompetensforetagen.se\/api\/wp\/v2\/posts\/17273","targetHints":{"allow":["GET"]}}],"collection":[{"href":"https:\/\/www.kompetensforetagen.se\/api\/wp\/v2\/posts"}],"about":[{"href":"https:\/\/www.kompetensforetagen.se\/api\/wp\/v2\/types\/post"}],"author":[{"embeddable":true,"href":"https:\/\/www.kompetensforetagen.se\/api\/wp\/v2\/users\/14830"}],"replies":[{"embeddable":true,"href":"https:\/\/www.kompetensforetagen.se\/api\/wp\/v2\/comments?post=17273"}],"version-history":[{"count":4,"href":"https:\/\/www.kompetensforetagen.se\/api\/wp\/v2\/posts\/17273\/revisions"}],"predecessor-version":[{"id":17280,"href":"https:\/\/www.kompetensforetagen.se\/api\/wp\/v2\/posts\/17273\/revisions\/17280"}],"wp:featuredmedia":[{"embeddable":true,"href":"https:\/\/www.kompetensforetagen.se\/api\/wp\/v2\/media\/17278"}],"wp:attachment":[{"href":"https:\/\/www.kompetensforetagen.se\/api\/wp\/v2\/media?parent=17273"}],"wp:term":[{"taxonomy":"category","embeddable":true,"href":"https:\/\/www.kompetensforetagen.se\/api\/wp\/v2\/categories?post=17273"},{"taxonomy":"post_tag","embeddable":true,"href":"https:\/\/www.kompetensforetagen.se\/api\/wp\/v2\/tags?post=17273"},{"taxonomy":"type","embeddable":true,"href":"https:\/\/www.kompetensforetagen.se\/api\/wp\/v2\/article_type?post=17273"},{"taxonomy":"agreement","embeddable":true,"href":"https:\/\/www.kompetensforetagen.se\/api\/wp\/v2\/agreement?post=17273"},{"taxonomy":"for-members","embeddable":true,"href":"https:\/\/www.kompetensforetagen.se\/api\/wp\/v2\/for-members?post=17273"}],"curies":[{"name":"wp","href":"https:\/\/api.w.org\/{rel}","templated":true}]}}