{"id":17256,"date":"2024-05-20T10:23:32","date_gmt":"2024-05-20T08:23:32","guid":{"rendered":"https:\/\/www.kompetensforetagen.se\/?p=17256"},"modified":"2025-12-12T10:13:03","modified_gmt":"2025-12-12T09:13:03","slug":"arsrapport-2023-tufft-ar-men-ljusare-framtiden","status":"publish","type":"post","link":"https:\/\/www.kompetensforetagen.se\/2024\/05\/arsrapport-2023-tufft-ar-men-ljusare-framtiden\/","title":{"rendered":"\u00c5rs&shy;rapport 2023: Tufft \u00e5r, men ljusare syn p\u00e5 framtiden"},"content":{"rendered":"\n<p>Den totala oms\u00e4ttningen i branschen under 2023 uppgick uppskattningsvis till 88,2 miljarder kronor.<br><\/p>\n\n\n\n<p>Bland Kompetensf\u00f6retagens 35 st\u00f6rsta medlemsf\u00f6retag uppgick oms\u00e4ttningen till 34,3 miljarder kronor, en nedg\u00e5ng med 500 miljoner kronor (\u00ad1,4%) j\u00e4mf\u00f6rt med 2022. F\u00f6rsta och andra kvartalet visade positiva siffror och tillv\u00e4xt, samtidigt som oms\u00e4ttningen minskade i det tredje och fj\u00e4rde kvartalet. Detta var i linje med Almegas tj\u00e4nsteindikator och f\u00f6ljde den svenska konjunkturen i sin helhet.<br><\/p>\n\n\n\n<p>Antalet \u00e5rsanst\u00e4llda uppgick till 111 400 personer och antalet personer som passerade branschen i sin helhet var 183 500 personer. I fjol var motsvarande siffra 211 700 personer. F\u00f6r 2023 noteras en nedg\u00e5ng p\u00e5 3,3% i antalet anst\u00e4llda i branschen, j\u00e4mf\u00f6rt med att rikets totala syssels\u00e4ttning minskade med 0,3%. Genom 2023 \u00e5rs uppgifter f\u00f6r det totala antalet sysselsatta i riket samt antalet anst\u00e4llda i branschen kan vi best\u00e4mma penetrationsgraden till 2%. Denna siffra \u00e4r troligtvis i underkant d\u00e5 SCB i antalet sysselsatta inte innefattar de som befinner sig i arbetsmarknadspolitiska \u00e5tg\u00e4rder.<br><\/p>\n\n\n\n<blockquote class=\"wp-block-quote is-layout-flow wp-block-quote-is-layout-flow\">\n<p>183 500 personer hade n\u00e5gon g\u00e5ng under 2023 ett jobb i branschen<\/p>\n<\/blockquote>\n\n\n\n<p>Riksbanken s\u00e4nkte i maj 2024 styrr\u00e4ntan f\u00f6r f\u00f6rsta g\u00e5ngen p\u00e5 \u00e5tta \u00e5r. Inflationen v\u00e4ntas n\u00e5 Riksbankens m\u00e5l till sommaren, och styrr\u00e4ntan v\u00e4ntas s\u00e4nkas n\u00e5gra g\u00e5nger under 2024. Arbetsl\u00f6sheten i riket \u00e4r fortsatt bland de h\u00f6gsta i EU och f\u00f6rv\u00e4ntas stiga ytterligare innan botten \u00e4r n\u00e5dd. Under 2023 framgick det fortsatt att f\u00f6retagen &#8221;hamstrar&#8221; personal i syfte att spara viktig kompetens och inv\u00e4nta b\u00e4ttre konjunktur. Fenomenet uppstod under pandemin d\u00e5 os\u00e4kerheten var stor om hur l\u00e4nge pandemin skulle p\u00e5g\u00e5.<br><\/p>\n\n\n\n<p>Om det var n\u00e5got som de tv\u00e5 sista kvartalsrapporterna under 2023 vittnade om, trots s\u00e4mre oms\u00e4ttning och konjunktur, \u00e4r att medlemmarnas syn p\u00e5 framtiden f\u00f6rblir positiv p\u00e5 l\u00e4ngre sikt. N\u00e4r konjunkturen v\u00e4nder upp\u00e5t \u00e4r branschen mer \u00e4n redo att l\u00f6sa kompetensf\u00f6r\u00f6rsjningen f\u00f6r n\u00e4ringslivet och v\u00e4lf\u00e4rden f\u00f6r att s\u00e4kerst\u00e4lla att r\u00e4tt person finns p\u00e5 r\u00e4tt plats.<\/p>\n\n\n\n      <a href=\"https:\/\/www.kompetensforetagen.se\/app\/uploads\/sites\/5\/2024\/05\/Arsrapport-2023.pdf\" target=\"_blank\" class=\"Button is-button is-style-fill has-black-background-color has-black-border-color has-white-color Button--arrow-tip\">\n      \n        H\u00e4r hittar du hela \u00e5rsrapporten\n      \n      \n                \n                <svg class='icon icon--arrow-tip'  width=\"11\" height=\"16\" viewBox=\"0 0 11 16\" fill=\"none\" xmlns=\"http:\/\/www.w3.org\/2000\/svg\">\n<path d=\"M0.858398 15L9.2304 7.99664L0.967732 1.00001\" stroke=\"black\" stroke-width=\"2\" stroke-miterlimit=\"10\"\/>\n<\/svg>\n\n        \n    <\/a>\n  \n","protected":false},"excerpt":{"rendered":"<p>Den totala oms\u00e4ttningen i branschen under 2023 uppgick uppskattningsvis till 88,2 miljarder kronor. Bland Kompetensf\u00f6retagens 35 st\u00f6rsta medlemsf\u00f6retag uppgick oms\u00e4ttningen till 34,3 miljarder kronor, en nedg\u00e5ng med 500 miljoner kronor (\u00ad1,4%) j\u00e4mf\u00f6rt med 2022. F\u00f6rsta &hellip;<\/p>\n","protected":false},"author":222,"featured_media":17263,"comment_status":"closed","ping_status":"closed","sticky":false,"template":"","format":"standard","meta":{"_acf_changed":false,"footnotes":""},"categories":[15],"tags":[],"article_type":[8,16],"agreement":[],"for-members":[],"class_list":["post-17256","post","type-post","status-publish","format-standard","has-post-thumbnail","hentry","category-statistik","type-aktuellt","type-rapporter"],"acf":[],"yoast_head":"<!-- This site is optimized with the Yoast SEO Premium plugin v26.8 (Yoast SEO v26.8) - https:\/\/yoast.com\/product\/yoast-seo-premium-wordpress\/ -->\n<title>\u00c5rsrapport 2023: Tufft \u00e5r, men ljusare syn p\u00e5 framtiden - Kompetensf\u00f6retagen<\/title>\n<meta name=\"description\" content=\"\u00c5rsrapport 2023: Ett tufft ekonomiskt \u00e5r f\u00f6r branschen, men prognosen visar ljusare tider. L\u00e4s v\u00e5r analys av l\u00e4get och framtidsutsikterna.\" \/>\n<meta name=\"robots\" content=\"index, follow, max-snippet:-1, max-image-preview:large, max-video-preview:-1\" \/>\n<link rel=\"canonical\" href=\"https:\/\/www.kompetensforetagen.se\/2024\/05\/arsrapport-2023-tufft-ar-men-ljusare-framtiden\/\" \/>\n<meta property=\"og:locale\" content=\"sv_SE\" \/>\n<meta property=\"og:type\" content=\"article\" \/>\n<meta property=\"og:title\" content=\"\u00c5rsrapport 2023: Tufft \u00e5r, men ljusare syn p\u00e5 framtiden\" \/>\n<meta property=\"og:description\" content=\"\u00c5rsrapport 2023: Ett tufft ekonomiskt \u00e5r f\u00f6r branschen, men prognosen visar ljusare tider. L\u00e4s v\u00e5r analys av l\u00e4get och framtidsutsikterna.\" \/>\n<meta property=\"og:url\" content=\"https:\/\/www.kompetensforetagen.se\/2024\/05\/arsrapport-2023-tufft-ar-men-ljusare-framtiden\/\" \/>\n<meta property=\"og:site_name\" content=\"Kompetensf\u00f6retagen\" \/>\n<meta property=\"article:published_time\" content=\"2024-05-20T08:23:32+00:00\" \/>\n<meta property=\"article:modified_time\" content=\"2025-12-12T09:13:03+00:00\" \/>\n<meta property=\"og:image\" content=\"https:\/\/www.kompetensforetagen.se\/app\/uploads\/sites\/5\/2024\/05\/Bild-arsrapport.png\" \/>\n\t<meta property=\"og:image:width\" content=\"1600\" \/>\n\t<meta property=\"og:image:height\" content=\"900\" \/>\n\t<meta property=\"og:image:type\" content=\"image\/png\" \/>\n<meta name=\"author\" content=\"Fredric Sk\u00e4lstad\" \/>\n<meta name=\"twitter:card\" content=\"summary_large_image\" \/>\n<meta name=\"twitter:label1\" content=\"Skriven av\" \/>\n\t<meta name=\"twitter:data1\" content=\"Fredric Sk\u00e4lstad\" \/>\n\t<meta name=\"twitter:label2\" content=\"Ber\u00e4knad l\u00e4stid\" \/>\n\t<meta name=\"twitter:data2\" content=\"2 minuter\" \/>\n<!-- \/ Yoast SEO Premium plugin. -->","yoast_head_json":{"title":"\u00c5rsrapport 2023: Tufft \u00e5r, men ljusare syn p\u00e5 framtiden - Kompetensf\u00f6retagen","description":"\u00c5rsrapport 2023: Ett tufft ekonomiskt \u00e5r f\u00f6r branschen, men prognosen visar ljusare tider. L\u00e4s v\u00e5r analys av l\u00e4get och framtidsutsikterna.","robots":{"index":"index","follow":"follow","max-snippet":"max-snippet:-1","max-image-preview":"max-image-preview:large","max-video-preview":"max-video-preview:-1"},"canonical":"https:\/\/www.kompetensforetagen.se\/2024\/05\/arsrapport-2023-tufft-ar-men-ljusare-framtiden\/","og_locale":"sv_SE","og_type":"article","og_title":"\u00c5rsrapport 2023: Tufft \u00e5r, men ljusare syn p\u00e5 framtiden","og_description":"\u00c5rsrapport 2023: Ett tufft ekonomiskt \u00e5r f\u00f6r branschen, men prognosen visar ljusare tider. L\u00e4s v\u00e5r analys av l\u00e4get och framtidsutsikterna.","og_url":"https:\/\/www.kompetensforetagen.se\/2024\/05\/arsrapport-2023-tufft-ar-men-ljusare-framtiden\/","og_site_name":"Kompetensf\u00f6retagen","article_published_time":"2024-05-20T08:23:32+00:00","article_modified_time":"2025-12-12T09:13:03+00:00","og_image":[{"width":1600,"height":900,"url":"https:\/\/www.kompetensforetagen.se\/app\/uploads\/sites\/5\/2024\/05\/Bild-arsrapport.png","type":"image\/png"}],"author":"Fredric Sk\u00e4lstad","twitter_card":"summary_large_image","twitter_misc":{"Skriven av":"Fredric Sk\u00e4lstad","Ber\u00e4knad l\u00e4stid":"2 minuter"},"schema":{"@context":"https:\/\/schema.org","@graph":[{"@type":"Article","@id":"https:\/\/www.kompetensforetagen.se\/2024\/05\/arsrapport-2023-tufft-ar-men-ljusare-framtiden\/#article","isPartOf":{"@id":"https:\/\/www.kompetensforetagen.se\/2024\/05\/arsrapport-2023-tufft-ar-men-ljusare-framtiden\/"},"author":{"name":"Fredric Sk\u00e4lstad","@id":"https:\/\/www.kompetensforetagen.se\/#\/schema\/person\/72cd48bb411dea15e40f11d726e9eeeb"},"headline":"\u00c5rs&shy;rapport 2023: Tufft \u00e5r, men ljusare syn p\u00e5 framtiden","datePublished":"2024-05-20T08:23:32+00:00","dateModified":"2025-12-12T09:13:03+00:00","mainEntityOfPage":{"@id":"https:\/\/www.kompetensforetagen.se\/2024\/05\/arsrapport-2023-tufft-ar-men-ljusare-framtiden\/"},"wordCount":357,"publisher":{"@id":"https:\/\/www.kompetensforetagen.se\/#organization"},"image":{"@id":"https:\/\/www.kompetensforetagen.se\/2024\/05\/arsrapport-2023-tufft-ar-men-ljusare-framtiden\/#primaryimage"},"thumbnailUrl":"https:\/\/www.kompetensforetagen.se\/app\/uploads\/sites\/5\/2024\/05\/Bild-arsrapport.png","articleSection":["Statistik"],"inLanguage":"sv-SE"},{"@type":"WebPage","@id":"https:\/\/www.kompetensforetagen.se\/2024\/05\/arsrapport-2023-tufft-ar-men-ljusare-framtiden\/","url":"https:\/\/www.kompetensforetagen.se\/2024\/05\/arsrapport-2023-tufft-ar-men-ljusare-framtiden\/","name":"\u00c5rsrapport 2023: Tufft \u00e5r, men ljusare syn p\u00e5 framtiden - Kompetensf\u00f6retagen","isPartOf":{"@id":"https:\/\/www.kompetensforetagen.se\/#website"},"primaryImageOfPage":{"@id":"https:\/\/www.kompetensforetagen.se\/2024\/05\/arsrapport-2023-tufft-ar-men-ljusare-framtiden\/#primaryimage"},"image":{"@id":"https:\/\/www.kompetensforetagen.se\/2024\/05\/arsrapport-2023-tufft-ar-men-ljusare-framtiden\/#primaryimage"},"thumbnailUrl":"https:\/\/www.kompetensforetagen.se\/app\/uploads\/sites\/5\/2024\/05\/Bild-arsrapport.png","datePublished":"2024-05-20T08:23:32+00:00","dateModified":"2025-12-12T09:13:03+00:00","description":"\u00c5rsrapport 2023: Ett tufft ekonomiskt \u00e5r f\u00f6r branschen, men prognosen visar ljusare tider. L\u00e4s v\u00e5r analys av l\u00e4get och framtidsutsikterna.","breadcrumb":{"@id":"https:\/\/www.kompetensforetagen.se\/2024\/05\/arsrapport-2023-tufft-ar-men-ljusare-framtiden\/#breadcrumb"},"inLanguage":"sv-SE","potentialAction":[{"@type":"ReadAction","target":["https:\/\/www.kompetensforetagen.se\/2024\/05\/arsrapport-2023-tufft-ar-men-ljusare-framtiden\/"]}]},{"@type":"ImageObject","inLanguage":"sv-SE","@id":"https:\/\/www.kompetensforetagen.se\/2024\/05\/arsrapport-2023-tufft-ar-men-ljusare-framtiden\/#primaryimage","url":"https:\/\/www.kompetensforetagen.se\/app\/uploads\/sites\/5\/2024\/05\/Bild-arsrapport.png","contentUrl":"https:\/\/www.kompetensforetagen.se\/app\/uploads\/sites\/5\/2024\/05\/Bild-arsrapport.png","width":1600,"height":900,"caption":"Grafik: Kompetensf\u00f6retagen \u00e5rsrapport 2023: Tufft \u00e5r, men ljusare syn p\u00e5 framtiden"},{"@type":"BreadcrumbList","@id":"https:\/\/www.kompetensforetagen.se\/2024\/05\/arsrapport-2023-tufft-ar-men-ljusare-framtiden\/#breadcrumb","itemListElement":[{"@type":"ListItem","position":1,"name":"Home","item":"https:\/\/www.kompetensforetagen.se\/"},{"@type":"ListItem","position":2,"name":"\u00c5rs&shy;rapport 2023: Tufft \u00e5r, men ljusare syn p\u00e5 framtiden"}]},{"@type":"WebSite","@id":"https:\/\/www.kompetensforetagen.se\/#website","url":"https:\/\/www.kompetensforetagen.se\/","name":"Kompetensf\u00f6retagen","description":"R\u00e4tt person p\u00e5 r\u00e4tt plats kan f\u00f6r\u00e4ndra v\u00e4rlden","publisher":{"@id":"https:\/\/www.kompetensforetagen.se\/#organization"},"potentialAction":[{"@type":"SearchAction","target":{"@type":"EntryPoint","urlTemplate":"https:\/\/www.kompetensforetagen.se\/?s={search_term_string}"},"query-input":{"@type":"PropertyValueSpecification","valueRequired":true,"valueName":"search_term_string"}}],"inLanguage":"sv-SE"},{"@type":"Organization","@id":"https:\/\/www.kompetensforetagen.se\/#organization","name":"Kompetensf\u00f6retagen","url":"https:\/\/www.kompetensforetagen.se\/","logo":{"@type":"ImageObject","inLanguage":"sv-SE","@id":"https:\/\/www.kompetensforetagen.se\/#\/schema\/logo\/image\/","url":"https:\/\/www.kompetensforetagen.se\/app\/uploads\/sites\/5\/2022\/10\/logga_svart.png","contentUrl":"https:\/\/www.kompetensforetagen.se\/app\/uploads\/sites\/5\/2022\/10\/logga_svart.png","width":752,"height":64,"caption":"Kompetensf\u00f6retagen"},"image":{"@id":"https:\/\/www.kompetensforetagen.se\/#\/schema\/logo\/image\/"},"sameAs":["https:\/\/www.linkedin.com\/company\/10540032\/"]},{"@type":"Person","@id":"https:\/\/www.kompetensforetagen.se\/#\/schema\/person\/72cd48bb411dea15e40f11d726e9eeeb","name":"Fredric Sk\u00e4lstad","image":{"@type":"ImageObject","inLanguage":"sv-SE","@id":"https:\/\/www.kompetensforetagen.se\/#\/schema\/person\/image\/","url":"https:\/\/secure.gravatar.com\/avatar\/64f20bf3ac13c78aedd6054f495d1a00b38234d6bf532fa3b1cb3ff0bcc24f8d?s=96&d=mm&r=g","contentUrl":"https:\/\/secure.gravatar.com\/avatar\/64f20bf3ac13c78aedd6054f495d1a00b38234d6bf532fa3b1cb3ff0bcc24f8d?s=96&d=mm&r=g","caption":"Fredric Sk\u00e4lstad"},"description":"Fredric \u00e4r n\u00e4ringspolitisk chef p\u00e5 Kompetensf\u00f6retagen.","url":"https:\/\/www.kompetensforetagen.se\/person\/fredricskalstad\/"}]}},"_links":{"self":[{"href":"https:\/\/www.kompetensforetagen.se\/api\/wp\/v2\/posts\/17256","targetHints":{"allow":["GET"]}}],"collection":[{"href":"https:\/\/www.kompetensforetagen.se\/api\/wp\/v2\/posts"}],"about":[{"href":"https:\/\/www.kompetensforetagen.se\/api\/wp\/v2\/types\/post"}],"author":[{"embeddable":true,"href":"https:\/\/www.kompetensforetagen.se\/api\/wp\/v2\/users\/222"}],"replies":[{"embeddable":true,"href":"https:\/\/www.kompetensforetagen.se\/api\/wp\/v2\/comments?post=17256"}],"version-history":[{"count":7,"href":"https:\/\/www.kompetensforetagen.se\/api\/wp\/v2\/posts\/17256\/revisions"}],"predecessor-version":[{"id":17266,"href":"https:\/\/www.kompetensforetagen.se\/api\/wp\/v2\/posts\/17256\/revisions\/17266"}],"wp:featuredmedia":[{"embeddable":true,"href":"https:\/\/www.kompetensforetagen.se\/api\/wp\/v2\/media\/17263"}],"wp:attachment":[{"href":"https:\/\/www.kompetensforetagen.se\/api\/wp\/v2\/media?parent=17256"}],"wp:term":[{"taxonomy":"category","embeddable":true,"href":"https:\/\/www.kompetensforetagen.se\/api\/wp\/v2\/categories?post=17256"},{"taxonomy":"post_tag","embeddable":true,"href":"https:\/\/www.kompetensforetagen.se\/api\/wp\/v2\/tags?post=17256"},{"taxonomy":"type","embeddable":true,"href":"https:\/\/www.kompetensforetagen.se\/api\/wp\/v2\/article_type?post=17256"},{"taxonomy":"agreement","embeddable":true,"href":"https:\/\/www.kompetensforetagen.se\/api\/wp\/v2\/agreement?post=17256"},{"taxonomy":"for-members","embeddable":true,"href":"https:\/\/www.kompetensforetagen.se\/api\/wp\/v2\/for-members?post=17256"}],"curies":[{"name":"wp","href":"https:\/\/api.w.org\/{rel}","templated":true}]}}