{"id":17014,"date":"2024-04-22T10:11:15","date_gmt":"2024-04-22T08:11:15","guid":{"rendered":"https:\/\/www.kompetensforetagen.se\/?p=17014"},"modified":"2024-04-22T10:38:33","modified_gmt":"2024-04-22T08:38:33","slug":"auktorisationen-ar-en-kvalitetsstampel-for-constatera","status":"publish","type":"post","link":"https:\/\/www.kompetensforetagen.se\/2024\/04\/auktorisationen-ar-en-kvalitetsstampel-for-constatera\/","title":{"rendered":"Auktorisationen \u00e4r en kvalitetsst\u00e4mpel f\u00f6r Constatera"},"content":{"rendered":"\n<p>Constatera \u00e4r ett rekryteringsf\u00f6retag som hj\u00e4lper f\u00f6retag och organisationer att tills\u00e4tta chefer, ledare och specialister.<br>\u2013 Auktorisationen \u00e4r en kvalitetsst\u00e4mpel f\u00f6r branschen och ger en objektiv bild av seriositet och kvalitet, s\u00e4ger <a href=\"https:\/\/www.linkedin.com\/in\/peter-palmqvist\/\" target=\"_blank\" rel=\"noreferrer noopener\">Peter Palmqvist<\/a>, vd sedan 2013 p\u00e5 <a href=\"https:\/\/www.linkedin.com\/company\/constatera-search-&amp;-interim-ab\/\" target=\"_blank\" rel=\"noreferrer noopener\">Constatera<\/a>. <\/p>\n\n\n\n<p><strong>Varf\u00f6r \u00e4r ni auktoriserade?<\/strong><br>\u2013 Auktorisationen \u00e4r en kvalitetsst\u00e4mpel f\u00f6r branschen och st\u00e4rker d\u00e4rmed v\u00e5rt eget varum\u00e4rke. Genom auktorisationen f\u00e5r vi ocks\u00e5 tillg\u00e5ng till branschstandards som till exempelavtalsmallar, villkor och garantier, s\u00e4ger Peter Palmqvist.<\/p>\n\n\n\n<blockquote class=\"wp-block-quote is-layout-flow wp-block-quote-is-layout-flow\">\n<p>Auktorisationen beh\u00f6vs f\u00f6r att h\u00e5lla oseri\u00f6sa akt\u00f6rer borta.<\/p>\n<\/blockquote>\n\n\n\n<p><strong>Anser ni att kunder efterfr\u00e5gar om ni \u00e4r auktoriserade?<\/strong><br>\u2013 Ja. Och det \u00e4r viktigt med en auktorisation inom branschen f\u00f6r att h\u00e5lla oseri\u00f6sa akt\u00f6rer borta. I de fall kunden inte k\u00e4nner till att det finns en auktorisation upplyser vi om det vilket upplevs som positivt.<\/p>\n\n\n\n<p><br><strong>P\u00e5 vilket s\u00e4tt tror ni att auktorisation \u00e4r viktig f\u00f6r ditt varum\u00e4rke och branschen anseende?<br><\/strong>\u2013 Auktorisationen \u00e4r mycket viktigt. Den ger en objektiv bild av seriositet och kvalitet.<\/p>\n\n\n\n      <a href=\"https:\/\/www.kompetensforetagen.se\/auktorisation-for-rekryteringsforetag\/\" target=\"\" class=\"Button is-button is-style-fill has-black-background-color has-black-border-color has-white-color Button--arrow-tip\">\n      \n        Auktorisation f\u00f6r rekryterings\u00adf\u00f6retag\n      \n      \n                \n                <svg class='icon icon--arrow-tip'  width=\"11\" height=\"16\" viewBox=\"0 0 11 16\" fill=\"none\" xmlns=\"http:\/\/www.w3.org\/2000\/svg\">\n<path d=\"M0.858398 15L9.2304 7.99664L0.967732 1.00001\" stroke=\"black\" stroke-width=\"2\" stroke-miterlimit=\"10\"\/>\n<\/svg>\n\n        \n    <\/a>\n  \n","protected":false},"excerpt":{"rendered":"<p>Constatera \u00e4r ett rekryteringsf\u00f6retag som hj\u00e4lper f\u00f6retag och organisationer att tills\u00e4tta chefer, ledare och specialister.\u2013 Auktorisationen \u00e4r en kvalitetsst\u00e4mpel f\u00f6r branschen och ger en objektiv bild av seriositet och kvalitet, s\u00e4ger Peter Palmqvist, vd sedan &hellip;<\/p>\n","protected":false},"author":14830,"featured_media":17040,"comment_status":"closed","ping_status":"closed","sticky":false,"template":"","format":"standard","meta":{"_acf_changed":false,"footnotes":""},"categories":[17,1],"tags":[],"article_type":[8],"agreement":[],"for-members":[],"class_list":["post-17014","post","type-post","status-publish","format-standard","has-post-thumbnail","hentry","category-auktorisation","category-okategoriserade","type-aktuellt"],"acf":[],"yoast_head":"<!-- This site is optimized with the Yoast SEO Premium plugin v26.8 (Yoast SEO v26.8) - https:\/\/yoast.com\/product\/yoast-seo-premium-wordpress\/ -->\n<title>Auktorisationen \u00e4r en kvalitetsst\u00e4mpel f\u00f6r Constatera - Kompetensf\u00f6retagen<\/title>\n<meta name=\"description\" content=\"Auktorisationen \u00e4r en kvalitetsst\u00e4mpel f\u00f6r branschen och ger en objektiv bild av seriositet och kvalitet, s\u00e4ger Peter Palmqvist, Constatera.\" \/>\n<meta name=\"robots\" content=\"index, follow, max-snippet:-1, max-image-preview:large, max-video-preview:-1\" \/>\n<link rel=\"canonical\" href=\"https:\/\/www.kompetensforetagen.se\/2024\/04\/auktorisationen-ar-en-kvalitetsstampel-for-constatera\/\" \/>\n<meta property=\"og:locale\" content=\"sv_SE\" \/>\n<meta property=\"og:type\" content=\"article\" \/>\n<meta property=\"og:title\" content=\"Auktorisationen \u00e4r en kvalitetsst\u00e4mpel f\u00f6r Constatera\" \/>\n<meta property=\"og:description\" content=\"Auktorisationen \u00e4r en kvalitetsst\u00e4mpel f\u00f6r branschen och ger en objektiv bild av seriositet och kvalitet, s\u00e4ger Peter Palmqvist, Constatera.\" \/>\n<meta property=\"og:url\" content=\"https:\/\/www.kompetensforetagen.se\/2024\/04\/auktorisationen-ar-en-kvalitetsstampel-for-constatera\/\" \/>\n<meta property=\"og:site_name\" content=\"Kompetensf\u00f6retagen\" \/>\n<meta property=\"article:published_time\" content=\"2024-04-22T08:11:15+00:00\" \/>\n<meta property=\"article:modified_time\" content=\"2024-04-22T08:38:33+00:00\" \/>\n<meta property=\"og:image\" content=\"https:\/\/www.kompetensforetagen.se\/app\/uploads\/sites\/5\/2024\/04\/Peter_Palmqvist_Constatera.png\" \/>\n\t<meta property=\"og:image:width\" content=\"1900\" \/>\n\t<meta property=\"og:image:height\" content=\"1000\" \/>\n\t<meta property=\"og:image:type\" content=\"image\/png\" \/>\n<meta name=\"author\" content=\"camillagunnar2\" \/>\n<meta name=\"twitter:card\" content=\"summary_large_image\" \/>\n<meta name=\"twitter:label1\" content=\"Skriven av\" \/>\n\t<meta name=\"twitter:data1\" content=\"camillagunnar2\" \/>\n\t<meta name=\"twitter:label2\" content=\"Ber\u00e4knad l\u00e4stid\" \/>\n\t<meta name=\"twitter:data2\" content=\"1 minut\" \/>\n<!-- \/ Yoast SEO Premium plugin. -->","yoast_head_json":{"title":"Auktorisationen \u00e4r en kvalitetsst\u00e4mpel f\u00f6r Constatera - Kompetensf\u00f6retagen","description":"Auktorisationen \u00e4r en kvalitetsst\u00e4mpel f\u00f6r branschen och ger en objektiv bild av seriositet och kvalitet, s\u00e4ger Peter Palmqvist, Constatera.","robots":{"index":"index","follow":"follow","max-snippet":"max-snippet:-1","max-image-preview":"max-image-preview:large","max-video-preview":"max-video-preview:-1"},"canonical":"https:\/\/www.kompetensforetagen.se\/2024\/04\/auktorisationen-ar-en-kvalitetsstampel-for-constatera\/","og_locale":"sv_SE","og_type":"article","og_title":"Auktorisationen \u00e4r en kvalitetsst\u00e4mpel f\u00f6r Constatera","og_description":"Auktorisationen \u00e4r en kvalitetsst\u00e4mpel f\u00f6r branschen och ger en objektiv bild av seriositet och kvalitet, s\u00e4ger Peter Palmqvist, Constatera.","og_url":"https:\/\/www.kompetensforetagen.se\/2024\/04\/auktorisationen-ar-en-kvalitetsstampel-for-constatera\/","og_site_name":"Kompetensf\u00f6retagen","article_published_time":"2024-04-22T08:11:15+00:00","article_modified_time":"2024-04-22T08:38:33+00:00","og_image":[{"width":1900,"height":1000,"url":"https:\/\/www.kompetensforetagen.se\/app\/uploads\/sites\/5\/2024\/04\/Peter_Palmqvist_Constatera.png","type":"image\/png"}],"author":"camillagunnar2","twitter_card":"summary_large_image","twitter_misc":{"Skriven av":"camillagunnar2","Ber\u00e4knad l\u00e4stid":"1 minut"},"schema":{"@context":"https:\/\/schema.org","@graph":[{"@type":"Article","@id":"https:\/\/www.kompetensforetagen.se\/2024\/04\/auktorisationen-ar-en-kvalitetsstampel-for-constatera\/#article","isPartOf":{"@id":"https:\/\/www.kompetensforetagen.se\/2024\/04\/auktorisationen-ar-en-kvalitetsstampel-for-constatera\/"},"author":{"name":"camillagunnar2","@id":"https:\/\/www.kompetensforetagen.se\/#\/schema\/person\/94b8ea93ef0611b1467f15023d9ebd1b"},"headline":"Auktorisationen \u00e4r en kvalitetsst\u00e4mpel f\u00f6r Constatera","datePublished":"2024-04-22T08:11:15+00:00","dateModified":"2024-04-22T08:38:33+00:00","mainEntityOfPage":{"@id":"https:\/\/www.kompetensforetagen.se\/2024\/04\/auktorisationen-ar-en-kvalitetsstampel-for-constatera\/"},"wordCount":190,"publisher":{"@id":"https:\/\/www.kompetensforetagen.se\/#organization"},"image":{"@id":"https:\/\/www.kompetensforetagen.se\/2024\/04\/auktorisationen-ar-en-kvalitetsstampel-for-constatera\/#primaryimage"},"thumbnailUrl":"https:\/\/www.kompetensforetagen.se\/app\/uploads\/sites\/5\/2024\/04\/Peter_Palmqvist_Constatera.png","articleSection":["Auktorisation"],"inLanguage":"sv-SE"},{"@type":"WebPage","@id":"https:\/\/www.kompetensforetagen.se\/2024\/04\/auktorisationen-ar-en-kvalitetsstampel-for-constatera\/","url":"https:\/\/www.kompetensforetagen.se\/2024\/04\/auktorisationen-ar-en-kvalitetsstampel-for-constatera\/","name":"Auktorisationen \u00e4r en kvalitetsst\u00e4mpel f\u00f6r Constatera - Kompetensf\u00f6retagen","isPartOf":{"@id":"https:\/\/www.kompetensforetagen.se\/#website"},"primaryImageOfPage":{"@id":"https:\/\/www.kompetensforetagen.se\/2024\/04\/auktorisationen-ar-en-kvalitetsstampel-for-constatera\/#primaryimage"},"image":{"@id":"https:\/\/www.kompetensforetagen.se\/2024\/04\/auktorisationen-ar-en-kvalitetsstampel-for-constatera\/#primaryimage"},"thumbnailUrl":"https:\/\/www.kompetensforetagen.se\/app\/uploads\/sites\/5\/2024\/04\/Peter_Palmqvist_Constatera.png","datePublished":"2024-04-22T08:11:15+00:00","dateModified":"2024-04-22T08:38:33+00:00","description":"Auktorisationen \u00e4r en kvalitetsst\u00e4mpel f\u00f6r branschen och ger en objektiv bild av seriositet och kvalitet, s\u00e4ger Peter Palmqvist, Constatera.","breadcrumb":{"@id":"https:\/\/www.kompetensforetagen.se\/2024\/04\/auktorisationen-ar-en-kvalitetsstampel-for-constatera\/#breadcrumb"},"inLanguage":"sv-SE","potentialAction":[{"@type":"ReadAction","target":["https:\/\/www.kompetensforetagen.se\/2024\/04\/auktorisationen-ar-en-kvalitetsstampel-for-constatera\/"]}]},{"@type":"ImageObject","inLanguage":"sv-SE","@id":"https:\/\/www.kompetensforetagen.se\/2024\/04\/auktorisationen-ar-en-kvalitetsstampel-for-constatera\/#primaryimage","url":"https:\/\/www.kompetensforetagen.se\/app\/uploads\/sites\/5\/2024\/04\/Peter_Palmqvist_Constatera.png","contentUrl":"https:\/\/www.kompetensforetagen.se\/app\/uploads\/sites\/5\/2024\/04\/Peter_Palmqvist_Constatera.png","width":1900,"height":1000,"caption":"Peter Palmqvist: Constatera, Auktorisationen \u00e4r en kvalitetsst\u00e4mpel"},{"@type":"BreadcrumbList","@id":"https:\/\/www.kompetensforetagen.se\/2024\/04\/auktorisationen-ar-en-kvalitetsstampel-for-constatera\/#breadcrumb","itemListElement":[{"@type":"ListItem","position":1,"name":"Home","item":"https:\/\/www.kompetensforetagen.se\/"},{"@type":"ListItem","position":2,"name":"Auktorisationen \u00e4r en kvalitetsst\u00e4mpel f\u00f6r Constatera"}]},{"@type":"WebSite","@id":"https:\/\/www.kompetensforetagen.se\/#website","url":"https:\/\/www.kompetensforetagen.se\/","name":"Kompetensf\u00f6retagen","description":"R\u00e4tt person p\u00e5 r\u00e4tt plats kan f\u00f6r\u00e4ndra v\u00e4rlden","publisher":{"@id":"https:\/\/www.kompetensforetagen.se\/#organization"},"potentialAction":[{"@type":"SearchAction","target":{"@type":"EntryPoint","urlTemplate":"https:\/\/www.kompetensforetagen.se\/?s={search_term_string}"},"query-input":{"@type":"PropertyValueSpecification","valueRequired":true,"valueName":"search_term_string"}}],"inLanguage":"sv-SE"},{"@type":"Organization","@id":"https:\/\/www.kompetensforetagen.se\/#organization","name":"Kompetensf\u00f6retagen","url":"https:\/\/www.kompetensforetagen.se\/","logo":{"@type":"ImageObject","inLanguage":"sv-SE","@id":"https:\/\/www.kompetensforetagen.se\/#\/schema\/logo\/image\/","url":"https:\/\/www.kompetensforetagen.se\/app\/uploads\/sites\/5\/2022\/10\/logga_svart.png","contentUrl":"https:\/\/www.kompetensforetagen.se\/app\/uploads\/sites\/5\/2022\/10\/logga_svart.png","width":752,"height":64,"caption":"Kompetensf\u00f6retagen"},"image":{"@id":"https:\/\/www.kompetensforetagen.se\/#\/schema\/logo\/image\/"},"sameAs":["https:\/\/www.linkedin.com\/company\/10540032\/"]},{"@type":"Person","@id":"https:\/\/www.kompetensforetagen.se\/#\/schema\/person\/94b8ea93ef0611b1467f15023d9ebd1b","name":"camillagunnar2","image":{"@type":"ImageObject","inLanguage":"sv-SE","@id":"https:\/\/www.kompetensforetagen.se\/#\/schema\/person\/image\/","url":"https:\/\/secure.gravatar.com\/avatar\/b6f8240666aff929220ce2eb5e5698c1b44b3223ca9f0ac50ecbf5dbdb13dab4?s=96&d=mm&r=g","contentUrl":"https:\/\/secure.gravatar.com\/avatar\/b6f8240666aff929220ce2eb5e5698c1b44b3223ca9f0ac50ecbf5dbdb13dab4?s=96&d=mm&r=g","caption":"camillagunnar2"},"url":"https:\/\/www.kompetensforetagen.se\/person\/camillagunnar2\/"}]}},"_links":{"self":[{"href":"https:\/\/www.kompetensforetagen.se\/api\/wp\/v2\/posts\/17014","targetHints":{"allow":["GET"]}}],"collection":[{"href":"https:\/\/www.kompetensforetagen.se\/api\/wp\/v2\/posts"}],"about":[{"href":"https:\/\/www.kompetensforetagen.se\/api\/wp\/v2\/types\/post"}],"author":[{"embeddable":true,"href":"https:\/\/www.kompetensforetagen.se\/api\/wp\/v2\/users\/14830"}],"replies":[{"embeddable":true,"href":"https:\/\/www.kompetensforetagen.se\/api\/wp\/v2\/comments?post=17014"}],"version-history":[{"count":8,"href":"https:\/\/www.kompetensforetagen.se\/api\/wp\/v2\/posts\/17014\/revisions"}],"predecessor-version":[{"id":17041,"href":"https:\/\/www.kompetensforetagen.se\/api\/wp\/v2\/posts\/17014\/revisions\/17041"}],"wp:featuredmedia":[{"embeddable":true,"href":"https:\/\/www.kompetensforetagen.se\/api\/wp\/v2\/media\/17040"}],"wp:attachment":[{"href":"https:\/\/www.kompetensforetagen.se\/api\/wp\/v2\/media?parent=17014"}],"wp:term":[{"taxonomy":"category","embeddable":true,"href":"https:\/\/www.kompetensforetagen.se\/api\/wp\/v2\/categories?post=17014"},{"taxonomy":"post_tag","embeddable":true,"href":"https:\/\/www.kompetensforetagen.se\/api\/wp\/v2\/tags?post=17014"},{"taxonomy":"type","embeddable":true,"href":"https:\/\/www.kompetensforetagen.se\/api\/wp\/v2\/article_type?post=17014"},{"taxonomy":"agreement","embeddable":true,"href":"https:\/\/www.kompetensforetagen.se\/api\/wp\/v2\/agreement?post=17014"},{"taxonomy":"for-members","embeddable":true,"href":"https:\/\/www.kompetensforetagen.se\/api\/wp\/v2\/for-members?post=17014"}],"curies":[{"name":"wp","href":"https:\/\/api.w.org\/{rel}","templated":true}]}}