{"id":17005,"date":"2024-04-08T10:22:15","date_gmt":"2024-04-08T08:22:15","guid":{"rendered":"https:\/\/www.kompetensforetagen.se\/?p=17005"},"modified":"2024-04-10T08:59:41","modified_gmt":"2024-04-10T06:59:41","slug":"sjalvklart-med-auktorisation-for-bravura","status":"publish","type":"post","link":"https:\/\/www.kompetensforetagen.se\/2024\/04\/sjalvklart-med-auktorisation-for-bravura\/","title":{"rendered":"Sj\u00e4lvklart med auktorisation f\u00f6r Bravura"},"content":{"rendered":"\n<p><strong>Bravuras grundid\u00e9 \u00e4r att st\u00e4rka f\u00f6retag genom m\u00e4nniskor och m\u00e4nniskor genom jobb. De \u00e4r auktoriserade inom rekrytering och bemanning.<br>\u2013&nbsp;Auktorisationen \u00e4r en sj\u00e4lvklarhet f\u00f6r oss<\/strong>.&nbsp;<strong>Kraven s\u00e4kerst\u00e4ller att vi f\u00f6ljer branschstandard. Oavsett om man \u00e4r kund, arbetss\u00f6kande eller anst\u00e4lld hos oss kan man k\u00e4nna sig trygg med att vi \u00e4r en seri\u00f6s akt\u00f6r, s\u00e4ger&nbsp;<a href=\"https:\/\/eur02.safelinks.protection.outlook.com\/?url=https%3A%2F%2Fwww.linkedin.com%2Fin%2Fmartin-sander-4873271a%2F&amp;data=05%7C02%7Ccamilla.gunnar%40kompetensforetagen.se%7Cccdf79b5d3144c8c2dc008dc5929172e%7C1d019c94da7b49c2bf935ee1bb4b6882%7C0%7C0%7C638483280211108204%7CUnknown%7CTWFpbGZsb3d8eyJWIjoiMC4wLjAwMDAiLCJQIjoiV2luMzIiLCJBTiI6Ik1haWwiLCJXVCI6Mn0%3D%7C0%7C%7C%7C&amp;sdata=b1QLkZPsc7FzD2QGwqIZrj4Pezlyphdub8xHEpIMB5Y%3D&amp;reserved=0\">Martin Sander<\/a>, koncern-vd p\u00e5 Bravura.<\/strong><\/p>\n\n\n\n<p>\u2013 Att vara auktoriserade och uppfylla auktorisationskraven s\u00e4kerst\u00e4ller att vi f\u00f6ljer en branschstandard som vi kan f\u00f6rmedla till v\u00e5ra medarbetare, kunder och kandidater. Oavsett om man \u00e4r kund, arbetss\u00f6kande eller anst\u00e4lld hos oss kan man k\u00e4nna sig trygg med att vi f\u00f6ljer en branschstandard. Auktorisationen blir ett bevis p\u00e5 att vi \u00e4r en seri\u00f6s akt\u00f6r.<\/p>\n\n\n\n<blockquote class=\"wp-block-quote is-layout-flow wp-block-quote-is-layout-flow\">\n<p>Auktorisationen blir ett bevis p\u00e5 att vi \u00e4r en seri\u00f6s akt\u00f6r.<\/p>\n<\/blockquote>\n\n\n\n<p><strong>Vad s\u00e4ger kunderna, fr\u00e5gar de om ni \u00e4r auktoriserade?<\/strong><br>\u2013 I dialoger med kunder och f\u00f6retag med fler \u00e4n 200 anst\u00e4llda \u00e4r auktorisation m\u00e5nga g\u00e5nger en viktig parameter, b\u00e5de f\u00f6r ink\u00f6ps- och HR-avdelningar. I samtal med mindre f\u00f6retag informerar vi ofta om f\u00f6rdelarna med att samarbeta med en auktoriserad akt\u00f6r, vilket ofta underl\u00e4ttar i f\u00f6rs\u00e4ljningen av v\u00e5ra tj\u00e4nster.<\/p>\n\n\n\n<p><strong>P\u00e5 vilket s\u00e4tt \u00e4r auktorisation viktig f\u00f6r ert varum\u00e4rke och branschens anseende?<\/strong><br>\u2013 Att vara auktoriserad av Kompetensf\u00f6retagen fungerar som en kvalitetsst\u00e4mpel. Det visar att vi som f\u00f6retag uppfyller h\u00f6ga krav p\u00e5 aff\u00e4rsm\u00e4ssighet. Auktorisationen s\u00e4kerst\u00e4ller ocks\u00e5 r\u00e4ttvisa konkurrensvillkor f\u00f6r seri\u00f6sa f\u00f6retag som bryr sig om medarbetares villkor. Vi vet att vi har tecknat de f\u00f6rs\u00e4kringar som kr\u00e4vs samt f\u00e5r ett kvitto p\u00e5 att vi har ordning och reda p\u00e5 v\u00e5r ekonomi.<\/p>\n\n\n\n<p><strong>Vill ni till\u00e4gga n\u00e5got?<\/strong><br>\u2013 Vi \u00e4r stolta \u00f6ver att vara en auktoriserad akt\u00f6r inom bemannings- och rekryteringsbranschen. Genom en \u00e5rlig revidering p\u00e5minns vi om att st\u00e4ndigt utv\u00e4rdera v\u00e5rt arbetss\u00e4tt mot branschens krav.<\/p>\n\n\n\n      <a href=\"https:\/\/www.kompetensforetagen.se\/auktorisation\/fragor-och-svar-om-auktorisation\/\" target=\"\" class=\"Button is-button is-style-fill has-black-background-color has-black-border-color has-white-color Button--arrow-tip\">\n      \n        Fr\u00e5gor och svar om auktorisation\n      \n      \n                \n                <svg class='icon icon--arrow-tip'  width=\"11\" height=\"16\" viewBox=\"0 0 11 16\" fill=\"none\" xmlns=\"http:\/\/www.w3.org\/2000\/svg\">\n<path d=\"M0.858398 15L9.2304 7.99664L0.967732 1.00001\" stroke=\"black\" stroke-width=\"2\" stroke-miterlimit=\"10\"\/>\n<\/svg>\n\n        \n    <\/a>\n  \n","protected":false},"excerpt":{"rendered":"<p>Bravuras grundid\u00e9 \u00e4r att st\u00e4rka f\u00f6retag genom m\u00e4nniskor och m\u00e4nniskor genom jobb. De \u00e4r auktoriserade inom rekrytering och bemanning.\u2013&nbsp;Auktorisationen \u00e4r en sj\u00e4lvklarhet f\u00f6r oss.&nbsp;Kraven s\u00e4kerst\u00e4ller att vi f\u00f6ljer branschstandard. Oavsett om man \u00e4r kund, arbetss\u00f6kande &hellip;<\/p>\n","protected":false},"author":222,"featured_media":17010,"comment_status":"closed","ping_status":"closed","sticky":false,"template":"","format":"standard","meta":{"_acf_changed":false,"footnotes":""},"categories":[17],"tags":[],"article_type":[8],"agreement":[],"for-members":[],"class_list":["post-17005","post","type-post","status-publish","format-standard","has-post-thumbnail","hentry","category-auktorisation","type-aktuellt"],"acf":[],"yoast_head":"<!-- This site is optimized with the Yoast SEO Premium plugin v26.8 (Yoast SEO v26.8) - https:\/\/yoast.com\/product\/yoast-seo-premium-wordpress\/ -->\n<title>Sj\u00e4lvklart med auktorisation f\u00f6r Bravura - Kompetensf\u00f6retagen<\/title>\n<meta name=\"description\" content=\"Bravuras grundid\u00e9 \u00e4r att st\u00e4rka f\u00f6retag genom m\u00e4nniskor och m\u00e4nniskor genom jobb. De \u00e4r auktoriserade inom rekrytering och bemanning.\" \/>\n<meta name=\"robots\" content=\"index, follow, max-snippet:-1, max-image-preview:large, max-video-preview:-1\" \/>\n<link rel=\"canonical\" href=\"https:\/\/www.kompetensforetagen.se\/2024\/04\/sjalvklart-med-auktorisation-for-bravura\/\" \/>\n<meta property=\"og:locale\" content=\"sv_SE\" \/>\n<meta property=\"og:type\" content=\"article\" \/>\n<meta property=\"og:title\" content=\"Sj\u00e4lvklart med auktorisation f\u00f6r Bravura\" \/>\n<meta property=\"og:description\" content=\"Bravuras grundid\u00e9 \u00e4r att st\u00e4rka f\u00f6retag genom m\u00e4nniskor och m\u00e4nniskor genom jobb. De \u00e4r auktoriserade inom rekrytering och bemanning.\" \/>\n<meta property=\"og:url\" content=\"https:\/\/www.kompetensforetagen.se\/2024\/04\/sjalvklart-med-auktorisation-for-bravura\/\" \/>\n<meta property=\"og:site_name\" content=\"Kompetensf\u00f6retagen\" \/>\n<meta property=\"article:published_time\" content=\"2024-04-08T08:22:15+00:00\" \/>\n<meta property=\"article:modified_time\" content=\"2024-04-10T06:59:41+00:00\" \/>\n<meta property=\"og:image\" content=\"https:\/\/www.kompetensforetagen.se\/app\/uploads\/sites\/5\/2024\/04\/Martin-Sander-Vd-Bravura.png\" \/>\n\t<meta property=\"og:image:width\" content=\"1900\" \/>\n\t<meta property=\"og:image:height\" content=\"1000\" \/>\n\t<meta property=\"og:image:type\" content=\"image\/png\" \/>\n<meta name=\"author\" content=\"Fredric Sk\u00e4lstad\" \/>\n<meta name=\"twitter:card\" content=\"summary_large_image\" \/>\n<meta name=\"twitter:label1\" content=\"Skriven av\" \/>\n\t<meta name=\"twitter:data1\" content=\"Fredric Sk\u00e4lstad\" \/>\n\t<meta name=\"twitter:label2\" content=\"Ber\u00e4knad l\u00e4stid\" \/>\n\t<meta name=\"twitter:data2\" content=\"2 minuter\" \/>\n<!-- \/ Yoast SEO Premium plugin. -->","yoast_head_json":{"title":"Sj\u00e4lvklart med auktorisation f\u00f6r Bravura - Kompetensf\u00f6retagen","description":"Bravuras grundid\u00e9 \u00e4r att st\u00e4rka f\u00f6retag genom m\u00e4nniskor och m\u00e4nniskor genom jobb. De \u00e4r auktoriserade inom rekrytering och bemanning.","robots":{"index":"index","follow":"follow","max-snippet":"max-snippet:-1","max-image-preview":"max-image-preview:large","max-video-preview":"max-video-preview:-1"},"canonical":"https:\/\/www.kompetensforetagen.se\/2024\/04\/sjalvklart-med-auktorisation-for-bravura\/","og_locale":"sv_SE","og_type":"article","og_title":"Sj\u00e4lvklart med auktorisation f\u00f6r Bravura","og_description":"Bravuras grundid\u00e9 \u00e4r att st\u00e4rka f\u00f6retag genom m\u00e4nniskor och m\u00e4nniskor genom jobb. De \u00e4r auktoriserade inom rekrytering och bemanning.","og_url":"https:\/\/www.kompetensforetagen.se\/2024\/04\/sjalvklart-med-auktorisation-for-bravura\/","og_site_name":"Kompetensf\u00f6retagen","article_published_time":"2024-04-08T08:22:15+00:00","article_modified_time":"2024-04-10T06:59:41+00:00","og_image":[{"width":1900,"height":1000,"url":"https:\/\/www.kompetensforetagen.se\/app\/uploads\/sites\/5\/2024\/04\/Martin-Sander-Vd-Bravura.png","type":"image\/png"}],"author":"Fredric Sk\u00e4lstad","twitter_card":"summary_large_image","twitter_misc":{"Skriven av":"Fredric Sk\u00e4lstad","Ber\u00e4knad l\u00e4stid":"2 minuter"},"schema":{"@context":"https:\/\/schema.org","@graph":[{"@type":"Article","@id":"https:\/\/www.kompetensforetagen.se\/2024\/04\/sjalvklart-med-auktorisation-for-bravura\/#article","isPartOf":{"@id":"https:\/\/www.kompetensforetagen.se\/2024\/04\/sjalvklart-med-auktorisation-for-bravura\/"},"author":{"name":"Fredric Sk\u00e4lstad","@id":"https:\/\/www.kompetensforetagen.se\/#\/schema\/person\/72cd48bb411dea15e40f11d726e9eeeb"},"headline":"Sj\u00e4lvklart med auktorisation f\u00f6r Bravura","datePublished":"2024-04-08T08:22:15+00:00","dateModified":"2024-04-10T06:59:41+00:00","mainEntityOfPage":{"@id":"https:\/\/www.kompetensforetagen.se\/2024\/04\/sjalvklart-med-auktorisation-for-bravura\/"},"wordCount":365,"publisher":{"@id":"https:\/\/www.kompetensforetagen.se\/#organization"},"image":{"@id":"https:\/\/www.kompetensforetagen.se\/2024\/04\/sjalvklart-med-auktorisation-for-bravura\/#primaryimage"},"thumbnailUrl":"https:\/\/www.kompetensforetagen.se\/app\/uploads\/sites\/5\/2024\/04\/Martin-Sander-Vd-Bravura.png","articleSection":["Auktorisation"],"inLanguage":"sv-SE"},{"@type":"WebPage","@id":"https:\/\/www.kompetensforetagen.se\/2024\/04\/sjalvklart-med-auktorisation-for-bravura\/","url":"https:\/\/www.kompetensforetagen.se\/2024\/04\/sjalvklart-med-auktorisation-for-bravura\/","name":"Sj\u00e4lvklart med auktorisation f\u00f6r Bravura - Kompetensf\u00f6retagen","isPartOf":{"@id":"https:\/\/www.kompetensforetagen.se\/#website"},"primaryImageOfPage":{"@id":"https:\/\/www.kompetensforetagen.se\/2024\/04\/sjalvklart-med-auktorisation-for-bravura\/#primaryimage"},"image":{"@id":"https:\/\/www.kompetensforetagen.se\/2024\/04\/sjalvklart-med-auktorisation-for-bravura\/#primaryimage"},"thumbnailUrl":"https:\/\/www.kompetensforetagen.se\/app\/uploads\/sites\/5\/2024\/04\/Martin-Sander-Vd-Bravura.png","datePublished":"2024-04-08T08:22:15+00:00","dateModified":"2024-04-10T06:59:41+00:00","description":"Bravuras grundid\u00e9 \u00e4r att st\u00e4rka f\u00f6retag genom m\u00e4nniskor och m\u00e4nniskor genom jobb. De \u00e4r auktoriserade inom rekrytering och bemanning.","breadcrumb":{"@id":"https:\/\/www.kompetensforetagen.se\/2024\/04\/sjalvklart-med-auktorisation-for-bravura\/#breadcrumb"},"inLanguage":"sv-SE","potentialAction":[{"@type":"ReadAction","target":["https:\/\/www.kompetensforetagen.se\/2024\/04\/sjalvklart-med-auktorisation-for-bravura\/"]}]},{"@type":"ImageObject","inLanguage":"sv-SE","@id":"https:\/\/www.kompetensforetagen.se\/2024\/04\/sjalvklart-med-auktorisation-for-bravura\/#primaryimage","url":"https:\/\/www.kompetensforetagen.se\/app\/uploads\/sites\/5\/2024\/04\/Martin-Sander-Vd-Bravura.png","contentUrl":"https:\/\/www.kompetensforetagen.se\/app\/uploads\/sites\/5\/2024\/04\/Martin-Sander-Vd-Bravura.png","width":1900,"height":1000,"caption":"Martin Sander, VD f\u00f6r Bravura och engagerad i Kompetensf\u00f6retagen."},{"@type":"BreadcrumbList","@id":"https:\/\/www.kompetensforetagen.se\/2024\/04\/sjalvklart-med-auktorisation-for-bravura\/#breadcrumb","itemListElement":[{"@type":"ListItem","position":1,"name":"Home","item":"https:\/\/www.kompetensforetagen.se\/"},{"@type":"ListItem","position":2,"name":"Sj\u00e4lvklart med auktorisation f\u00f6r Bravura"}]},{"@type":"WebSite","@id":"https:\/\/www.kompetensforetagen.se\/#website","url":"https:\/\/www.kompetensforetagen.se\/","name":"Kompetensf\u00f6retagen","description":"R\u00e4tt person p\u00e5 r\u00e4tt plats kan f\u00f6r\u00e4ndra v\u00e4rlden","publisher":{"@id":"https:\/\/www.kompetensforetagen.se\/#organization"},"potentialAction":[{"@type":"SearchAction","target":{"@type":"EntryPoint","urlTemplate":"https:\/\/www.kompetensforetagen.se\/?s={search_term_string}"},"query-input":{"@type":"PropertyValueSpecification","valueRequired":true,"valueName":"search_term_string"}}],"inLanguage":"sv-SE"},{"@type":"Organization","@id":"https:\/\/www.kompetensforetagen.se\/#organization","name":"Kompetensf\u00f6retagen","url":"https:\/\/www.kompetensforetagen.se\/","logo":{"@type":"ImageObject","inLanguage":"sv-SE","@id":"https:\/\/www.kompetensforetagen.se\/#\/schema\/logo\/image\/","url":"https:\/\/www.kompetensforetagen.se\/app\/uploads\/sites\/5\/2022\/10\/logga_svart.png","contentUrl":"https:\/\/www.kompetensforetagen.se\/app\/uploads\/sites\/5\/2022\/10\/logga_svart.png","width":752,"height":64,"caption":"Kompetensf\u00f6retagen"},"image":{"@id":"https:\/\/www.kompetensforetagen.se\/#\/schema\/logo\/image\/"},"sameAs":["https:\/\/www.linkedin.com\/company\/10540032\/"]},{"@type":"Person","@id":"https:\/\/www.kompetensforetagen.se\/#\/schema\/person\/72cd48bb411dea15e40f11d726e9eeeb","name":"Fredric Sk\u00e4lstad","image":{"@type":"ImageObject","inLanguage":"sv-SE","@id":"https:\/\/www.kompetensforetagen.se\/#\/schema\/person\/image\/","url":"https:\/\/secure.gravatar.com\/avatar\/64f20bf3ac13c78aedd6054f495d1a00b38234d6bf532fa3b1cb3ff0bcc24f8d?s=96&d=mm&r=g","contentUrl":"https:\/\/secure.gravatar.com\/avatar\/64f20bf3ac13c78aedd6054f495d1a00b38234d6bf532fa3b1cb3ff0bcc24f8d?s=96&d=mm&r=g","caption":"Fredric Sk\u00e4lstad"},"description":"Fredric \u00e4r n\u00e4ringspolitisk chef p\u00e5 Kompetensf\u00f6retagen.","url":"https:\/\/www.kompetensforetagen.se\/person\/fredricskalstad\/"}]}},"_links":{"self":[{"href":"https:\/\/www.kompetensforetagen.se\/api\/wp\/v2\/posts\/17005","targetHints":{"allow":["GET"]}}],"collection":[{"href":"https:\/\/www.kompetensforetagen.se\/api\/wp\/v2\/posts"}],"about":[{"href":"https:\/\/www.kompetensforetagen.se\/api\/wp\/v2\/types\/post"}],"author":[{"embeddable":true,"href":"https:\/\/www.kompetensforetagen.se\/api\/wp\/v2\/users\/222"}],"replies":[{"embeddable":true,"href":"https:\/\/www.kompetensforetagen.se\/api\/wp\/v2\/comments?post=17005"}],"version-history":[{"count":5,"href":"https:\/\/www.kompetensforetagen.se\/api\/wp\/v2\/posts\/17005\/revisions"}],"predecessor-version":[{"id":17024,"href":"https:\/\/www.kompetensforetagen.se\/api\/wp\/v2\/posts\/17005\/revisions\/17024"}],"wp:featuredmedia":[{"embeddable":true,"href":"https:\/\/www.kompetensforetagen.se\/api\/wp\/v2\/media\/17010"}],"wp:attachment":[{"href":"https:\/\/www.kompetensforetagen.se\/api\/wp\/v2\/media?parent=17005"}],"wp:term":[{"taxonomy":"category","embeddable":true,"href":"https:\/\/www.kompetensforetagen.se\/api\/wp\/v2\/categories?post=17005"},{"taxonomy":"post_tag","embeddable":true,"href":"https:\/\/www.kompetensforetagen.se\/api\/wp\/v2\/tags?post=17005"},{"taxonomy":"type","embeddable":true,"href":"https:\/\/www.kompetensforetagen.se\/api\/wp\/v2\/article_type?post=17005"},{"taxonomy":"agreement","embeddable":true,"href":"https:\/\/www.kompetensforetagen.se\/api\/wp\/v2\/agreement?post=17005"},{"taxonomy":"for-members","embeddable":true,"href":"https:\/\/www.kompetensforetagen.se\/api\/wp\/v2\/for-members?post=17005"}],"curies":[{"name":"wp","href":"https:\/\/api.w.org\/{rel}","templated":true}]}}