{"id":16995,"date":"2024-04-03T09:37:25","date_gmt":"2024-04-03T07:37:25","guid":{"rendered":"https:\/\/www.kompetensforetagen.se\/?p=16995"},"modified":"2024-04-03T09:37:27","modified_gmt":"2024-04-03T07:37:27","slug":"kompetensbranschen-en-losning-pa-rekryteringskrisen-i-norr","status":"publish","type":"post","link":"https:\/\/www.kompetensforetagen.se\/2024\/04\/kompetensbranschen-en-losning-pa-rekryteringskrisen-i-norr\/","title":{"rendered":"Kompetens&shy;branschen en l\u00f6sning p\u00e5 rekryteringskrisen i norr"},"content":{"rendered":"\n<p id=\"ember3757\"><strong>Inget nytt under solen, kompetensbristen \u00e4r fortsatt det st\u00f6rsta hindret f\u00f6r f\u00f6retagens utveckling. Ingen kan ha missat de stora industrisatsningar som genomf\u00f6rs i norra Sverige. Men f\u00e4rre vet att f\u00f6retag som arbetar med rekrytering, omst\u00e4llning och bemanning \u00e4r l\u00f6sningen p\u00e5 kompetenspusslet i norr, skriver <\/strong><a href=\"https:\/\/www.linkedin.com\/in\/christoffer-nilsson-16361a156\/\">Christoffer Nilsson<\/a><strong>, n\u00e4ringspolitisk expert p\u00e5 Kompetensf\u00f6retagen.<\/strong><\/p>\n\n\n\n<p id=\"ember3759\">I h\u00f6stas presenterade <a href=\"https:\/\/www.linkedin.com\/company\/almega\/\">Almega<\/a> rapporten <a href=\"https:\/\/www.almega.se\/2023\/10\/den-grona-omstallningen-i-norra-norrland\/\">&#8221;Den gr\u00f6na omst\u00e4llningen i Norra Norrland&#8221;<\/a> d\u00e4r chefsekonom <a href=\"https:\/\/www.linkedin.com\/in\/patrick-joyce-463376a6\/\">Patrick Joyce<\/a> har kartlagt kompetensbehoven. Cirka 50 000 nya jobb skapas i regionen till f\u00f6ljd av den gr\u00f6na omst\u00e4llningen, b\u00e5de i privat och offentlig sektor. Investeringarna de kommande 20 \u00e5ren uppskattas till 1 100 miljarder kronor i ny- eller utbyggd industri eller gruvanl\u00e4ggningar.<\/p>\n\n\n\n<blockquote class=\"wp-block-quote is-layout-flow wp-block-quote-is-layout-flow\">\n<p>Den gr\u00f6na omst\u00e4llningen st\u00e4ller stora krav p\u00e5 en fungerande kompetensf\u00f6rs\u00f6rjning<\/p>\n<\/blockquote>\n\n\n\n<p id=\"ember3762\">Det st\u00e4ller stora krav p\u00e5 en fungerande kompetensf\u00f6rs\u00f6rjning. Arbetsl\u00f6sheten i regionen \u00e4r rekordl\u00e5g, syssels\u00e4ttningen \u00e4r h\u00f6g och befolkningen \u00e4r \u00e5ldrande. Arbetsgivare i b\u00e5de n\u00e4ringslivet och v\u00e4lf\u00e4rden vittnar om de enorma rekryteringsutmaningarna.<\/p>\n\n\n\n<p id=\"ember3763\">H\u00e4r spelar kompetensbranschen en viktig roll. Med dess erfarenhet och kunskap av att hantera kandidater och arbetskraft i alla Sveriges regioner kan branschen v\u00e4nda utmaningen till en m\u00f6jlighet. Det \u00e4r f\u00f6retag som rekryterar personer fr\u00e5n hela landet till de lediga jobben. Andra f\u00f6retag i branschen bemannar industrierna med allt fr\u00e5n it-specialister och tekniska konsulter till industriarbetare. Dessutom ser omst\u00e4llningsf\u00f6retagen till att personer kan st\u00e4lla om f\u00f6r att anpassa sig till en ny arbetsmarknad med nya geografiska f\u00f6ruts\u00e4ttningar.<\/p>\n\n\n\n<h3 class=\"wp-block-heading\" id=\"ember3764\">Kompetensf\u00f6retagen i Almedalen<\/h3>\n\n\n\n<p id=\"ember3765\">Det \u00e4r d\u00e4rf\u00f6r inte s\u00e5 konstigt att temat f\u00f6r v\u00e5rt seminarium i Almedalen blir kompetensf\u00f6rs\u00f6rjning i norr. Vi kommer att presentera en ny rapport som beskriver hur kompetensbranschen \u00e4r en motor i utvecklingen av norra Sverige. P\u00e5 seminariet f\u00e5r ni ocks\u00e5 veta hur branschen mer konkret v\u00e4ljer att f\u00f6rbereda sig och vilka eventuella politiska insatser som kr\u00e4vs. Torsdagen den 27 juni kl. 08.30-09.15 p\u00e5 Hamngatan 3 \u00e4r datumet, tiden och platsen ni ska komma ih\u00e5g om ni befinner er i Visby<\/p>\n\n\n\n<blockquote class=\"wp-block-quote is-layout-flow wp-block-quote-is-layout-flow\">\n<p>Ta chansen att diskutera med oss och politiker i Visby under Almedalsveckan<\/p>\n<\/blockquote>\n\n\n\n<p id=\"ember3767\">Om ni \u00e4r p\u00e5 plats f\u00e5r ni g\u00e4rna kontakta oss, oavsett om ni vill prata om branschen i sin helhet eller specifika fr\u00e5gor. Vi \u00e4r tillg\u00e4ngliga fr\u00e5n tisdag till fredag och tar g\u00e4rna en kaffe f\u00f6r att prata om branschen och aktuella fr\u00e5gor kopplat till den.<\/p>\n\n\n\n      <a href=\"https:\/\/www.kompetensforetagen.se\/2023\/06\/effektivare-arbetsmarknad-med-komptensbranschen\/\" target=\"\" class=\"Button is-button is-style-fill has-black-background-color has-black-border-color has-white-color Button--arrow-tip\">\n      \n        Christoffer Nilsson ny n\u00e4ringspolitisk expert hos Kompetens\u00adf\u00f6retagen\n      \n      \n                \n                <svg class='icon icon--arrow-tip'  width=\"11\" height=\"16\" viewBox=\"0 0 11 16\" fill=\"none\" xmlns=\"http:\/\/www.w3.org\/2000\/svg\">\n<path d=\"M0.858398 15L9.2304 7.99664L0.967732 1.00001\" stroke=\"black\" stroke-width=\"2\" stroke-miterlimit=\"10\"\/>\n<\/svg>\n\n        \n    <\/a>\n  \n","protected":false},"excerpt":{"rendered":"<p>Inget nytt under solen, kompetensbristen \u00e4r fortsatt det st\u00f6rsta hindret f\u00f6r f\u00f6retagens utveckling. Ingen kan ha missat de stora industrisatsningar som genomf\u00f6rs i norra Sverige. Men f\u00e4rre vet att f\u00f6retag som arbetar med rekrytering, omst\u00e4llning &hellip;<\/p>\n","protected":false},"author":222,"featured_media":16996,"comment_status":"closed","ping_status":"closed","sticky":false,"template":"","format":"standard","meta":{"_acf_changed":false,"footnotes":""},"categories":[25],"tags":[],"article_type":[211],"agreement":[],"for-members":[],"class_list":["post-16995","post","type-post","status-publish","format-standard","has-post-thumbnail","hentry","category-almedalen","type-blogg"],"acf":[],"yoast_head":"<!-- This site is optimized with the Yoast SEO Premium plugin v26.8 (Yoast SEO v26.8) - https:\/\/yoast.com\/product\/yoast-seo-premium-wordpress\/ -->\n<title>Kompetensbranschen en l\u00f6sning p\u00e5 rekryteringskrisen i norr - Kompetensf\u00f6retagen<\/title>\n<meta name=\"description\" content=\"Ingen kan ha missat de stora industrisatsningar som genomf\u00f6rs i norra Sverige. Men f\u00e4rre vet att f\u00f6retag som arbetar med rekrytering, omst\u00e4llning och bemanning \u00e4r l\u00f6sningen p\u00e5 kompetenskrisen i norr.\" \/>\n<meta name=\"robots\" content=\"index, follow, max-snippet:-1, max-image-preview:large, max-video-preview:-1\" \/>\n<link rel=\"canonical\" href=\"https:\/\/www.kompetensforetagen.se\/2024\/04\/kompetensbranschen-en-losning-pa-rekryteringskrisen-i-norr\/\" \/>\n<meta property=\"og:locale\" content=\"sv_SE\" \/>\n<meta property=\"og:type\" content=\"article\" \/>\n<meta property=\"og:title\" content=\"Kompetensbranschen en l\u00f6sning p\u00e5 rekryteringskrisen i norr\" \/>\n<meta property=\"og:description\" content=\"Ingen kan ha missat de stora industrisatsningar som genomf\u00f6rs i norra Sverige. Men f\u00e4rre vet att f\u00f6retag som arbetar med rekrytering, omst\u00e4llning och bemanning \u00e4r l\u00f6sningen p\u00e5 kompetenskrisen i norr.\" \/>\n<meta property=\"og:url\" content=\"https:\/\/www.kompetensforetagen.se\/2024\/04\/kompetensbranschen-en-losning-pa-rekryteringskrisen-i-norr\/\" \/>\n<meta property=\"og:site_name\" content=\"Kompetensf\u00f6retagen\" \/>\n<meta property=\"article:published_time\" content=\"2024-04-03T07:37:25+00:00\" \/>\n<meta property=\"article:modified_time\" content=\"2024-04-03T07:37:27+00:00\" \/>\n<meta property=\"og:image\" content=\"https:\/\/www.kompetensforetagen.se\/app\/uploads\/sites\/5\/2024\/04\/statistics-6.png\" \/>\n\t<meta property=\"og:image:width\" content=\"1900\" \/>\n\t<meta property=\"og:image:height\" content=\"1000\" \/>\n\t<meta property=\"og:image:type\" content=\"image\/png\" \/>\n<meta name=\"author\" content=\"Fredric Sk\u00e4lstad\" \/>\n<meta name=\"twitter:card\" content=\"summary_large_image\" \/>\n<meta name=\"twitter:label1\" content=\"Skriven av\" \/>\n\t<meta name=\"twitter:data1\" content=\"Fredric Sk\u00e4lstad\" \/>\n\t<meta name=\"twitter:label2\" content=\"Ber\u00e4knad l\u00e4stid\" \/>\n\t<meta name=\"twitter:data2\" content=\"2 minuter\" \/>\n<!-- \/ Yoast SEO Premium plugin. -->","yoast_head_json":{"title":"Kompetensbranschen en l\u00f6sning p\u00e5 rekryteringskrisen i norr - Kompetensf\u00f6retagen","description":"Ingen kan ha missat de stora industrisatsningar som genomf\u00f6rs i norra Sverige. Men f\u00e4rre vet att f\u00f6retag som arbetar med rekrytering, omst\u00e4llning och bemanning \u00e4r l\u00f6sningen p\u00e5 kompetenskrisen i norr.","robots":{"index":"index","follow":"follow","max-snippet":"max-snippet:-1","max-image-preview":"max-image-preview:large","max-video-preview":"max-video-preview:-1"},"canonical":"https:\/\/www.kompetensforetagen.se\/2024\/04\/kompetensbranschen-en-losning-pa-rekryteringskrisen-i-norr\/","og_locale":"sv_SE","og_type":"article","og_title":"Kompetensbranschen en l\u00f6sning p\u00e5 rekryteringskrisen i norr","og_description":"Ingen kan ha missat de stora industrisatsningar som genomf\u00f6rs i norra Sverige. Men f\u00e4rre vet att f\u00f6retag som arbetar med rekrytering, omst\u00e4llning och bemanning \u00e4r l\u00f6sningen p\u00e5 kompetenskrisen i norr.","og_url":"https:\/\/www.kompetensforetagen.se\/2024\/04\/kompetensbranschen-en-losning-pa-rekryteringskrisen-i-norr\/","og_site_name":"Kompetensf\u00f6retagen","article_published_time":"2024-04-03T07:37:25+00:00","article_modified_time":"2024-04-03T07:37:27+00:00","og_image":[{"width":1900,"height":1000,"url":"https:\/\/www.kompetensforetagen.se\/app\/uploads\/sites\/5\/2024\/04\/statistics-6.png","type":"image\/png"}],"author":"Fredric Sk\u00e4lstad","twitter_card":"summary_large_image","twitter_misc":{"Skriven av":"Fredric Sk\u00e4lstad","Ber\u00e4knad l\u00e4stid":"2 minuter"},"schema":{"@context":"https:\/\/schema.org","@graph":[{"@type":"Article","@id":"https:\/\/www.kompetensforetagen.se\/2024\/04\/kompetensbranschen-en-losning-pa-rekryteringskrisen-i-norr\/#article","isPartOf":{"@id":"https:\/\/www.kompetensforetagen.se\/2024\/04\/kompetensbranschen-en-losning-pa-rekryteringskrisen-i-norr\/"},"author":{"name":"Fredric Sk\u00e4lstad","@id":"https:\/\/www.kompetensforetagen.se\/#\/schema\/person\/72cd48bb411dea15e40f11d726e9eeeb"},"headline":"Kompetens&shy;branschen en l\u00f6sning p\u00e5 rekryteringskrisen i norr","datePublished":"2024-04-03T07:37:25+00:00","dateModified":"2024-04-03T07:37:27+00:00","mainEntityOfPage":{"@id":"https:\/\/www.kompetensforetagen.se\/2024\/04\/kompetensbranschen-en-losning-pa-rekryteringskrisen-i-norr\/"},"wordCount":435,"publisher":{"@id":"https:\/\/www.kompetensforetagen.se\/#organization"},"image":{"@id":"https:\/\/www.kompetensforetagen.se\/2024\/04\/kompetensbranschen-en-losning-pa-rekryteringskrisen-i-norr\/#primaryimage"},"thumbnailUrl":"https:\/\/www.kompetensforetagen.se\/app\/uploads\/sites\/5\/2024\/04\/statistics-6.png","articleSection":["Almedalen"],"inLanguage":"sv-SE"},{"@type":"WebPage","@id":"https:\/\/www.kompetensforetagen.se\/2024\/04\/kompetensbranschen-en-losning-pa-rekryteringskrisen-i-norr\/","url":"https:\/\/www.kompetensforetagen.se\/2024\/04\/kompetensbranschen-en-losning-pa-rekryteringskrisen-i-norr\/","name":"Kompetensbranschen en l\u00f6sning p\u00e5 rekryteringskrisen i norr - Kompetensf\u00f6retagen","isPartOf":{"@id":"https:\/\/www.kompetensforetagen.se\/#website"},"primaryImageOfPage":{"@id":"https:\/\/www.kompetensforetagen.se\/2024\/04\/kompetensbranschen-en-losning-pa-rekryteringskrisen-i-norr\/#primaryimage"},"image":{"@id":"https:\/\/www.kompetensforetagen.se\/2024\/04\/kompetensbranschen-en-losning-pa-rekryteringskrisen-i-norr\/#primaryimage"},"thumbnailUrl":"https:\/\/www.kompetensforetagen.se\/app\/uploads\/sites\/5\/2024\/04\/statistics-6.png","datePublished":"2024-04-03T07:37:25+00:00","dateModified":"2024-04-03T07:37:27+00:00","description":"Ingen kan ha missat de stora industrisatsningar som genomf\u00f6rs i norra Sverige. Men f\u00e4rre vet att f\u00f6retag som arbetar med rekrytering, omst\u00e4llning och bemanning \u00e4r l\u00f6sningen p\u00e5 kompetenskrisen i norr.","breadcrumb":{"@id":"https:\/\/www.kompetensforetagen.se\/2024\/04\/kompetensbranschen-en-losning-pa-rekryteringskrisen-i-norr\/#breadcrumb"},"inLanguage":"sv-SE","potentialAction":[{"@type":"ReadAction","target":["https:\/\/www.kompetensforetagen.se\/2024\/04\/kompetensbranschen-en-losning-pa-rekryteringskrisen-i-norr\/"]}]},{"@type":"ImageObject","inLanguage":"sv-SE","@id":"https:\/\/www.kompetensforetagen.se\/2024\/04\/kompetensbranschen-en-losning-pa-rekryteringskrisen-i-norr\/#primaryimage","url":"https:\/\/www.kompetensforetagen.se\/app\/uploads\/sites\/5\/2024\/04\/statistics-6.png","contentUrl":"https:\/\/www.kompetensforetagen.se\/app\/uploads\/sites\/5\/2024\/04\/statistics-6.png","width":1900,"height":1000,"caption":"Grafik: Gr\u00f6n omst\u00e4llning, Kompetensbranschen en l\u00f6sning p\u00e5 rekryteringskrisen i norr"},{"@type":"BreadcrumbList","@id":"https:\/\/www.kompetensforetagen.se\/2024\/04\/kompetensbranschen-en-losning-pa-rekryteringskrisen-i-norr\/#breadcrumb","itemListElement":[{"@type":"ListItem","position":1,"name":"Home","item":"https:\/\/www.kompetensforetagen.se\/"},{"@type":"ListItem","position":2,"name":"Kompetens&shy;branschen en l\u00f6sning p\u00e5 rekryteringskrisen i norr"}]},{"@type":"WebSite","@id":"https:\/\/www.kompetensforetagen.se\/#website","url":"https:\/\/www.kompetensforetagen.se\/","name":"Kompetensf\u00f6retagen","description":"R\u00e4tt person p\u00e5 r\u00e4tt plats kan f\u00f6r\u00e4ndra v\u00e4rlden","publisher":{"@id":"https:\/\/www.kompetensforetagen.se\/#organization"},"potentialAction":[{"@type":"SearchAction","target":{"@type":"EntryPoint","urlTemplate":"https:\/\/www.kompetensforetagen.se\/?s={search_term_string}"},"query-input":{"@type":"PropertyValueSpecification","valueRequired":true,"valueName":"search_term_string"}}],"inLanguage":"sv-SE"},{"@type":"Organization","@id":"https:\/\/www.kompetensforetagen.se\/#organization","name":"Kompetensf\u00f6retagen","url":"https:\/\/www.kompetensforetagen.se\/","logo":{"@type":"ImageObject","inLanguage":"sv-SE","@id":"https:\/\/www.kompetensforetagen.se\/#\/schema\/logo\/image\/","url":"https:\/\/www.kompetensforetagen.se\/app\/uploads\/sites\/5\/2022\/10\/logga_svart.png","contentUrl":"https:\/\/www.kompetensforetagen.se\/app\/uploads\/sites\/5\/2022\/10\/logga_svart.png","width":752,"height":64,"caption":"Kompetensf\u00f6retagen"},"image":{"@id":"https:\/\/www.kompetensforetagen.se\/#\/schema\/logo\/image\/"},"sameAs":["https:\/\/www.linkedin.com\/company\/10540032\/"]},{"@type":"Person","@id":"https:\/\/www.kompetensforetagen.se\/#\/schema\/person\/72cd48bb411dea15e40f11d726e9eeeb","name":"Fredric Sk\u00e4lstad","image":{"@type":"ImageObject","inLanguage":"sv-SE","@id":"https:\/\/www.kompetensforetagen.se\/#\/schema\/person\/image\/","url":"https:\/\/secure.gravatar.com\/avatar\/64f20bf3ac13c78aedd6054f495d1a00b38234d6bf532fa3b1cb3ff0bcc24f8d?s=96&d=mm&r=g","contentUrl":"https:\/\/secure.gravatar.com\/avatar\/64f20bf3ac13c78aedd6054f495d1a00b38234d6bf532fa3b1cb3ff0bcc24f8d?s=96&d=mm&r=g","caption":"Fredric Sk\u00e4lstad"},"description":"Fredric \u00e4r n\u00e4ringspolitisk chef p\u00e5 Kompetensf\u00f6retagen.","url":"https:\/\/www.kompetensforetagen.se\/person\/fredricskalstad\/"}]}},"_links":{"self":[{"href":"https:\/\/www.kompetensforetagen.se\/api\/wp\/v2\/posts\/16995","targetHints":{"allow":["GET"]}}],"collection":[{"href":"https:\/\/www.kompetensforetagen.se\/api\/wp\/v2\/posts"}],"about":[{"href":"https:\/\/www.kompetensforetagen.se\/api\/wp\/v2\/types\/post"}],"author":[{"embeddable":true,"href":"https:\/\/www.kompetensforetagen.se\/api\/wp\/v2\/users\/222"}],"replies":[{"embeddable":true,"href":"https:\/\/www.kompetensforetagen.se\/api\/wp\/v2\/comments?post=16995"}],"version-history":[{"count":3,"href":"https:\/\/www.kompetensforetagen.se\/api\/wp\/v2\/posts\/16995\/revisions"}],"predecessor-version":[{"id":16999,"href":"https:\/\/www.kompetensforetagen.se\/api\/wp\/v2\/posts\/16995\/revisions\/16999"}],"wp:featuredmedia":[{"embeddable":true,"href":"https:\/\/www.kompetensforetagen.se\/api\/wp\/v2\/media\/16996"}],"wp:attachment":[{"href":"https:\/\/www.kompetensforetagen.se\/api\/wp\/v2\/media?parent=16995"}],"wp:term":[{"taxonomy":"category","embeddable":true,"href":"https:\/\/www.kompetensforetagen.se\/api\/wp\/v2\/categories?post=16995"},{"taxonomy":"post_tag","embeddable":true,"href":"https:\/\/www.kompetensforetagen.se\/api\/wp\/v2\/tags?post=16995"},{"taxonomy":"type","embeddable":true,"href":"https:\/\/www.kompetensforetagen.se\/api\/wp\/v2\/article_type?post=16995"},{"taxonomy":"agreement","embeddable":true,"href":"https:\/\/www.kompetensforetagen.se\/api\/wp\/v2\/agreement?post=16995"},{"taxonomy":"for-members","embeddable":true,"href":"https:\/\/www.kompetensforetagen.se\/api\/wp\/v2\/for-members?post=16995"}],"curies":[{"name":"wp","href":"https:\/\/api.w.org\/{rel}","templated":true}]}}