{"id":16944,"date":"2024-03-22T09:36:10","date_gmt":"2024-03-22T08:36:10","guid":{"rendered":"https:\/\/www.kompetensforetagen.se\/?p=16944"},"modified":"2024-03-22T09:36:12","modified_gmt":"2024-03-22T08:36:12","slug":"24-manadersregeln-blir-ett-hinder-for-kompetensforsorjningen","status":"publish","type":"post","link":"https:\/\/www.kompetensforetagen.se\/2024\/03\/24-manadersregeln-blir-ett-hinder-for-kompetensforsorjningen\/","title":{"rendered":"24-m\u00e5nadersregeln blir ett hinder f\u00f6r kompetens&shy;f\u00f6rs\u00f6rjningen"},"content":{"rendered":"\n<p><strong>Kompetensbranschen \u00e4r flexibel, kostnadseffektiv och trygg l\u00f6sning p\u00e5 f\u00f6retagens kompetensbehov. Den nya 24-m\u00e5nadersregeln i uthyrningslagen skapar hinder som riskerar att sl\u00e5 mot v\u00e5rt lands tillv\u00e4xt, skriver Patrik Eidfelt, Kompetensf\u00f6retagens f\u00f6rbundsdirekt\u00f6r.<\/strong><\/p>\n\n\n\n<p>N\u00e4r jag tr\u00e4ffar medlemsf\u00f6retag \u00e4r det ett samtals\u00e4mne som alltid dyker upp: den nya 24-m\u00e5nadersregeln i uthyrningslagen. Regeln kom till som en del av LAS-\u00f6verenskommelsen. Den inneb\u00e4r, n\u00e5got f\u00f6renklat, att kundf\u00f6retaget m\u00e5ste erbjuda en anst\u00e4llning eller en ers\u00e4ttning till en konsult efter tv\u00e5 \u00e5r. Det \u00e4r ingen hemlighet att vi fr\u00e5n Kompetensf\u00f6retagen motsatte oss regeln, men den var fackets pris f\u00f6r nya spelregler p\u00e5 arbetsmarknaden.<\/p>\n\n\n\n<p id=\"ember2894\">Om ett halv\u00e5r, i oktober 2024, blir det skarpt l\u00e4ge f\u00f6r branschen. D\u00e5 har det g\u00e5tt tv\u00e5 \u00e5r sedan LAS-\u00f6verenskommelsen. Jag f\u00f6rst\u00e5r oron och os\u00e4kerheten hos m\u00e5nga kund- och medlemsf\u00f6retag. Det var d\u00e4rf\u00f6r vi genomf\u00f6rde en konferens p\u00e5 temat i slutet av f\u00f6rra veckan. Vi har samlat all information h\u00e4r och jag kan lova att Kompetensf\u00f6retagen \u00e5terkommer med mer utbildningsmaterial under \u00e5ret.<\/p>\n\n\n\n<blockquote class=\"wp-block-quote is-layout-flow wp-block-quote-is-layout-flow\">\n<p>Kompetensbranschen \u00e4r en viktig rekryteringsv\u00e4g f\u00f6r n\u00e4ringslivet \u2013 i synnerhet f\u00f6r industin<\/p>\n<\/blockquote>\n\n\n\n<p id=\"ember2896\">F\u00f6retag inom bemanning bidrar med flexibilitet och kompetens till arbetsmarknaden. En ny unders\u00f6kning fr\u00e5n Svenskt N\u00e4ringsliv visar att kompetensbranschen \u00e4r en av de viktigaste rekryteringsv\u00e4garna f\u00f6r n\u00e4ringslivet. Det g\u00e4ller s\u00e4rskilt industrin \u2013 och d\u00e5 i synnerhet f\u00f6r skogs- och gruvindustrin. H\u00e4r \u00e4r rekryterings- och bemanningsf\u00f6retag till och med viktigare \u00e4r jobbannonser och informella kontakter n\u00e4r f\u00f6retagen ska anst\u00e4lla nya medarbetare.<\/p>\n\n\n\n<blockquote class=\"wp-block-quote is-layout-flow wp-block-quote-is-layout-flow\">\n<p>Regelkr\u00e5nglet skapar hinder f\u00f6r en av f\u00f6retagens viktigaste rekryteringsv\u00e4gar<\/p>\n<\/blockquote>\n\n\n\n<p id=\"ember2898\">Den typ av regelkr\u00e5ngel som 24-m\u00e5nadersregeln skapar blir d\u00e4rf\u00f6r ett slag mot kompetensf\u00f6rs\u00f6rjningen. Och vad riskerar den leda till? Jo, att en viktig rekryteringsv\u00e4g hindras. F\u00f6retagen kan komma att sakna nyckelkompetenser p\u00e5 huvudkontoret eller medarbetare p\u00e5 fabriksgolvet. Det leder till att de inte kan utvecklas och expandera. M\u00e5nga tvingas tacka nej till order eller m\u00e5ste minska sin produktion.<\/p>\n\n\n\n<p id=\"ember2899\">S\u00e5 \u00e4ven om 24-m\u00e5nadersregeln i uthyrningslagen \u00e4r ett orosmoln i v\u00e5r bransch, borde fler vara oroliga \u00f6ver alla hinder den skapar f\u00f6r f\u00f6retagens kompetensf\u00f6rs\u00f6rjning och i f\u00f6rl\u00e4ngningen det svenska v\u00e4lst\u00e5ndet.<\/p>\n\n\n\n      <a href=\"https:\/\/www.kompetensforetagen.se\/24manadersregeln\/\" target=\"\" class=\"Button is-button is-style-fill has-black-background-color has-black-border-color has-white-color Button--arrow-tip\">\n      \n        24-m\u00e5nadersregeln inom uthyrningslagen\n      \n      \n                \n                <svg class='icon icon--arrow-tip'  width=\"11\" height=\"16\" viewBox=\"0 0 11 16\" fill=\"none\" xmlns=\"http:\/\/www.w3.org\/2000\/svg\">\n<path d=\"M0.858398 15L9.2304 7.99664L0.967732 1.00001\" stroke=\"black\" stroke-width=\"2\" stroke-miterlimit=\"10\"\/>\n<\/svg>\n\n        \n    <\/a>\n  \n","protected":false},"excerpt":{"rendered":"<p>Kompetensbranschen \u00e4r flexibel, kostnadseffektiv och trygg l\u00f6sning p\u00e5 f\u00f6retagens kompetensbehov. Den nya 24-m\u00e5nadersregeln i uthyrningslagen skapar hinder som riskerar att sl\u00e5 mot v\u00e5rt lands tillv\u00e4xt, skriver Patrik Eidfelt, Kompetensf\u00f6retagens f\u00f6rbundsdirekt\u00f6r. N\u00e4r jag tr\u00e4ffar medlemsf\u00f6retag \u00e4r &hellip;<\/p>\n","protected":false},"author":222,"featured_media":16945,"comment_status":"closed","ping_status":"closed","sticky":false,"template":"","format":"standard","meta":{"_acf_changed":false,"footnotes":""},"categories":[247],"tags":[],"article_type":[211,219],"agreement":[],"for-members":[],"class_list":["post-16944","post","type-post","status-publish","format-standard","has-post-thumbnail","hentry","category-24-manadersregeln","type-blogg","type-nyhet"],"acf":[],"yoast_head":"<!-- This site is optimized with the Yoast SEO Premium plugin v26.8 (Yoast SEO v26.8) - https:\/\/yoast.com\/product\/yoast-seo-premium-wordpress\/ -->\n<title>24-m\u00e5nadersregeln blir ett hinder f\u00f6r kompetensf\u00f6rs\u00f6rjningen - Kompetensf\u00f6retagen<\/title>\n<meta name=\"description\" content=\"Den nya 24-m\u00e5nadersregeln i uthyrningslagen skapar hinder som riskerar att sl\u00e5 mot v\u00e5rt lands tillv\u00e4xt, skriver Patrik Eidfelt.\" \/>\n<meta name=\"robots\" content=\"index, follow, max-snippet:-1, max-image-preview:large, max-video-preview:-1\" \/>\n<link rel=\"canonical\" href=\"https:\/\/www.kompetensforetagen.se\/2024\/03\/24-manadersregeln-blir-ett-hinder-for-kompetensforsorjningen\/\" \/>\n<meta property=\"og:locale\" content=\"sv_SE\" \/>\n<meta property=\"og:type\" content=\"article\" \/>\n<meta property=\"og:title\" content=\"24-m\u00e5nadersregeln blir ett hinder f\u00f6r kompetensf\u00f6rs\u00f6rjningen\" \/>\n<meta property=\"og:description\" content=\"Den nya 24-m\u00e5nadersregeln i uthyrningslagen skapar hinder som riskerar att sl\u00e5 mot v\u00e5rt lands tillv\u00e4xt, skriver Patrik Eidfelt.\" \/>\n<meta property=\"og:url\" content=\"https:\/\/www.kompetensforetagen.se\/2024\/03\/24-manadersregeln-blir-ett-hinder-for-kompetensforsorjningen\/\" \/>\n<meta property=\"og:site_name\" content=\"Kompetensf\u00f6retagen\" \/>\n<meta property=\"article:published_time\" content=\"2024-03-22T08:36:10+00:00\" \/>\n<meta property=\"article:modified_time\" content=\"2024-03-22T08:36:12+00:00\" \/>\n<meta property=\"og:image\" content=\"https:\/\/www.kompetensforetagen.se\/app\/uploads\/sites\/5\/2024\/03\/statistics-3.png\" \/>\n\t<meta property=\"og:image:width\" content=\"1900\" \/>\n\t<meta property=\"og:image:height\" content=\"1000\" \/>\n\t<meta property=\"og:image:type\" content=\"image\/png\" \/>\n<meta name=\"author\" content=\"Fredric Sk\u00e4lstad\" \/>\n<meta name=\"twitter:card\" content=\"summary_large_image\" \/>\n<meta name=\"twitter:label1\" content=\"Skriven av\" \/>\n\t<meta name=\"twitter:data1\" content=\"Fredric Sk\u00e4lstad\" \/>\n\t<meta name=\"twitter:label2\" content=\"Ber\u00e4knad l\u00e4stid\" \/>\n\t<meta name=\"twitter:data2\" content=\"2 minuter\" \/>\n<!-- \/ Yoast SEO Premium plugin. -->","yoast_head_json":{"title":"24-m\u00e5nadersregeln blir ett hinder f\u00f6r kompetensf\u00f6rs\u00f6rjningen - Kompetensf\u00f6retagen","description":"Den nya 24-m\u00e5nadersregeln i uthyrningslagen skapar hinder som riskerar att sl\u00e5 mot v\u00e5rt lands tillv\u00e4xt, skriver Patrik Eidfelt.","robots":{"index":"index","follow":"follow","max-snippet":"max-snippet:-1","max-image-preview":"max-image-preview:large","max-video-preview":"max-video-preview:-1"},"canonical":"https:\/\/www.kompetensforetagen.se\/2024\/03\/24-manadersregeln-blir-ett-hinder-for-kompetensforsorjningen\/","og_locale":"sv_SE","og_type":"article","og_title":"24-m\u00e5nadersregeln blir ett hinder f\u00f6r kompetensf\u00f6rs\u00f6rjningen","og_description":"Den nya 24-m\u00e5nadersregeln i uthyrningslagen skapar hinder som riskerar att sl\u00e5 mot v\u00e5rt lands tillv\u00e4xt, skriver Patrik Eidfelt.","og_url":"https:\/\/www.kompetensforetagen.se\/2024\/03\/24-manadersregeln-blir-ett-hinder-for-kompetensforsorjningen\/","og_site_name":"Kompetensf\u00f6retagen","article_published_time":"2024-03-22T08:36:10+00:00","article_modified_time":"2024-03-22T08:36:12+00:00","og_image":[{"width":1900,"height":1000,"url":"https:\/\/www.kompetensforetagen.se\/app\/uploads\/sites\/5\/2024\/03\/statistics-3.png","type":"image\/png"}],"author":"Fredric Sk\u00e4lstad","twitter_card":"summary_large_image","twitter_misc":{"Skriven av":"Fredric Sk\u00e4lstad","Ber\u00e4knad l\u00e4stid":"2 minuter"},"schema":{"@context":"https:\/\/schema.org","@graph":[{"@type":"Article","@id":"https:\/\/www.kompetensforetagen.se\/2024\/03\/24-manadersregeln-blir-ett-hinder-for-kompetensforsorjningen\/#article","isPartOf":{"@id":"https:\/\/www.kompetensforetagen.se\/2024\/03\/24-manadersregeln-blir-ett-hinder-for-kompetensforsorjningen\/"},"author":{"name":"Fredric Sk\u00e4lstad","@id":"https:\/\/www.kompetensforetagen.se\/#\/schema\/person\/72cd48bb411dea15e40f11d726e9eeeb"},"headline":"24-m\u00e5nadersregeln blir ett hinder f\u00f6r kompetens&shy;f\u00f6rs\u00f6rjningen","datePublished":"2024-03-22T08:36:10+00:00","dateModified":"2024-03-22T08:36:12+00:00","mainEntityOfPage":{"@id":"https:\/\/www.kompetensforetagen.se\/2024\/03\/24-manadersregeln-blir-ett-hinder-for-kompetensforsorjningen\/"},"wordCount":416,"publisher":{"@id":"https:\/\/www.kompetensforetagen.se\/#organization"},"image":{"@id":"https:\/\/www.kompetensforetagen.se\/2024\/03\/24-manadersregeln-blir-ett-hinder-for-kompetensforsorjningen\/#primaryimage"},"thumbnailUrl":"https:\/\/www.kompetensforetagen.se\/app\/uploads\/sites\/5\/2024\/03\/statistics-3.png","articleSection":["24-m\u00e5nadersregeln"],"inLanguage":"sv-SE"},{"@type":"WebPage","@id":"https:\/\/www.kompetensforetagen.se\/2024\/03\/24-manadersregeln-blir-ett-hinder-for-kompetensforsorjningen\/","url":"https:\/\/www.kompetensforetagen.se\/2024\/03\/24-manadersregeln-blir-ett-hinder-for-kompetensforsorjningen\/","name":"24-m\u00e5nadersregeln blir ett hinder f\u00f6r kompetensf\u00f6rs\u00f6rjningen - Kompetensf\u00f6retagen","isPartOf":{"@id":"https:\/\/www.kompetensforetagen.se\/#website"},"primaryImageOfPage":{"@id":"https:\/\/www.kompetensforetagen.se\/2024\/03\/24-manadersregeln-blir-ett-hinder-for-kompetensforsorjningen\/#primaryimage"},"image":{"@id":"https:\/\/www.kompetensforetagen.se\/2024\/03\/24-manadersregeln-blir-ett-hinder-for-kompetensforsorjningen\/#primaryimage"},"thumbnailUrl":"https:\/\/www.kompetensforetagen.se\/app\/uploads\/sites\/5\/2024\/03\/statistics-3.png","datePublished":"2024-03-22T08:36:10+00:00","dateModified":"2024-03-22T08:36:12+00:00","description":"Den nya 24-m\u00e5nadersregeln i uthyrningslagen skapar hinder som riskerar att sl\u00e5 mot v\u00e5rt lands tillv\u00e4xt, skriver Patrik Eidfelt.","breadcrumb":{"@id":"https:\/\/www.kompetensforetagen.se\/2024\/03\/24-manadersregeln-blir-ett-hinder-for-kompetensforsorjningen\/#breadcrumb"},"inLanguage":"sv-SE","potentialAction":[{"@type":"ReadAction","target":["https:\/\/www.kompetensforetagen.se\/2024\/03\/24-manadersregeln-blir-ett-hinder-for-kompetensforsorjningen\/"]}]},{"@type":"ImageObject","inLanguage":"sv-SE","@id":"https:\/\/www.kompetensforetagen.se\/2024\/03\/24-manadersregeln-blir-ett-hinder-for-kompetensforsorjningen\/#primaryimage","url":"https:\/\/www.kompetensforetagen.se\/app\/uploads\/sites\/5\/2024\/03\/statistics-3.png","contentUrl":"https:\/\/www.kompetensforetagen.se\/app\/uploads\/sites\/5\/2024\/03\/statistics-3.png","width":1900,"height":1000,"caption":"Kompetensbranschen \u00e4r en flexibel, kostnadseffektiv och trygg l\u00f6sning p\u00e5 kompetensbehoven."},{"@type":"BreadcrumbList","@id":"https:\/\/www.kompetensforetagen.se\/2024\/03\/24-manadersregeln-blir-ett-hinder-for-kompetensforsorjningen\/#breadcrumb","itemListElement":[{"@type":"ListItem","position":1,"name":"Home","item":"https:\/\/www.kompetensforetagen.se\/"},{"@type":"ListItem","position":2,"name":"24-m\u00e5nadersregeln blir ett hinder f\u00f6r kompetens&shy;f\u00f6rs\u00f6rjningen"}]},{"@type":"WebSite","@id":"https:\/\/www.kompetensforetagen.se\/#website","url":"https:\/\/www.kompetensforetagen.se\/","name":"Kompetensf\u00f6retagen","description":"R\u00e4tt person p\u00e5 r\u00e4tt plats kan f\u00f6r\u00e4ndra v\u00e4rlden","publisher":{"@id":"https:\/\/www.kompetensforetagen.se\/#organization"},"potentialAction":[{"@type":"SearchAction","target":{"@type":"EntryPoint","urlTemplate":"https:\/\/www.kompetensforetagen.se\/?s={search_term_string}"},"query-input":{"@type":"PropertyValueSpecification","valueRequired":true,"valueName":"search_term_string"}}],"inLanguage":"sv-SE"},{"@type":"Organization","@id":"https:\/\/www.kompetensforetagen.se\/#organization","name":"Kompetensf\u00f6retagen","url":"https:\/\/www.kompetensforetagen.se\/","logo":{"@type":"ImageObject","inLanguage":"sv-SE","@id":"https:\/\/www.kompetensforetagen.se\/#\/schema\/logo\/image\/","url":"https:\/\/www.kompetensforetagen.se\/app\/uploads\/sites\/5\/2022\/10\/logga_svart.png","contentUrl":"https:\/\/www.kompetensforetagen.se\/app\/uploads\/sites\/5\/2022\/10\/logga_svart.png","width":752,"height":64,"caption":"Kompetensf\u00f6retagen"},"image":{"@id":"https:\/\/www.kompetensforetagen.se\/#\/schema\/logo\/image\/"},"sameAs":["https:\/\/www.linkedin.com\/company\/10540032\/"]},{"@type":"Person","@id":"https:\/\/www.kompetensforetagen.se\/#\/schema\/person\/72cd48bb411dea15e40f11d726e9eeeb","name":"Fredric Sk\u00e4lstad","image":{"@type":"ImageObject","inLanguage":"sv-SE","@id":"https:\/\/www.kompetensforetagen.se\/#\/schema\/person\/image\/","url":"https:\/\/secure.gravatar.com\/avatar\/64f20bf3ac13c78aedd6054f495d1a00b38234d6bf532fa3b1cb3ff0bcc24f8d?s=96&d=mm&r=g","contentUrl":"https:\/\/secure.gravatar.com\/avatar\/64f20bf3ac13c78aedd6054f495d1a00b38234d6bf532fa3b1cb3ff0bcc24f8d?s=96&d=mm&r=g","caption":"Fredric Sk\u00e4lstad"},"description":"Fredric \u00e4r n\u00e4ringspolitisk chef p\u00e5 Kompetensf\u00f6retagen.","url":"https:\/\/www.kompetensforetagen.se\/person\/fredricskalstad\/"}]}},"_links":{"self":[{"href":"https:\/\/www.kompetensforetagen.se\/api\/wp\/v2\/posts\/16944","targetHints":{"allow":["GET"]}}],"collection":[{"href":"https:\/\/www.kompetensforetagen.se\/api\/wp\/v2\/posts"}],"about":[{"href":"https:\/\/www.kompetensforetagen.se\/api\/wp\/v2\/types\/post"}],"author":[{"embeddable":true,"href":"https:\/\/www.kompetensforetagen.se\/api\/wp\/v2\/users\/222"}],"replies":[{"embeddable":true,"href":"https:\/\/www.kompetensforetagen.se\/api\/wp\/v2\/comments?post=16944"}],"version-history":[{"count":2,"href":"https:\/\/www.kompetensforetagen.se\/api\/wp\/v2\/posts\/16944\/revisions"}],"predecessor-version":[{"id":16947,"href":"https:\/\/www.kompetensforetagen.se\/api\/wp\/v2\/posts\/16944\/revisions\/16947"}],"wp:featuredmedia":[{"embeddable":true,"href":"https:\/\/www.kompetensforetagen.se\/api\/wp\/v2\/media\/16945"}],"wp:attachment":[{"href":"https:\/\/www.kompetensforetagen.se\/api\/wp\/v2\/media?parent=16944"}],"wp:term":[{"taxonomy":"category","embeddable":true,"href":"https:\/\/www.kompetensforetagen.se\/api\/wp\/v2\/categories?post=16944"},{"taxonomy":"post_tag","embeddable":true,"href":"https:\/\/www.kompetensforetagen.se\/api\/wp\/v2\/tags?post=16944"},{"taxonomy":"type","embeddable":true,"href":"https:\/\/www.kompetensforetagen.se\/api\/wp\/v2\/article_type?post=16944"},{"taxonomy":"agreement","embeddable":true,"href":"https:\/\/www.kompetensforetagen.se\/api\/wp\/v2\/agreement?post=16944"},{"taxonomy":"for-members","embeddable":true,"href":"https:\/\/www.kompetensforetagen.se\/api\/wp\/v2\/for-members?post=16944"}],"curies":[{"name":"wp","href":"https:\/\/api.w.org\/{rel}","templated":true}]}}