{"id":16886,"date":"2024-03-13T11:39:28","date_gmt":"2024-03-13T10:39:28","guid":{"rendered":"https:\/\/www.kompetensforetagen.se\/?p=16886"},"modified":"2024-03-13T15:29:18","modified_gmt":"2024-03-13T14:29:18","slug":"tufft-lage-i-branschen-under-q4-2024-men-okad-framtidstro","status":"publish","type":"post","link":"https:\/\/www.kompetensforetagen.se\/2024\/03\/tufft-lage-i-branschen-under-q4-2024-men-okad-framtidstro\/","title":{"rendered":"Tufft l\u00e4ge i branschen under Q4 2023, men \u00f6kad framtidstro"},"content":{"rendered":"\n<p>Oms\u00e4ttningen bland f\u00f6retag inom bemanning, rekrytering och omst\u00e4llning minskade med 6,8 procent j\u00e4mf\u00f6rt med fj\u00e4rde kvartalet f\u00f6reg\u00e5ende \u00e5r. Trots nedg\u00e5ngen ser f\u00f6retagen ljusare p\u00e5 framtiden. Det visar Kompetensf\u00f6retagens nya framtidsindikator och kvartalsrapport f\u00f6r fj\u00e4rde kvartalet 2023.<\/p>\n\n\n\n<p>Oms\u00e4ttningen f\u00f6r de 35 st\u00f6rsta f\u00f6retagen i branschen var 8,5 miljarder kronor under det fj\u00e4rde kvartalet 2023. Det \u00e4r 626 miljoner (6,8 procent) l\u00e4gre \u00e4n toppnoteringen under samma kvartal 2022.<\/p>\n\n\n\n<blockquote class=\"wp-block-quote is-layout-flow wp-block-quote-is-layout-flow\">\n<p>Oms\u00e4ttningen f\u00f6r de 35 st\u00f6rsta f\u00f6retagen har minskat med 6,8 procent<\/p>\n<\/blockquote>\n\n\n\n<p>Inom bemanningsbranschen har det skett en stor nedg\u00e5ng av oms\u00e4ttningen i fr\u00e4mst f\u00f6rs\u00e4ljning\/kundtj\u00e4nst, ekonomi\/finans och administration\/service. Geografiskt \u00e4r Stockholmsregionen s\u00e4rskilt drabbad.<\/p>\n\n\n\n<p>\u2013Det \u00e4r en tuff tid f\u00f6r kompetensbranschen. Nedg\u00e5ngen inom lager och logistik kan f\u00f6rklaras av en svag julhandel och en minskad e-handel. Stockholm \u00e4r tungt inom omr\u00e5den som kundtj\u00e4nst, administration och ekonomi. Dessa aff\u00e4rer har g\u00e5tt tr\u00f6gt, s\u00e4ger Patrik Eidfelt.<\/p>\n\n\n\n<p>Samtidigt v\u00e4xer oms\u00e4ttningen inom omr\u00e5dena industri, tillverkning och teknik, s\u00e4rskilt i norra Sverige. En f\u00f6rklaring \u00e4r den starka efterfr\u00e5gan p\u00e5 arbetskraft i norra Norrland.<\/p>\n\n\n\n<p>\u2013Arbetsmarknaden f\u00f6r konsulter inom it, industri och tillverkning samt tekniska konsulter \u00e4r fortsatt stark, s\u00e4ger Patrik Eidfelt.<\/p>\n\n\n\n<p>Kompetensf\u00f6retagens nya framtidsindikator visar att f\u00f6retagen i branschen har en allt st\u00f6rre framtidstro p\u00e5 sikt.<\/p>\n\n\n\n<blockquote class=\"wp-block-quote is-layout-flow wp-block-quote-is-layout-flow\">\n<p>Medlemsf\u00f6retagen tror att oms\u00e4ttningen kommer att v\u00e4xa mot slutet av 2024<\/p>\n<\/blockquote>\n\n\n\n<p>\u2013B\u00f6rjar vi ana att nedg\u00e5ngen f\u00f6r branschen har n\u00e5tt botten? I v\u00e5r framtidsindikator uppger allt fler medlemsf\u00f6retag att oms\u00e4ttningen kommer att v\u00e4xa mot slutet av 2024, s\u00e4ger Patrik Eidfelt.<\/p>\n\n\n\n      <a href=\"https:\/\/www.kompetensforetagen.se\/statistik\/kompetensforetagens-rapporter-och-statistik-2-3\/\" target=\"\" class=\"Button is-button is-style-fill has-black-background-color has-black-border-color has-white-color Button--arrow-tip\">\n      \n        H\u00e4r kan du l\u00e4sa v\u00e5r oms\u00e4ttningsstatistik\n      \n      \n                \n                <svg class='icon icon--arrow-tip'  width=\"11\" height=\"16\" viewBox=\"0 0 11 16\" fill=\"none\" xmlns=\"http:\/\/www.w3.org\/2000\/svg\">\n<path d=\"M0.858398 15L9.2304 7.99664L0.967732 1.00001\" stroke=\"black\" stroke-width=\"2\" stroke-miterlimit=\"10\"\/>\n<\/svg>\n\n        \n    <\/a>\n  \n","protected":false},"excerpt":{"rendered":"<p>Oms\u00e4ttningen bland f\u00f6retag inom bemanning, rekrytering och omst\u00e4llning minskade med 6,8 procent j\u00e4mf\u00f6rt med fj\u00e4rde kvartalet f\u00f6reg\u00e5ende \u00e5r. Trots nedg\u00e5ngen ser f\u00f6retagen ljusare p\u00e5 framtiden. Det visar Kompetensf\u00f6retagens nya framtidsindikator och kvartalsrapport f\u00f6r fj\u00e4rde kvartalet &hellip;<\/p>\n","protected":false},"author":222,"featured_media":16897,"comment_status":"closed","ping_status":"closed","sticky":false,"template":"","format":"standard","meta":{"_acf_changed":false,"footnotes":""},"categories":[15],"tags":[],"article_type":[219],"agreement":[],"for-members":[],"class_list":["post-16886","post","type-post","status-publish","format-standard","has-post-thumbnail","hentry","category-statistik","type-nyhet"],"acf":[],"yoast_head":"<!-- This site is optimized with the Yoast SEO Premium plugin v26.8 (Yoast SEO v26.8) - https:\/\/yoast.com\/product\/yoast-seo-premium-wordpress\/ -->\n<title>Tufft l\u00e4ge i branschen under Q4 2023, men \u00f6kad framtidstro - Kompetensf\u00f6retagen<\/title>\n<meta name=\"description\" content=\"Oms\u00e4ttningen bland f\u00f6retag inom bemanning, rekrytering och omst\u00e4llning minskade med 6,8 procent j\u00e4mf\u00f6rt med fj\u00e4rde kvartalet f\u00f6reg\u00e5ende \u00e5r.\" \/>\n<meta name=\"robots\" content=\"index, follow, max-snippet:-1, max-image-preview:large, max-video-preview:-1\" \/>\n<link rel=\"canonical\" href=\"https:\/\/www.kompetensforetagen.se\/2024\/03\/tufft-lage-i-branschen-under-q4-2024-men-okad-framtidstro\/\" \/>\n<meta property=\"og:locale\" content=\"sv_SE\" \/>\n<meta property=\"og:type\" content=\"article\" \/>\n<meta property=\"og:title\" content=\"Tufft l\u00e4ge i branschen under Q4 2023, men \u00f6kad framtidstro\" \/>\n<meta property=\"og:description\" content=\"Oms\u00e4ttningen bland f\u00f6retag inom bemanning, rekrytering och omst\u00e4llning minskade med 6,8 procent j\u00e4mf\u00f6rt med fj\u00e4rde kvartalet f\u00f6reg\u00e5ende \u00e5r.\" \/>\n<meta property=\"og:url\" content=\"https:\/\/www.kompetensforetagen.se\/2024\/03\/tufft-lage-i-branschen-under-q4-2024-men-okad-framtidstro\/\" \/>\n<meta property=\"og:site_name\" content=\"Kompetensf\u00f6retagen\" \/>\n<meta property=\"article:published_time\" content=\"2024-03-13T10:39:28+00:00\" \/>\n<meta property=\"article:modified_time\" content=\"2024-03-13T14:29:18+00:00\" \/>\n<meta property=\"og:image\" content=\"https:\/\/www.kompetensforetagen.se\/app\/uploads\/sites\/5\/2024\/03\/Kopia-av-Kopia-av-Kopia-av-3-1920-x-1080-px-3.png\" \/>\n\t<meta property=\"og:image:width\" content=\"1920\" \/>\n\t<meta property=\"og:image:height\" content=\"1080\" \/>\n\t<meta property=\"og:image:type\" content=\"image\/png\" \/>\n<meta name=\"author\" content=\"Fredric Sk\u00e4lstad\" \/>\n<meta name=\"twitter:card\" content=\"summary_large_image\" \/>\n<meta name=\"twitter:label1\" content=\"Skriven av\" \/>\n\t<meta name=\"twitter:data1\" content=\"Fredric Sk\u00e4lstad\" \/>\n\t<meta name=\"twitter:label2\" content=\"Ber\u00e4knad l\u00e4stid\" \/>\n\t<meta name=\"twitter:data2\" content=\"2 minuter\" \/>\n<!-- \/ Yoast SEO Premium plugin. -->","yoast_head_json":{"title":"Tufft l\u00e4ge i branschen under Q4 2023, men \u00f6kad framtidstro - Kompetensf\u00f6retagen","description":"Oms\u00e4ttningen bland f\u00f6retag inom bemanning, rekrytering och omst\u00e4llning minskade med 6,8 procent j\u00e4mf\u00f6rt med fj\u00e4rde kvartalet f\u00f6reg\u00e5ende \u00e5r.","robots":{"index":"index","follow":"follow","max-snippet":"max-snippet:-1","max-image-preview":"max-image-preview:large","max-video-preview":"max-video-preview:-1"},"canonical":"https:\/\/www.kompetensforetagen.se\/2024\/03\/tufft-lage-i-branschen-under-q4-2024-men-okad-framtidstro\/","og_locale":"sv_SE","og_type":"article","og_title":"Tufft l\u00e4ge i branschen under Q4 2023, men \u00f6kad framtidstro","og_description":"Oms\u00e4ttningen bland f\u00f6retag inom bemanning, rekrytering och omst\u00e4llning minskade med 6,8 procent j\u00e4mf\u00f6rt med fj\u00e4rde kvartalet f\u00f6reg\u00e5ende \u00e5r.","og_url":"https:\/\/www.kompetensforetagen.se\/2024\/03\/tufft-lage-i-branschen-under-q4-2024-men-okad-framtidstro\/","og_site_name":"Kompetensf\u00f6retagen","article_published_time":"2024-03-13T10:39:28+00:00","article_modified_time":"2024-03-13T14:29:18+00:00","og_image":[{"width":1920,"height":1080,"url":"https:\/\/www.kompetensforetagen.se\/app\/uploads\/sites\/5\/2024\/03\/Kopia-av-Kopia-av-Kopia-av-3-1920-x-1080-px-3.png","type":"image\/png"}],"author":"Fredric Sk\u00e4lstad","twitter_card":"summary_large_image","twitter_misc":{"Skriven av":"Fredric Sk\u00e4lstad","Ber\u00e4knad l\u00e4stid":"2 minuter"},"schema":{"@context":"https:\/\/schema.org","@graph":[{"@type":"Article","@id":"https:\/\/www.kompetensforetagen.se\/2024\/03\/tufft-lage-i-branschen-under-q4-2024-men-okad-framtidstro\/#article","isPartOf":{"@id":"https:\/\/www.kompetensforetagen.se\/2024\/03\/tufft-lage-i-branschen-under-q4-2024-men-okad-framtidstro\/"},"author":{"name":"Fredric Sk\u00e4lstad","@id":"https:\/\/www.kompetensforetagen.se\/#\/schema\/person\/72cd48bb411dea15e40f11d726e9eeeb"},"headline":"Tufft l\u00e4ge i branschen under Q4 2023, men \u00f6kad framtidstro","datePublished":"2024-03-13T10:39:28+00:00","dateModified":"2024-03-13T14:29:18+00:00","mainEntityOfPage":{"@id":"https:\/\/www.kompetensforetagen.se\/2024\/03\/tufft-lage-i-branschen-under-q4-2024-men-okad-framtidstro\/"},"wordCount":297,"publisher":{"@id":"https:\/\/www.kompetensforetagen.se\/#organization"},"image":{"@id":"https:\/\/www.kompetensforetagen.se\/2024\/03\/tufft-lage-i-branschen-under-q4-2024-men-okad-framtidstro\/#primaryimage"},"thumbnailUrl":"https:\/\/www.kompetensforetagen.se\/app\/uploads\/sites\/5\/2024\/03\/Kopia-av-Kopia-av-Kopia-av-3-1920-x-1080-px-3.png","articleSection":["Statistik"],"inLanguage":"sv-SE"},{"@type":"WebPage","@id":"https:\/\/www.kompetensforetagen.se\/2024\/03\/tufft-lage-i-branschen-under-q4-2024-men-okad-framtidstro\/","url":"https:\/\/www.kompetensforetagen.se\/2024\/03\/tufft-lage-i-branschen-under-q4-2024-men-okad-framtidstro\/","name":"Tufft l\u00e4ge i branschen under Q4 2023, men \u00f6kad framtidstro - Kompetensf\u00f6retagen","isPartOf":{"@id":"https:\/\/www.kompetensforetagen.se\/#website"},"primaryImageOfPage":{"@id":"https:\/\/www.kompetensforetagen.se\/2024\/03\/tufft-lage-i-branschen-under-q4-2024-men-okad-framtidstro\/#primaryimage"},"image":{"@id":"https:\/\/www.kompetensforetagen.se\/2024\/03\/tufft-lage-i-branschen-under-q4-2024-men-okad-framtidstro\/#primaryimage"},"thumbnailUrl":"https:\/\/www.kompetensforetagen.se\/app\/uploads\/sites\/5\/2024\/03\/Kopia-av-Kopia-av-Kopia-av-3-1920-x-1080-px-3.png","datePublished":"2024-03-13T10:39:28+00:00","dateModified":"2024-03-13T14:29:18+00:00","description":"Oms\u00e4ttningen bland f\u00f6retag inom bemanning, rekrytering och omst\u00e4llning minskade med 6,8 procent j\u00e4mf\u00f6rt med fj\u00e4rde kvartalet f\u00f6reg\u00e5ende \u00e5r.","breadcrumb":{"@id":"https:\/\/www.kompetensforetagen.se\/2024\/03\/tufft-lage-i-branschen-under-q4-2024-men-okad-framtidstro\/#breadcrumb"},"inLanguage":"sv-SE","potentialAction":[{"@type":"ReadAction","target":["https:\/\/www.kompetensforetagen.se\/2024\/03\/tufft-lage-i-branschen-under-q4-2024-men-okad-framtidstro\/"]}]},{"@type":"ImageObject","inLanguage":"sv-SE","@id":"https:\/\/www.kompetensforetagen.se\/2024\/03\/tufft-lage-i-branschen-under-q4-2024-men-okad-framtidstro\/#primaryimage","url":"https:\/\/www.kompetensforetagen.se\/app\/uploads\/sites\/5\/2024\/03\/Kopia-av-Kopia-av-Kopia-av-3-1920-x-1080-px-3.png","contentUrl":"https:\/\/www.kompetensforetagen.se\/app\/uploads\/sites\/5\/2024\/03\/Kopia-av-Kopia-av-Kopia-av-3-1920-x-1080-px-3.png","width":1920,"height":1080,"caption":"Patrik EIdfelt presenterar ny kvartalsrapport"},{"@type":"BreadcrumbList","@id":"https:\/\/www.kompetensforetagen.se\/2024\/03\/tufft-lage-i-branschen-under-q4-2024-men-okad-framtidstro\/#breadcrumb","itemListElement":[{"@type":"ListItem","position":1,"name":"Home","item":"https:\/\/www.kompetensforetagen.se\/"},{"@type":"ListItem","position":2,"name":"Tufft l\u00e4ge i branschen under Q4 2023, men \u00f6kad framtidstro"}]},{"@type":"WebSite","@id":"https:\/\/www.kompetensforetagen.se\/#website","url":"https:\/\/www.kompetensforetagen.se\/","name":"Kompetensf\u00f6retagen","description":"R\u00e4tt person p\u00e5 r\u00e4tt plats kan f\u00f6r\u00e4ndra v\u00e4rlden","publisher":{"@id":"https:\/\/www.kompetensforetagen.se\/#organization"},"potentialAction":[{"@type":"SearchAction","target":{"@type":"EntryPoint","urlTemplate":"https:\/\/www.kompetensforetagen.se\/?s={search_term_string}"},"query-input":{"@type":"PropertyValueSpecification","valueRequired":true,"valueName":"search_term_string"}}],"inLanguage":"sv-SE"},{"@type":"Organization","@id":"https:\/\/www.kompetensforetagen.se\/#organization","name":"Kompetensf\u00f6retagen","url":"https:\/\/www.kompetensforetagen.se\/","logo":{"@type":"ImageObject","inLanguage":"sv-SE","@id":"https:\/\/www.kompetensforetagen.se\/#\/schema\/logo\/image\/","url":"https:\/\/www.kompetensforetagen.se\/app\/uploads\/sites\/5\/2022\/10\/logga_svart.png","contentUrl":"https:\/\/www.kompetensforetagen.se\/app\/uploads\/sites\/5\/2022\/10\/logga_svart.png","width":752,"height":64,"caption":"Kompetensf\u00f6retagen"},"image":{"@id":"https:\/\/www.kompetensforetagen.se\/#\/schema\/logo\/image\/"},"sameAs":["https:\/\/www.linkedin.com\/company\/10540032\/"]},{"@type":"Person","@id":"https:\/\/www.kompetensforetagen.se\/#\/schema\/person\/72cd48bb411dea15e40f11d726e9eeeb","name":"Fredric Sk\u00e4lstad","image":{"@type":"ImageObject","inLanguage":"sv-SE","@id":"https:\/\/www.kompetensforetagen.se\/#\/schema\/person\/image\/","url":"https:\/\/secure.gravatar.com\/avatar\/64f20bf3ac13c78aedd6054f495d1a00b38234d6bf532fa3b1cb3ff0bcc24f8d?s=96&d=mm&r=g","contentUrl":"https:\/\/secure.gravatar.com\/avatar\/64f20bf3ac13c78aedd6054f495d1a00b38234d6bf532fa3b1cb3ff0bcc24f8d?s=96&d=mm&r=g","caption":"Fredric Sk\u00e4lstad"},"description":"Fredric \u00e4r n\u00e4ringspolitisk chef p\u00e5 Kompetensf\u00f6retagen.","url":"https:\/\/www.kompetensforetagen.se\/person\/fredricskalstad\/"}]}},"_links":{"self":[{"href":"https:\/\/www.kompetensforetagen.se\/api\/wp\/v2\/posts\/16886","targetHints":{"allow":["GET"]}}],"collection":[{"href":"https:\/\/www.kompetensforetagen.se\/api\/wp\/v2\/posts"}],"about":[{"href":"https:\/\/www.kompetensforetagen.se\/api\/wp\/v2\/types\/post"}],"author":[{"embeddable":true,"href":"https:\/\/www.kompetensforetagen.se\/api\/wp\/v2\/users\/222"}],"replies":[{"embeddable":true,"href":"https:\/\/www.kompetensforetagen.se\/api\/wp\/v2\/comments?post=16886"}],"version-history":[{"count":3,"href":"https:\/\/www.kompetensforetagen.se\/api\/wp\/v2\/posts\/16886\/revisions"}],"predecessor-version":[{"id":16900,"href":"https:\/\/www.kompetensforetagen.se\/api\/wp\/v2\/posts\/16886\/revisions\/16900"}],"wp:featuredmedia":[{"embeddable":true,"href":"https:\/\/www.kompetensforetagen.se\/api\/wp\/v2\/media\/16897"}],"wp:attachment":[{"href":"https:\/\/www.kompetensforetagen.se\/api\/wp\/v2\/media?parent=16886"}],"wp:term":[{"taxonomy":"category","embeddable":true,"href":"https:\/\/www.kompetensforetagen.se\/api\/wp\/v2\/categories?post=16886"},{"taxonomy":"post_tag","embeddable":true,"href":"https:\/\/www.kompetensforetagen.se\/api\/wp\/v2\/tags?post=16886"},{"taxonomy":"type","embeddable":true,"href":"https:\/\/www.kompetensforetagen.se\/api\/wp\/v2\/article_type?post=16886"},{"taxonomy":"agreement","embeddable":true,"href":"https:\/\/www.kompetensforetagen.se\/api\/wp\/v2\/agreement?post=16886"},{"taxonomy":"for-members","embeddable":true,"href":"https:\/\/www.kompetensforetagen.se\/api\/wp\/v2\/for-members?post=16886"}],"curies":[{"name":"wp","href":"https:\/\/api.w.org\/{rel}","templated":true}]}}