{"id":16802,"date":"2024-03-04T09:21:13","date_gmt":"2024-03-04T08:21:13","guid":{"rendered":"https:\/\/www.kompetensforetagen.se\/?p=16802"},"modified":"2024-03-05T07:58:18","modified_gmt":"2024-03-05T06:58:18","slug":"valberedningen-soker-nya-styrelseledamoter","status":"publish","type":"post","link":"https:\/\/www.kompetensforetagen.se\/2024\/03\/valberedningen-soker-nya-styrelseledamoter\/","title":{"rendered":"Valberedningen s\u00f6ker nya styrelseledam\u00f6ter"},"content":{"rendered":"\n<h5 class=\"wp-block-heading\" id=\"h-ar-du-intresserad-av-att-kandidera-till-kompetensforetagens-styrelse-eller-har-du-forslag-pa-lamplig-kandidat-da-ska-du-kontakta-valberedningen\">\u00c4r du intresserad av att kandidera till Kompetensf\u00f6retagens styrelse eller har du f\u00f6rslag p\u00e5 l\u00e4mplig kandidat? D\u00e5 ska du kontakta valberedningen.<\/h5>\n\n\n\n<p>Valberedningen s\u00f6ker ledam\u00f6ter till Kompetensf\u00f6retagens styrelse inf\u00f6r \u00e5rsm\u00f6tet 16 maj 2024. Styrelsen g\u00f6r ett viktigt arbete med aktuella branschfr\u00e5gor i ett n\u00e4ra samarbete med Kompetensf\u00f6retagens kansli.<\/p>\n\n\n\n<blockquote class=\"wp-block-quote is-layout-flow wp-block-quote-is-layout-flow\">\n<p>Var med och f\u00f6rb\u00e4ttra villkoren f\u00f6r bemannings-, rekryterings- och omst\u00e4llningsf\u00f6retag<\/p>\n<\/blockquote>\n\n\n\n<p><strong>Om styrelsearbetet<\/strong><br>Som styrelseledamot har du stora m\u00f6jligheter att p\u00e5verka verksamheten samtidigt som du breddar ditt kontaktn\u00e4t och \u00f6kar din egen kompetens. Styrelseledamot skall vara VD eller annan person i ledande st\u00e4llning inom medlemsf\u00f6retag eller ha medlemsf\u00f6retags uppdrag d\u00e4rtill.<\/p>\n\n\n\n<p>\u00c4r du, eller k\u00e4nner du en s\u00e5dan person? D\u00e5 ska du <a href=\"mailto:info@kompetensforetagen.se\">mejla valberedningen<\/a> senast den 28 mars 2024. Mejla namn, titel, CV, f\u00f6retag och kontaktuppgifter tillsammans med en motivering till varf\u00f6r denna person skulle passa som styrelseledamot i Kompetensf\u00f6retagen.<\/p>\n\n\n\n<p><strong>Om valberedningen<\/strong><br>\u00c5rsm\u00f6tet utser en valberedning som har till uppgift att f\u00f6resl\u00e5 styrelseledam\u00f6ter till \u00e5rsm\u00f6tet. Enligt stadgarna ska valberedningen str\u00e4va efter att ge Kompetensf\u00f6retagens styrelse en representativ sammans\u00e4ttning. Valberedningen har fritt mandat att f\u00f6resl\u00e5 valfri sammans\u00e4ttning av styrelsen, men har ocks\u00e5 tydliga riktlinjer att f\u00f6rh\u00e5lla sig till (l\u00e4nka). Valberedningen best\u00e5r i \u00e5r av <a href=\"https:\/\/www.linkedin.com\/in\/desir%C3%A9e-harkn%C3%A4s-a2451a27\/\" target=\"_blank\" rel=\"noreferrer noopener\">Desir\u00e9e Harkn\u00e4s<\/a> (Randstad RiseSmart), <a href=\"https:\/\/www.linkedin.com\/in\/magnus-nordkvist-0a707a20\/\" target=\"_blank\" rel=\"noreferrer noopener\">Magnus Nordkvist<\/a> (Manpower) och <a href=\"https:\/\/www.linkedin.com\/in\/lisa-schuman-a843319\/\" target=\"_blank\" rel=\"noreferrer noopener\">Lisa Schuman<\/a> (Schuman&amp;Partners AB).<\/p>\n\n\n\n      <a href=\"https:\/\/www.kompetensforetagen.se\/kompetensforetagens-styrelse\/\" target=\"_blank\" class=\"Button is-button is-style-fill has-black-background-color has-black-border-color has-white-color Button--arrow-tip\">\n      \n        L\u00e4s mer om v\u00e5r styrelse h\u00e4r.\n      \n      \n                \n                <svg class='icon icon--arrow-tip'  width=\"11\" height=\"16\" viewBox=\"0 0 11 16\" fill=\"none\" xmlns=\"http:\/\/www.w3.org\/2000\/svg\">\n<path d=\"M0.858398 15L9.2304 7.99664L0.967732 1.00001\" stroke=\"black\" stroke-width=\"2\" stroke-miterlimit=\"10\"\/>\n<\/svg>\n\n        \n    <\/a>\n  \n","protected":false},"excerpt":{"rendered":"<p>\u00c4r du intresserad av att kandidera till Kompetensf\u00f6retagens styrelse eller har du f\u00f6rslag p\u00e5 l\u00e4mplig kandidat? D\u00e5 ska du kontakta valberedningen. Valberedningen s\u00f6ker ledam\u00f6ter till Kompetensf\u00f6retagens styrelse inf\u00f6r \u00e5rsm\u00f6tet 16 maj 2024. Styrelsen g\u00f6r ett &hellip;<\/p>\n","protected":false},"author":222,"featured_media":16818,"comment_status":"closed","ping_status":"closed","sticky":false,"template":"","format":"standard","meta":{"_acf_changed":false,"footnotes":""},"categories":[1],"tags":[],"article_type":[8],"agreement":[],"for-members":[],"class_list":["post-16802","post","type-post","status-publish","format-standard","has-post-thumbnail","hentry","category-okategoriserade","type-aktuellt"],"acf":[],"yoast_head":"<!-- This site is optimized with the Yoast SEO Premium plugin v26.8 (Yoast SEO v26.8) - https:\/\/yoast.com\/product\/yoast-seo-premium-wordpress\/ -->\n<title>Valberedningen s\u00f6ker nya styrelseledam\u00f6ter - Kompetensf\u00f6retagen<\/title>\n<meta name=\"description\" content=\"Valberedningen s\u00f6ker ledam\u00f6ter till Kompetensf\u00f6retagens styrelse inf\u00f6r \u00e5rsm\u00f6tet 16 maj 2024. Vi beh\u00f6ver kandidater senast 28 mars.\" \/>\n<meta name=\"robots\" content=\"index, follow, max-snippet:-1, max-image-preview:large, max-video-preview:-1\" \/>\n<link rel=\"canonical\" href=\"https:\/\/www.kompetensforetagen.se\/2024\/03\/valberedningen-soker-nya-styrelseledamoter\/\" \/>\n<meta property=\"og:locale\" content=\"sv_SE\" \/>\n<meta property=\"og:type\" content=\"article\" \/>\n<meta property=\"og:title\" content=\"Valberedningen s\u00f6ker nya styrelseledam\u00f6ter\" \/>\n<meta property=\"og:description\" content=\"Valberedningen s\u00f6ker ledam\u00f6ter till Kompetensf\u00f6retagens styrelse inf\u00f6r \u00e5rsm\u00f6tet 16 maj 2024. Vi beh\u00f6ver kandidater senast 28 mars.\" \/>\n<meta property=\"og:url\" content=\"https:\/\/www.kompetensforetagen.se\/2024\/03\/valberedningen-soker-nya-styrelseledamoter\/\" \/>\n<meta property=\"og:site_name\" content=\"Kompetensf\u00f6retagen\" \/>\n<meta property=\"article:published_time\" content=\"2024-03-04T08:21:13+00:00\" \/>\n<meta property=\"article:modified_time\" content=\"2024-03-05T06:58:18+00:00\" \/>\n<meta property=\"og:image\" content=\"https:\/\/www.kompetensforetagen.se\/app\/uploads\/sites\/5\/2024\/03\/element5-digital-T9CXBZLUvic-unsplash-scaled.jpg\" \/>\n\t<meta property=\"og:image:width\" content=\"2560\" \/>\n\t<meta property=\"og:image:height\" content=\"1707\" \/>\n\t<meta property=\"og:image:type\" content=\"image\/jpeg\" \/>\n<meta name=\"author\" content=\"Fredric Sk\u00e4lstad\" \/>\n<meta name=\"twitter:card\" content=\"summary_large_image\" \/>\n<meta name=\"twitter:label1\" content=\"Skriven av\" \/>\n\t<meta name=\"twitter:data1\" content=\"Fredric Sk\u00e4lstad\" \/>\n\t<meta name=\"twitter:label2\" content=\"Ber\u00e4knad l\u00e4stid\" \/>\n\t<meta name=\"twitter:data2\" content=\"2 minuter\" \/>\n<!-- \/ Yoast SEO Premium plugin. -->","yoast_head_json":{"title":"Valberedningen s\u00f6ker nya styrelseledam\u00f6ter - Kompetensf\u00f6retagen","description":"Valberedningen s\u00f6ker ledam\u00f6ter till Kompetensf\u00f6retagens styrelse inf\u00f6r \u00e5rsm\u00f6tet 16 maj 2024. Vi beh\u00f6ver kandidater senast 28 mars.","robots":{"index":"index","follow":"follow","max-snippet":"max-snippet:-1","max-image-preview":"max-image-preview:large","max-video-preview":"max-video-preview:-1"},"canonical":"https:\/\/www.kompetensforetagen.se\/2024\/03\/valberedningen-soker-nya-styrelseledamoter\/","og_locale":"sv_SE","og_type":"article","og_title":"Valberedningen s\u00f6ker nya styrelseledam\u00f6ter","og_description":"Valberedningen s\u00f6ker ledam\u00f6ter till Kompetensf\u00f6retagens styrelse inf\u00f6r \u00e5rsm\u00f6tet 16 maj 2024. Vi beh\u00f6ver kandidater senast 28 mars.","og_url":"https:\/\/www.kompetensforetagen.se\/2024\/03\/valberedningen-soker-nya-styrelseledamoter\/","og_site_name":"Kompetensf\u00f6retagen","article_published_time":"2024-03-04T08:21:13+00:00","article_modified_time":"2024-03-05T06:58:18+00:00","og_image":[{"width":2560,"height":1707,"url":"https:\/\/www.kompetensforetagen.se\/app\/uploads\/sites\/5\/2024\/03\/element5-digital-T9CXBZLUvic-unsplash-scaled.jpg","type":"image\/jpeg"}],"author":"Fredric Sk\u00e4lstad","twitter_card":"summary_large_image","twitter_misc":{"Skriven av":"Fredric Sk\u00e4lstad","Ber\u00e4knad l\u00e4stid":"2 minuter"},"schema":{"@context":"https:\/\/schema.org","@graph":[{"@type":"Article","@id":"https:\/\/www.kompetensforetagen.se\/2024\/03\/valberedningen-soker-nya-styrelseledamoter\/#article","isPartOf":{"@id":"https:\/\/www.kompetensforetagen.se\/2024\/03\/valberedningen-soker-nya-styrelseledamoter\/"},"author":{"name":"Fredric Sk\u00e4lstad","@id":"https:\/\/www.kompetensforetagen.se\/#\/schema\/person\/72cd48bb411dea15e40f11d726e9eeeb"},"headline":"Valberedningen s\u00f6ker nya styrelseledam\u00f6ter","datePublished":"2024-03-04T08:21:13+00:00","dateModified":"2024-03-05T06:58:18+00:00","mainEntityOfPage":{"@id":"https:\/\/www.kompetensforetagen.se\/2024\/03\/valberedningen-soker-nya-styrelseledamoter\/"},"wordCount":248,"publisher":{"@id":"https:\/\/www.kompetensforetagen.se\/#organization"},"image":{"@id":"https:\/\/www.kompetensforetagen.se\/2024\/03\/valberedningen-soker-nya-styrelseledamoter\/#primaryimage"},"thumbnailUrl":"https:\/\/www.kompetensforetagen.se\/app\/uploads\/sites\/5\/2024\/03\/element5-digital-T9CXBZLUvic-unsplash-scaled.jpg","inLanguage":"sv-SE"},{"@type":"WebPage","@id":"https:\/\/www.kompetensforetagen.se\/2024\/03\/valberedningen-soker-nya-styrelseledamoter\/","url":"https:\/\/www.kompetensforetagen.se\/2024\/03\/valberedningen-soker-nya-styrelseledamoter\/","name":"Valberedningen s\u00f6ker nya styrelseledam\u00f6ter - Kompetensf\u00f6retagen","isPartOf":{"@id":"https:\/\/www.kompetensforetagen.se\/#website"},"primaryImageOfPage":{"@id":"https:\/\/www.kompetensforetagen.se\/2024\/03\/valberedningen-soker-nya-styrelseledamoter\/#primaryimage"},"image":{"@id":"https:\/\/www.kompetensforetagen.se\/2024\/03\/valberedningen-soker-nya-styrelseledamoter\/#primaryimage"},"thumbnailUrl":"https:\/\/www.kompetensforetagen.se\/app\/uploads\/sites\/5\/2024\/03\/element5-digital-T9CXBZLUvic-unsplash-scaled.jpg","datePublished":"2024-03-04T08:21:13+00:00","dateModified":"2024-03-05T06:58:18+00:00","description":"Valberedningen s\u00f6ker ledam\u00f6ter till Kompetensf\u00f6retagens styrelse inf\u00f6r \u00e5rsm\u00f6tet 16 maj 2024. Vi beh\u00f6ver kandidater senast 28 mars.","breadcrumb":{"@id":"https:\/\/www.kompetensforetagen.se\/2024\/03\/valberedningen-soker-nya-styrelseledamoter\/#breadcrumb"},"inLanguage":"sv-SE","potentialAction":[{"@type":"ReadAction","target":["https:\/\/www.kompetensforetagen.se\/2024\/03\/valberedningen-soker-nya-styrelseledamoter\/"]}]},{"@type":"ImageObject","inLanguage":"sv-SE","@id":"https:\/\/www.kompetensforetagen.se\/2024\/03\/valberedningen-soker-nya-styrelseledamoter\/#primaryimage","url":"https:\/\/www.kompetensforetagen.se\/app\/uploads\/sites\/5\/2024\/03\/element5-digital-T9CXBZLUvic-unsplash-scaled.jpg","contentUrl":"https:\/\/www.kompetensforetagen.se\/app\/uploads\/sites\/5\/2024\/03\/element5-digital-T9CXBZLUvic-unsplash-scaled.jpg","width":2560,"height":1707,"caption":"Kompetensf\u00f6retagen: Valberedningen s\u00f6ker nya styrelseledam\u00f6ter"},{"@type":"BreadcrumbList","@id":"https:\/\/www.kompetensforetagen.se\/2024\/03\/valberedningen-soker-nya-styrelseledamoter\/#breadcrumb","itemListElement":[{"@type":"ListItem","position":1,"name":"Home","item":"https:\/\/www.kompetensforetagen.se\/"},{"@type":"ListItem","position":2,"name":"Valberedningen s\u00f6ker nya styrelseledam\u00f6ter"}]},{"@type":"WebSite","@id":"https:\/\/www.kompetensforetagen.se\/#website","url":"https:\/\/www.kompetensforetagen.se\/","name":"Kompetensf\u00f6retagen","description":"R\u00e4tt person p\u00e5 r\u00e4tt plats kan f\u00f6r\u00e4ndra v\u00e4rlden","publisher":{"@id":"https:\/\/www.kompetensforetagen.se\/#organization"},"potentialAction":[{"@type":"SearchAction","target":{"@type":"EntryPoint","urlTemplate":"https:\/\/www.kompetensforetagen.se\/?s={search_term_string}"},"query-input":{"@type":"PropertyValueSpecification","valueRequired":true,"valueName":"search_term_string"}}],"inLanguage":"sv-SE"},{"@type":"Organization","@id":"https:\/\/www.kompetensforetagen.se\/#organization","name":"Kompetensf\u00f6retagen","url":"https:\/\/www.kompetensforetagen.se\/","logo":{"@type":"ImageObject","inLanguage":"sv-SE","@id":"https:\/\/www.kompetensforetagen.se\/#\/schema\/logo\/image\/","url":"https:\/\/www.kompetensforetagen.se\/app\/uploads\/sites\/5\/2022\/10\/logga_svart.png","contentUrl":"https:\/\/www.kompetensforetagen.se\/app\/uploads\/sites\/5\/2022\/10\/logga_svart.png","width":752,"height":64,"caption":"Kompetensf\u00f6retagen"},"image":{"@id":"https:\/\/www.kompetensforetagen.se\/#\/schema\/logo\/image\/"},"sameAs":["https:\/\/www.linkedin.com\/company\/10540032\/"]},{"@type":"Person","@id":"https:\/\/www.kompetensforetagen.se\/#\/schema\/person\/72cd48bb411dea15e40f11d726e9eeeb","name":"Fredric Sk\u00e4lstad","image":{"@type":"ImageObject","inLanguage":"sv-SE","@id":"https:\/\/www.kompetensforetagen.se\/#\/schema\/person\/image\/","url":"https:\/\/secure.gravatar.com\/avatar\/64f20bf3ac13c78aedd6054f495d1a00b38234d6bf532fa3b1cb3ff0bcc24f8d?s=96&d=mm&r=g","contentUrl":"https:\/\/secure.gravatar.com\/avatar\/64f20bf3ac13c78aedd6054f495d1a00b38234d6bf532fa3b1cb3ff0bcc24f8d?s=96&d=mm&r=g","caption":"Fredric Sk\u00e4lstad"},"description":"Fredric \u00e4r n\u00e4ringspolitisk chef p\u00e5 Kompetensf\u00f6retagen.","url":"https:\/\/www.kompetensforetagen.se\/person\/fredricskalstad\/"}]}},"_links":{"self":[{"href":"https:\/\/www.kompetensforetagen.se\/api\/wp\/v2\/posts\/16802","targetHints":{"allow":["GET"]}}],"collection":[{"href":"https:\/\/www.kompetensforetagen.se\/api\/wp\/v2\/posts"}],"about":[{"href":"https:\/\/www.kompetensforetagen.se\/api\/wp\/v2\/types\/post"}],"author":[{"embeddable":true,"href":"https:\/\/www.kompetensforetagen.se\/api\/wp\/v2\/users\/222"}],"replies":[{"embeddable":true,"href":"https:\/\/www.kompetensforetagen.se\/api\/wp\/v2\/comments?post=16802"}],"version-history":[{"count":10,"href":"https:\/\/www.kompetensforetagen.se\/api\/wp\/v2\/posts\/16802\/revisions"}],"predecessor-version":[{"id":16814,"href":"https:\/\/www.kompetensforetagen.se\/api\/wp\/v2\/posts\/16802\/revisions\/16814"}],"wp:featuredmedia":[{"embeddable":true,"href":"https:\/\/www.kompetensforetagen.se\/api\/wp\/v2\/media\/16818"}],"wp:attachment":[{"href":"https:\/\/www.kompetensforetagen.se\/api\/wp\/v2\/media?parent=16802"}],"wp:term":[{"taxonomy":"category","embeddable":true,"href":"https:\/\/www.kompetensforetagen.se\/api\/wp\/v2\/categories?post=16802"},{"taxonomy":"post_tag","embeddable":true,"href":"https:\/\/www.kompetensforetagen.se\/api\/wp\/v2\/tags?post=16802"},{"taxonomy":"type","embeddable":true,"href":"https:\/\/www.kompetensforetagen.se\/api\/wp\/v2\/article_type?post=16802"},{"taxonomy":"agreement","embeddable":true,"href":"https:\/\/www.kompetensforetagen.se\/api\/wp\/v2\/agreement?post=16802"},{"taxonomy":"for-members","embeddable":true,"href":"https:\/\/www.kompetensforetagen.se\/api\/wp\/v2\/for-members?post=16802"}],"curies":[{"name":"wp","href":"https:\/\/api.w.org\/{rel}","templated":true}]}}