{"id":16749,"date":"2024-02-26T14:55:56","date_gmt":"2024-02-26T13:55:56","guid":{"rendered":"https:\/\/www.kompetensforetagen.se\/?p=16749"},"modified":"2024-02-26T14:55:57","modified_gmt":"2024-02-26T13:55:57","slug":"hyrstopp-med-hogt-pris","status":"publish","type":"post","link":"https:\/\/www.kompetensforetagen.se\/2024\/02\/hyrstopp-med-hogt-pris\/","title":{"rendered":"Hyrstopp med h\u00f6gt pris"},"content":{"rendered":"\n<p>Regionernas hyrstopp kommer med ett h\u00f6gt pris. Inhyrda sjuksk\u00f6terskor och l\u00e4kare avlastar de ordinarie medarbetarna, kortar operationsk\u00f6erna och h\u00e5ller v\u00e5rdplatserna \u00f6ppna.<\/p>\n\n\n\n<p>Sveriges kommuner och regioner (SKR) nya rapport <a href=\"https:\/\/skr.se\/download\/18.c83ba1818d7896b085e9944\/1708648094808\/Kostnader-for-inhyrd-personal-halso-och-sjukvarden-2023.pdf\" target=\"_blank\" rel=\"noreferrer noopener\">Bemanningstrend inhyrd personal<\/a> visar att v\u00e5rdkonsulterna utg\u00f6r 5,1 procent av regionernas totala personalkostnader. De riktigt h\u00f6ga hyrnotorna finns i norra Norrland d\u00e4r det \u00e4r sv\u00e5rt att rekrytera fastanst\u00e4llda l\u00e4kare och sjuksk\u00f6terskor. I landets befolkningsm\u00e4ssigt st\u00f6rsta regioner (Stockholm V\u00e4stra G\u00f6taland och Sk\u00e5ne) \u00e4r kostnaden strax \u00f6ver \u201dm\u00e5let\u201d p\u00e5 tv\u00e5 procent. Det \u00e4r v\u00e4rt att notera att de svenska siffrorna inte sticker ut i ett internationellt perspektiv \u2013 h\u00f6gre \u00e4n i Norge, men l\u00e4gre \u00e4n exempelvis Tyskland och Nederl\u00e4nderna.<\/p>\n\n\n\n<blockquote class=\"wp-block-quote is-layout-flow wp-block-quote-is-layout-flow\">\n<p>Runt om i landet larmar sjuksk\u00f6terskor och l\u00e4kare om en alltmer anstr\u00e4ngd situation i v\u00e5rden<\/p>\n<\/blockquote>\n\n\n\n<p>Det \u00e4r fullt f\u00f6rst\u00e5eligt att regionerna vill minska sina hyrkostnader och f\u00e5 fler att ta en direktanst\u00e4llning. Men hyrstoppet kommer med ett h\u00f6gt pris. Runt om i landet larmar sjuksk\u00f6terskor och l\u00e4kare om en alltmer anstr\u00e4ngd situation i v\u00e5rden. Operationer st\u00e4lls in, pressen p\u00e5 den ordinarie personalen \u00f6kar och v\u00e5rdplatser f\u00e5r st\u00e4nga.<\/p>\n\n\n\n<p>Inget talar heller f\u00f6r att l\u00e4karna och sjuksk\u00f6terskorna som arbetar f\u00f6r bemanningsf\u00f6retag kommer att ta en direktanst\u00e4llning hos regionerna. Vi har bett Demoskop unders\u00f6ka vad v\u00e5rdkonsulterna sj\u00e4lva tycker. Svaret \u00e4r tydligt: tv\u00e5 av tre \u00e4r inte intresserade av att ta en anst\u00e4llning i regionen. N\u00e5gra kommer att s\u00f6ka sig till privata v\u00e5rdgivare, andra till kommunerna. Det skr\u00e4mmande \u00e4r att m\u00e5nga kommer att l\u00e4mna v\u00e5rden helt. Det \u00e4r en braindrain svensk sjukv\u00e5rd inte har r\u00e5d med.<\/p>\n\n\n\n<p>L\u00e4karna och sjuksk\u00f6terskorna som arbetar inom v\u00e5rdbemanning har i m\u00e5nga fall s\u00f6kt sig bort fr\u00e5n regionerna. De vill ha st\u00f6rre inflytande \u00f6ver sin arbetstid och sitt arbetsliv. De v\u00e4rdes\u00e4tter flexibiliteten hos bemanningsf\u00f6retagen. Arbetsmilj\u00f6n och den kr\u00e4vande situationen \u00e4r d\u00e4rf\u00f6r det stora hindret f\u00f6r regionernas rekrytering av nya medarbetare. Utan att ta tag i grundproblemet hj\u00e4lper inget hyrstopp. Resultatet blir bara f\u00f6rs\u00e4mringar f\u00f6r patienterna och mer arbete f\u00f6r personalen.<\/p>\n\n\n\n<p><\/p>\n","protected":false},"excerpt":{"rendered":"<p>Regionernas hyrstopp kommer med ett h\u00f6gt pris. Inhyrda sjuksk\u00f6terskor och l\u00e4kare avlastar de ordinarie medarbetarna, kortar operationsk\u00f6erna och h\u00e5ller v\u00e5rdplatserna \u00f6ppna. Sveriges kommuner och regioner (SKR) nya rapport Bemanningstrend inhyrd personal visar att v\u00e5rdkonsulterna utg\u00f6r &hellip;<\/p>\n","protected":false},"author":6358,"featured_media":16752,"comment_status":"closed","ping_status":"closed","sticky":false,"template":"","format":"standard","meta":{"_acf_changed":false,"footnotes":""},"categories":[5],"tags":[],"article_type":[211],"agreement":[],"for-members":[],"class_list":["post-16749","post","type-post","status-publish","format-standard","has-post-thumbnail","hentry","category-vard","type-blogg"],"acf":[],"yoast_head":"<!-- This site is optimized with the Yoast SEO Premium plugin v26.8 (Yoast SEO v26.8) - https:\/\/yoast.com\/product\/yoast-seo-premium-wordpress\/ -->\n<title>Hyrstopp med h\u00f6gt pris I Kompetensf\u00f6retagen<\/title>\n<meta name=\"description\" content=\"SKR m\u00e5ste ta tag i grundproblemet, annars hj\u00e4lper inget hyrstopp. Resultatet blir f\u00f6rs\u00e4mringar f\u00f6r patienterna och mer arbete f\u00f6r personalen.\" \/>\n<meta name=\"robots\" content=\"index, follow, max-snippet:-1, max-image-preview:large, max-video-preview:-1\" \/>\n<link rel=\"canonical\" href=\"https:\/\/www.kompetensforetagen.se\/2024\/02\/hyrstopp-med-hogt-pris\/\" \/>\n<meta property=\"og:locale\" content=\"sv_SE\" \/>\n<meta property=\"og:type\" content=\"article\" \/>\n<meta property=\"og:title\" content=\"Hyrstopp med h\u00f6gt pris\" \/>\n<meta property=\"og:description\" content=\"SKR m\u00e5ste ta tag i grundproblemet, annars hj\u00e4lper inget hyrstopp. Resultatet blir f\u00f6rs\u00e4mringar f\u00f6r patienterna och mer arbete f\u00f6r personalen.\" \/>\n<meta property=\"og:url\" content=\"https:\/\/www.kompetensforetagen.se\/2024\/02\/hyrstopp-med-hogt-pris\/\" \/>\n<meta property=\"og:site_name\" content=\"Kompetensf\u00f6retagen\" \/>\n<meta property=\"article:published_time\" content=\"2024-02-26T13:55:56+00:00\" \/>\n<meta property=\"article:modified_time\" content=\"2024-02-26T13:55:57+00:00\" \/>\n<meta property=\"og:image\" content=\"https:\/\/www.kompetensforetagen.se\/app\/uploads\/sites\/5\/2024\/02\/Hog-kostnad-for-hyrstopp-i-varden.-1.png\" \/>\n\t<meta property=\"og:image:width\" content=\"1920\" \/>\n\t<meta property=\"og:image:height\" content=\"1080\" \/>\n\t<meta property=\"og:image:type\" content=\"image\/png\" \/>\n<meta name=\"twitter:card\" content=\"summary_large_image\" \/>\n<meta name=\"twitter:label1\" content=\"Skriven av\" \/>\n\t<meta name=\"twitter:data1\" content=\"\" \/>\n\t<meta name=\"twitter:label2\" content=\"Ber\u00e4knad l\u00e4stid\" \/>\n\t<meta name=\"twitter:data2\" content=\"2 minuter\" \/>\n<!-- \/ Yoast SEO Premium plugin. -->","yoast_head_json":{"title":"Hyrstopp med h\u00f6gt pris I Kompetensf\u00f6retagen","description":"SKR m\u00e5ste ta tag i grundproblemet, annars hj\u00e4lper inget hyrstopp. Resultatet blir f\u00f6rs\u00e4mringar f\u00f6r patienterna och mer arbete f\u00f6r personalen.","robots":{"index":"index","follow":"follow","max-snippet":"max-snippet:-1","max-image-preview":"max-image-preview:large","max-video-preview":"max-video-preview:-1"},"canonical":"https:\/\/www.kompetensforetagen.se\/2024\/02\/hyrstopp-med-hogt-pris\/","og_locale":"sv_SE","og_type":"article","og_title":"Hyrstopp med h\u00f6gt pris","og_description":"SKR m\u00e5ste ta tag i grundproblemet, annars hj\u00e4lper inget hyrstopp. Resultatet blir f\u00f6rs\u00e4mringar f\u00f6r patienterna och mer arbete f\u00f6r personalen.","og_url":"https:\/\/www.kompetensforetagen.se\/2024\/02\/hyrstopp-med-hogt-pris\/","og_site_name":"Kompetensf\u00f6retagen","article_published_time":"2024-02-26T13:55:56+00:00","article_modified_time":"2024-02-26T13:55:57+00:00","og_image":[{"width":1920,"height":1080,"url":"https:\/\/www.kompetensforetagen.se\/app\/uploads\/sites\/5\/2024\/02\/Hog-kostnad-for-hyrstopp-i-varden.-1.png","type":"image\/png"}],"twitter_card":"summary_large_image","twitter_misc":{"Skriven av":"","Ber\u00e4knad l\u00e4stid":"2 minuter"},"schema":{"@context":"https:\/\/schema.org","@graph":[{"@type":"Article","@id":"https:\/\/www.kompetensforetagen.se\/2024\/02\/hyrstopp-med-hogt-pris\/#article","isPartOf":{"@id":"https:\/\/www.kompetensforetagen.se\/2024\/02\/hyrstopp-med-hogt-pris\/"},"author":{"name":"","@id":""},"headline":"Hyrstopp med h\u00f6gt pris","datePublished":"2024-02-26T13:55:56+00:00","dateModified":"2024-02-26T13:55:57+00:00","mainEntityOfPage":{"@id":"https:\/\/www.kompetensforetagen.se\/2024\/02\/hyrstopp-med-hogt-pris\/"},"wordCount":397,"publisher":{"@id":"https:\/\/www.kompetensforetagen.se\/#organization"},"image":{"@id":"https:\/\/www.kompetensforetagen.se\/2024\/02\/hyrstopp-med-hogt-pris\/#primaryimage"},"thumbnailUrl":"https:\/\/www.kompetensforetagen.se\/app\/uploads\/sites\/5\/2024\/02\/Hog-kostnad-for-hyrstopp-i-varden.-1.png","articleSection":["V\u00e5rdbemanning"],"inLanguage":"sv-SE"},{"@type":"WebPage","@id":"https:\/\/www.kompetensforetagen.se\/2024\/02\/hyrstopp-med-hogt-pris\/","url":"https:\/\/www.kompetensforetagen.se\/2024\/02\/hyrstopp-med-hogt-pris\/","name":"Hyrstopp med h\u00f6gt pris I Kompetensf\u00f6retagen","isPartOf":{"@id":"https:\/\/www.kompetensforetagen.se\/#website"},"primaryImageOfPage":{"@id":"https:\/\/www.kompetensforetagen.se\/2024\/02\/hyrstopp-med-hogt-pris\/#primaryimage"},"image":{"@id":"https:\/\/www.kompetensforetagen.se\/2024\/02\/hyrstopp-med-hogt-pris\/#primaryimage"},"thumbnailUrl":"https:\/\/www.kompetensforetagen.se\/app\/uploads\/sites\/5\/2024\/02\/Hog-kostnad-for-hyrstopp-i-varden.-1.png","datePublished":"2024-02-26T13:55:56+00:00","dateModified":"2024-02-26T13:55:57+00:00","description":"SKR m\u00e5ste ta tag i grundproblemet, annars hj\u00e4lper inget hyrstopp. Resultatet blir f\u00f6rs\u00e4mringar f\u00f6r patienterna och mer arbete f\u00f6r personalen.","breadcrumb":{"@id":"https:\/\/www.kompetensforetagen.se\/2024\/02\/hyrstopp-med-hogt-pris\/#breadcrumb"},"inLanguage":"sv-SE","potentialAction":[{"@type":"ReadAction","target":["https:\/\/www.kompetensforetagen.se\/2024\/02\/hyrstopp-med-hogt-pris\/"]}]},{"@type":"ImageObject","inLanguage":"sv-SE","@id":"https:\/\/www.kompetensforetagen.se\/2024\/02\/hyrstopp-med-hogt-pris\/#primaryimage","url":"https:\/\/www.kompetensforetagen.se\/app\/uploads\/sites\/5\/2024\/02\/Hog-kostnad-for-hyrstopp-i-varden.-1.png","contentUrl":"https:\/\/www.kompetensforetagen.se\/app\/uploads\/sites\/5\/2024\/02\/Hog-kostnad-for-hyrstopp-i-varden.-1.png","width":1920,"height":1080,"caption":"Grafik: Analys av h\u00f6g kostnad f\u00f6r hyrstopp i v\u00e5rden."},{"@type":"BreadcrumbList","@id":"https:\/\/www.kompetensforetagen.se\/2024\/02\/hyrstopp-med-hogt-pris\/#breadcrumb","itemListElement":[{"@type":"ListItem","position":1,"name":"Home","item":"https:\/\/www.kompetensforetagen.se\/"},{"@type":"ListItem","position":2,"name":"Hyrstopp med h\u00f6gt pris"}]},{"@type":"WebSite","@id":"https:\/\/www.kompetensforetagen.se\/#website","url":"https:\/\/www.kompetensforetagen.se\/","name":"Kompetensf\u00f6retagen","description":"R\u00e4tt person p\u00e5 r\u00e4tt plats kan f\u00f6r\u00e4ndra v\u00e4rlden","publisher":{"@id":"https:\/\/www.kompetensforetagen.se\/#organization"},"potentialAction":[{"@type":"SearchAction","target":{"@type":"EntryPoint","urlTemplate":"https:\/\/www.kompetensforetagen.se\/?s={search_term_string}"},"query-input":{"@type":"PropertyValueSpecification","valueRequired":true,"valueName":"search_term_string"}}],"inLanguage":"sv-SE"},{"@type":"Organization","@id":"https:\/\/www.kompetensforetagen.se\/#organization","name":"Kompetensf\u00f6retagen","url":"https:\/\/www.kompetensforetagen.se\/","logo":{"@type":"ImageObject","inLanguage":"sv-SE","@id":"https:\/\/www.kompetensforetagen.se\/#\/schema\/logo\/image\/","url":"https:\/\/www.kompetensforetagen.se\/app\/uploads\/sites\/5\/2022\/10\/logga_svart.png","contentUrl":"https:\/\/www.kompetensforetagen.se\/app\/uploads\/sites\/5\/2022\/10\/logga_svart.png","width":752,"height":64,"caption":"Kompetensf\u00f6retagen"},"image":{"@id":"https:\/\/www.kompetensforetagen.se\/#\/schema\/logo\/image\/"},"sameAs":["https:\/\/www.linkedin.com\/company\/10540032\/"]},{"@type":"Person","@id":"","url":"https:\/\/www.kompetensforetagen.se\/person\/"}]}},"_links":{"self":[{"href":"https:\/\/www.kompetensforetagen.se\/api\/wp\/v2\/posts\/16749","targetHints":{"allow":["GET"]}}],"collection":[{"href":"https:\/\/www.kompetensforetagen.se\/api\/wp\/v2\/posts"}],"about":[{"href":"https:\/\/www.kompetensforetagen.se\/api\/wp\/v2\/types\/post"}],"author":[{"embeddable":true,"href":"https:\/\/www.kompetensforetagen.se\/api\/wp\/v2\/users\/6358"}],"replies":[{"embeddable":true,"href":"https:\/\/www.kompetensforetagen.se\/api\/wp\/v2\/comments?post=16749"}],"version-history":[{"count":5,"href":"https:\/\/www.kompetensforetagen.se\/api\/wp\/v2\/posts\/16749\/revisions"}],"predecessor-version":[{"id":16756,"href":"https:\/\/www.kompetensforetagen.se\/api\/wp\/v2\/posts\/16749\/revisions\/16756"}],"wp:featuredmedia":[{"embeddable":true,"href":"https:\/\/www.kompetensforetagen.se\/api\/wp\/v2\/media\/16752"}],"wp:attachment":[{"href":"https:\/\/www.kompetensforetagen.se\/api\/wp\/v2\/media?parent=16749"}],"wp:term":[{"taxonomy":"category","embeddable":true,"href":"https:\/\/www.kompetensforetagen.se\/api\/wp\/v2\/categories?post=16749"},{"taxonomy":"post_tag","embeddable":true,"href":"https:\/\/www.kompetensforetagen.se\/api\/wp\/v2\/tags?post=16749"},{"taxonomy":"type","embeddable":true,"href":"https:\/\/www.kompetensforetagen.se\/api\/wp\/v2\/article_type?post=16749"},{"taxonomy":"agreement","embeddable":true,"href":"https:\/\/www.kompetensforetagen.se\/api\/wp\/v2\/agreement?post=16749"},{"taxonomy":"for-members","embeddable":true,"href":"https:\/\/www.kompetensforetagen.se\/api\/wp\/v2\/for-members?post=16749"}],"curies":[{"name":"wp","href":"https:\/\/api.w.org\/{rel}","templated":true}]}}