{"id":16676,"date":"2024-02-13T09:37:49","date_gmt":"2024-02-13T08:37:49","guid":{"rendered":"https:\/\/www.kompetensforetagen.se\/?p=16676"},"modified":"2024-02-27T10:43:21","modified_gmt":"2024-02-27T09:43:21","slug":"auktorisationen-ar-en-kvalitetsstampel","status":"publish","type":"post","link":"https:\/\/www.kompetensforetagen.se\/2024\/02\/auktorisationen-ar-en-kvalitetsstampel\/","title":{"rendered":"Auktorisationen skapar trygghet f\u00f6r kunder och medarbetare"},"content":{"rendered":"\n<p><a href=\"https:\/\/www.wrkfrc.se\/\" target=\"_blank\" rel=\"noreferrer noopener\">WRKFRC<\/a>, med s\u00e4te p\u00e5 Hisingen i G\u00f6teborg, \u00e4r auktoriserade inom b\u00e5de rekrytering och bemanning. Robert Albers \u00e4r CEO p\u00e5 f\u00f6retaget, som i stor utstr\u00e4ckning kompetensf\u00f6rs\u00f6rjer inom industrin. Han har jobbat inom kompetensbranschen i mer \u00e4n tv\u00e5 decennier, och har d\u00e4rmed ocks\u00e5 ett l\u00e5ngt historiskt perspektiv p\u00e5 den viktiga auktorisationen. Det delar han g\u00e4rna med sig av. <\/p>\n\n\n\n<p><strong>Varf\u00f6r \u00e4r ni auktoriserade?<\/strong><br>&#8211; Framf\u00f6rallt f\u00f6r att det skapar trygghet f\u00f6r v\u00e5ra kunder och medarbetare. Att v\u00e5rt bolag \u00e4r auktoriserat verifierar ocks\u00e5 att vi \u00e4r en seri\u00f6s akt\u00f6r p\u00e5 marknaden som f\u00f6ljer lagar, kollektivavtal men \u00e4ven den moraliska aspekten p\u00e5 att vara en god arbetsgivare.<\/p>\n\n\n\n<blockquote class=\"wp-block-quote is-layout-flow wp-block-quote-is-layout-flow\">\n<p>Det v\u00e4ger lika tungt idag<\/p>\n<\/blockquote>\n\n\n\n<p><strong>Anser ni att kunder efterfr\u00e5gar om ni \u00e4r auktoriserade?<\/strong><br>&#8211; Jag har jobbat inom bemanning och rekrytering i cirka 23 \u00e5r, n\u00e4r vi missionerade <a href=\"https:\/\/www.kompetensforetagen.se\/auktorisation\/\" target=\"_blank\" rel=\"noreferrer noopener\">auktorisationen<\/a> i b\u00f6rjan p\u00e5 2000-talet s\u00e5 v\u00e4gde det tungt, och vi anv\u00e4nde och vann p\u00e5 det. Det v\u00e4ger lika tungt idag men fr\u00e5gan kommer mer s\u00e4llan upp. Det \u00e4r en effekt av att tilliten \u00e4r starkare idag generellt till v\u00e5r bransch. Vi p\u00e5 WRKFRC har ocks\u00e5 &nbsp;gedigen och n\u00e4ra relation till v\u00e5ra fackliga parter som ocks\u00e5 bygger p\u00e5 tillit. De vet att vi hanterar v\u00e5ra medarbetare korrekt, likv\u00e4l som v\u00e5ra kunder.<\/p>\n\n\n\n<blockquote class=\"wp-block-quote is-layout-flow wp-block-quote-is-layout-flow\">\n<p>Sj\u00e4lvklart \u00e4r det en kvalitetsst\u00e4mpel som vi mer \u00e4n g\u00e4rna marknadsf\u00f6r<\/p>\n<\/blockquote>\n\n\n\n<p><strong>P\u00e5 vilket s\u00e4tt tror ni att auktorisation \u00e4r viktig f\u00f6r ditt varum\u00e4rke och branschen anseende?<br><\/strong>&#8211; Sj\u00e4lvklart \u00e4r det en kvalitetsst\u00e4mpel som vi mer \u00e4n g\u00e4rna marknadsf\u00f6r. Att WRKFRC och kompetensf\u00f6retagen syns ihop, i samtliga sammanhang st\u00e4rker varum\u00e4rket, som f\u00f6r v\u00e5ra konkurrenter.<\/p>\n\n\n\n<p><strong>Vill ni till\u00e4gga n\u00e5got?<br><\/strong>&#8211; Vi \u00e4r n\u00f6jda med det st\u00f6d vi har f\u00e5tt fr\u00e5n Kompetensf\u00f6retagen och f\u00f6r att man har m\u00f6jligheten att diskutera fram r\u00e4tt l\u00f6sningar inf\u00f6r utmaningar. Jag hoppas vi gemensamt kan p\u00e5verka f\u00f6ruts\u00e4ttningar och att Kompetensf\u00f6retagen h\u00e5ller sig n\u00e4ra sina medlemmars verklighet, nu och i framtiden.<\/p>\n\n\n\n      <a href=\"https:\/\/www.kompetensforetagen.se\/auktorisation\/\" target=\"_blank\" class=\"Button is-button is-style-fill has-green-background-color has-green-border-color has-white-color Button--squiggly-arrow-link\">\n      \n        L\u00e4s mer om v\u00e5r auktorisation\n      \n      \n                \n                <svg class='icon icon--squiggly-arrow-link'  width=\"114\" height=\"36\" viewBox=\"0 0 114 36\" fill=\"none\" xmlns=\"http:\/\/www.w3.org\/2000\/svg\">\n<path d=\"M0.591797 18.5C7.0918 18.5 11.5209 19.9081 13.4345 14.5C14.3308 11.9657 14.3461 11.9541 15.0839 9.38315C15.7735 6.97969 17.3449 4.54993 19.8345 3.93399C22.9224 3.16984 26.0805 5.67017 27.0204 8.62798C27.9603 11.5851 27.243 14.7829 26.3407 17.751C25.4378 20.719 24.34 23.7256 24.5322 26.8156C24.7244 29.9049 26.6162 33.154 29.7193 33.8559C33.0114 34.5995 36.3563 32.146 37.6741 29.1234C38.9912 26.0995 38.7745 22.6791 38.4839 19.4082C38.1926 16.1373 37.8656 12.7464 38.9918 9.65134C40.1187 6.55559 43.1657 3.84801 46.5259 4.19961C49.9434 4.55763 52.3227 7.90617 52.8134 11.2104C53.3042 14.5147 52.3993 17.8408 51.8259 21.1322C51.2526 24.4237 51.0624 28.0141 52.8029 30.8923C54.221 33.2393 56.8902 34.826 59.6869 34.9864C62.4836 35.1468 65.3259 33.8758 67.0188 31.7072C69.5136 28.5126 69.3227 24.0689 68.5255 20.1345C67.7289 16.1996 66.4369 12.2139 67.1225 8.2597C67.8081 4.30548 71.3849 0.426331 75.4597 1.0705C78.5034 1.55171 80.6627 4.37413 81.4078 7.28189C82.1528 10.189 81.8133 13.2366 81.7711 16.2323C81.7288 19.2279 82.0551 22.4052 83.8874 24.8144C86.657 28.4555 91.9762 29.2197 96.6072 28.7147C101.239 28.2098 105.813 25.7501 110.457 26.1383\" stroke=\"black\" stroke-width=\"2\" stroke-miterlimit=\"10\"\/>\n<path d=\"M105.097 35L111.68 25.3613L102.457 18.2063\" stroke=\"black\" stroke-width=\"2\" stroke-miterlimit=\"10\"\/>\n<\/svg>\n\n        \n    <\/a>\n  \n","protected":false},"excerpt":{"rendered":"<p>WRKFRC, med s\u00e4te p\u00e5 Hisingen i G\u00f6teborg, \u00e4r auktoriserade inom b\u00e5de rekrytering och bemanning. Robert Albers \u00e4r CEO p\u00e5 f\u00f6retaget, som i stor utstr\u00e4ckning kompetensf\u00f6rs\u00f6rjer inom industrin. Han har jobbat inom kompetensbranschen i mer \u00e4n &hellip;<\/p>\n","protected":false},"author":14830,"featured_media":16695,"comment_status":"closed","ping_status":"closed","sticky":false,"template":"","format":"standard","meta":{"_acf_changed":false,"footnotes":""},"categories":[17],"tags":[],"article_type":[219],"agreement":[],"for-members":[],"class_list":["post-16676","post","type-post","status-publish","format-standard","has-post-thumbnail","hentry","category-auktorisation","type-nyhet"],"acf":[],"yoast_head":"<!-- This site is optimized with the Yoast SEO Premium plugin v26.8 (Yoast SEO v26.8) - https:\/\/yoast.com\/product\/yoast-seo-premium-wordpress\/ -->\n<title>Auktorisationen skapar trygghet f\u00f6r kunder och medarbetare Auktorisationen skapar trygghet f\u00f6r kunder och medarbetare - Kompetensf\u00f6retagen Auktorisationen skapar trygghet f\u00f6r kunder och medarbetare<\/title>\n<meta name=\"description\" content=\"Auktorisationen skapar trygghet f\u00f6r kunder och medarbetare, s\u00e4ger Robert Albers \u00e4r CEO p\u00e5 f\u00f6retaget WRKFRC.\" \/>\n<meta name=\"robots\" content=\"index, follow, max-snippet:-1, max-image-preview:large, max-video-preview:-1\" \/>\n<link rel=\"canonical\" href=\"https:\/\/www.kompetensforetagen.se\/2024\/02\/auktorisationen-ar-en-kvalitetsstampel\/\" \/>\n<meta property=\"og:locale\" content=\"sv_SE\" \/>\n<meta property=\"og:type\" content=\"article\" \/>\n<meta property=\"og:title\" content=\"Auktorisationen skapar trygghet f\u00f6r kunder och medarbetare\" \/>\n<meta property=\"og:description\" content=\"Auktorisationen skapar trygghet f\u00f6r kunder och medarbetare, s\u00e4ger Robert Albers \u00e4r CEO p\u00e5 f\u00f6retaget WRKFRC.\" \/>\n<meta property=\"og:url\" content=\"https:\/\/www.kompetensforetagen.se\/2024\/02\/auktorisationen-ar-en-kvalitetsstampel\/\" \/>\n<meta property=\"og:site_name\" content=\"Kompetensf\u00f6retagen\" \/>\n<meta property=\"article:published_time\" content=\"2024-02-13T08:37:49+00:00\" \/>\n<meta property=\"article:modified_time\" content=\"2024-02-27T09:43:21+00:00\" \/>\n<meta property=\"og:image\" content=\"https:\/\/www.kompetensforetagen.se\/app\/uploads\/sites\/5\/2024\/02\/Rubrik-3-1180x834.png\" \/>\n\t<meta property=\"og:image:width\" content=\"1180\" \/>\n\t<meta property=\"og:image:height\" content=\"834\" \/>\n\t<meta property=\"og:image:type\" content=\"image\/png\" \/>\n<meta name=\"author\" content=\"camillagunnar2\" \/>\n<meta name=\"twitter:card\" content=\"summary_large_image\" \/>\n<meta name=\"twitter:label1\" content=\"Skriven av\" \/>\n\t<meta name=\"twitter:data1\" content=\"camillagunnar2\" \/>\n\t<meta name=\"twitter:label2\" content=\"Ber\u00e4knad l\u00e4stid\" \/>\n\t<meta name=\"twitter:data2\" content=\"2 minuter\" \/>\n<!-- \/ Yoast SEO Premium plugin. -->","yoast_head_json":{"title":"Auktorisationen skapar trygghet f\u00f6r kunder och medarbetare Auktorisationen skapar trygghet f\u00f6r kunder och medarbetare - Kompetensf\u00f6retagen Auktorisationen skapar trygghet f\u00f6r kunder och medarbetare","description":"Auktorisationen skapar trygghet f\u00f6r kunder och medarbetare, s\u00e4ger Robert Albers \u00e4r CEO p\u00e5 f\u00f6retaget WRKFRC.","robots":{"index":"index","follow":"follow","max-snippet":"max-snippet:-1","max-image-preview":"max-image-preview:large","max-video-preview":"max-video-preview:-1"},"canonical":"https:\/\/www.kompetensforetagen.se\/2024\/02\/auktorisationen-ar-en-kvalitetsstampel\/","og_locale":"sv_SE","og_type":"article","og_title":"Auktorisationen skapar trygghet f\u00f6r kunder och medarbetare","og_description":"Auktorisationen skapar trygghet f\u00f6r kunder och medarbetare, s\u00e4ger Robert Albers \u00e4r CEO p\u00e5 f\u00f6retaget WRKFRC.","og_url":"https:\/\/www.kompetensforetagen.se\/2024\/02\/auktorisationen-ar-en-kvalitetsstampel\/","og_site_name":"Kompetensf\u00f6retagen","article_published_time":"2024-02-13T08:37:49+00:00","article_modified_time":"2024-02-27T09:43:21+00:00","og_image":[{"width":1180,"height":834,"url":"https:\/\/www.kompetensforetagen.se\/app\/uploads\/sites\/5\/2024\/02\/Rubrik-3-1180x834.png","type":"image\/png"}],"author":"camillagunnar2","twitter_card":"summary_large_image","twitter_misc":{"Skriven av":"camillagunnar2","Ber\u00e4knad l\u00e4stid":"2 minuter"},"schema":{"@context":"https:\/\/schema.org","@graph":[{"@type":"Article","@id":"https:\/\/www.kompetensforetagen.se\/2024\/02\/auktorisationen-ar-en-kvalitetsstampel\/#article","isPartOf":{"@id":"https:\/\/www.kompetensforetagen.se\/2024\/02\/auktorisationen-ar-en-kvalitetsstampel\/"},"author":{"name":"camillagunnar2","@id":"https:\/\/www.kompetensforetagen.se\/#\/schema\/person\/94b8ea93ef0611b1467f15023d9ebd1b"},"headline":"Auktorisationen skapar trygghet f\u00f6r kunder och medarbetare","datePublished":"2024-02-13T08:37:49+00:00","dateModified":"2024-02-27T09:43:21+00:00","mainEntityOfPage":{"@id":"https:\/\/www.kompetensforetagen.se\/2024\/02\/auktorisationen-ar-en-kvalitetsstampel\/"},"wordCount":380,"publisher":{"@id":"https:\/\/www.kompetensforetagen.se\/#organization"},"image":{"@id":"https:\/\/www.kompetensforetagen.se\/2024\/02\/auktorisationen-ar-en-kvalitetsstampel\/#primaryimage"},"thumbnailUrl":"https:\/\/www.kompetensforetagen.se\/app\/uploads\/sites\/5\/2024\/02\/Rubrik-3.png","articleSection":["Auktorisation"],"inLanguage":"sv-SE"},{"@type":"WebPage","@id":"https:\/\/www.kompetensforetagen.se\/2024\/02\/auktorisationen-ar-en-kvalitetsstampel\/","url":"https:\/\/www.kompetensforetagen.se\/2024\/02\/auktorisationen-ar-en-kvalitetsstampel\/","name":"Auktorisationen skapar trygghet f\u00f6r kunder och medarbetare Auktorisationen skapar trygghet f\u00f6r kunder och medarbetare - Kompetensf\u00f6retagen Auktorisationen skapar trygghet f\u00f6r kunder och medarbetare","isPartOf":{"@id":"https:\/\/www.kompetensforetagen.se\/#website"},"primaryImageOfPage":{"@id":"https:\/\/www.kompetensforetagen.se\/2024\/02\/auktorisationen-ar-en-kvalitetsstampel\/#primaryimage"},"image":{"@id":"https:\/\/www.kompetensforetagen.se\/2024\/02\/auktorisationen-ar-en-kvalitetsstampel\/#primaryimage"},"thumbnailUrl":"https:\/\/www.kompetensforetagen.se\/app\/uploads\/sites\/5\/2024\/02\/Rubrik-3.png","datePublished":"2024-02-13T08:37:49+00:00","dateModified":"2024-02-27T09:43:21+00:00","description":"Auktorisationen skapar trygghet f\u00f6r kunder och medarbetare, s\u00e4ger Robert Albers \u00e4r CEO p\u00e5 f\u00f6retaget WRKFRC.","breadcrumb":{"@id":"https:\/\/www.kompetensforetagen.se\/2024\/02\/auktorisationen-ar-en-kvalitetsstampel\/#breadcrumb"},"inLanguage":"sv-SE","potentialAction":[{"@type":"ReadAction","target":["https:\/\/www.kompetensforetagen.se\/2024\/02\/auktorisationen-ar-en-kvalitetsstampel\/"]}]},{"@type":"ImageObject","inLanguage":"sv-SE","@id":"https:\/\/www.kompetensforetagen.se\/2024\/02\/auktorisationen-ar-en-kvalitetsstampel\/#primaryimage","url":"https:\/\/www.kompetensforetagen.se\/app\/uploads\/sites\/5\/2024\/02\/Rubrik-3.png","contentUrl":"https:\/\/www.kompetensforetagen.se\/app\/uploads\/sites\/5\/2024\/02\/Rubrik-3.png","width":2000,"height":1414,"caption":"Robert Albers WRKFRC: Auktorisationen skapar trygghet f\u00f6r kunder och medarbetare"},{"@type":"BreadcrumbList","@id":"https:\/\/www.kompetensforetagen.se\/2024\/02\/auktorisationen-ar-en-kvalitetsstampel\/#breadcrumb","itemListElement":[{"@type":"ListItem","position":1,"name":"Home","item":"https:\/\/www.kompetensforetagen.se\/"},{"@type":"ListItem","position":2,"name":"Auktorisationen skapar trygghet f\u00f6r kunder och medarbetare"}]},{"@type":"WebSite","@id":"https:\/\/www.kompetensforetagen.se\/#website","url":"https:\/\/www.kompetensforetagen.se\/","name":"Kompetensf\u00f6retagen","description":"R\u00e4tt person p\u00e5 r\u00e4tt plats kan f\u00f6r\u00e4ndra v\u00e4rlden","publisher":{"@id":"https:\/\/www.kompetensforetagen.se\/#organization"},"potentialAction":[{"@type":"SearchAction","target":{"@type":"EntryPoint","urlTemplate":"https:\/\/www.kompetensforetagen.se\/?s={search_term_string}"},"query-input":{"@type":"PropertyValueSpecification","valueRequired":true,"valueName":"search_term_string"}}],"inLanguage":"sv-SE"},{"@type":"Organization","@id":"https:\/\/www.kompetensforetagen.se\/#organization","name":"Kompetensf\u00f6retagen","url":"https:\/\/www.kompetensforetagen.se\/","logo":{"@type":"ImageObject","inLanguage":"sv-SE","@id":"https:\/\/www.kompetensforetagen.se\/#\/schema\/logo\/image\/","url":"https:\/\/www.kompetensforetagen.se\/app\/uploads\/sites\/5\/2022\/10\/logga_svart.png","contentUrl":"https:\/\/www.kompetensforetagen.se\/app\/uploads\/sites\/5\/2022\/10\/logga_svart.png","width":752,"height":64,"caption":"Kompetensf\u00f6retagen"},"image":{"@id":"https:\/\/www.kompetensforetagen.se\/#\/schema\/logo\/image\/"},"sameAs":["https:\/\/www.linkedin.com\/company\/10540032\/"]},{"@type":"Person","@id":"https:\/\/www.kompetensforetagen.se\/#\/schema\/person\/94b8ea93ef0611b1467f15023d9ebd1b","name":"camillagunnar2","image":{"@type":"ImageObject","inLanguage":"sv-SE","@id":"https:\/\/www.kompetensforetagen.se\/#\/schema\/person\/image\/","url":"https:\/\/secure.gravatar.com\/avatar\/b6f8240666aff929220ce2eb5e5698c1b44b3223ca9f0ac50ecbf5dbdb13dab4?s=96&d=mm&r=g","contentUrl":"https:\/\/secure.gravatar.com\/avatar\/b6f8240666aff929220ce2eb5e5698c1b44b3223ca9f0ac50ecbf5dbdb13dab4?s=96&d=mm&r=g","caption":"camillagunnar2"},"url":"https:\/\/www.kompetensforetagen.se\/person\/camillagunnar2\/"}]}},"_links":{"self":[{"href":"https:\/\/www.kompetensforetagen.se\/api\/wp\/v2\/posts\/16676","targetHints":{"allow":["GET"]}}],"collection":[{"href":"https:\/\/www.kompetensforetagen.se\/api\/wp\/v2\/posts"}],"about":[{"href":"https:\/\/www.kompetensforetagen.se\/api\/wp\/v2\/types\/post"}],"author":[{"embeddable":true,"href":"https:\/\/www.kompetensforetagen.se\/api\/wp\/v2\/users\/14830"}],"replies":[{"embeddable":true,"href":"https:\/\/www.kompetensforetagen.se\/api\/wp\/v2\/comments?post=16676"}],"version-history":[{"count":4,"href":"https:\/\/www.kompetensforetagen.se\/api\/wp\/v2\/posts\/16676\/revisions"}],"predecessor-version":[{"id":16697,"href":"https:\/\/www.kompetensforetagen.se\/api\/wp\/v2\/posts\/16676\/revisions\/16697"}],"wp:featuredmedia":[{"embeddable":true,"href":"https:\/\/www.kompetensforetagen.se\/api\/wp\/v2\/media\/16695"}],"wp:attachment":[{"href":"https:\/\/www.kompetensforetagen.se\/api\/wp\/v2\/media?parent=16676"}],"wp:term":[{"taxonomy":"category","embeddable":true,"href":"https:\/\/www.kompetensforetagen.se\/api\/wp\/v2\/categories?post=16676"},{"taxonomy":"post_tag","embeddable":true,"href":"https:\/\/www.kompetensforetagen.se\/api\/wp\/v2\/tags?post=16676"},{"taxonomy":"type","embeddable":true,"href":"https:\/\/www.kompetensforetagen.se\/api\/wp\/v2\/article_type?post=16676"},{"taxonomy":"agreement","embeddable":true,"href":"https:\/\/www.kompetensforetagen.se\/api\/wp\/v2\/agreement?post=16676"},{"taxonomy":"for-members","embeddable":true,"href":"https:\/\/www.kompetensforetagen.se\/api\/wp\/v2\/for-members?post=16676"}],"curies":[{"name":"wp","href":"https:\/\/api.w.org\/{rel}","templated":true}]}}