{"id":16422,"date":"2024-01-02T11:00:44","date_gmt":"2024-01-02T10:00:44","guid":{"rendered":"https:\/\/www.kompetensforetagen.se\/?p=16422"},"modified":"2024-01-02T11:16:09","modified_gmt":"2024-01-02T10:16:09","slug":"halsning-fran-ordforande","status":"publish","type":"post","link":"https:\/\/www.kompetensforetagen.se\/2024\/01\/halsning-fran-ordforande\/","title":{"rendered":"Tillbakablick och h\u00e4lsning fr\u00e5n ordf\u00f6rande"},"content":{"rendered":"\n<p>Hej, Eva Domanders. Kompetensf\u00f6retagens jubileums\u00e5r har precis tagit slut. Vi har <a href=\"https:\/\/www.kompetensforetagen.se\/kompetensforetagen-firar-20arsjubileum\/\">firat 20 \u00e5r som f\u00f6rbund och 30 \u00e5r av avreglerad arbetsf\u00f6rmedling<\/a>. Under 2023 har man kunnat l\u00e4sa om branschens historia och viktiga h\u00e4ndelser som markerat positiv f\u00f6r\u00e4ndring p\u00e5 svensk arbetsmarknad. Du tilltr\u00e4dde som ordf\u00f6rande 2017, vilka stora h\u00e4ndelser skulle du vilja lyfta under de \u00e5r som g\u00e5tt?<\/p>\n\n\n\n<p>-En av de st\u00f6rsta h\u00e4ndelserna \u00e4r s\u00e5klart att f\u00f6rbundet bytte namn 2018. Det beh\u00f6vdes ett omtag och en nystart helt enkelt. Men det var s\u00e5klart ocks\u00e5 medlemmarna som var drivande. N\u00e4r arbetet med namnbyte och varum\u00e4rket satte ig\u00e5ng ordentligt 2017 passade inte kostymen \u201dbemanningsf\u00f6retagen\u201d l\u00e4ngre, d\u00e5 det var s\u00e5 mycket mer som skulle rymmas. Omst\u00e4llnings- och rekryteringsauktorisationerna hade kommit p\u00e5 plats och de delarna v\u00e4xte inom f\u00f6rbundet, och bara d\u00e4r blev det skevt. Bemanning f\u00f6rknippades ocks\u00e5 v\u00e4ldigt mycket med volym, n\u00e4r det nu handlade mer om kvalificerat arbete oavsett vilken del av branschen det handlade om. Och det vi ser i unders\u00f6kningar bland kundf\u00f6retagen b\u00e5de d\u00e5 och nu bist\u00e5r branschen med kompetensf\u00f6rs\u00f6rjning, p\u00e5 l\u00e5ng och kort sikt, vid rekrytering och omst\u00e4llning. Namnet var helt enkelt missvisande.<\/p>\n\n\n\n<p>Sen hade \u00e4ven den internationella branschorganisationen, Ciett, bytt namn 2016, till det mer begripliga <a href=\"https:\/\/wecglobal.org\/\" target=\"_blank\" rel=\"noreferrer noopener\">World Employment Confederation<\/a>, s\u00e5 det k\u00e4ndes naturligt att f\u00f6lja efter.&nbsp;<\/p>\n\n\n\n<blockquote class=\"wp-block-quote is-layout-flow wp-block-quote-is-layout-flow\">\n<p>Betydelsen av v\u00e5r bransch blir allt starkare \u2013 och det \u00e4r tack vare er<\/p>\n<\/blockquote>\n\n\n\n<p>Jag vill ocks\u00e5 lyfta de faktum att vi stadigt f\u00e5r fler medlemmar! Det \u00e4r inte s\u00e5 att branschen v\u00e4xer lavinartat, som det ibland s\u00e4gs, och jag vill tro att en stor del av tillv\u00e4xten handlar om att f\u00f6rbundet har ett attraktivt erbjudande i form av arbetsgivarst\u00f6d, kvalitetsst\u00e4mpel och arbetet med att belysa allt bra kompetensbranschen tillf\u00f6r.<\/p>\n\n\n\n<p><strong>Vad f\u00f6rv\u00e5nade dig mest med kompetensbranschen?<br><\/strong>&nbsp;<br>&#8211; Jag hade inte riktigt insikt om att vi syssels\u00e4tter s\u00e5 m\u00e5nga m\u00e4nniskor inom alla delar av n\u00e4ringslivet. F\u00f6r m\u00e5nga ger branschen det f\u00f6rsta, viktiga jobbet. Vi har alltid varit en stark integrationsmotor, men vi g\u00f6r s\u00e5 mycket mer ocks\u00e5, \u00e4ven inom rekrytering och omst\u00e4llning. D\u00e5 k\u00e4nde jag inte heller till att v\u00e5ra medlemsf\u00f6retag redan 2018 bidrog med 1 procent av landets BNP.<\/p>\n\n\n\n<p><strong>Hur ser du p\u00e5 branschens framtid?<\/strong><\/p>\n\n\n\n<p>-Det finns all anledning att tro att framtiden \u00e4r ljus och full av m\u00f6jligheter. Globalisering och \u00f6kad konkurrens g\u00f6r att verksamheter professionaliserar och effektiviserar sin kompetensf\u00f6rs\u00f6rjning, det finns inget utrymme f\u00f6r att chansa. Vi vet att tv\u00e5 tredjedelar av landets industrif\u00f6retag anv\u00e4nder sig av bemanningsf\u00f6retag som en strategisk resurs f\u00f6r kompetensf\u00f6rs\u00f6rjning. Det \u00e4r smart, och vi ser att det kommer att breddas i f\u00f6rh\u00e5llande till andra branscher. Vi ser ocks\u00e5 att <a href=\"https:\/\/www.kompetensforetagen.se\/auktorisationsvillkor-2\/\">auktorisationen<\/a> som en av de viktigaste grunderna f\u00f6r medlemskap. Det \u00e4r gl\u00e4djande att s\u00e5 m\u00e5nga vill bidra till ordning och reda. Sen \u00f6kar \u00e4ven <a href=\"https:\/\/www.kompetensforetagen.se\/omstallning\/\">omst\u00e4llning <\/a>och <a href=\"https:\/\/www.kompetensforetagen.se\/rekrytering-2\/\">rekrytering <\/a>i betydelse \u2013 varken landet eller verksamheter klarar sig utan st\u00f6d fr\u00e5n branschen. Och med den innovationskraft som finns i branschen kommer fler d\u00f6rrar f\u00f6r kompetensf\u00f6rs\u00f6rjning att \u00f6ppnas!<\/p>\n\n\n\n<p><strong>Vad vill du h\u00e4lsa till alla medlemsf\u00f6retag och alla de som jobbar i branschen?<\/strong><\/p>\n\n\n\n<p>-Det stadigt \u00f6kade infl\u00f6det av medlemmar visar p\u00e5 nyttan med f\u00f6rbundet och den service kansliet ger, inte minst arbetsgivarservice. &nbsp;Vi har v\u00e4xlat upp det n\u00e4ringspolitiska arbetet, och \u00f6kar st\u00e4ndigt v\u00e5rt inflytande b\u00e5de i Sverige och EU. F\u00f6r att branschen ska ha b\u00e4sta m\u00f6jligheter att v\u00e4xa och utvecklas \u00e4r det viktigt att ha koll p\u00e5 vad som \u00e4r p\u00e5 g\u00e5ng och kunna p\u00e5verka innan besluten tas. &nbsp;<\/p>\n\n\n\n<p>-Avslutningsvis vill jag tacka f\u00f6r det fina jobb ni alla g\u00f6r f\u00f6r att svensk arbetsmarknad skall fungera. Betydelsen av v\u00e5r bransch blir allt starkare \u2013 och det \u00e4r tack vare er!<\/p>\n","protected":false},"excerpt":{"rendered":"<p>Hej, Eva Domanders. Kompetensf\u00f6retagens jubileums\u00e5r har precis tagit slut. Vi har firat 20 \u00e5r som f\u00f6rbund och 30 \u00e5r av avreglerad arbetsf\u00f6rmedling. Under 2023 har man kunnat l\u00e4sa om branschens historia och viktiga h\u00e4ndelser som &hellip;<\/p>\n","protected":false},"author":6358,"featured_media":16429,"comment_status":"closed","ping_status":"closed","sticky":false,"template":"","format":"standard","meta":{"_acf_changed":false,"footnotes":""},"categories":[1],"tags":[],"article_type":[219],"agreement":[],"for-members":[],"class_list":["post-16422","post","type-post","status-publish","format-standard","has-post-thumbnail","hentry","category-okategoriserade","type-nyhet"],"acf":[],"yoast_head":"<!-- This site is optimized with the Yoast SEO Premium plugin v26.8 (Yoast SEO v26.8) - https:\/\/yoast.com\/product\/yoast-seo-premium-wordpress\/ -->\n<title>H\u00e4lsning fr\u00e5n ordf\u00f6rande p\u00e5 \u00e5rets slut I Kompetensf\u00f6retagen<\/title>\n<meta name=\"description\" content=\"Under de sista dagarna av jubileums\u00e5ret 2023 kommer en h\u00e4lsning fr\u00e5n Kompetensf\u00f6retagens ordf\u00f6rande Eva Domanders.\" \/>\n<meta name=\"robots\" content=\"index, follow, max-snippet:-1, max-image-preview:large, max-video-preview:-1\" \/>\n<link rel=\"canonical\" href=\"https:\/\/www.kompetensforetagen.se\/2024\/01\/halsning-fran-ordforande\/\" \/>\n<meta property=\"og:locale\" content=\"sv_SE\" \/>\n<meta property=\"og:type\" content=\"article\" \/>\n<meta property=\"og:title\" content=\"Tillbakablick och h\u00e4lsning fr\u00e5n ordf\u00f6rande\" \/>\n<meta property=\"og:description\" content=\"Under de sista dagarna av jubileums\u00e5ret 2023 kommer en h\u00e4lsning fr\u00e5n Kompetensf\u00f6retagens ordf\u00f6rande Eva Domanders.\" \/>\n<meta property=\"og:url\" content=\"https:\/\/www.kompetensforetagen.se\/2024\/01\/halsning-fran-ordforande\/\" \/>\n<meta property=\"og:site_name\" content=\"Kompetensf\u00f6retagen\" \/>\n<meta property=\"article:published_time\" content=\"2024-01-02T10:00:44+00:00\" \/>\n<meta property=\"article:modified_time\" content=\"2024-01-02T10:16:09+00:00\" \/>\n<meta property=\"og:image\" content=\"https:\/\/www.kompetensforetagen.se\/app\/uploads\/sites\/5\/2023\/12\/Namnlos-design-2.png\" \/>\n\t<meta property=\"og:image:width\" content=\"1080\" \/>\n\t<meta property=\"og:image:height\" content=\"1080\" \/>\n\t<meta property=\"og:image:type\" content=\"image\/png\" \/>\n<meta name=\"twitter:card\" content=\"summary_large_image\" \/>\n<meta name=\"twitter:label1\" content=\"Skriven av\" \/>\n\t<meta name=\"twitter:data1\" content=\"\" \/>\n<!-- \/ Yoast SEO Premium plugin. -->","yoast_head_json":{"title":"H\u00e4lsning fr\u00e5n ordf\u00f6rande p\u00e5 \u00e5rets slut I Kompetensf\u00f6retagen","description":"Under de sista dagarna av jubileums\u00e5ret 2023 kommer en h\u00e4lsning fr\u00e5n Kompetensf\u00f6retagens ordf\u00f6rande Eva Domanders.","robots":{"index":"index","follow":"follow","max-snippet":"max-snippet:-1","max-image-preview":"max-image-preview:large","max-video-preview":"max-video-preview:-1"},"canonical":"https:\/\/www.kompetensforetagen.se\/2024\/01\/halsning-fran-ordforande\/","og_locale":"sv_SE","og_type":"article","og_title":"Tillbakablick och h\u00e4lsning fr\u00e5n ordf\u00f6rande","og_description":"Under de sista dagarna av jubileums\u00e5ret 2023 kommer en h\u00e4lsning fr\u00e5n Kompetensf\u00f6retagens ordf\u00f6rande Eva Domanders.","og_url":"https:\/\/www.kompetensforetagen.se\/2024\/01\/halsning-fran-ordforande\/","og_site_name":"Kompetensf\u00f6retagen","article_published_time":"2024-01-02T10:00:44+00:00","article_modified_time":"2024-01-02T10:16:09+00:00","og_image":[{"width":1080,"height":1080,"url":"https:\/\/www.kompetensforetagen.se\/app\/uploads\/sites\/5\/2023\/12\/Namnlos-design-2.png","type":"image\/png"}],"twitter_card":"summary_large_image","twitter_misc":{"Skriven av":""},"schema":{"@context":"https:\/\/schema.org","@graph":[{"@type":"Article","@id":"https:\/\/www.kompetensforetagen.se\/2024\/01\/halsning-fran-ordforande\/#article","isPartOf":{"@id":"https:\/\/www.kompetensforetagen.se\/2024\/01\/halsning-fran-ordforande\/"},"author":{"name":"","@id":""},"headline":"Tillbakablick och h\u00e4lsning fr\u00e5n ordf\u00f6rande","datePublished":"2024-01-02T10:00:44+00:00","dateModified":"2024-01-02T10:16:09+00:00","mainEntityOfPage":{"@id":"https:\/\/www.kompetensforetagen.se\/2024\/01\/halsning-fran-ordforande\/"},"wordCount":694,"publisher":{"@id":"https:\/\/www.kompetensforetagen.se\/#organization"},"image":{"@id":"https:\/\/www.kompetensforetagen.se\/2024\/01\/halsning-fran-ordforande\/#primaryimage"},"thumbnailUrl":"https:\/\/www.kompetensforetagen.se\/app\/uploads\/sites\/5\/2023\/12\/Namnlos-design-2.png","inLanguage":"sv-SE"},{"@type":"WebPage","@id":"https:\/\/www.kompetensforetagen.se\/2024\/01\/halsning-fran-ordforande\/","url":"https:\/\/www.kompetensforetagen.se\/2024\/01\/halsning-fran-ordforande\/","name":"H\u00e4lsning fr\u00e5n ordf\u00f6rande p\u00e5 \u00e5rets slut I Kompetensf\u00f6retagen","isPartOf":{"@id":"https:\/\/www.kompetensforetagen.se\/#website"},"primaryImageOfPage":{"@id":"https:\/\/www.kompetensforetagen.se\/2024\/01\/halsning-fran-ordforande\/#primaryimage"},"image":{"@id":"https:\/\/www.kompetensforetagen.se\/2024\/01\/halsning-fran-ordforande\/#primaryimage"},"thumbnailUrl":"https:\/\/www.kompetensforetagen.se\/app\/uploads\/sites\/5\/2023\/12\/Namnlos-design-2.png","datePublished":"2024-01-02T10:00:44+00:00","dateModified":"2024-01-02T10:16:09+00:00","description":"Under de sista dagarna av jubileums\u00e5ret 2023 kommer en h\u00e4lsning fr\u00e5n Kompetensf\u00f6retagens ordf\u00f6rande Eva Domanders.","breadcrumb":{"@id":"https:\/\/www.kompetensforetagen.se\/2024\/01\/halsning-fran-ordforande\/#breadcrumb"},"inLanguage":"sv-SE","potentialAction":[{"@type":"ReadAction","target":["https:\/\/www.kompetensforetagen.se\/2024\/01\/halsning-fran-ordforande\/"]}]},{"@type":"ImageObject","inLanguage":"sv-SE","@id":"https:\/\/www.kompetensforetagen.se\/2024\/01\/halsning-fran-ordforande\/#primaryimage","url":"https:\/\/www.kompetensforetagen.se\/app\/uploads\/sites\/5\/2023\/12\/Namnlos-design-2.png","contentUrl":"https:\/\/www.kompetensforetagen.se\/app\/uploads\/sites\/5\/2023\/12\/Namnlos-design-2.png","width":1080,"height":1080,"caption":"Tillbakablick och h\u00e4lsning fr\u00e5n styrelsens ordf\u00f6rande"},{"@type":"BreadcrumbList","@id":"https:\/\/www.kompetensforetagen.se\/2024\/01\/halsning-fran-ordforande\/#breadcrumb","itemListElement":[{"@type":"ListItem","position":1,"name":"Home","item":"https:\/\/www.kompetensforetagen.se\/"},{"@type":"ListItem","position":2,"name":"Tillbakablick och h\u00e4lsning fr\u00e5n ordf\u00f6rande"}]},{"@type":"WebSite","@id":"https:\/\/www.kompetensforetagen.se\/#website","url":"https:\/\/www.kompetensforetagen.se\/","name":"Kompetensf\u00f6retagen","description":"R\u00e4tt person p\u00e5 r\u00e4tt plats kan f\u00f6r\u00e4ndra v\u00e4rlden","publisher":{"@id":"https:\/\/www.kompetensforetagen.se\/#organization"},"potentialAction":[{"@type":"SearchAction","target":{"@type":"EntryPoint","urlTemplate":"https:\/\/www.kompetensforetagen.se\/?s={search_term_string}"},"query-input":{"@type":"PropertyValueSpecification","valueRequired":true,"valueName":"search_term_string"}}],"inLanguage":"sv-SE"},{"@type":"Organization","@id":"https:\/\/www.kompetensforetagen.se\/#organization","name":"Kompetensf\u00f6retagen","url":"https:\/\/www.kompetensforetagen.se\/","logo":{"@type":"ImageObject","inLanguage":"sv-SE","@id":"https:\/\/www.kompetensforetagen.se\/#\/schema\/logo\/image\/","url":"https:\/\/www.kompetensforetagen.se\/app\/uploads\/sites\/5\/2022\/10\/logga_svart.png","contentUrl":"https:\/\/www.kompetensforetagen.se\/app\/uploads\/sites\/5\/2022\/10\/logga_svart.png","width":752,"height":64,"caption":"Kompetensf\u00f6retagen"},"image":{"@id":"https:\/\/www.kompetensforetagen.se\/#\/schema\/logo\/image\/"},"sameAs":["https:\/\/www.linkedin.com\/company\/10540032\/"]},{"@type":"Person","@id":"","url":"https:\/\/www.kompetensforetagen.se\/person\/"}]}},"_links":{"self":[{"href":"https:\/\/www.kompetensforetagen.se\/api\/wp\/v2\/posts\/16422","targetHints":{"allow":["GET"]}}],"collection":[{"href":"https:\/\/www.kompetensforetagen.se\/api\/wp\/v2\/posts"}],"about":[{"href":"https:\/\/www.kompetensforetagen.se\/api\/wp\/v2\/types\/post"}],"author":[{"embeddable":true,"href":"https:\/\/www.kompetensforetagen.se\/api\/wp\/v2\/users\/6358"}],"replies":[{"embeddable":true,"href":"https:\/\/www.kompetensforetagen.se\/api\/wp\/v2\/comments?post=16422"}],"version-history":[{"count":5,"href":"https:\/\/www.kompetensforetagen.se\/api\/wp\/v2\/posts\/16422\/revisions"}],"predecessor-version":[{"id":16433,"href":"https:\/\/www.kompetensforetagen.se\/api\/wp\/v2\/posts\/16422\/revisions\/16433"}],"wp:featuredmedia":[{"embeddable":true,"href":"https:\/\/www.kompetensforetagen.se\/api\/wp\/v2\/media\/16429"}],"wp:attachment":[{"href":"https:\/\/www.kompetensforetagen.se\/api\/wp\/v2\/media?parent=16422"}],"wp:term":[{"taxonomy":"category","embeddable":true,"href":"https:\/\/www.kompetensforetagen.se\/api\/wp\/v2\/categories?post=16422"},{"taxonomy":"post_tag","embeddable":true,"href":"https:\/\/www.kompetensforetagen.se\/api\/wp\/v2\/tags?post=16422"},{"taxonomy":"type","embeddable":true,"href":"https:\/\/www.kompetensforetagen.se\/api\/wp\/v2\/article_type?post=16422"},{"taxonomy":"agreement","embeddable":true,"href":"https:\/\/www.kompetensforetagen.se\/api\/wp\/v2\/agreement?post=16422"},{"taxonomy":"for-members","embeddable":true,"href":"https:\/\/www.kompetensforetagen.se\/api\/wp\/v2\/for-members?post=16422"}],"curies":[{"name":"wp","href":"https:\/\/api.w.org\/{rel}","templated":true}]}}