{"id":16414,"date":"2023-12-27T10:57:14","date_gmt":"2023-12-27T09:57:14","guid":{"rendered":"https:\/\/www.kompetensforetagen.se\/?p=16414"},"modified":"2023-12-27T10:57:16","modified_gmt":"2023-12-27T09:57:16","slug":"debatt-facken-far-inte-tveka-om-etableringsjobben","status":"publish","type":"post","link":"https:\/\/www.kompetensforetagen.se\/2023\/12\/debatt-facken-far-inte-tveka-om-etableringsjobben\/","title":{"rendered":"Debatt: Facken f\u00e5r inte tveka om etableringsjobben"},"content":{"rendered":"\n<p><em><a href=\"https:\/\/www.svd.se\/a\/LlVX1P\/almega-facken-far-inte-tveka-om-etableringsjobben\" target=\"_blank\" rel=\"noreferrer noopener\">Artikeln publicerades f\u00f6rst p\u00e5 svd.se 25\/12 2023. <\/a><\/em><\/p>\n\n\n\n<p>I snart sex \u00e5r har arbetsmarknadens parter drivit p\u00e5 f\u00f6r reformen med <a href=\"https:\/\/www.kompetensforetagen.se\/etableringsjobb\/\">etableringsjobb<\/a>. Nu b\u00f6rjar dessv\u00e4rre vissa fackf\u00f6rbund att tveka. Men de b\u00f6r t\u00e4nka l\u00e5ngsiktigt, skriver \u00e5tta f\u00f6rbundsdirekt\u00f6rer inom Almega.<\/p>\n\n\n\n<p>L\u00e5ngtidsarbetsl\u00f6sheten\u00a0biter sig fast. Av Sveriges omkring 416\u00a0000 arbetsl\u00f6sa har fler \u00e4n var femte varit det i \u00f6ver tv\u00e5 \u00e5r. Samtidigt saknar m\u00e5nga f\u00f6retag arbetskraft. Ett enormt sl\u00f6seri f\u00f6r s\u00e5v\u00e4l f\u00f6retag som individer.<\/p>\n\n\n\n<p>Ett jobb ger inte bara ekonomisk trygghet, det kan ocks\u00e5 bygga stolthet. Framtidstron \u00e4r betydligt ljusare hos den som v\u00e4xer upp omgiven av personer som jobbar \u00e4n vice versa. Arbetsmarknadens parter, arbetsgivare och fackf\u00f6rbund, spelar en viktig roll f\u00f6r att hj\u00e4lpa s\u00e5v\u00e4l l\u00e5ngtidsarbetsl\u00f6sa som nyanl\u00e4nda in p\u00e5 arbetsmarknaden. Men f\u00f6r att g\u00f6ra riktig skillnad kr\u00e4vs att etableringsjobben inf\u00f6rs.<\/p>\n\n\n\n<blockquote class=\"wp-block-quote is-layout-flow wp-block-quote-is-layout-flow\">\n<p>Oavsett konjunkturl\u00e4ge \u00e4r den l\u00e5ngsiktiga kompetensbristen alltj\u00e4mt n\u00e4rvarande<\/p>\n<\/blockquote>\n\n\n\n<p>Reformen \u00e4r enkel, b\u00e5de f\u00f6r de som anst\u00e4ller och de som f\u00e5r en f\u00f6rs\u00f6rjning genom etableringsjobben. En arbetsgivare kan, till en kostnad omkring 10&nbsp;000 kronor per m\u00e5nad i 2024 \u00e5rs l\u00f6nel\u00e4ge, anst\u00e4lla en person som kanske inte kan spr\u00e5ket s\u00e5 bra eller av andra anledningar saknar viss kompetens. Staten skjuter till s\u00e5 att l\u00f6nen motsvarar l\u00e4gstaniv\u00e5n f\u00f6r g\u00e4llande kollektivavtal och den anst\u00e4llde ska f\u00e5 relevant utbildning \u2013 tillhandah\u00e5llen av staten \u2013 p\u00e5 betald arbetstid. Uppl\u00e4gget g\u00e4ller som l\u00e4ngst i tv\u00e5 \u00e5r och tanken \u00e4r att etableringsjobbet ska leda till en tillsvidareanst\u00e4llning p\u00e5 heltid.<\/p>\n\n\n\n<p>F\u00f6r ett \u00e5r sedan tr\u00e4ffade\u00a0Svenskt N\u00e4ringsliv, Unionen och LO avtal om etableringsjobben. Nu har regeringen gjort n\u00f6dv\u00e4ndiga f\u00f6r\u00e4ndringar i regelverken och, inte minst, anvisat 2,4 miljarder kronor till bidragsdelen.<\/p>\n\n\n<a class='Share__link Share__link--url copy-text' href='#' rel='nofollow' data-text='facken-far-inte-tveka' title='Dela url' data-confirmation='L\u00e4nken kopierades till urklipp'><svg class='icon icon--link'  width='18' height='18' viewBox='0 0 18 18' fill='none' xmlns='http:\/\/www.w3.org\/2000\/svg'>\n            <path d='M10.4142 0.514721L6.87868 4.05025L8.29289 5.46447L11.1213 2.63604L15.364 6.87868L12.5355 9.70711L13.9497 11.1213L17.4853 7.58579C17.8763 7.19476 17.8763 6.5626 17.4853 6.17158L11.8284 0.514721C11.4374 0.123691 10.8052 0.123691 10.4142 0.514721Z' fill='black'\/>\n            <path d='M9.7071 12.5355L6.87868 15.364L2.63604 11.1213L5.46446 8.2929L4.05025 6.87868L0.514716 10.4142C0.123686 10.8052 0.123686 11.4374 0.514716 11.8284L6.17157 17.4853C6.5626 17.8763 7.19475 17.8763 7.58578 17.4853L11.1213 13.9497L9.7071 12.5355Z' fill='black'\/>\n            <path d='M6.17157 11.8284C6.5626 12.2195 7.19475 12.2195 7.58578 11.8284L11.8284 7.58579C12.2195 7.19476 12.2195 6.56261 11.8284 6.17158C11.4374 5.78055 10.8052 5.78055 10.4142 6.17158L6.17157 10.4142C5.78054 10.8052 5.78054 11.4374 6.17157 11.8284Z' fill='black'\/>\n            <\/svg> <\/a>\n<h2 class=\"wp-block-heading\">Facken f\u00e5r inte tveka<\/h2>\n\n\n\n<p>Arbetsmarknaden har givetvis f\u00f6r\u00e4ndrats sedan diskussionerna inleddes f\u00f6r snart sex \u00e5r sedan. Just nu befinner vi oss i en l\u00e5gkonjunktur. Men i st\u00e4llet f\u00f6r att f\u00e5 kalla f\u00f6tter m\u00e5ste vi se fram\u00e5t. Oavsett konjunkturl\u00e4ge \u00e4r den l\u00e5ngsiktiga kompetensbristen alltj\u00e4mt n\u00e4rvarande, i alla branscher. D\u00e4rf\u00f6r \u00e4r det ocks\u00e5 orimligt att reformen i dagsl\u00e4get inte fullt ut omfattar bemanningsbranschen.<\/p>\n\n\n\n<p>Innan etableringsjobben blir verklighet \u00e5terst\u00e5r avtal p\u00e5 f\u00f6rbundsniv\u00e5. P\u00e5 arbetsgivarsidan \u00e4r vi redo att hj\u00e4lpa de m\u00e4nniskor som st\u00e5r l\u00e5ngt fr\u00e5n arbetsmarknaden. Vi \u00e4r \u00f6vertygade om att etableringsjobben kan hj\u00e4lpa till att l\u00f6sa s\u00e5v\u00e4l Sveriges integrationsutmaning som f\u00f6retagens kompetensf\u00f6rs\u00f6rjning. Av facken har hittills fr\u00e4mst Unionen och Seko visat handlingskraft. Nu efterlyser vi motsvarande engagemang fr\u00e5n fler fackf\u00f6rbund, inte minst de inom LO.<\/p>\n\n\n\n<p>Vi beh\u00f6ver en bred\u00a0uppslutning f\u00f6r att g\u00f6ra skillnad p\u00e5 riktigt. L\u00e5t oss d\u00e4rf\u00f6r tillsammans g\u00f6ra etableringsjobben s\u00e5 framg\u00e5ngsrika som de har potential att bli \u2013 f\u00f6r b\u00e5de m\u00e4nniskor och f\u00f6retag.<\/p>\n\n\n\n<p><strong>Ann \u00d6berg<\/strong><br>vd Almega och f\u00f6rbundsdirekt\u00f6r, Almega Tj\u00e4nstef\u00f6rbunden<br><strong>Stefan Koskinen<br><\/strong>f\u00f6rbundsdirekt\u00f6r, Almega Tj\u00e4nstef\u00f6retagen<br><strong>Elin Lydahl<br><\/strong>f\u00f6rbundsdirekt\u00f6r, Innovationsf\u00f6retagen<br><strong>Patrik Eidfelt<br><\/strong>f\u00f6rbundsdirekt\u00f6r, Kompetensf\u00f6retagen<br><strong>Maria M\u00f6ller<br><\/strong>f\u00f6rbundsdirekt\u00f6r, Medief\u00f6retagen<br><strong>Richard Org\u00e5rd<br><\/strong>f\u00f6rbundsdirekt\u00f6r, S\u00e4kerhetsf\u00f6retagen<br><strong>Pierre Sandberg<br><\/strong>f\u00f6rbundsdirekt\u00f6r, T\u00e5gf\u00f6retagen<br><strong>Antje Dedering<br><\/strong>f\u00f6rbundsdirekt\u00f6r, V\u00e5rdf\u00f6retagarna<\/p>\n","protected":false},"excerpt":{"rendered":"<p>Artikeln publicerades f\u00f6rst p\u00e5 svd.se 25\/12 2023. I snart sex \u00e5r har arbetsmarknadens parter drivit p\u00e5 f\u00f6r reformen med etableringsjobb. Nu b\u00f6rjar dessv\u00e4rre vissa fackf\u00f6rbund att tveka. Men de b\u00f6r t\u00e4nka l\u00e5ngsiktigt, skriver \u00e5tta f\u00f6rbundsdirekt\u00f6rer &hellip;<\/p>\n","protected":false},"author":6358,"featured_media":13974,"comment_status":"closed","ping_status":"closed","sticky":false,"template":"","format":"standard","meta":{"_acf_changed":false,"footnotes":""},"categories":[10,206],"tags":[],"article_type":[8,32],"agreement":[],"for-members":[],"class_list":["post-16414","post","type-post","status-publish","format-standard","has-post-thumbnail","hentry","category-arbetsmarknad","category-integration","type-aktuellt","type-debattartiklar"],"acf":[],"yoast_head":"<!-- This site is optimized with the Yoast SEO Premium plugin v26.8 (Yoast SEO v26.8) - https:\/\/yoast.com\/product\/yoast-seo-premium-wordpress\/ -->\n<title>Debatt: Facken f\u00e5r inte tveka om etableringsjobben<\/title>\n<meta name=\"description\" content=\"Arbetsmarknadens parter har drivit p\u00e5 f\u00f6r reformen med etableringsjobb. Facken f\u00e5r inte tveka i ett l\u00e4ge med kompetensbrist och arbetsl\u00f6shet.\" \/>\n<meta name=\"robots\" content=\"index, follow, max-snippet:-1, max-image-preview:large, max-video-preview:-1\" \/>\n<link rel=\"canonical\" href=\"https:\/\/www.kompetensforetagen.se\/2023\/12\/debatt-facken-far-inte-tveka-om-etableringsjobben\/\" \/>\n<meta property=\"og:locale\" content=\"sv_SE\" \/>\n<meta property=\"og:type\" content=\"article\" \/>\n<meta property=\"og:title\" content=\"Debatt: Facken f\u00e5r inte tveka om etableringsjobben\" \/>\n<meta property=\"og:description\" content=\"Arbetsmarknadens parter har drivit p\u00e5 f\u00f6r reformen med etableringsjobb. Facken f\u00e5r inte tveka i ett l\u00e4ge med kompetensbrist och arbetsl\u00f6shet.\" \/>\n<meta property=\"og:url\" content=\"https:\/\/www.kompetensforetagen.se\/2023\/12\/debatt-facken-far-inte-tveka-om-etableringsjobben\/\" \/>\n<meta property=\"og:site_name\" content=\"Kompetensf\u00f6retagen\" \/>\n<meta property=\"article:published_time\" content=\"2023-12-27T09:57:14+00:00\" \/>\n<meta property=\"article:modified_time\" content=\"2023-12-27T09:57:16+00:00\" \/>\n<meta property=\"og:image\" content=\"https:\/\/www.kompetensforetagen.se\/app\/uploads\/sites\/5\/2023\/06\/pexels-cottonbro-studio-4631066-scaled.jpg\" \/>\n\t<meta property=\"og:image:width\" content=\"2560\" \/>\n\t<meta property=\"og:image:height\" content=\"1707\" \/>\n\t<meta property=\"og:image:type\" content=\"image\/jpeg\" \/>\n<meta name=\"twitter:card\" content=\"summary_large_image\" \/>\n<meta name=\"twitter:label1\" content=\"Skriven av\" \/>\n\t<meta name=\"twitter:data1\" content=\"\" \/>\n\t<meta name=\"twitter:label2\" content=\"Ber\u00e4knad l\u00e4stid\" \/>\n\t<meta name=\"twitter:data2\" content=\"3 minuter\" \/>\n<!-- \/ Yoast SEO Premium plugin. -->","yoast_head_json":{"title":"Debatt: Facken f\u00e5r inte tveka om etableringsjobben","description":"Arbetsmarknadens parter har drivit p\u00e5 f\u00f6r reformen med etableringsjobb. Facken f\u00e5r inte tveka i ett l\u00e4ge med kompetensbrist och arbetsl\u00f6shet.","robots":{"index":"index","follow":"follow","max-snippet":"max-snippet:-1","max-image-preview":"max-image-preview:large","max-video-preview":"max-video-preview:-1"},"canonical":"https:\/\/www.kompetensforetagen.se\/2023\/12\/debatt-facken-far-inte-tveka-om-etableringsjobben\/","og_locale":"sv_SE","og_type":"article","og_title":"Debatt: Facken f\u00e5r inte tveka om etableringsjobben","og_description":"Arbetsmarknadens parter har drivit p\u00e5 f\u00f6r reformen med etableringsjobb. Facken f\u00e5r inte tveka i ett l\u00e4ge med kompetensbrist och arbetsl\u00f6shet.","og_url":"https:\/\/www.kompetensforetagen.se\/2023\/12\/debatt-facken-far-inte-tveka-om-etableringsjobben\/","og_site_name":"Kompetensf\u00f6retagen","article_published_time":"2023-12-27T09:57:14+00:00","article_modified_time":"2023-12-27T09:57:16+00:00","og_image":[{"width":2560,"height":1707,"url":"https:\/\/www.kompetensforetagen.se\/app\/uploads\/sites\/5\/2023\/06\/pexels-cottonbro-studio-4631066-scaled.jpg","type":"image\/jpeg"}],"twitter_card":"summary_large_image","twitter_misc":{"Skriven av":"","Ber\u00e4knad l\u00e4stid":"3 minuter"},"schema":{"@context":"https:\/\/schema.org","@graph":[{"@type":"Article","@id":"https:\/\/www.kompetensforetagen.se\/2023\/12\/debatt-facken-far-inte-tveka-om-etableringsjobben\/#article","isPartOf":{"@id":"https:\/\/www.kompetensforetagen.se\/2023\/12\/debatt-facken-far-inte-tveka-om-etableringsjobben\/"},"author":{"name":"","@id":""},"headline":"Debatt: Facken f\u00e5r inte tveka om etableringsjobben","datePublished":"2023-12-27T09:57:14+00:00","dateModified":"2023-12-27T09:57:16+00:00","mainEntityOfPage":{"@id":"https:\/\/www.kompetensforetagen.se\/2023\/12\/debatt-facken-far-inte-tveka-om-etableringsjobben\/"},"wordCount":594,"publisher":{"@id":"https:\/\/www.kompetensforetagen.se\/#organization"},"image":{"@id":"https:\/\/www.kompetensforetagen.se\/2023\/12\/debatt-facken-far-inte-tveka-om-etableringsjobben\/#primaryimage"},"thumbnailUrl":"https:\/\/www.kompetensforetagen.se\/app\/uploads\/sites\/5\/2023\/06\/pexels-cottonbro-studio-4631066-scaled.jpg","articleSection":["Arbetsmarknad","Integration"],"inLanguage":"sv-SE"},{"@type":"WebPage","@id":"https:\/\/www.kompetensforetagen.se\/2023\/12\/debatt-facken-far-inte-tveka-om-etableringsjobben\/","url":"https:\/\/www.kompetensforetagen.se\/2023\/12\/debatt-facken-far-inte-tveka-om-etableringsjobben\/","name":"Debatt: Facken f\u00e5r inte tveka om etableringsjobben","isPartOf":{"@id":"https:\/\/www.kompetensforetagen.se\/#website"},"primaryImageOfPage":{"@id":"https:\/\/www.kompetensforetagen.se\/2023\/12\/debatt-facken-far-inte-tveka-om-etableringsjobben\/#primaryimage"},"image":{"@id":"https:\/\/www.kompetensforetagen.se\/2023\/12\/debatt-facken-far-inte-tveka-om-etableringsjobben\/#primaryimage"},"thumbnailUrl":"https:\/\/www.kompetensforetagen.se\/app\/uploads\/sites\/5\/2023\/06\/pexels-cottonbro-studio-4631066-scaled.jpg","datePublished":"2023-12-27T09:57:14+00:00","dateModified":"2023-12-27T09:57:16+00:00","description":"Arbetsmarknadens parter har drivit p\u00e5 f\u00f6r reformen med etableringsjobb. Facken f\u00e5r inte tveka i ett l\u00e4ge med kompetensbrist och arbetsl\u00f6shet.","breadcrumb":{"@id":"https:\/\/www.kompetensforetagen.se\/2023\/12\/debatt-facken-far-inte-tveka-om-etableringsjobben\/#breadcrumb"},"inLanguage":"sv-SE","potentialAction":[{"@type":"ReadAction","target":["https:\/\/www.kompetensforetagen.se\/2023\/12\/debatt-facken-far-inte-tveka-om-etableringsjobben\/"]}]},{"@type":"ImageObject","inLanguage":"sv-SE","@id":"https:\/\/www.kompetensforetagen.se\/2023\/12\/debatt-facken-far-inte-tveka-om-etableringsjobben\/#primaryimage","url":"https:\/\/www.kompetensforetagen.se\/app\/uploads\/sites\/5\/2023\/06\/pexels-cottonbro-studio-4631066-scaled.jpg","contentUrl":"https:\/\/www.kompetensforetagen.se\/app\/uploads\/sites\/5\/2023\/06\/pexels-cottonbro-studio-4631066-scaled.jpg","width":2560,"height":1707,"caption":"Upp\u00e5tv\u00e4nda handflator med yes och no skrivet i respektive"},{"@type":"BreadcrumbList","@id":"https:\/\/www.kompetensforetagen.se\/2023\/12\/debatt-facken-far-inte-tveka-om-etableringsjobben\/#breadcrumb","itemListElement":[{"@type":"ListItem","position":1,"name":"Home","item":"https:\/\/www.kompetensforetagen.se\/"},{"@type":"ListItem","position":2,"name":"Debatt: Facken f\u00e5r inte tveka om etableringsjobben"}]},{"@type":"WebSite","@id":"https:\/\/www.kompetensforetagen.se\/#website","url":"https:\/\/www.kompetensforetagen.se\/","name":"Kompetensf\u00f6retagen","description":"R\u00e4tt person p\u00e5 r\u00e4tt plats kan f\u00f6r\u00e4ndra v\u00e4rlden","publisher":{"@id":"https:\/\/www.kompetensforetagen.se\/#organization"},"potentialAction":[{"@type":"SearchAction","target":{"@type":"EntryPoint","urlTemplate":"https:\/\/www.kompetensforetagen.se\/?s={search_term_string}"},"query-input":{"@type":"PropertyValueSpecification","valueRequired":true,"valueName":"search_term_string"}}],"inLanguage":"sv-SE"},{"@type":"Organization","@id":"https:\/\/www.kompetensforetagen.se\/#organization","name":"Kompetensf\u00f6retagen","url":"https:\/\/www.kompetensforetagen.se\/","logo":{"@type":"ImageObject","inLanguage":"sv-SE","@id":"https:\/\/www.kompetensforetagen.se\/#\/schema\/logo\/image\/","url":"https:\/\/www.kompetensforetagen.se\/app\/uploads\/sites\/5\/2022\/10\/logga_svart.png","contentUrl":"https:\/\/www.kompetensforetagen.se\/app\/uploads\/sites\/5\/2022\/10\/logga_svart.png","width":752,"height":64,"caption":"Kompetensf\u00f6retagen"},"image":{"@id":"https:\/\/www.kompetensforetagen.se\/#\/schema\/logo\/image\/"},"sameAs":["https:\/\/www.linkedin.com\/company\/10540032\/"]},{"@type":"Person","@id":"","url":"https:\/\/www.kompetensforetagen.se\/person\/"}]}},"_links":{"self":[{"href":"https:\/\/www.kompetensforetagen.se\/api\/wp\/v2\/posts\/16414","targetHints":{"allow":["GET"]}}],"collection":[{"href":"https:\/\/www.kompetensforetagen.se\/api\/wp\/v2\/posts"}],"about":[{"href":"https:\/\/www.kompetensforetagen.se\/api\/wp\/v2\/types\/post"}],"author":[{"embeddable":true,"href":"https:\/\/www.kompetensforetagen.se\/api\/wp\/v2\/users\/6358"}],"replies":[{"embeddable":true,"href":"https:\/\/www.kompetensforetagen.se\/api\/wp\/v2\/comments?post=16414"}],"version-history":[{"count":1,"href":"https:\/\/www.kompetensforetagen.se\/api\/wp\/v2\/posts\/16414\/revisions"}],"predecessor-version":[{"id":16415,"href":"https:\/\/www.kompetensforetagen.se\/api\/wp\/v2\/posts\/16414\/revisions\/16415"}],"wp:featuredmedia":[{"embeddable":true,"href":"https:\/\/www.kompetensforetagen.se\/api\/wp\/v2\/media\/13974"}],"wp:attachment":[{"href":"https:\/\/www.kompetensforetagen.se\/api\/wp\/v2\/media?parent=16414"}],"wp:term":[{"taxonomy":"category","embeddable":true,"href":"https:\/\/www.kompetensforetagen.se\/api\/wp\/v2\/categories?post=16414"},{"taxonomy":"post_tag","embeddable":true,"href":"https:\/\/www.kompetensforetagen.se\/api\/wp\/v2\/tags?post=16414"},{"taxonomy":"type","embeddable":true,"href":"https:\/\/www.kompetensforetagen.se\/api\/wp\/v2\/article_type?post=16414"},{"taxonomy":"agreement","embeddable":true,"href":"https:\/\/www.kompetensforetagen.se\/api\/wp\/v2\/agreement?post=16414"},{"taxonomy":"for-members","embeddable":true,"href":"https:\/\/www.kompetensforetagen.se\/api\/wp\/v2\/for-members?post=16414"}],"curies":[{"name":"wp","href":"https:\/\/api.w.org\/{rel}","templated":true}]}}