{"id":16166,"date":"2023-12-21T11:34:19","date_gmt":"2023-12-21T10:34:19","guid":{"rendered":"https:\/\/www.kompetensforetagen.se\/?p=16166"},"modified":"2024-02-02T15:31:21","modified_gmt":"2024-02-02T14:31:21","slug":"vad-hander-efter-lamnatanstallningserbjudande-2","status":"publish","type":"post","link":"https:\/\/www.kompetensforetagen.se\/2023\/12\/vad-hander-efter-lamnatanstallningserbjudande-2\/","title":{"rendered":"Hur m\u00e5nga m\u00e5nadsl\u00f6ner ska konsulten ers\u00e4ttas med enligt 24-m\u00e5nadersregeln?"},"content":{"rendered":"<figure class=\"wp-block-embed is-type-video is-provider-youtube wp-block-embed-youtube wp-embed-aspect-16-9 wp-has-aspect-ratio\">\n      \n        <iframe loading=\"lazy\" title=\"\" width=\"500\" height=\"281\" src=\"https:\/\/www.youtube-nocookie.com\/embed\/ku5xSRwDIQQ?feature=oembed\" frameborder=\"0\" allow=\"accelerometer; autoplay; clipboard-write; encrypted-media; gyroscope; picture-in-picture; web-share\" referrerpolicy=\"strict-origin-when-cross-origin\" allowfullscreen><\/iframe>\n      \n    <\/figure>\n  \n\n\n\n\n<p>Hur vet man om det \u00e4r tv\u00e5 eller tre m\u00e5nadsl\u00f6ner konsulten ska ers\u00e4ttas med enligt<a href=\"https:\/\/www.kompetensforetagen.se\/2023\/12\/vad-innebar-24-manadersregeln\/\"> 24-m\u00e5nadersregeln<\/a> i uthyrningslagen? F\u00f6r tj\u00e4nstem\u00e4n \u00e4r det alltid tv\u00e5 m\u00e5nadsl\u00f6ner, men f\u00f6r arbetare kan det vara tre m\u00e5nader om kundf\u00f6retaget \u00e4r bundet av <a href=\"https:\/\/www.svensktnaringsliv.se\/bilder_och_dokument\/o48w9v_huvudavtal-om-trygghet-omstallning-och-anstallningsskydd-svenskt_1187238.html\/SN_PTK-2.pdf\" target=\"_blank\" rel=\"noreferrer noopener\">huvudavtalet <\/a>med ett LO-f\u00f6rbund i sitt kollektivavtal. I annat fall \u00e4r det tv\u00e5  m\u00e5nader.<\/p>\n\n\n\n\n\n<a class='Share__link Share__link--url copy-text' href='#' rel='nofollow' data-text='freja-svarar-pa-fler-fragor' title='Dela url' data-confirmation='L\u00e4nken kopierades till urklipp'><svg class='icon icon--link'  width='18' height='18' viewBox='0 0 18 18' fill='none' xmlns='http:\/\/www.w3.org\/2000\/svg'>\n            <path d='M10.4142 0.514721L6.87868 4.05025L8.29289 5.46447L11.1213 2.63604L15.364 6.87868L12.5355 9.70711L13.9497 11.1213L17.4853 7.58579C17.8763 7.19476 17.8763 6.5626 17.4853 6.17158L11.8284 0.514721C11.4374 0.123691 10.8052 0.123691 10.4142 0.514721Z' fill='black'\/>\n            <path d='M9.7071 12.5355L6.87868 15.364L2.63604 11.1213L5.46446 8.2929L4.05025 6.87868L0.514716 10.4142C0.123686 10.8052 0.123686 11.4374 0.514716 11.8284L6.17157 17.4853C6.5626 17.8763 7.19475 17.8763 7.58578 17.4853L11.1213 13.9497L9.7071 12.5355Z' fill='black'\/>\n            <path d='M6.17157 11.8284C6.5626 12.2195 7.19475 12.2195 7.58578 11.8284L11.8284 7.58579C12.2195 7.19476 12.2195 6.56261 11.8284 6.17158C11.4374 5.78055 10.8052 5.78055 10.4142 6.17158L6.17157 10.4142C5.78054 10.8052 5.78054 11.4374 6.17157 11.8284Z' fill='black'\/>\n            <\/svg> <\/a>\n<h2 class=\"wp-block-heading\"><mark style=\"background-color:rgba(0, 0, 0, 0)\" class=\"has-inline-color has-green-color\">Freja svarar p\u00e5 fler fr\u00e5gor<\/mark><\/h2>\n\n\n\n\n\n<figure class=\"wp-block-image size-large\"><a href=\"https:\/\/www.kompetensforetagen.se\/2023\/12\/lamnatanstallningserbjudande-enligt-24-manadersregeln\/\"><img loading=\"lazy\" decoding=\"async\" width=\"1180\" height=\"664\" src=\"https:\/\/www.kompetensforetagen.se\/app\/uploads\/sites\/5\/2023\/12\/Vad-hander-efter-lamnat--1180x664.png\" alt=\"\" class=\"wp-image-16143\" srcset=\"https:\/\/www.kompetensforetagen.se\/app\/uploads\/sites\/5\/2023\/12\/Vad-hander-efter-lamnat--1180x664.png 1180w, https:\/\/www.kompetensforetagen.se\/app\/uploads\/sites\/5\/2023\/12\/Vad-hander-efter-lamnat--580x326.png 580w, https:\/\/www.kompetensforetagen.se\/app\/uploads\/sites\/5\/2023\/12\/Vad-hander-efter-lamnat--380x214.png 380w, https:\/\/www.kompetensforetagen.se\/app\/uploads\/sites\/5\/2023\/12\/Vad-hander-efter-lamnat--768x432.png 768w, https:\/\/www.kompetensforetagen.se\/app\/uploads\/sites\/5\/2023\/12\/Vad-hander-efter-lamnat--1536x864.png 1536w, https:\/\/www.kompetensforetagen.se\/app\/uploads\/sites\/5\/2023\/12\/Vad-hander-efter-lamnat--600x338.png 600w, https:\/\/www.kompetensforetagen.se\/app\/uploads\/sites\/5\/2023\/12\/Vad-hander-efter-lamnat-.png 1920w\" sizes=\"auto, (max-width: 1180px) 100vw, 1180px\" \/><\/a><\/figure>\n\n\n\n<h3 class=\"wp-block-heading\"><a href=\"https:\/\/www.kompetensforetagen.se\/2023\/12\/lamnatanstallningserbjudande-enligt-24-manadersregeln\/\">Vad h\u00e4nder efter l\u00e4mnat anst\u00e4llningserbjudande?<\/a><\/h3>\n\n\n\n\n\n<figure class=\"wp-block-image size-large\"><a href=\"https:\/\/www.kompetensforetagen.se\/2023\/12\/har-det-uthyrande-bolaget-skyldighetenligt-lag-att-berakna-placeringstid\/\"><img loading=\"lazy\" decoding=\"async\" width=\"1180\" height=\"664\" src=\"https:\/\/www.kompetensforetagen.se\/app\/uploads\/sites\/5\/2023\/12\/Har-det-uthyrande-bolaget-skyldighet-1180x664.png\" alt=\"\" class=\"wp-image-16144\" srcset=\"https:\/\/www.kompetensforetagen.se\/app\/uploads\/sites\/5\/2023\/12\/Har-det-uthyrande-bolaget-skyldighet-1180x664.png 1180w, https:\/\/www.kompetensforetagen.se\/app\/uploads\/sites\/5\/2023\/12\/Har-det-uthyrande-bolaget-skyldighet-580x326.png 580w, https:\/\/www.kompetensforetagen.se\/app\/uploads\/sites\/5\/2023\/12\/Har-det-uthyrande-bolaget-skyldighet-380x214.png 380w, https:\/\/www.kompetensforetagen.se\/app\/uploads\/sites\/5\/2023\/12\/Har-det-uthyrande-bolaget-skyldighet-768x432.png 768w, https:\/\/www.kompetensforetagen.se\/app\/uploads\/sites\/5\/2023\/12\/Har-det-uthyrande-bolaget-skyldighet-1536x864.png 1536w, https:\/\/www.kompetensforetagen.se\/app\/uploads\/sites\/5\/2023\/12\/Har-det-uthyrande-bolaget-skyldighet-600x338.png 600w, https:\/\/www.kompetensforetagen.se\/app\/uploads\/sites\/5\/2023\/12\/Har-det-uthyrande-bolaget-skyldighet.png 1920w\" sizes=\"auto, (max-width: 1180px) 100vw, 1180px\" \/><\/a><\/figure>\n\n\n\n<h3 class=\"wp-block-heading\">Har det uthyrande bolaget skyldighet (enligt lag) att ber\u00e4kna placeringstid?<\/h3>\n\n\n\n\n\n<figure class=\"wp-block-image size-large\"><a href=\"https:\/\/www.kompetensforetagen.se\/2023\/12\/vad-hander-efter-lamnatanstallningserbjudande-2\/\"><img loading=\"lazy\" decoding=\"async\" width=\"1180\" height=\"664\" src=\"https:\/\/www.kompetensforetagen.se\/app\/uploads\/sites\/5\/2023\/12\/Vad-avgor-om-det-ar-2-eller-3-manadsloner--1180x664.png\" alt=\"\" class=\"wp-image-16142\" srcset=\"https:\/\/www.kompetensforetagen.se\/app\/uploads\/sites\/5\/2023\/12\/Vad-avgor-om-det-ar-2-eller-3-manadsloner--1180x664.png 1180w, https:\/\/www.kompetensforetagen.se\/app\/uploads\/sites\/5\/2023\/12\/Vad-avgor-om-det-ar-2-eller-3-manadsloner--580x326.png 580w, https:\/\/www.kompetensforetagen.se\/app\/uploads\/sites\/5\/2023\/12\/Vad-avgor-om-det-ar-2-eller-3-manadsloner--380x214.png 380w, https:\/\/www.kompetensforetagen.se\/app\/uploads\/sites\/5\/2023\/12\/Vad-avgor-om-det-ar-2-eller-3-manadsloner--768x432.png 768w, https:\/\/www.kompetensforetagen.se\/app\/uploads\/sites\/5\/2023\/12\/Vad-avgor-om-det-ar-2-eller-3-manadsloner--1536x864.png 1536w, https:\/\/www.kompetensforetagen.se\/app\/uploads\/sites\/5\/2023\/12\/Vad-avgor-om-det-ar-2-eller-3-manadsloner--600x338.png 600w, https:\/\/www.kompetensforetagen.se\/app\/uploads\/sites\/5\/2023\/12\/Vad-avgor-om-det-ar-2-eller-3-manadsloner-.png 1920w\" sizes=\"auto, (max-width: 1180px) 100vw, 1180px\" \/><\/a><\/figure>\n\n\n\n<h3 class=\"wp-block-heading\"><a href=\"https:\/\/www.kompetensforetagen.se\/2023\/12\/vad-hander-efter-lamnatanstallningserbjudande-2\/\" target=\"_blank\" rel=\"noreferrer noopener\">Vad avg\u00f6r om det \u00e4r 2 eller 3 m\u00e5nader som kundf\u00f6retaget ska betala om de inte vill erbjuda en anst\u00e4llning till inhyrd personal efter 24-m\u00e5nader?<\/a><\/h3>\n\n\n\n\n\n      <a href=\"https:\/\/kompetensforetagen.se\/24manadersregeln\/\" target=\"_blank\" class=\"Button is-button is-fullwidth is-style-fill has-primary-background-color has-primary-border-color Button--squiggly-arrow-link\">\n      \n        Mer om 24-m\u00e5nadersregeln\n      \n      \n                \n                <svg class='icon icon--squiggly-arrow-link'  width=\"114\" height=\"36\" viewBox=\"0 0 114 36\" fill=\"none\" xmlns=\"http:\/\/www.w3.org\/2000\/svg\">\n<path d=\"M0.591797 18.5C7.0918 18.5 11.5209 19.9081 13.4345 14.5C14.3308 11.9657 14.3461 11.9541 15.0839 9.38315C15.7735 6.97969 17.3449 4.54993 19.8345 3.93399C22.9224 3.16984 26.0805 5.67017 27.0204 8.62798C27.9603 11.5851 27.243 14.7829 26.3407 17.751C25.4378 20.719 24.34 23.7256 24.5322 26.8156C24.7244 29.9049 26.6162 33.154 29.7193 33.8559C33.0114 34.5995 36.3563 32.146 37.6741 29.1234C38.9912 26.0995 38.7745 22.6791 38.4839 19.4082C38.1926 16.1373 37.8656 12.7464 38.9918 9.65134C40.1187 6.55559 43.1657 3.84801 46.5259 4.19961C49.9434 4.55763 52.3227 7.90617 52.8134 11.2104C53.3042 14.5147 52.3993 17.8408 51.8259 21.1322C51.2526 24.4237 51.0624 28.0141 52.8029 30.8923C54.221 33.2393 56.8902 34.826 59.6869 34.9864C62.4836 35.1468 65.3259 33.8758 67.0188 31.7072C69.5136 28.5126 69.3227 24.0689 68.5255 20.1345C67.7289 16.1996 66.4369 12.2139 67.1225 8.2597C67.8081 4.30548 71.3849 0.426331 75.4597 1.0705C78.5034 1.55171 80.6627 4.37413 81.4078 7.28189C82.1528 10.189 81.8133 13.2366 81.7711 16.2323C81.7288 19.2279 82.0551 22.4052 83.8874 24.8144C86.657 28.4555 91.9762 29.2197 96.6072 28.7147C101.239 28.2098 105.813 25.7501 110.457 26.1383\" stroke=\"black\" stroke-width=\"2\" stroke-miterlimit=\"10\"\/>\n<path d=\"M105.097 35L111.68 25.3613L102.457 18.2063\" stroke=\"black\" stroke-width=\"2\" stroke-miterlimit=\"10\"\/>\n<\/svg>\n\n        \n    <\/a>\n  \n\n","protected":false},"excerpt":{"rendered":"<p>Hur vet man om det \u00e4r tv\u00e5 eller tre m\u00e5nadsl\u00f6ner konsulten ska ers\u00e4ttas med enligt 24-m\u00e5nadersregeln i uthyrningslagen? F\u00f6r tj\u00e4nstem\u00e4n \u00e4r det alltid tv\u00e5 m\u00e5nadsl\u00f6ner, men f\u00f6r arbetare kan det vara tre m\u00e5nader om kundf\u00f6retaget &hellip;<\/p>\n","protected":false},"author":14830,"featured_media":16142,"comment_status":"closed","ping_status":"closed","sticky":false,"template":"","format":"standard","meta":{"_acf_changed":false,"footnotes":""},"categories":[247],"tags":[],"article_type":[210],"agreement":[],"for-members":[],"class_list":["post-16166","post","type-post","status-publish","format-standard","has-post-thumbnail","hentry","category-24-manadersregeln","type-fakta"],"acf":[],"yoast_head":"<!-- This site is optimized with the Yoast SEO Premium plugin v26.8 (Yoast SEO v26.8) - https:\/\/yoast.com\/product\/yoast-seo-premium-wordpress\/ -->\n<title>S\u00e5 ska konsulten ers\u00e4ttas enligt 24-m\u00e5nadersregeln<\/title>\n<meta name=\"description\" content=\"Hur vet man om det \u00e4r tv\u00e5 eller tre m\u00e5nadsl\u00f6ner konsulten ska ers\u00e4ttas med enligt 24-m\u00e5nadersregeln i uthyrningslagen?\" \/>\n<meta name=\"robots\" content=\"index, follow, max-snippet:-1, max-image-preview:large, max-video-preview:-1\" \/>\n<link rel=\"canonical\" href=\"https:\/\/www.kompetensforetagen.se\/2023\/12\/vad-hander-efter-lamnatanstallningserbjudande-2\/\" \/>\n<meta property=\"og:locale\" content=\"sv_SE\" \/>\n<meta property=\"og:type\" content=\"article\" \/>\n<meta property=\"og:title\" content=\"Hur m\u00e5nga m\u00e5nadsl\u00f6ner ska konsulten ers\u00e4ttas med enligt 24-m\u00e5nadersregeln?\" \/>\n<meta property=\"og:description\" content=\"Hur vet man om det \u00e4r tv\u00e5 eller tre m\u00e5nadsl\u00f6ner konsulten ska ers\u00e4ttas med enligt 24-m\u00e5nadersregeln i uthyrningslagen?\" \/>\n<meta property=\"og:url\" content=\"https:\/\/www.kompetensforetagen.se\/2023\/12\/vad-hander-efter-lamnatanstallningserbjudande-2\/\" \/>\n<meta property=\"og:site_name\" content=\"Kompetensf\u00f6retagen\" \/>\n<meta property=\"article:published_time\" content=\"2023-12-21T10:34:19+00:00\" \/>\n<meta property=\"article:modified_time\" content=\"2024-02-02T14:31:21+00:00\" \/>\n<meta property=\"og:image\" content=\"https:\/\/www.kompetensforetagen.se\/app\/uploads\/sites\/5\/2023\/12\/Vad-avgor-om-det-ar-2-eller-3-manadsloner-.png\" \/>\n\t<meta property=\"og:image:width\" content=\"1920\" \/>\n\t<meta property=\"og:image:height\" content=\"1080\" \/>\n\t<meta property=\"og:image:type\" content=\"image\/png\" \/>\n<meta name=\"author\" content=\"camillagunnar2\" \/>\n<meta name=\"twitter:card\" content=\"summary_large_image\" \/>\n<meta name=\"twitter:label1\" content=\"Skriven av\" \/>\n\t<meta name=\"twitter:data1\" content=\"camillagunnar2\" \/>\n\t<meta name=\"twitter:label2\" content=\"Ber\u00e4knad l\u00e4stid\" \/>\n\t<meta name=\"twitter:data2\" content=\"1 minut\" \/>\n<!-- \/ Yoast SEO Premium plugin. -->","yoast_head_json":{"title":"S\u00e5 ska konsulten ers\u00e4ttas enligt 24-m\u00e5nadersregeln","description":"Hur vet man om det \u00e4r tv\u00e5 eller tre m\u00e5nadsl\u00f6ner konsulten ska ers\u00e4ttas med enligt 24-m\u00e5nadersregeln i uthyrningslagen?","robots":{"index":"index","follow":"follow","max-snippet":"max-snippet:-1","max-image-preview":"max-image-preview:large","max-video-preview":"max-video-preview:-1"},"canonical":"https:\/\/www.kompetensforetagen.se\/2023\/12\/vad-hander-efter-lamnatanstallningserbjudande-2\/","og_locale":"sv_SE","og_type":"article","og_title":"Hur m\u00e5nga m\u00e5nadsl\u00f6ner ska konsulten ers\u00e4ttas med enligt 24-m\u00e5nadersregeln?","og_description":"Hur vet man om det \u00e4r tv\u00e5 eller tre m\u00e5nadsl\u00f6ner konsulten ska ers\u00e4ttas med enligt 24-m\u00e5nadersregeln i uthyrningslagen?","og_url":"https:\/\/www.kompetensforetagen.se\/2023\/12\/vad-hander-efter-lamnatanstallningserbjudande-2\/","og_site_name":"Kompetensf\u00f6retagen","article_published_time":"2023-12-21T10:34:19+00:00","article_modified_time":"2024-02-02T14:31:21+00:00","og_image":[{"width":1920,"height":1080,"url":"https:\/\/www.kompetensforetagen.se\/app\/uploads\/sites\/5\/2023\/12\/Vad-avgor-om-det-ar-2-eller-3-manadsloner-.png","type":"image\/png"}],"author":"camillagunnar2","twitter_card":"summary_large_image","twitter_misc":{"Skriven av":"camillagunnar2","Ber\u00e4knad l\u00e4stid":"1 minut"},"schema":{"@context":"https:\/\/schema.org","@graph":[{"@type":"Article","@id":"https:\/\/www.kompetensforetagen.se\/2023\/12\/vad-hander-efter-lamnatanstallningserbjudande-2\/#article","isPartOf":{"@id":"https:\/\/www.kompetensforetagen.se\/2023\/12\/vad-hander-efter-lamnatanstallningserbjudande-2\/"},"author":{"name":"camillagunnar2","@id":"https:\/\/www.kompetensforetagen.se\/#\/schema\/person\/94b8ea93ef0611b1467f15023d9ebd1b"},"headline":"Hur m\u00e5nga m\u00e5nadsl\u00f6ner ska konsulten ers\u00e4ttas med enligt 24-m\u00e5nadersregeln?","datePublished":"2023-12-21T10:34:19+00:00","dateModified":"2024-02-02T14:31:21+00:00","mainEntityOfPage":{"@id":"https:\/\/www.kompetensforetagen.se\/2023\/12\/vad-hander-efter-lamnatanstallningserbjudande-2\/"},"wordCount":85,"publisher":{"@id":"https:\/\/www.kompetensforetagen.se\/#organization"},"image":{"@id":"https:\/\/www.kompetensforetagen.se\/2023\/12\/vad-hander-efter-lamnatanstallningserbjudande-2\/#primaryimage"},"thumbnailUrl":"https:\/\/www.kompetensforetagen.se\/app\/uploads\/sites\/5\/2023\/12\/Vad-avgor-om-det-ar-2-eller-3-manadsloner-.png","articleSection":["24-m\u00e5nadersregeln"],"inLanguage":"sv-SE"},{"@type":"WebPage","@id":"https:\/\/www.kompetensforetagen.se\/2023\/12\/vad-hander-efter-lamnatanstallningserbjudande-2\/","url":"https:\/\/www.kompetensforetagen.se\/2023\/12\/vad-hander-efter-lamnatanstallningserbjudande-2\/","name":"S\u00e5 ska konsulten ers\u00e4ttas enligt 24-m\u00e5nadersregeln","isPartOf":{"@id":"https:\/\/www.kompetensforetagen.se\/#website"},"primaryImageOfPage":{"@id":"https:\/\/www.kompetensforetagen.se\/2023\/12\/vad-hander-efter-lamnatanstallningserbjudande-2\/#primaryimage"},"image":{"@id":"https:\/\/www.kompetensforetagen.se\/2023\/12\/vad-hander-efter-lamnatanstallningserbjudande-2\/#primaryimage"},"thumbnailUrl":"https:\/\/www.kompetensforetagen.se\/app\/uploads\/sites\/5\/2023\/12\/Vad-avgor-om-det-ar-2-eller-3-manadsloner-.png","datePublished":"2023-12-21T10:34:19+00:00","dateModified":"2024-02-02T14:31:21+00:00","description":"Hur vet man om det \u00e4r tv\u00e5 eller tre m\u00e5nadsl\u00f6ner konsulten ska ers\u00e4ttas med enligt 24-m\u00e5nadersregeln i uthyrningslagen?","breadcrumb":{"@id":"https:\/\/www.kompetensforetagen.se\/2023\/12\/vad-hander-efter-lamnatanstallningserbjudande-2\/#breadcrumb"},"inLanguage":"sv-SE","potentialAction":[{"@type":"ReadAction","target":["https:\/\/www.kompetensforetagen.se\/2023\/12\/vad-hander-efter-lamnatanstallningserbjudande-2\/"]}]},{"@type":"ImageObject","inLanguage":"sv-SE","@id":"https:\/\/www.kompetensforetagen.se\/2023\/12\/vad-hander-efter-lamnatanstallningserbjudande-2\/#primaryimage","url":"https:\/\/www.kompetensforetagen.se\/app\/uploads\/sites\/5\/2023\/12\/Vad-avgor-om-det-ar-2-eller-3-manadsloner-.png","contentUrl":"https:\/\/www.kompetensforetagen.se\/app\/uploads\/sites\/5\/2023\/12\/Vad-avgor-om-det-ar-2-eller-3-manadsloner-.png","width":1920,"height":1080,"caption":"Grafik: Vad avg\u00f6r om det \u00e4r 2 eller 3 m\u00e5nadsl\u00f6ner enligt 24-m\u00e5nadersregeln?"},{"@type":"BreadcrumbList","@id":"https:\/\/www.kompetensforetagen.se\/2023\/12\/vad-hander-efter-lamnatanstallningserbjudande-2\/#breadcrumb","itemListElement":[{"@type":"ListItem","position":1,"name":"Home","item":"https:\/\/www.kompetensforetagen.se\/"},{"@type":"ListItem","position":2,"name":"Hur m\u00e5nga m\u00e5nadsl\u00f6ner ska konsulten ers\u00e4ttas med enligt 24-m\u00e5nadersregeln?"}]},{"@type":"WebSite","@id":"https:\/\/www.kompetensforetagen.se\/#website","url":"https:\/\/www.kompetensforetagen.se\/","name":"Kompetensf\u00f6retagen","description":"R\u00e4tt person p\u00e5 r\u00e4tt plats kan f\u00f6r\u00e4ndra v\u00e4rlden","publisher":{"@id":"https:\/\/www.kompetensforetagen.se\/#organization"},"potentialAction":[{"@type":"SearchAction","target":{"@type":"EntryPoint","urlTemplate":"https:\/\/www.kompetensforetagen.se\/?s={search_term_string}"},"query-input":{"@type":"PropertyValueSpecification","valueRequired":true,"valueName":"search_term_string"}}],"inLanguage":"sv-SE"},{"@type":"Organization","@id":"https:\/\/www.kompetensforetagen.se\/#organization","name":"Kompetensf\u00f6retagen","url":"https:\/\/www.kompetensforetagen.se\/","logo":{"@type":"ImageObject","inLanguage":"sv-SE","@id":"https:\/\/www.kompetensforetagen.se\/#\/schema\/logo\/image\/","url":"https:\/\/www.kompetensforetagen.se\/app\/uploads\/sites\/5\/2022\/10\/logga_svart.png","contentUrl":"https:\/\/www.kompetensforetagen.se\/app\/uploads\/sites\/5\/2022\/10\/logga_svart.png","width":752,"height":64,"caption":"Kompetensf\u00f6retagen"},"image":{"@id":"https:\/\/www.kompetensforetagen.se\/#\/schema\/logo\/image\/"},"sameAs":["https:\/\/www.linkedin.com\/company\/10540032\/"]},{"@type":"Person","@id":"https:\/\/www.kompetensforetagen.se\/#\/schema\/person\/94b8ea93ef0611b1467f15023d9ebd1b","name":"camillagunnar2","image":{"@type":"ImageObject","inLanguage":"sv-SE","@id":"https:\/\/www.kompetensforetagen.se\/#\/schema\/person\/image\/","url":"https:\/\/secure.gravatar.com\/avatar\/b6f8240666aff929220ce2eb5e5698c1b44b3223ca9f0ac50ecbf5dbdb13dab4?s=96&d=mm&r=g","contentUrl":"https:\/\/secure.gravatar.com\/avatar\/b6f8240666aff929220ce2eb5e5698c1b44b3223ca9f0ac50ecbf5dbdb13dab4?s=96&d=mm&r=g","caption":"camillagunnar2"},"url":"https:\/\/www.kompetensforetagen.se\/person\/camillagunnar2\/"}]}},"_links":{"self":[{"href":"https:\/\/www.kompetensforetagen.se\/api\/wp\/v2\/posts\/16166","targetHints":{"allow":["GET"]}}],"collection":[{"href":"https:\/\/www.kompetensforetagen.se\/api\/wp\/v2\/posts"}],"about":[{"href":"https:\/\/www.kompetensforetagen.se\/api\/wp\/v2\/types\/post"}],"author":[{"embeddable":true,"href":"https:\/\/www.kompetensforetagen.se\/api\/wp\/v2\/users\/14830"}],"replies":[{"embeddable":true,"href":"https:\/\/www.kompetensforetagen.se\/api\/wp\/v2\/comments?post=16166"}],"version-history":[{"count":10,"href":"https:\/\/www.kompetensforetagen.se\/api\/wp\/v2\/posts\/16166\/revisions"}],"predecessor-version":[{"id":19361,"href":"https:\/\/www.kompetensforetagen.se\/api\/wp\/v2\/posts\/16166\/revisions\/19361"}],"wp:featuredmedia":[{"embeddable":true,"href":"https:\/\/www.kompetensforetagen.se\/api\/wp\/v2\/media\/16142"}],"wp:attachment":[{"href":"https:\/\/www.kompetensforetagen.se\/api\/wp\/v2\/media?parent=16166"}],"wp:term":[{"taxonomy":"category","embeddable":true,"href":"https:\/\/www.kompetensforetagen.se\/api\/wp\/v2\/categories?post=16166"},{"taxonomy":"post_tag","embeddable":true,"href":"https:\/\/www.kompetensforetagen.se\/api\/wp\/v2\/tags?post=16166"},{"taxonomy":"type","embeddable":true,"href":"https:\/\/www.kompetensforetagen.se\/api\/wp\/v2\/article_type?post=16166"},{"taxonomy":"agreement","embeddable":true,"href":"https:\/\/www.kompetensforetagen.se\/api\/wp\/v2\/agreement?post=16166"},{"taxonomy":"for-members","embeddable":true,"href":"https:\/\/www.kompetensforetagen.se\/api\/wp\/v2\/for-members?post=16166"}],"curies":[{"name":"wp","href":"https:\/\/api.w.org\/{rel}","templated":true}]}}