{"id":16134,"date":"2023-12-18T10:59:25","date_gmt":"2023-12-18T09:59:25","guid":{"rendered":"https:\/\/www.kompetensforetagen.se\/?p=16134"},"modified":"2023-12-19T10:43:44","modified_gmt":"2023-12-19T09:43:44","slug":"intresset-for-att-mota-manniskor-gjorde-kristian-till-inkopskonsult","status":"publish","type":"post","link":"https:\/\/www.kompetensforetagen.se\/2023\/12\/intresset-for-att-mota-manniskor-gjorde-kristian-till-inkopskonsult\/","title":{"rendered":"Kristian tipsades att jobba som ink\u00f6pskonsult"},"content":{"rendered":"\n<p>Id\u00e9n att jobba med ink\u00f6p v\u00e4cktes genom en kollega n\u00e4r Kristian arbetade med att arrangera kulturverksamheter f\u00f6r V\u00e4ster\u00e5s kommun. N\u00e4r en yrkesutbildning f\u00f6r kvalificerade ink\u00f6pare och upphandlare d\u00f6k upp i V\u00e4ster\u00e5s tog Kristian chansen.<\/p>\n\n\n\n<p>-Jag har alltid varit intresserad av m\u00f6tet med m\u00e4nniskor och den aff\u00e4rsm\u00e4ssiga sidan. Sista praktikveckan blev f\u00f6rsta jobbveckan och nu har jag arbetat med ink\u00f6p i sju \u00e5r.<\/p>\n\n\n<a class='Share__link Share__link--url copy-text' href='#' rel='nofollow' data-text='tipsades-att-jobba-som-inkopskonsult' title='Dela url' data-confirmation='L\u00e4nken kopierades till urklipp'><svg class='icon icon--link'  width='18' height='18' viewBox='0 0 18 18' fill='none' xmlns='http:\/\/www.w3.org\/2000\/svg'>\n            <path d='M10.4142 0.514721L6.87868 4.05025L8.29289 5.46447L11.1213 2.63604L15.364 6.87868L12.5355 9.70711L13.9497 11.1213L17.4853 7.58579C17.8763 7.19476 17.8763 6.5626 17.4853 6.17158L11.8284 0.514721C11.4374 0.123691 10.8052 0.123691 10.4142 0.514721Z' fill='black'\/>\n            <path d='M9.7071 12.5355L6.87868 15.364L2.63604 11.1213L5.46446 8.2929L4.05025 6.87868L0.514716 10.4142C0.123686 10.8052 0.123686 11.4374 0.514716 11.8284L6.17157 17.4853C6.5626 17.8763 7.19475 17.8763 7.58578 17.4853L11.1213 13.9497L9.7071 12.5355Z' fill='black'\/>\n            <path d='M6.17157 11.8284C6.5626 12.2195 7.19475 12.2195 7.58578 11.8284L11.8284 7.58579C12.2195 7.19476 12.2195 6.56261 11.8284 6.17158C11.4374 5.78055 10.8052 5.78055 10.4142 6.17158L6.17157 10.4142C5.78054 10.8052 5.78054 11.4374 6.17157 11.8284Z' fill='black'\/>\n            <\/svg> <\/a>\n<h2 class=\"wp-block-heading\">Tipsades att jobba som ink\u00f6pskonsult<\/h2>\n\n\n\n<p>Senare tipsade en tidigare studiekamrat fr\u00e5n yrkesh\u00f6gskolan om att b\u00f6rja arbeta som ink\u00f6pskonsult.&nbsp; Det var s\u00e5 han hamnade p\u00e5 <a href=\"https:\/\/www.jeffersonwells.se\/sv\" target=\"_blank\" rel=\"noreferrer noopener\">Jefferson Wells <\/a>(d\u00e5 Experis), som tillhandah\u00e5ller kompetensf\u00f6rs\u00f6rjning av chefer och specialister.<\/p>\n\n\n\n<blockquote class=\"wp-block-quote is-layout-flow wp-block-quote-is-layout-flow\">\n<p>Det jag gillar med ink\u00f6psrollen \u00e4r att man f\u00e5r arbeta med probleml\u00f6sning<\/p>\n<\/blockquote>\n\n\n\n<p>-Mitt f\u00f6rsta konsultuppdrag var p\u00e5 ett stort globalt f\u00f6retag inom gruvindustrin. Sen har jag varit hos f\u00f6retag som levererar till t\u00e5gindustrin och inom k\u00e4rnkraftsbranschen. Idag har jag uppdrag p\u00e5 <a href=\"https:\/\/new.abb.com\/se\/om-abb\/verksamhet\/electrification\" target=\"_blank\" rel=\"noreferrer noopener\">ABB Electrification<\/a> i V\u00e4ster\u00e5s.<\/p>\n\n\n\n<p>Att ha arbetat i olika branscher har varit en f\u00f6rdel f\u00f6r Kristian eftersom han f\u00e5tt chansen att <a href=\"https:\/\/www.kompetensforetagen.se\/2021\/12\/fem-fordelar-med-att-jobba-som-konsult\/\">samla p\u00e5 sig en bred kunskap<\/a>.<\/p>\n\n\n\n<p>-Det var det som lockade, att se olika f\u00f6retag, branscher och roller inom ink\u00f6p. Det jag gillar med ink\u00f6psrollen \u00e4r att man f\u00e5r arbeta med probleml\u00f6sning. Allt fr\u00e5n st\u00f6rre leveransproblem hos en leverant\u00f6r till att vara med och utveckla interna processer och l\u00f6sningar. Senaste \u00e5rens oroligheter i v\u00e4rlden har inte minst visat p\u00e5 behov av kreativitet kring ov\u00e4ntade problem.<\/p>\n\n\n<a class='Share__link Share__link--url copy-text' href='#' rel='nofollow' data-text='arbetar-garna-i-lag' title='Dela url' data-confirmation='L\u00e4nken kopierades till urklipp'><svg class='icon icon--link'  width='18' height='18' viewBox='0 0 18 18' fill='none' xmlns='http:\/\/www.w3.org\/2000\/svg'>\n            <path d='M10.4142 0.514721L6.87868 4.05025L8.29289 5.46447L11.1213 2.63604L15.364 6.87868L12.5355 9.70711L13.9497 11.1213L17.4853 7.58579C17.8763 7.19476 17.8763 6.5626 17.4853 6.17158L11.8284 0.514721C11.4374 0.123691 10.8052 0.123691 10.4142 0.514721Z' fill='black'\/>\n            <path d='M9.7071 12.5355L6.87868 15.364L2.63604 11.1213L5.46446 8.2929L4.05025 6.87868L0.514716 10.4142C0.123686 10.8052 0.123686 11.4374 0.514716 11.8284L6.17157 17.4853C6.5626 17.8763 7.19475 17.8763 7.58578 17.4853L11.1213 13.9497L9.7071 12.5355Z' fill='black'\/>\n            <path d='M6.17157 11.8284C6.5626 12.2195 7.19475 12.2195 7.58578 11.8284L11.8284 7.58579C12.2195 7.19476 12.2195 6.56261 11.8284 6.17158C11.4374 5.78055 10.8052 5.78055 10.4142 6.17158L6.17157 10.4142C5.78054 10.8052 5.78054 11.4374 6.17157 11.8284Z' fill='black'\/>\n            <\/svg> <\/a>\n<h2 class=\"wp-block-heading\">Arbetar g\u00e4rna i lag<\/h2>\n\n\n\n<p>Kristian ber\u00e4ttar att arbetet till stor del g\u00f6rs i team, vilket han uppskattar.<\/p>\n\n\n\n<p>-Jag trivs i att arbeta i grupp och mot gemensamma m\u00e5l och gemensamma saker. Kan man f\u00e5 en grupp att arbeta strukturerat \u00e5t samma h\u00e5ll s\u00e5 kan man f\u00e5 bra effekter av det.<\/p>\n\n\n\n<p>Erfarenheten f\u00f6r att bygga och arbeta som ett lag har Kristian ocks\u00e5 med sig fr\u00e5n basketen. Som tr\u00e4nare f\u00f6r <a href=\"https:\/\/www.arosbasket.se\/\" target=\"_blank\" rel=\"noreferrer noopener\">Aros Basket<\/a> har Kristian sett till att V\u00e4ster\u00e5s f\u00f6r f\u00f6rsta g\u00e5ngen p\u00e5 20 \u00e5r har ett lag i Basketettan. Ett m\u00e5lmedvetet arbete \u00e4r med andra ord inget nytt f\u00f6r Kristian.<\/p>\n\n\n\n<figure class=\"wp-block-table\"><table class=\"has-primary-background-color has-background\"><tbody><tr><td><strong>Namn<\/strong>: Kristian Murholt<br><strong>\u00c5lder: <\/strong>28<br><strong>Ort: <\/strong>V\u00e4ster\u00e5s<br><strong>Konsultf\u00f6retag: <\/strong>Jefferson Wells<br><strong>Kundf\u00f6retag: <\/strong>ABB<br><strong>Tj\u00e4nst: <\/strong>Ink\u00f6pskonsult<br><strong>G\u00f6r helst p\u00e5 fritiden: <\/strong>Tar Aros Baskets herrlag till nya niv\u00e5er<\/td><\/tr><\/tbody><\/table><\/figure>\n","protected":false},"excerpt":{"rendered":"<p>Id\u00e9n att jobba med ink\u00f6p v\u00e4cktes genom en kollega n\u00e4r Kristian arbetade med att arrangera kulturverksamheter f\u00f6r V\u00e4ster\u00e5s kommun. N\u00e4r en yrkesutbildning f\u00f6r kvalificerade ink\u00f6pare och upphandlare d\u00f6k upp i V\u00e4ster\u00e5s tog Kristian chansen. -Jag &hellip;<\/p>\n","protected":false},"author":6358,"featured_media":16191,"comment_status":"closed","ping_status":"closed","sticky":false,"template":"","format":"standard","meta":{"_acf_changed":false,"footnotes":""},"categories":[1],"tags":[],"article_type":[],"agreement":[],"for-members":[],"class_list":["post-16134","post","type-post","status-publish","format-standard","has-post-thumbnail","hentry","category-okategoriserade"],"acf":[],"yoast_head":"<!-- This site is optimized with the Yoast SEO Premium plugin v26.8 (Yoast SEO v26.8) - https:\/\/yoast.com\/product\/yoast-seo-premium-wordpress\/ -->\n<title>Kristian tipsades att jobba som ink\u00f6pskonsult<\/title>\n<meta name=\"description\" content=\"En tidigare studiekamrat fr\u00e5n yrkesh\u00f6gskolan tipsade Kristian Murholt om att b\u00f6rja arbeta som ink\u00f6pskonsult.\" \/>\n<meta name=\"robots\" content=\"index, follow, max-snippet:-1, max-image-preview:large, max-video-preview:-1\" \/>\n<link rel=\"canonical\" href=\"https:\/\/www.kompetensforetagen.se\/2023\/12\/intresset-for-att-mota-manniskor-gjorde-kristian-till-inkopskonsult\/\" \/>\n<meta property=\"og:locale\" content=\"sv_SE\" \/>\n<meta property=\"og:type\" content=\"article\" \/>\n<meta property=\"og:title\" content=\"Kristian tipsades att jobba som ink\u00f6pskonsult\" \/>\n<meta property=\"og:description\" content=\"En tidigare studiekamrat fr\u00e5n yrkesh\u00f6gskolan tipsade Kristian Murholt om att b\u00f6rja arbeta som ink\u00f6pskonsult.\" \/>\n<meta property=\"og:url\" content=\"https:\/\/www.kompetensforetagen.se\/2023\/12\/intresset-for-att-mota-manniskor-gjorde-kristian-till-inkopskonsult\/\" \/>\n<meta property=\"og:site_name\" content=\"Kompetensf\u00f6retagen\" \/>\n<meta property=\"article:published_time\" content=\"2023-12-18T09:59:25+00:00\" \/>\n<meta property=\"article:modified_time\" content=\"2023-12-19T09:43:44+00:00\" \/>\n<meta property=\"og:image\" content=\"https:\/\/www.kompetensforetagen.se\/app\/uploads\/sites\/5\/2023\/12\/Brown-White-Craft-Marketing-Mind-Map-Brainstorm-5.png\" \/>\n\t<meta property=\"og:image:width\" content=\"1920\" \/>\n\t<meta property=\"og:image:height\" content=\"1080\" \/>\n\t<meta property=\"og:image:type\" content=\"image\/png\" \/>\n<meta name=\"twitter:card\" content=\"summary_large_image\" \/>\n<meta name=\"twitter:label1\" content=\"Skriven av\" \/>\n\t<meta name=\"twitter:data1\" content=\"\" \/>\n\t<meta name=\"twitter:label2\" content=\"Ber\u00e4knad l\u00e4stid\" \/>\n\t<meta name=\"twitter:data2\" content=\"2 minuter\" \/>\n<!-- \/ Yoast SEO Premium plugin. -->","yoast_head_json":{"title":"Kristian tipsades att jobba som ink\u00f6pskonsult","description":"En tidigare studiekamrat fr\u00e5n yrkesh\u00f6gskolan tipsade Kristian Murholt om att b\u00f6rja arbeta som ink\u00f6pskonsult.","robots":{"index":"index","follow":"follow","max-snippet":"max-snippet:-1","max-image-preview":"max-image-preview:large","max-video-preview":"max-video-preview:-1"},"canonical":"https:\/\/www.kompetensforetagen.se\/2023\/12\/intresset-for-att-mota-manniskor-gjorde-kristian-till-inkopskonsult\/","og_locale":"sv_SE","og_type":"article","og_title":"Kristian tipsades att jobba som ink\u00f6pskonsult","og_description":"En tidigare studiekamrat fr\u00e5n yrkesh\u00f6gskolan tipsade Kristian Murholt om att b\u00f6rja arbeta som ink\u00f6pskonsult.","og_url":"https:\/\/www.kompetensforetagen.se\/2023\/12\/intresset-for-att-mota-manniskor-gjorde-kristian-till-inkopskonsult\/","og_site_name":"Kompetensf\u00f6retagen","article_published_time":"2023-12-18T09:59:25+00:00","article_modified_time":"2023-12-19T09:43:44+00:00","og_image":[{"width":1920,"height":1080,"url":"https:\/\/www.kompetensforetagen.se\/app\/uploads\/sites\/5\/2023\/12\/Brown-White-Craft-Marketing-Mind-Map-Brainstorm-5.png","type":"image\/png"}],"twitter_card":"summary_large_image","twitter_misc":{"Skriven av":"","Ber\u00e4knad l\u00e4stid":"2 minuter"},"schema":{"@context":"https:\/\/schema.org","@graph":[{"@type":"Article","@id":"https:\/\/www.kompetensforetagen.se\/2023\/12\/intresset-for-att-mota-manniskor-gjorde-kristian-till-inkopskonsult\/#article","isPartOf":{"@id":"https:\/\/www.kompetensforetagen.se\/2023\/12\/intresset-for-att-mota-manniskor-gjorde-kristian-till-inkopskonsult\/"},"author":{"name":"","@id":""},"headline":"Kristian tipsades att jobba som ink\u00f6pskonsult","datePublished":"2023-12-18T09:59:25+00:00","dateModified":"2023-12-19T09:43:44+00:00","mainEntityOfPage":{"@id":"https:\/\/www.kompetensforetagen.se\/2023\/12\/intresset-for-att-mota-manniskor-gjorde-kristian-till-inkopskonsult\/"},"wordCount":429,"publisher":{"@id":"https:\/\/www.kompetensforetagen.se\/#organization"},"image":{"@id":"https:\/\/www.kompetensforetagen.se\/2023\/12\/intresset-for-att-mota-manniskor-gjorde-kristian-till-inkopskonsult\/#primaryimage"},"thumbnailUrl":"https:\/\/www.kompetensforetagen.se\/app\/uploads\/sites\/5\/2023\/12\/Brown-White-Craft-Marketing-Mind-Map-Brainstorm-5.png","inLanguage":"sv-SE"},{"@type":"WebPage","@id":"https:\/\/www.kompetensforetagen.se\/2023\/12\/intresset-for-att-mota-manniskor-gjorde-kristian-till-inkopskonsult\/","url":"https:\/\/www.kompetensforetagen.se\/2023\/12\/intresset-for-att-mota-manniskor-gjorde-kristian-till-inkopskonsult\/","name":"Kristian tipsades att jobba som ink\u00f6pskonsult","isPartOf":{"@id":"https:\/\/www.kompetensforetagen.se\/#website"},"primaryImageOfPage":{"@id":"https:\/\/www.kompetensforetagen.se\/2023\/12\/intresset-for-att-mota-manniskor-gjorde-kristian-till-inkopskonsult\/#primaryimage"},"image":{"@id":"https:\/\/www.kompetensforetagen.se\/2023\/12\/intresset-for-att-mota-manniskor-gjorde-kristian-till-inkopskonsult\/#primaryimage"},"thumbnailUrl":"https:\/\/www.kompetensforetagen.se\/app\/uploads\/sites\/5\/2023\/12\/Brown-White-Craft-Marketing-Mind-Map-Brainstorm-5.png","datePublished":"2023-12-18T09:59:25+00:00","dateModified":"2023-12-19T09:43:44+00:00","description":"En tidigare studiekamrat fr\u00e5n yrkesh\u00f6gskolan tipsade Kristian Murholt om att b\u00f6rja arbeta som ink\u00f6pskonsult.","breadcrumb":{"@id":"https:\/\/www.kompetensforetagen.se\/2023\/12\/intresset-for-att-mota-manniskor-gjorde-kristian-till-inkopskonsult\/#breadcrumb"},"inLanguage":"sv-SE","potentialAction":[{"@type":"ReadAction","target":["https:\/\/www.kompetensforetagen.se\/2023\/12\/intresset-for-att-mota-manniskor-gjorde-kristian-till-inkopskonsult\/"]}]},{"@type":"ImageObject","inLanguage":"sv-SE","@id":"https:\/\/www.kompetensforetagen.se\/2023\/12\/intresset-for-att-mota-manniskor-gjorde-kristian-till-inkopskonsult\/#primaryimage","url":"https:\/\/www.kompetensforetagen.se\/app\/uploads\/sites\/5\/2023\/12\/Brown-White-Craft-Marketing-Mind-Map-Brainstorm-5.png","contentUrl":"https:\/\/www.kompetensforetagen.se\/app\/uploads\/sites\/5\/2023\/12\/Brown-White-Craft-Marketing-Mind-Map-Brainstorm-5.png","width":1920,"height":1080,"caption":"Kristian Murholt: Kristian tipsades att jobba som ink\u00f6pskonsult"},{"@type":"BreadcrumbList","@id":"https:\/\/www.kompetensforetagen.se\/2023\/12\/intresset-for-att-mota-manniskor-gjorde-kristian-till-inkopskonsult\/#breadcrumb","itemListElement":[{"@type":"ListItem","position":1,"name":"Home","item":"https:\/\/www.kompetensforetagen.se\/"},{"@type":"ListItem","position":2,"name":"Kristian tipsades att jobba som ink\u00f6pskonsult"}]},{"@type":"WebSite","@id":"https:\/\/www.kompetensforetagen.se\/#website","url":"https:\/\/www.kompetensforetagen.se\/","name":"Kompetensf\u00f6retagen","description":"R\u00e4tt person p\u00e5 r\u00e4tt plats kan f\u00f6r\u00e4ndra v\u00e4rlden","publisher":{"@id":"https:\/\/www.kompetensforetagen.se\/#organization"},"potentialAction":[{"@type":"SearchAction","target":{"@type":"EntryPoint","urlTemplate":"https:\/\/www.kompetensforetagen.se\/?s={search_term_string}"},"query-input":{"@type":"PropertyValueSpecification","valueRequired":true,"valueName":"search_term_string"}}],"inLanguage":"sv-SE"},{"@type":"Organization","@id":"https:\/\/www.kompetensforetagen.se\/#organization","name":"Kompetensf\u00f6retagen","url":"https:\/\/www.kompetensforetagen.se\/","logo":{"@type":"ImageObject","inLanguage":"sv-SE","@id":"https:\/\/www.kompetensforetagen.se\/#\/schema\/logo\/image\/","url":"https:\/\/www.kompetensforetagen.se\/app\/uploads\/sites\/5\/2022\/10\/logga_svart.png","contentUrl":"https:\/\/www.kompetensforetagen.se\/app\/uploads\/sites\/5\/2022\/10\/logga_svart.png","width":752,"height":64,"caption":"Kompetensf\u00f6retagen"},"image":{"@id":"https:\/\/www.kompetensforetagen.se\/#\/schema\/logo\/image\/"},"sameAs":["https:\/\/www.linkedin.com\/company\/10540032\/"]},{"@type":"Person","@id":"","url":"https:\/\/www.kompetensforetagen.se\/person\/"}]}},"_links":{"self":[{"href":"https:\/\/www.kompetensforetagen.se\/api\/wp\/v2\/posts\/16134","targetHints":{"allow":["GET"]}}],"collection":[{"href":"https:\/\/www.kompetensforetagen.se\/api\/wp\/v2\/posts"}],"about":[{"href":"https:\/\/www.kompetensforetagen.se\/api\/wp\/v2\/types\/post"}],"author":[{"embeddable":true,"href":"https:\/\/www.kompetensforetagen.se\/api\/wp\/v2\/users\/6358"}],"replies":[{"embeddable":true,"href":"https:\/\/www.kompetensforetagen.se\/api\/wp\/v2\/comments?post=16134"}],"version-history":[{"count":6,"href":"https:\/\/www.kompetensforetagen.se\/api\/wp\/v2\/posts\/16134\/revisions"}],"predecessor-version":[{"id":16203,"href":"https:\/\/www.kompetensforetagen.se\/api\/wp\/v2\/posts\/16134\/revisions\/16203"}],"wp:featuredmedia":[{"embeddable":true,"href":"https:\/\/www.kompetensforetagen.se\/api\/wp\/v2\/media\/16191"}],"wp:attachment":[{"href":"https:\/\/www.kompetensforetagen.se\/api\/wp\/v2\/media?parent=16134"}],"wp:term":[{"taxonomy":"category","embeddable":true,"href":"https:\/\/www.kompetensforetagen.se\/api\/wp\/v2\/categories?post=16134"},{"taxonomy":"post_tag","embeddable":true,"href":"https:\/\/www.kompetensforetagen.se\/api\/wp\/v2\/tags?post=16134"},{"taxonomy":"type","embeddable":true,"href":"https:\/\/www.kompetensforetagen.se\/api\/wp\/v2\/article_type?post=16134"},{"taxonomy":"agreement","embeddable":true,"href":"https:\/\/www.kompetensforetagen.se\/api\/wp\/v2\/agreement?post=16134"},{"taxonomy":"for-members","embeddable":true,"href":"https:\/\/www.kompetensforetagen.se\/api\/wp\/v2\/for-members?post=16134"}],"curies":[{"name":"wp","href":"https:\/\/api.w.org\/{rel}","templated":true}]}}