{"id":16094,"date":"2023-12-13T13:47:30","date_gmt":"2023-12-13T12:47:30","guid":{"rendered":"https:\/\/www.kompetensforetagen.se\/?p=16094"},"modified":"2023-12-13T13:47:31","modified_gmt":"2023-12-13T12:47:31","slug":"behovet-av-omstallning-ar-konjunkturberoende","status":"publish","type":"post","link":"https:\/\/www.kompetensforetagen.se\/2023\/12\/behovet-av-omstallning-ar-konjunkturberoende\/","title":{"rendered":"Behovet av omst\u00e4llning \u00e4r konjunkturberoende"},"content":{"rendered":"\n<p>Behovet av omst\u00e4llning \u00f6kar oftast i l\u00e5gkonjunktur och minskar i h\u00f6gkonjunktur. Men omst\u00e4llningsbranschen v\u00e4xer \u00e4ven i relation till att f\u00f6retag beh\u00f6ver kompetensutveckla sina medarbetare. Och det kommer vi att se mer av i framtiden.<\/p>\n\n\n\n<p>N\u00e4r konjunkturen g\u00e5r ned\u00e5t tvingas m\u00e5nga verksamheter minska p\u00e5 antalet medarbetare, eller st\u00e4lla om verksamheten. M\u00f6jligheten till omst\u00e4llning finns d\u00e5 f\u00f6r m\u00e5nga i kollektivavtalet. Tj\u00e4nsterna finns d\u00e5 i omst\u00e4llningsorganisationer som TSL eller TRR \u2013 Kompetensf\u00f6retagens medlemsf\u00f6retag \u00e4r leverant\u00f6rer till framf\u00f6rallt TSL, men ocks\u00e5 TRR.<\/p>\n\n\n\n<p>Det g\u00e5r ocks\u00e5 att f\u00e5 hj\u00e4lp av omst\u00e4llningsf\u00f6retag via kommuner, Arbetsf\u00f6rmedlingen eller om ens arbetsgivare k\u00f6per omst\u00e4llningstj\u00e4nster direkt fr\u00e5n en privat leverant\u00f6r. De kan d\u00e5 hj\u00e4lpa arbetss\u00f6kande till nytt jobb eller studier. M\u00e5nga av dem \u00e4r auktoriserade medlemmar i Kompetensf\u00f6retagen, och har bra resultat. Arbetsf\u00f6rmedlingens siffror f\u00f6r 2021 visar att 51 procent av de som fick hj\u00e4lp av ett privat matchningsf\u00f6retag kom i varaktigt jobb eller p\u00e5b\u00f6rjade en utbildning.<\/p>\n\n\n<a class='Share__link Share__link--url copy-text' href='#' rel='nofollow' data-text='fler-orsaker-till-behovet-av-omstallning' title='Dela url' data-confirmation='L\u00e4nken kopierades till urklipp'><svg class='icon icon--link'  width='18' height='18' viewBox='0 0 18 18' fill='none' xmlns='http:\/\/www.w3.org\/2000\/svg'>\n            <path d='M10.4142 0.514721L6.87868 4.05025L8.29289 5.46447L11.1213 2.63604L15.364 6.87868L12.5355 9.70711L13.9497 11.1213L17.4853 7.58579C17.8763 7.19476 17.8763 6.5626 17.4853 6.17158L11.8284 0.514721C11.4374 0.123691 10.8052 0.123691 10.4142 0.514721Z' fill='black'\/>\n            <path d='M9.7071 12.5355L6.87868 15.364L2.63604 11.1213L5.46446 8.2929L4.05025 6.87868L0.514716 10.4142C0.123686 10.8052 0.123686 11.4374 0.514716 11.8284L6.17157 17.4853C6.5626 17.8763 7.19475 17.8763 7.58578 17.4853L11.1213 13.9497L9.7071 12.5355Z' fill='black'\/>\n            <path d='M6.17157 11.8284C6.5626 12.2195 7.19475 12.2195 7.58578 11.8284L11.8284 7.58579C12.2195 7.19476 12.2195 6.56261 11.8284 6.17158C11.4374 5.78055 10.8052 5.78055 10.4142 6.17158L6.17157 10.4142C5.78054 10.8052 5.78054 11.4374 6.17157 11.8284Z' fill='black'\/>\n            <\/svg> <\/a>\n<h2 class=\"wp-block-heading\">Fler orsaker till behovet av omst\u00e4llning<\/h2>\n\n\n\n<p>Men trots att det var h\u00f6gkonjunktur 2015 &#8211; 2018 \u00f6kade oms\u00e4ttningen f\u00f6r omst\u00e4llningsf\u00f6retag. D\u00e5 arbetade f\u00f6retagen \u00e5t Arbetsf\u00f6rmedlingen och kommuner runtom i landet med att introducera nyanl\u00e4nda p\u00e5 arbetsmarknaden.<\/p>\n\n\n\n<p>\u00c4ven i samband med pandemin \u00f6kade behovet av omst\u00e4llning &#8211; arbetsl\u00f6sheten steg kraftigt och m\u00e5nga f\u00f6retag varslade om upps\u00e4gning. Inte minst drabbades tj\u00e4nstesektorn d\u00e5 pandemirestriktioner som inf\u00f6rdes begr\u00e4nsade verksamheter d\u00e4r m\u00e5nga m\u00e4nniskor samlas. D\u00e5 visade omst\u00e4llningsf\u00f6retagen, b\u00e5de inom TSL och inom de tj\u00e4nster som Arbetsf\u00f6rmedlingen upphandlat, att de hade kapacitet f\u00f6r att snabbt ta hand om fler individer med behov av omst\u00e4llning. Denna kapacitet, att snabbt kunna ta emot \u00f6kade volymer, kommer sannolikt att beh\u00f6vas \u00e4ven kommande \u00e5r p\u00e5 grund av det os\u00e4kra l\u00e4get i omv\u00e4rlden den p\u00e5verkan det har p\u00e5 svensk ekonomi och arbetsmarknad.<\/p>\n\n\n\n<p>Med tanke p\u00e5 den<a href=\"https:\/\/sv.wikipedia.org\/wiki\/Industri_4.0\" target=\"_blank\" rel=\"noreferrer noopener\"> fj\u00e4rde industriella revolutionen<\/a> kommer behovet av kompetensutveckling att \u00f6ka. I Storbritannien r\u00e4knar man med att kompetensen hos 94 procent av arbetskraften kommer att vara inaktuell till 2030! Till samma \u00e5r \u00e4r \u00e4ven siffran f\u00f6r Europa som helhet n\u00e4stan ofattbar stor; 20 miljoner m\u00e5ste byta yrke. Det \u00e4r fler \u00e4n befolkningen i staten New York. S\u00e5 \u00e4ven om behovet av omst\u00e4llning \u00e4r konjunkturberoende i stor utstr\u00e4ckning idag, kommer det att \u00f6ka <a href=\"https:\/\/www.kompetensforetagen.se\/2022\/05\/kompetensbranschen-behovs-for-arbetsmarknadens-reskill-och-upskill\/\">i f\u00f6rh\u00e5llande till f\u00f6r\u00e4ndringar som p\u00e5verkar arbetsmarknaden.<\/a><\/p>\n","protected":false},"excerpt":{"rendered":"<p>Behovet av omst\u00e4llning \u00f6kar oftast i l\u00e5gkonjunktur och minskar i h\u00f6gkonjunktur. Men omst\u00e4llningsbranschen v\u00e4xer \u00e4ven i relation till att f\u00f6retag beh\u00f6ver kompetensutveckla sina medarbetare. Och det kommer vi att se mer av i framtiden. N\u00e4r &hellip;<\/p>\n","protected":false},"author":6358,"featured_media":13341,"comment_status":"closed","ping_status":"closed","sticky":false,"template":"","format":"standard","meta":{"_acf_changed":false,"footnotes":""},"categories":[19],"tags":[],"article_type":[219],"agreement":[],"for-members":[],"class_list":["post-16094","post","type-post","status-publish","format-standard","has-post-thumbnail","hentry","category-omstallning","type-nyhet"],"acf":[],"yoast_head":"<!-- This site is optimized with the Yoast SEO Premium plugin v26.8 (Yoast SEO v26.8) - https:\/\/yoast.com\/product\/yoast-seo-premium-wordpress\/ -->\n<title>Behovet av omst\u00e4llning \u00e4r konjunkturberoende<\/title>\n<meta name=\"description\" content=\"Behovet av omst\u00e4llning \u00f6kar i l\u00e5gkonjunktur och minskar i h\u00f6gkonjunktur. Men den v\u00e4xer \u00e4ven i relation till arbetsmarknadens utveckling.\" \/>\n<meta name=\"robots\" content=\"index, follow, max-snippet:-1, max-image-preview:large, max-video-preview:-1\" \/>\n<link rel=\"canonical\" href=\"https:\/\/www.kompetensforetagen.se\/2023\/12\/behovet-av-omstallning-ar-konjunkturberoende\/\" \/>\n<meta property=\"og:locale\" content=\"sv_SE\" \/>\n<meta property=\"og:type\" content=\"article\" \/>\n<meta property=\"og:title\" content=\"Behovet av omst\u00e4llning \u00e4r konjunkturberoende\" \/>\n<meta property=\"og:description\" content=\"Behovet av omst\u00e4llning \u00f6kar i l\u00e5gkonjunktur och minskar i h\u00f6gkonjunktur. Men den v\u00e4xer \u00e4ven i relation till arbetsmarknadens utveckling.\" \/>\n<meta property=\"og:url\" content=\"https:\/\/www.kompetensforetagen.se\/2023\/12\/behovet-av-omstallning-ar-konjunkturberoende\/\" \/>\n<meta property=\"og:site_name\" content=\"Kompetensf\u00f6retagen\" \/>\n<meta property=\"article:published_time\" content=\"2023-12-13T12:47:30+00:00\" \/>\n<meta property=\"article:modified_time\" content=\"2023-12-13T12:47:31+00:00\" \/>\n<meta property=\"og:image\" content=\"https:\/\/www.kompetensforetagen.se\/app\/uploads\/sites\/5\/2023\/05\/gettyimages-881175588-1180x787-1.jpg\" \/>\n\t<meta property=\"og:image:width\" content=\"1180\" \/>\n\t<meta property=\"og:image:height\" content=\"787\" \/>\n\t<meta property=\"og:image:type\" content=\"image\/jpeg\" \/>\n<meta name=\"twitter:card\" content=\"summary_large_image\" \/>\n<meta name=\"twitter:label1\" content=\"Skriven av\" \/>\n\t<meta name=\"twitter:data1\" content=\"\" \/>\n\t<meta name=\"twitter:label2\" content=\"Ber\u00e4knad l\u00e4stid\" \/>\n\t<meta name=\"twitter:data2\" content=\"2 minuter\" \/>\n<!-- \/ Yoast SEO Premium plugin. -->","yoast_head_json":{"title":"Behovet av omst\u00e4llning \u00e4r konjunkturberoende","description":"Behovet av omst\u00e4llning \u00f6kar i l\u00e5gkonjunktur och minskar i h\u00f6gkonjunktur. Men den v\u00e4xer \u00e4ven i relation till arbetsmarknadens utveckling.","robots":{"index":"index","follow":"follow","max-snippet":"max-snippet:-1","max-image-preview":"max-image-preview:large","max-video-preview":"max-video-preview:-1"},"canonical":"https:\/\/www.kompetensforetagen.se\/2023\/12\/behovet-av-omstallning-ar-konjunkturberoende\/","og_locale":"sv_SE","og_type":"article","og_title":"Behovet av omst\u00e4llning \u00e4r konjunkturberoende","og_description":"Behovet av omst\u00e4llning \u00f6kar i l\u00e5gkonjunktur och minskar i h\u00f6gkonjunktur. Men den v\u00e4xer \u00e4ven i relation till arbetsmarknadens utveckling.","og_url":"https:\/\/www.kompetensforetagen.se\/2023\/12\/behovet-av-omstallning-ar-konjunkturberoende\/","og_site_name":"Kompetensf\u00f6retagen","article_published_time":"2023-12-13T12:47:30+00:00","article_modified_time":"2023-12-13T12:47:31+00:00","og_image":[{"width":1180,"height":787,"url":"https:\/\/www.kompetensforetagen.se\/app\/uploads\/sites\/5\/2023\/05\/gettyimages-881175588-1180x787-1.jpg","type":"image\/jpeg"}],"twitter_card":"summary_large_image","twitter_misc":{"Skriven av":"","Ber\u00e4knad l\u00e4stid":"2 minuter"},"schema":{"@context":"https:\/\/schema.org","@graph":[{"@type":"Article","@id":"https:\/\/www.kompetensforetagen.se\/2023\/12\/behovet-av-omstallning-ar-konjunkturberoende\/#article","isPartOf":{"@id":"https:\/\/www.kompetensforetagen.se\/2023\/12\/behovet-av-omstallning-ar-konjunkturberoende\/"},"author":{"name":"","@id":""},"headline":"Behovet av omst\u00e4llning \u00e4r konjunkturberoende","datePublished":"2023-12-13T12:47:30+00:00","dateModified":"2023-12-13T12:47:31+00:00","mainEntityOfPage":{"@id":"https:\/\/www.kompetensforetagen.se\/2023\/12\/behovet-av-omstallning-ar-konjunkturberoende\/"},"wordCount":442,"publisher":{"@id":"https:\/\/www.kompetensforetagen.se\/#organization"},"image":{"@id":"https:\/\/www.kompetensforetagen.se\/2023\/12\/behovet-av-omstallning-ar-konjunkturberoende\/#primaryimage"},"thumbnailUrl":"https:\/\/www.kompetensforetagen.se\/app\/uploads\/sites\/5\/2023\/05\/gettyimages-881175588-1180x787-1.jpg","articleSection":["Omst\u00e4llning"],"inLanguage":"sv-SE"},{"@type":"WebPage","@id":"https:\/\/www.kompetensforetagen.se\/2023\/12\/behovet-av-omstallning-ar-konjunkturberoende\/","url":"https:\/\/www.kompetensforetagen.se\/2023\/12\/behovet-av-omstallning-ar-konjunkturberoende\/","name":"Behovet av omst\u00e4llning \u00e4r konjunkturberoende","isPartOf":{"@id":"https:\/\/www.kompetensforetagen.se\/#website"},"primaryImageOfPage":{"@id":"https:\/\/www.kompetensforetagen.se\/2023\/12\/behovet-av-omstallning-ar-konjunkturberoende\/#primaryimage"},"image":{"@id":"https:\/\/www.kompetensforetagen.se\/2023\/12\/behovet-av-omstallning-ar-konjunkturberoende\/#primaryimage"},"thumbnailUrl":"https:\/\/www.kompetensforetagen.se\/app\/uploads\/sites\/5\/2023\/05\/gettyimages-881175588-1180x787-1.jpg","datePublished":"2023-12-13T12:47:30+00:00","dateModified":"2023-12-13T12:47:31+00:00","description":"Behovet av omst\u00e4llning \u00f6kar i l\u00e5gkonjunktur och minskar i h\u00f6gkonjunktur. Men den v\u00e4xer \u00e4ven i relation till arbetsmarknadens utveckling.","breadcrumb":{"@id":"https:\/\/www.kompetensforetagen.se\/2023\/12\/behovet-av-omstallning-ar-konjunkturberoende\/#breadcrumb"},"inLanguage":"sv-SE","potentialAction":[{"@type":"ReadAction","target":["https:\/\/www.kompetensforetagen.se\/2023\/12\/behovet-av-omstallning-ar-konjunkturberoende\/"]}]},{"@type":"ImageObject","inLanguage":"sv-SE","@id":"https:\/\/www.kompetensforetagen.se\/2023\/12\/behovet-av-omstallning-ar-konjunkturberoende\/#primaryimage","url":"https:\/\/www.kompetensforetagen.se\/app\/uploads\/sites\/5\/2023\/05\/gettyimages-881175588-1180x787-1.jpg","contentUrl":"https:\/\/www.kompetensforetagen.se\/app\/uploads\/sites\/5\/2023\/05\/gettyimages-881175588-1180x787-1.jpg","width":1180,"height":787,"caption":"Tv\u00e5 personer cyklar i motsatt riktning \u00f6ver skanstullbron i stockholm"},{"@type":"BreadcrumbList","@id":"https:\/\/www.kompetensforetagen.se\/2023\/12\/behovet-av-omstallning-ar-konjunkturberoende\/#breadcrumb","itemListElement":[{"@type":"ListItem","position":1,"name":"Home","item":"https:\/\/www.kompetensforetagen.se\/"},{"@type":"ListItem","position":2,"name":"Behovet av omst\u00e4llning \u00e4r konjunkturberoende"}]},{"@type":"WebSite","@id":"https:\/\/www.kompetensforetagen.se\/#website","url":"https:\/\/www.kompetensforetagen.se\/","name":"Kompetensf\u00f6retagen","description":"R\u00e4tt person p\u00e5 r\u00e4tt plats kan f\u00f6r\u00e4ndra v\u00e4rlden","publisher":{"@id":"https:\/\/www.kompetensforetagen.se\/#organization"},"potentialAction":[{"@type":"SearchAction","target":{"@type":"EntryPoint","urlTemplate":"https:\/\/www.kompetensforetagen.se\/?s={search_term_string}"},"query-input":{"@type":"PropertyValueSpecification","valueRequired":true,"valueName":"search_term_string"}}],"inLanguage":"sv-SE"},{"@type":"Organization","@id":"https:\/\/www.kompetensforetagen.se\/#organization","name":"Kompetensf\u00f6retagen","url":"https:\/\/www.kompetensforetagen.se\/","logo":{"@type":"ImageObject","inLanguage":"sv-SE","@id":"https:\/\/www.kompetensforetagen.se\/#\/schema\/logo\/image\/","url":"https:\/\/www.kompetensforetagen.se\/app\/uploads\/sites\/5\/2022\/10\/logga_svart.png","contentUrl":"https:\/\/www.kompetensforetagen.se\/app\/uploads\/sites\/5\/2022\/10\/logga_svart.png","width":752,"height":64,"caption":"Kompetensf\u00f6retagen"},"image":{"@id":"https:\/\/www.kompetensforetagen.se\/#\/schema\/logo\/image\/"},"sameAs":["https:\/\/www.linkedin.com\/company\/10540032\/"]},{"@type":"Person","@id":"","url":"https:\/\/www.kompetensforetagen.se\/person\/"}]}},"_links":{"self":[{"href":"https:\/\/www.kompetensforetagen.se\/api\/wp\/v2\/posts\/16094","targetHints":{"allow":["GET"]}}],"collection":[{"href":"https:\/\/www.kompetensforetagen.se\/api\/wp\/v2\/posts"}],"about":[{"href":"https:\/\/www.kompetensforetagen.se\/api\/wp\/v2\/types\/post"}],"author":[{"embeddable":true,"href":"https:\/\/www.kompetensforetagen.se\/api\/wp\/v2\/users\/6358"}],"replies":[{"embeddable":true,"href":"https:\/\/www.kompetensforetagen.se\/api\/wp\/v2\/comments?post=16094"}],"version-history":[{"count":1,"href":"https:\/\/www.kompetensforetagen.se\/api\/wp\/v2\/posts\/16094\/revisions"}],"predecessor-version":[{"id":16095,"href":"https:\/\/www.kompetensforetagen.se\/api\/wp\/v2\/posts\/16094\/revisions\/16095"}],"wp:featuredmedia":[{"embeddable":true,"href":"https:\/\/www.kompetensforetagen.se\/api\/wp\/v2\/media\/13341"}],"wp:attachment":[{"href":"https:\/\/www.kompetensforetagen.se\/api\/wp\/v2\/media?parent=16094"}],"wp:term":[{"taxonomy":"category","embeddable":true,"href":"https:\/\/www.kompetensforetagen.se\/api\/wp\/v2\/categories?post=16094"},{"taxonomy":"post_tag","embeddable":true,"href":"https:\/\/www.kompetensforetagen.se\/api\/wp\/v2\/tags?post=16094"},{"taxonomy":"type","embeddable":true,"href":"https:\/\/www.kompetensforetagen.se\/api\/wp\/v2\/article_type?post=16094"},{"taxonomy":"agreement","embeddable":true,"href":"https:\/\/www.kompetensforetagen.se\/api\/wp\/v2\/agreement?post=16094"},{"taxonomy":"for-members","embeddable":true,"href":"https:\/\/www.kompetensforetagen.se\/api\/wp\/v2\/for-members?post=16094"}],"curies":[{"name":"wp","href":"https:\/\/api.w.org\/{rel}","templated":true}]}}