{"id":15972,"date":"2023-11-29T09:26:11","date_gmt":"2023-11-29T08:26:11","guid":{"rendered":"https:\/\/www.kompetensforetagen.se\/?p=15972"},"modified":"2023-12-01T16:09:22","modified_gmt":"2023-12-01T15:09:22","slug":"rapport-ett-trygghetsrad-i-takt-med-tiden","status":"publish","type":"post","link":"https:\/\/www.kompetensforetagen.se\/2023\/11\/rapport-ett-trygghetsrad-i-takt-med-tiden\/","title":{"rendered":"Ett trygghetsr\u00e5d i takt med tiden"},"content":{"rendered":"\n<p>\u00c4r TRR i takt med tiden? Denna kunskapsrapport, f\u00f6rfattad av Edward Hamilton, syftar till att initiera en diskussion p\u00e5 arbetsgivarsidan. Hur kan omst\u00e4llningsinsatserna bli \u00e4n mer verkningsfulla, samtidigt som kostnadseffektivitet i systemet f\u00f6r <a href=\"https:\/\/www.trr.se\/\" target=\"_blank\" rel=\"noreferrer noopener\">TRR Trygghetsr\u00e5det<\/a> v\u00e4rnas?<\/p>\n\n\n\n<p>De senaste tjugo \u00e5ren har flertalet reformer bidragit till att privata matchnings- och utbildningsakt\u00f6rer f\u00e5tt en framskjuten roll i att ge st\u00f6d till s\u00e5v\u00e4l den statliga arbetsmarknadspolitiken som vissa omst\u00e4llningsinsatser. Bland dem finns dem som finansieras och organiseras av arbetsmarknadens parter \u2013 inte minst inom kollektivarbetarsidan. Reformerna har inneburit en tydlig bodelning mellan best\u00e4llare, kontrollinstans och utf\u00f6rare. Betydelsen av kostnadseffektivitet och fokus p\u00e5 resultat har satts i fr\u00e4msta rummet.<\/p>\n\n\n\n<blockquote class=\"wp-block-quote is-layout-flow wp-block-quote-is-layout-flow\">\n<p>TRR best\u00e5r \u00e4n idag av en i n\u00e4rmast fullskalig inhouse-verksamhet<\/p>\n<\/blockquote>\n\n\n<a class='Share__link Share__link--url copy-text' href='#' rel='nofollow' data-text='ett-trygghetsrad-i-takt-med-tiden?' title='Dela url' data-confirmation='L\u00e4nken kopierades till urklipp'><svg class='icon icon--link'  width='18' height='18' viewBox='0 0 18 18' fill='none' xmlns='http:\/\/www.w3.org\/2000\/svg'>\n            <path d='M10.4142 0.514721L6.87868 4.05025L8.29289 5.46447L11.1213 2.63604L15.364 6.87868L12.5355 9.70711L13.9497 11.1213L17.4853 7.58579C17.8763 7.19476 17.8763 6.5626 17.4853 6.17158L11.8284 0.514721C11.4374 0.123691 10.8052 0.123691 10.4142 0.514721Z' fill='black'\/>\n            <path d='M9.7071 12.5355L6.87868 15.364L2.63604 11.1213L5.46446 8.2929L4.05025 6.87868L0.514716 10.4142C0.123686 10.8052 0.123686 11.4374 0.514716 11.8284L6.17157 17.4853C6.5626 17.8763 7.19475 17.8763 7.58578 17.4853L11.1213 13.9497L9.7071 12.5355Z' fill='black'\/>\n            <path d='M6.17157 11.8284C6.5626 12.2195 7.19475 12.2195 7.58578 11.8284L11.8284 7.58579C12.2195 7.19476 12.2195 6.56261 11.8284 6.17158C11.4374 5.78055 10.8052 5.78055 10.4142 6.17158L6.17157 10.4142C5.78054 10.8052 5.78054 11.4374 6.17157 11.8284Z' fill='black'\/>\n            <\/svg> <\/a>\n<h2 class=\"wp-block-heading\">Ett trygghetsr\u00e5d i takt med tiden?<\/h2>\n\n\n\n<p>I den h\u00e4r rapporten tittar vi n\u00e4rmare p\u00e5 TRR. Arbetsmarknadens parter i privat tj\u00e4nstesektor har g\u00e5tt mot str\u00f6mmen och valt att i allt v\u00e4sentligt beh\u00e5lla utf\u00f6randet av de tj\u00e4nster som erbjuds i egen regi. Detta grundar sig i en reell eller upplevd k\u00e4nsla av att TRR levererar goda resultat. Tid efter annan under de senaste femtio \u00e5ren har dock fr\u00e5gan lyfts om inte uppsagda medarbetare ocks\u00e5 ska ges m\u00f6jlighet att erh\u00e5lla st\u00f6d av<a href=\"https:\/\/www.kompetensforetagen.se\/2021\/03\/darfor-ska-fristaende-leverantorer-rusta-och-matcha-arbetssokande\/\"> frist\u00e5ende akt\u00f6rer <\/a>f\u00f6r att st\u00e4rka resultaten \u00e4n mer. \u00c4ven fr\u00e5gan om att m\u00e4ta TRR:s resultat genom effektutv\u00e4rdering har lyfts. Vad som st\u00e5r klart \u00e4r att andelen deltagare som ber\u00f6rs av frist\u00e5ende akt\u00f6rer \u00e4r f\u00f6rsvinnande liten. TRR best\u00e5r \u00e4n idag av en i n\u00e4rmast fullskalig inhouse-verksamhet.<\/p>\n\n\n\n<p>Vi har delvis valt en historisk ansats f\u00f6r att i grunden f\u00f6rst\u00e5 de eventuella avv\u00e4gningar som legat p\u00e5 styrelsebordet n\u00e4r fr\u00e5gan om frist\u00e5ende akt\u00f6rer kommit upp p\u00e5 agendan. H\u00e4r djupintervjuas tidigare f\u00f6rhandlingschefer, arkitekter till systemet som suttit med pennan vid protokollet vid skarpa f\u00f6rhandlingar, och f\u00f6re detta styrelseledam\u00f6ter i TRR. \u00c4ven vissa forskningsperspektiv fr\u00e5n Institutet f\u00f6r arbetsmarknads- och utbildningspolitisk utv\u00e4rdering (IFAU) och leverant\u00f6rsperspektiv belyses.<\/p>\n\n\n\n<p>Rapporten avslutas med en kort redog\u00f6relse av effektutv\u00e4rderingar och varf\u00f6r kostnadseffektivitet \u00e4r viktigt att v\u00e4rna \u2013 detta f\u00f6r alla inblandade, inte minst de f\u00f6retag som betalar avgifter till systemet i stort.<\/p>\n\n\n\n<p>P\u00e5 kort sikt vill Kompetensf\u00f6retagen lyfta diskussionen i syfte att:<\/p>\n\n\n\n<ul class=\"wp-block-list\">\n<li>TRR transparent delger sina resultat till forskningen s\u00e5 att effektutv\u00e4rdering kan genomf\u00f6ras.<\/li>\n\n\n\n<li>TRR arbetar aktivt mot Svenskt N\u00e4ringslivs medlemmar kring att upplysa och informera om de m\u00f6jligheter som frist\u00e5ende akt\u00f6rer kan bidra med vid omst\u00e4llning.<\/li>\n\n\n\n<li>Genomlysa och f\u00f6rb\u00e4ttra paragraferna 13 och 14 s\u00e5 att konkurrens p\u00e5 lika villkor kan efterstr\u00e4vas fullt ut.<\/li>\n<\/ul>\n\n\n\n<p>Ytterst st\u00e4ller vi fr\u00e5gan om TRR verkligen \u00e4r i takt med tiden.<\/p>\n\n\n\n<p>Vi vill p\u00e5 detta s\u00e4tt ber\u00e4tta om det fantastiska arbete som omst\u00e4llningsorganisationerna har gjort, men ocks\u00e5 peka ut v\u00e4gen fram\u00e5t.<em><br><\/em><\/p>\n\n\n\n      <a href=\"https:\/\/www.kompetensforetagen.se\/app\/uploads\/sites\/5\/2023\/11\/Ett-tryggetsradet-i-takt-med-tiden-en-kunskapasrapport.pdf\" target=\"_blank\" class=\"Button is-button is-fullwidth is-style-fill has-primary-background-color has-primary-border-color Button--arrow-tip white-space-nowrap\">\n      \n        L\u00e4s rapport\n      \n      \n                \n                <svg class='icon icon--arrow-tip'  width=\"11\" height=\"16\" viewBox=\"0 0 11 16\" fill=\"none\" xmlns=\"http:\/\/www.w3.org\/2000\/svg\">\n<path d=\"M0.858398 15L9.2304 7.99664L0.967732 1.00001\" stroke=\"black\" stroke-width=\"2\" stroke-miterlimit=\"10\"\/>\n<\/svg>\n\n        \n    <\/a>\n  \n","protected":false},"excerpt":{"rendered":"<p>\u00c4r TRR i takt med tiden? Denna kunskapsrapport, f\u00f6rfattad av Edward Hamilton, syftar till att initiera en diskussion p\u00e5 arbetsgivarsidan. Hur kan omst\u00e4llningsinsatserna bli \u00e4n mer verkningsfulla, samtidigt som kostnadseffektivitet i systemet f\u00f6r TRR Trygghetsr\u00e5det &hellip;<\/p>\n","protected":false},"author":14830,"featured_media":15989,"comment_status":"closed","ping_status":"closed","sticky":false,"template":"","format":"standard","meta":{"_acf_changed":false,"footnotes":""},"categories":[19],"tags":[],"article_type":[16],"agreement":[],"for-members":[],"class_list":["post-15972","post","type-post","status-publish","format-standard","has-post-thumbnail","hentry","category-omstallning","type-rapporter"],"acf":[],"yoast_head":"<!-- This site is optimized with the Yoast SEO Premium plugin v26.8 (Yoast SEO v26.8) - https:\/\/yoast.com\/product\/yoast-seo-premium-wordpress\/ -->\n<title>Ett trygghetsr\u00e5d i takt med tiden I Kompetensf\u00f6retagen<\/title>\n<meta name=\"description\" content=\"Ett trygghetsr\u00e5d i takt med tiden? Kan omst\u00e4llningsinsatserna inom TRR bli mer verkningsfulla, samtidigt som kostnadseffektiviteten v\u00e4rnas?\" \/>\n<meta name=\"robots\" content=\"index, follow, max-snippet:-1, max-image-preview:large, max-video-preview:-1\" \/>\n<link rel=\"canonical\" href=\"https:\/\/www.kompetensforetagen.se\/2023\/11\/rapport-ett-trygghetsrad-i-takt-med-tiden\/\" \/>\n<meta property=\"og:locale\" content=\"sv_SE\" \/>\n<meta property=\"og:type\" content=\"article\" \/>\n<meta property=\"og:title\" content=\"Ett trygghetsr\u00e5d i takt med tiden\" \/>\n<meta property=\"og:description\" content=\"Ett trygghetsr\u00e5d i takt med tiden? Kan omst\u00e4llningsinsatserna inom TRR bli mer verkningsfulla, samtidigt som kostnadseffektiviteten v\u00e4rnas?\" \/>\n<meta property=\"og:url\" content=\"https:\/\/www.kompetensforetagen.se\/2023\/11\/rapport-ett-trygghetsrad-i-takt-med-tiden\/\" \/>\n<meta property=\"og:site_name\" content=\"Kompetensf\u00f6retagen\" \/>\n<meta property=\"article:published_time\" content=\"2023-11-29T08:26:11+00:00\" \/>\n<meta property=\"article:modified_time\" content=\"2023-12-01T15:09:22+00:00\" \/>\n<meta property=\"og:image\" content=\"https:\/\/www.kompetensforetagen.se\/app\/uploads\/sites\/5\/2023\/11\/pexels-photo-7176319.jpeg\" \/>\n\t<meta property=\"og:image:width\" content=\"2250\" \/>\n\t<meta property=\"og:image:height\" content=\"1500\" \/>\n\t<meta property=\"og:image:type\" content=\"image\/jpeg\" \/>\n<meta name=\"author\" content=\"camillagunnar2\" \/>\n<meta name=\"twitter:card\" content=\"summary_large_image\" \/>\n<meta name=\"twitter:label1\" content=\"Skriven av\" \/>\n\t<meta name=\"twitter:data1\" content=\"camillagunnar2\" \/>\n\t<meta name=\"twitter:label2\" content=\"Ber\u00e4knad l\u00e4stid\" \/>\n\t<meta name=\"twitter:data2\" content=\"3 minuter\" \/>\n<!-- \/ Yoast SEO Premium plugin. -->","yoast_head_json":{"title":"Ett trygghetsr\u00e5d i takt med tiden I Kompetensf\u00f6retagen","description":"Ett trygghetsr\u00e5d i takt med tiden? Kan omst\u00e4llningsinsatserna inom TRR bli mer verkningsfulla, samtidigt som kostnadseffektiviteten v\u00e4rnas?","robots":{"index":"index","follow":"follow","max-snippet":"max-snippet:-1","max-image-preview":"max-image-preview:large","max-video-preview":"max-video-preview:-1"},"canonical":"https:\/\/www.kompetensforetagen.se\/2023\/11\/rapport-ett-trygghetsrad-i-takt-med-tiden\/","og_locale":"sv_SE","og_type":"article","og_title":"Ett trygghetsr\u00e5d i takt med tiden","og_description":"Ett trygghetsr\u00e5d i takt med tiden? Kan omst\u00e4llningsinsatserna inom TRR bli mer verkningsfulla, samtidigt som kostnadseffektiviteten v\u00e4rnas?","og_url":"https:\/\/www.kompetensforetagen.se\/2023\/11\/rapport-ett-trygghetsrad-i-takt-med-tiden\/","og_site_name":"Kompetensf\u00f6retagen","article_published_time":"2023-11-29T08:26:11+00:00","article_modified_time":"2023-12-01T15:09:22+00:00","og_image":[{"width":2250,"height":1500,"url":"https:\/\/www.kompetensforetagen.se\/app\/uploads\/sites\/5\/2023\/11\/pexels-photo-7176319.jpeg","type":"image\/jpeg"}],"author":"camillagunnar2","twitter_card":"summary_large_image","twitter_misc":{"Skriven av":"camillagunnar2","Ber\u00e4knad l\u00e4stid":"3 minuter"},"schema":{"@context":"https:\/\/schema.org","@graph":[{"@type":"Article","@id":"https:\/\/www.kompetensforetagen.se\/2023\/11\/rapport-ett-trygghetsrad-i-takt-med-tiden\/#article","isPartOf":{"@id":"https:\/\/www.kompetensforetagen.se\/2023\/11\/rapport-ett-trygghetsrad-i-takt-med-tiden\/"},"author":{"name":"camillagunnar2","@id":"https:\/\/www.kompetensforetagen.se\/#\/schema\/person\/94b8ea93ef0611b1467f15023d9ebd1b"},"headline":"Ett trygghetsr\u00e5d i takt med tiden","datePublished":"2023-11-29T08:26:11+00:00","dateModified":"2023-12-01T15:09:22+00:00","mainEntityOfPage":{"@id":"https:\/\/www.kompetensforetagen.se\/2023\/11\/rapport-ett-trygghetsrad-i-takt-med-tiden\/"},"wordCount":517,"publisher":{"@id":"https:\/\/www.kompetensforetagen.se\/#organization"},"image":{"@id":"https:\/\/www.kompetensforetagen.se\/2023\/11\/rapport-ett-trygghetsrad-i-takt-med-tiden\/#primaryimage"},"thumbnailUrl":"https:\/\/www.kompetensforetagen.se\/app\/uploads\/sites\/5\/2023\/11\/pexels-photo-7176319.jpeg","articleSection":["Omst\u00e4llning"],"inLanguage":"sv-SE"},{"@type":"WebPage","@id":"https:\/\/www.kompetensforetagen.se\/2023\/11\/rapport-ett-trygghetsrad-i-takt-med-tiden\/","url":"https:\/\/www.kompetensforetagen.se\/2023\/11\/rapport-ett-trygghetsrad-i-takt-med-tiden\/","name":"Ett trygghetsr\u00e5d i takt med tiden I Kompetensf\u00f6retagen","isPartOf":{"@id":"https:\/\/www.kompetensforetagen.se\/#website"},"primaryImageOfPage":{"@id":"https:\/\/www.kompetensforetagen.se\/2023\/11\/rapport-ett-trygghetsrad-i-takt-med-tiden\/#primaryimage"},"image":{"@id":"https:\/\/www.kompetensforetagen.se\/2023\/11\/rapport-ett-trygghetsrad-i-takt-med-tiden\/#primaryimage"},"thumbnailUrl":"https:\/\/www.kompetensforetagen.se\/app\/uploads\/sites\/5\/2023\/11\/pexels-photo-7176319.jpeg","datePublished":"2023-11-29T08:26:11+00:00","dateModified":"2023-12-01T15:09:22+00:00","description":"Ett trygghetsr\u00e5d i takt med tiden? Kan omst\u00e4llningsinsatserna inom TRR bli mer verkningsfulla, samtidigt som kostnadseffektiviteten v\u00e4rnas?","breadcrumb":{"@id":"https:\/\/www.kompetensforetagen.se\/2023\/11\/rapport-ett-trygghetsrad-i-takt-med-tiden\/#breadcrumb"},"inLanguage":"sv-SE","potentialAction":[{"@type":"ReadAction","target":["https:\/\/www.kompetensforetagen.se\/2023\/11\/rapport-ett-trygghetsrad-i-takt-med-tiden\/"]}]},{"@type":"ImageObject","inLanguage":"sv-SE","@id":"https:\/\/www.kompetensforetagen.se\/2023\/11\/rapport-ett-trygghetsrad-i-takt-med-tiden\/#primaryimage","url":"https:\/\/www.kompetensforetagen.se\/app\/uploads\/sites\/5\/2023\/11\/pexels-photo-7176319.jpeg","contentUrl":"https:\/\/www.kompetensforetagen.se\/app\/uploads\/sites\/5\/2023\/11\/pexels-photo-7176319.jpeg","width":2250,"height":1500,"caption":"Ett trygghetsr\u00e5d i takt med tiden"},{"@type":"BreadcrumbList","@id":"https:\/\/www.kompetensforetagen.se\/2023\/11\/rapport-ett-trygghetsrad-i-takt-med-tiden\/#breadcrumb","itemListElement":[{"@type":"ListItem","position":1,"name":"Home","item":"https:\/\/www.kompetensforetagen.se\/"},{"@type":"ListItem","position":2,"name":"Ett trygghetsr\u00e5d i takt med tiden"}]},{"@type":"WebSite","@id":"https:\/\/www.kompetensforetagen.se\/#website","url":"https:\/\/www.kompetensforetagen.se\/","name":"Kompetensf\u00f6retagen","description":"R\u00e4tt person p\u00e5 r\u00e4tt plats kan f\u00f6r\u00e4ndra v\u00e4rlden","publisher":{"@id":"https:\/\/www.kompetensforetagen.se\/#organization"},"potentialAction":[{"@type":"SearchAction","target":{"@type":"EntryPoint","urlTemplate":"https:\/\/www.kompetensforetagen.se\/?s={search_term_string}"},"query-input":{"@type":"PropertyValueSpecification","valueRequired":true,"valueName":"search_term_string"}}],"inLanguage":"sv-SE"},{"@type":"Organization","@id":"https:\/\/www.kompetensforetagen.se\/#organization","name":"Kompetensf\u00f6retagen","url":"https:\/\/www.kompetensforetagen.se\/","logo":{"@type":"ImageObject","inLanguage":"sv-SE","@id":"https:\/\/www.kompetensforetagen.se\/#\/schema\/logo\/image\/","url":"https:\/\/www.kompetensforetagen.se\/app\/uploads\/sites\/5\/2022\/10\/logga_svart.png","contentUrl":"https:\/\/www.kompetensforetagen.se\/app\/uploads\/sites\/5\/2022\/10\/logga_svart.png","width":752,"height":64,"caption":"Kompetensf\u00f6retagen"},"image":{"@id":"https:\/\/www.kompetensforetagen.se\/#\/schema\/logo\/image\/"},"sameAs":["https:\/\/www.linkedin.com\/company\/10540032\/"]},{"@type":"Person","@id":"https:\/\/www.kompetensforetagen.se\/#\/schema\/person\/94b8ea93ef0611b1467f15023d9ebd1b","name":"camillagunnar2","image":{"@type":"ImageObject","inLanguage":"sv-SE","@id":"https:\/\/www.kompetensforetagen.se\/#\/schema\/person\/image\/","url":"https:\/\/secure.gravatar.com\/avatar\/b6f8240666aff929220ce2eb5e5698c1b44b3223ca9f0ac50ecbf5dbdb13dab4?s=96&d=mm&r=g","contentUrl":"https:\/\/secure.gravatar.com\/avatar\/b6f8240666aff929220ce2eb5e5698c1b44b3223ca9f0ac50ecbf5dbdb13dab4?s=96&d=mm&r=g","caption":"camillagunnar2"},"url":"https:\/\/www.kompetensforetagen.se\/person\/camillagunnar2\/"}]}},"_links":{"self":[{"href":"https:\/\/www.kompetensforetagen.se\/api\/wp\/v2\/posts\/15972","targetHints":{"allow":["GET"]}}],"collection":[{"href":"https:\/\/www.kompetensforetagen.se\/api\/wp\/v2\/posts"}],"about":[{"href":"https:\/\/www.kompetensforetagen.se\/api\/wp\/v2\/types\/post"}],"author":[{"embeddable":true,"href":"https:\/\/www.kompetensforetagen.se\/api\/wp\/v2\/users\/14830"}],"replies":[{"embeddable":true,"href":"https:\/\/www.kompetensforetagen.se\/api\/wp\/v2\/comments?post=15972"}],"version-history":[{"count":28,"href":"https:\/\/www.kompetensforetagen.se\/api\/wp\/v2\/posts\/15972\/revisions"}],"predecessor-version":[{"id":16054,"href":"https:\/\/www.kompetensforetagen.se\/api\/wp\/v2\/posts\/15972\/revisions\/16054"}],"wp:featuredmedia":[{"embeddable":true,"href":"https:\/\/www.kompetensforetagen.se\/api\/wp\/v2\/media\/15989"}],"wp:attachment":[{"href":"https:\/\/www.kompetensforetagen.se\/api\/wp\/v2\/media?parent=15972"}],"wp:term":[{"taxonomy":"category","embeddable":true,"href":"https:\/\/www.kompetensforetagen.se\/api\/wp\/v2\/categories?post=15972"},{"taxonomy":"post_tag","embeddable":true,"href":"https:\/\/www.kompetensforetagen.se\/api\/wp\/v2\/tags?post=15972"},{"taxonomy":"type","embeddable":true,"href":"https:\/\/www.kompetensforetagen.se\/api\/wp\/v2\/article_type?post=15972"},{"taxonomy":"agreement","embeddable":true,"href":"https:\/\/www.kompetensforetagen.se\/api\/wp\/v2\/agreement?post=15972"},{"taxonomy":"for-members","embeddable":true,"href":"https:\/\/www.kompetensforetagen.se\/api\/wp\/v2\/for-members?post=15972"}],"curies":[{"name":"wp","href":"https:\/\/api.w.org\/{rel}","templated":true}]}}