{"id":15860,"date":"2023-12-07T13:42:06","date_gmt":"2023-12-07T12:42:06","guid":{"rendered":"https:\/\/www.kompetensforetagen.se\/?p=15860"},"modified":"2023-12-13T09:47:50","modified_gmt":"2023-12-13T08:47:50","slug":"fjorton-ar-med-auktoriserade-omstallningsforetag","status":"publish","type":"post","link":"https:\/\/www.kompetensforetagen.se\/2023\/12\/fjorton-ar-med-auktoriserade-omstallningsforetag\/","title":{"rendered":"Jubileumsspecial: Fjorton \u00e5r med auktoriserade omst\u00e4llnings&shy;f\u00f6retag"},"content":{"rendered":"\n<p>Auktorisationen f\u00f6r <a href=\"https:\/\/www.kompetensforetagen.se\/omstallning\/\">omst\u00e4llningsf\u00f6retag <\/a>fyller 14 \u00e5r! I november 2009 beslutade styrelsen f\u00f6r Bemanningsf\u00f6retagen, som det d\u00e5 hette, att det var dags. Bakgrunden var att omst\u00e4llning som bransch var under snabb utveckling, vilket lett till att efterfr\u00e5gan p\u00e5 en kvalitetsst\u00e4mpel \u00f6kat.<\/p>\n\n\n\n<p>Bemanningsf\u00f6retagen hade redan goda erfarenheter av den auktorisation som inf\u00f6rdes f\u00f6r bemanningsbranschen 2004. <a href=\"https:\/\/www.kompetensforetagen.se\/auktorisation-for-omstallningsforetag\/\">Auktorisationen f\u00f6r omst\u00e4llningsf\u00f6retag<\/a> inf\u00f6rdes fr\u00e4mst f\u00f6r att \u00f6ka tryggheten f\u00f6r anv\u00e4ndare av omst\u00e4llningsf\u00f6retag och samtidigt s\u00e4kerst\u00e4lla en h\u00f6g kvalitet. Bed\u00f6mningen d\u00e5 var att endast ett av tio omst\u00e4llningsf\u00f6retag klarade kraven p\u00e5 auktorisering. Fr\u00e5n och med f\u00f6rsta mars 2010 kunde de f\u00f6rsta f\u00f6retagen auktoriseras.<\/p>\n\n\n<a class='Share__link Share__link--url copy-text' href='#' rel='nofollow' data-text='det-gor-omstallningsforetag' title='Dela url' data-confirmation='L\u00e4nken kopierades till urklipp'><svg class='icon icon--link'  width='18' height='18' viewBox='0 0 18 18' fill='none' xmlns='http:\/\/www.w3.org\/2000\/svg'>\n            <path d='M10.4142 0.514721L6.87868 4.05025L8.29289 5.46447L11.1213 2.63604L15.364 6.87868L12.5355 9.70711L13.9497 11.1213L17.4853 7.58579C17.8763 7.19476 17.8763 6.5626 17.4853 6.17158L11.8284 0.514721C11.4374 0.123691 10.8052 0.123691 10.4142 0.514721Z' fill='black'\/>\n            <path d='M9.7071 12.5355L6.87868 15.364L2.63604 11.1213L5.46446 8.2929L4.05025 6.87868L0.514716 10.4142C0.123686 10.8052 0.123686 11.4374 0.514716 11.8284L6.17157 17.4853C6.5626 17.8763 7.19475 17.8763 7.58578 17.4853L11.1213 13.9497L9.7071 12.5355Z' fill='black'\/>\n            <path d='M6.17157 11.8284C6.5626 12.2195 7.19475 12.2195 7.58578 11.8284L11.8284 7.58579C12.2195 7.19476 12.2195 6.56261 11.8284 6.17158C11.4374 5.78055 10.8052 5.78055 10.4142 6.17158L6.17157 10.4142C5.78054 10.8052 5.78054 11.4374 6.17157 11.8284Z' fill='black'\/>\n            <\/svg> <\/a>\n<h2 class=\"wp-block-heading\">Det g\u00f6r omst\u00e4llningsf\u00f6retag<\/h2>\n\n\n\n<p>Omst\u00e4llningsf\u00f6retag hj\u00e4lper medarbetare till nytt jobb eller studier. Det kan vara oavsett om det \u00e4r p\u00e5 grund av arbetsbrist, arbetsskada eller sjukdom. Omst\u00e4llningsf\u00f6retag kan ocks\u00e5 erbjuda hj\u00e4lp till arbetsgivare med r\u00e5dgivning vid neddragningar och omorganisationer.<\/p>\n\n\n\n<blockquote class=\"wp-block-quote is-layout-flow wp-block-quote-is-layout-flow\">\n<p>Fr\u00e5n och med f\u00f6rsta mars 2010 kunde de f\u00f6rsta f\u00f6retagen auktoriseras<\/p>\n<\/blockquote>\n\n\n\n<p>M\u00e5nga av Kompetensf\u00f6retagens medlemmar jobbar med omst\u00e4llning inom Arbetsf\u00f6rmedlingens system Rusta och matcha 2. F\u00f6r att bli leverant\u00f6rer till Rusta och matcha 2 m\u00e5ste man uppfylla Arbetsf\u00f6rmedlingens kriterier. Ers\u00e4ttningsmodellen bygger p\u00e5 en l\u00e5g grunders\u00e4ttning med h\u00f6gre ers\u00e4ttning n\u00e4r man levererar resultat. Som resultat r\u00e4knas att den arbetss\u00f6kande kommer i varaktigt jobb eller utbildning. <a href=\"https:\/\/www.almega.se\/2023\/06\/sa-bryter-vi-langtidsarbetslosheten\/\" target=\"_blank\" rel=\"noreferrer noopener\">Varannan deltagare har \u00f6verg\u00e5tt till arbete eller p\u00e5b\u00f6rjar en utbildning 90 dagar efter avslutad tj\u00e4nst!<\/a><\/p>\n\n\n\n<p>Du hittar alla auktoriserade omst\u00e4llningsf\u00f6retag f\u00f6retag p\u00e5 <a href=\"https:\/\/www.kompetensforetagen.se\/tryggakompetensen\/\">Trygga kompetensen<\/a>.<\/p>\n","protected":false},"excerpt":{"rendered":"<p>Auktorisationen f\u00f6r omst\u00e4llningsf\u00f6retag fyller 14 \u00e5r! I november 2009 beslutade styrelsen f\u00f6r Bemanningsf\u00f6retagen, som det d\u00e5 hette, att det var dags. Bakgrunden var att omst\u00e4llning som bransch var under snabb utveckling, vilket lett till att &hellip;<\/p>\n","protected":false},"author":6358,"featured_media":16084,"comment_status":"closed","ping_status":"closed","sticky":false,"template":"","format":"standard","meta":{"_acf_changed":false,"footnotes":""},"categories":[17,199],"tags":[],"article_type":[8,219],"agreement":[],"for-members":[],"class_list":["post-15860","post","type-post","status-publish","format-standard","has-post-thumbnail","hentry","category-auktorisation","category-historia","type-aktuellt","type-nyhet"],"acf":[],"yoast_head":"<!-- This site is optimized with the Yoast SEO Premium plugin v26.8 (Yoast SEO v26.8) - https:\/\/yoast.com\/product\/yoast-seo-premium-wordpress\/ -->\n<title>Fjorton \u00e5r med auktoriserade omst\u00e4llningsf\u00f6retag<\/title>\n<meta name=\"description\" content=\"Auktorisationen f\u00f6r omst\u00e4llningsf\u00f6retag \u00e4r en nybliven 14-\u00e5ring! 2009 beslutade styrelsen f\u00f6r d\u00e5varande Bemanningsf\u00f6retagen att det var dags\" \/>\n<meta name=\"robots\" content=\"index, follow, max-snippet:-1, max-image-preview:large, max-video-preview:-1\" \/>\n<link rel=\"canonical\" href=\"https:\/\/www.kompetensforetagen.se\/2023\/12\/fjorton-ar-med-auktoriserade-omstallningsforetag\/\" \/>\n<meta property=\"og:locale\" content=\"sv_SE\" \/>\n<meta property=\"og:type\" content=\"article\" \/>\n<meta property=\"og:title\" content=\"Jubileumsspecial: Fjorton \u00e5r med auktoriserade omst\u00e4llningsf\u00f6retag\" \/>\n<meta property=\"og:description\" content=\"Auktorisationen f\u00f6r omst\u00e4llningsf\u00f6retag \u00e4r en nybliven 14-\u00e5ring! 2009 beslutade styrelsen f\u00f6r d\u00e5varande Bemanningsf\u00f6retagen att det var dags\" \/>\n<meta property=\"og:url\" content=\"https:\/\/www.kompetensforetagen.se\/2023\/12\/fjorton-ar-med-auktoriserade-omstallningsforetag\/\" \/>\n<meta property=\"og:site_name\" content=\"Kompetensf\u00f6retagen\" \/>\n<meta property=\"article:published_time\" content=\"2023-12-07T12:42:06+00:00\" \/>\n<meta property=\"article:modified_time\" content=\"2023-12-13T08:47:50+00:00\" \/>\n<meta property=\"og:image\" content=\"https:\/\/www.kompetensforetagen.se\/app\/uploads\/sites\/5\/2023\/12\/Skarmbild-2023-12-12-111348.png\" \/>\n\t<meta property=\"og:image:width\" content=\"745\" \/>\n\t<meta property=\"og:image:height\" content=\"505\" \/>\n\t<meta property=\"og:image:type\" content=\"image\/png\" \/>\n<meta name=\"twitter:card\" content=\"summary_large_image\" \/>\n<meta name=\"twitter:label1\" content=\"Skriven av\" \/>\n\t<meta name=\"twitter:data1\" content=\"\" \/>\n\t<meta name=\"twitter:label2\" content=\"Ber\u00e4knad l\u00e4stid\" \/>\n\t<meta name=\"twitter:data2\" content=\"2 minuter\" \/>\n<!-- \/ Yoast SEO Premium plugin. -->","yoast_head_json":{"title":"Fjorton \u00e5r med auktoriserade omst\u00e4llningsf\u00f6retag","description":"Auktorisationen f\u00f6r omst\u00e4llningsf\u00f6retag \u00e4r en nybliven 14-\u00e5ring! 2009 beslutade styrelsen f\u00f6r d\u00e5varande Bemanningsf\u00f6retagen att det var dags","robots":{"index":"index","follow":"follow","max-snippet":"max-snippet:-1","max-image-preview":"max-image-preview:large","max-video-preview":"max-video-preview:-1"},"canonical":"https:\/\/www.kompetensforetagen.se\/2023\/12\/fjorton-ar-med-auktoriserade-omstallningsforetag\/","og_locale":"sv_SE","og_type":"article","og_title":"Jubileumsspecial: Fjorton \u00e5r med auktoriserade omst\u00e4llningsf\u00f6retag","og_description":"Auktorisationen f\u00f6r omst\u00e4llningsf\u00f6retag \u00e4r en nybliven 14-\u00e5ring! 2009 beslutade styrelsen f\u00f6r d\u00e5varande Bemanningsf\u00f6retagen att det var dags","og_url":"https:\/\/www.kompetensforetagen.se\/2023\/12\/fjorton-ar-med-auktoriserade-omstallningsforetag\/","og_site_name":"Kompetensf\u00f6retagen","article_published_time":"2023-12-07T12:42:06+00:00","article_modified_time":"2023-12-13T08:47:50+00:00","og_image":[{"width":745,"height":505,"url":"https:\/\/www.kompetensforetagen.se\/app\/uploads\/sites\/5\/2023\/12\/Skarmbild-2023-12-12-111348.png","type":"image\/png"}],"twitter_card":"summary_large_image","twitter_misc":{"Skriven av":"","Ber\u00e4knad l\u00e4stid":"2 minuter"},"schema":{"@context":"https:\/\/schema.org","@graph":[{"@type":"Article","@id":"https:\/\/www.kompetensforetagen.se\/2023\/12\/fjorton-ar-med-auktoriserade-omstallningsforetag\/#article","isPartOf":{"@id":"https:\/\/www.kompetensforetagen.se\/2023\/12\/fjorton-ar-med-auktoriserade-omstallningsforetag\/"},"author":{"name":"","@id":""},"headline":"Jubileumsspecial: Fjorton \u00e5r med auktoriserade omst\u00e4llnings&shy;f\u00f6retag","datePublished":"2023-12-07T12:42:06+00:00","dateModified":"2023-12-13T08:47:50+00:00","mainEntityOfPage":{"@id":"https:\/\/www.kompetensforetagen.se\/2023\/12\/fjorton-ar-med-auktoriserade-omstallningsforetag\/"},"wordCount":290,"publisher":{"@id":"https:\/\/www.kompetensforetagen.se\/#organization"},"image":{"@id":"https:\/\/www.kompetensforetagen.se\/2023\/12\/fjorton-ar-med-auktoriserade-omstallningsforetag\/#primaryimage"},"thumbnailUrl":"https:\/\/www.kompetensforetagen.se\/app\/uploads\/sites\/5\/2023\/12\/Skarmbild-2023-12-12-111348.png","articleSection":["Auktorisation","Historia"],"inLanguage":"sv-SE"},{"@type":"WebPage","@id":"https:\/\/www.kompetensforetagen.se\/2023\/12\/fjorton-ar-med-auktoriserade-omstallningsforetag\/","url":"https:\/\/www.kompetensforetagen.se\/2023\/12\/fjorton-ar-med-auktoriserade-omstallningsforetag\/","name":"Fjorton \u00e5r med auktoriserade omst\u00e4llningsf\u00f6retag","isPartOf":{"@id":"https:\/\/www.kompetensforetagen.se\/#website"},"primaryImageOfPage":{"@id":"https:\/\/www.kompetensforetagen.se\/2023\/12\/fjorton-ar-med-auktoriserade-omstallningsforetag\/#primaryimage"},"image":{"@id":"https:\/\/www.kompetensforetagen.se\/2023\/12\/fjorton-ar-med-auktoriserade-omstallningsforetag\/#primaryimage"},"thumbnailUrl":"https:\/\/www.kompetensforetagen.se\/app\/uploads\/sites\/5\/2023\/12\/Skarmbild-2023-12-12-111348.png","datePublished":"2023-12-07T12:42:06+00:00","dateModified":"2023-12-13T08:47:50+00:00","description":"Auktorisationen f\u00f6r omst\u00e4llningsf\u00f6retag \u00e4r en nybliven 14-\u00e5ring! 2009 beslutade styrelsen f\u00f6r d\u00e5varande Bemanningsf\u00f6retagen att det var dags","breadcrumb":{"@id":"https:\/\/www.kompetensforetagen.se\/2023\/12\/fjorton-ar-med-auktoriserade-omstallningsforetag\/#breadcrumb"},"inLanguage":"sv-SE","potentialAction":[{"@type":"ReadAction","target":["https:\/\/www.kompetensforetagen.se\/2023\/12\/fjorton-ar-med-auktoriserade-omstallningsforetag\/"]}]},{"@type":"ImageObject","inLanguage":"sv-SE","@id":"https:\/\/www.kompetensforetagen.se\/2023\/12\/fjorton-ar-med-auktoriserade-omstallningsforetag\/#primaryimage","url":"https:\/\/www.kompetensforetagen.se\/app\/uploads\/sites\/5\/2023\/12\/Skarmbild-2023-12-12-111348.png","contentUrl":"https:\/\/www.kompetensforetagen.se\/app\/uploads\/sites\/5\/2023\/12\/Skarmbild-2023-12-12-111348.png","width":745,"height":505,"caption":"Jubileumsspecial: Fjorton \u00e5r med auktoriserade omst\u00e4llningsf\u00f6retag"},{"@type":"BreadcrumbList","@id":"https:\/\/www.kompetensforetagen.se\/2023\/12\/fjorton-ar-med-auktoriserade-omstallningsforetag\/#breadcrumb","itemListElement":[{"@type":"ListItem","position":1,"name":"Home","item":"https:\/\/www.kompetensforetagen.se\/"},{"@type":"ListItem","position":2,"name":"Jubileumsspecial: Fjorton \u00e5r med auktoriserade omst\u00e4llnings&shy;f\u00f6retag"}]},{"@type":"WebSite","@id":"https:\/\/www.kompetensforetagen.se\/#website","url":"https:\/\/www.kompetensforetagen.se\/","name":"Kompetensf\u00f6retagen","description":"R\u00e4tt person p\u00e5 r\u00e4tt plats kan f\u00f6r\u00e4ndra v\u00e4rlden","publisher":{"@id":"https:\/\/www.kompetensforetagen.se\/#organization"},"potentialAction":[{"@type":"SearchAction","target":{"@type":"EntryPoint","urlTemplate":"https:\/\/www.kompetensforetagen.se\/?s={search_term_string}"},"query-input":{"@type":"PropertyValueSpecification","valueRequired":true,"valueName":"search_term_string"}}],"inLanguage":"sv-SE"},{"@type":"Organization","@id":"https:\/\/www.kompetensforetagen.se\/#organization","name":"Kompetensf\u00f6retagen","url":"https:\/\/www.kompetensforetagen.se\/","logo":{"@type":"ImageObject","inLanguage":"sv-SE","@id":"https:\/\/www.kompetensforetagen.se\/#\/schema\/logo\/image\/","url":"https:\/\/www.kompetensforetagen.se\/app\/uploads\/sites\/5\/2022\/10\/logga_svart.png","contentUrl":"https:\/\/www.kompetensforetagen.se\/app\/uploads\/sites\/5\/2022\/10\/logga_svart.png","width":752,"height":64,"caption":"Kompetensf\u00f6retagen"},"image":{"@id":"https:\/\/www.kompetensforetagen.se\/#\/schema\/logo\/image\/"},"sameAs":["https:\/\/www.linkedin.com\/company\/10540032\/"]},{"@type":"Person","@id":"","url":"https:\/\/www.kompetensforetagen.se\/person\/"}]}},"_links":{"self":[{"href":"https:\/\/www.kompetensforetagen.se\/api\/wp\/v2\/posts\/15860","targetHints":{"allow":["GET"]}}],"collection":[{"href":"https:\/\/www.kompetensforetagen.se\/api\/wp\/v2\/posts"}],"about":[{"href":"https:\/\/www.kompetensforetagen.se\/api\/wp\/v2\/types\/post"}],"author":[{"embeddable":true,"href":"https:\/\/www.kompetensforetagen.se\/api\/wp\/v2\/users\/6358"}],"replies":[{"embeddable":true,"href":"https:\/\/www.kompetensforetagen.se\/api\/wp\/v2\/comments?post=15860"}],"version-history":[{"count":10,"href":"https:\/\/www.kompetensforetagen.se\/api\/wp\/v2\/posts\/15860\/revisions"}],"predecessor-version":[{"id":16087,"href":"https:\/\/www.kompetensforetagen.se\/api\/wp\/v2\/posts\/15860\/revisions\/16087"}],"wp:featuredmedia":[{"embeddable":true,"href":"https:\/\/www.kompetensforetagen.se\/api\/wp\/v2\/media\/16084"}],"wp:attachment":[{"href":"https:\/\/www.kompetensforetagen.se\/api\/wp\/v2\/media?parent=15860"}],"wp:term":[{"taxonomy":"category","embeddable":true,"href":"https:\/\/www.kompetensforetagen.se\/api\/wp\/v2\/categories?post=15860"},{"taxonomy":"post_tag","embeddable":true,"href":"https:\/\/www.kompetensforetagen.se\/api\/wp\/v2\/tags?post=15860"},{"taxonomy":"type","embeddable":true,"href":"https:\/\/www.kompetensforetagen.se\/api\/wp\/v2\/article_type?post=15860"},{"taxonomy":"agreement","embeddable":true,"href":"https:\/\/www.kompetensforetagen.se\/api\/wp\/v2\/agreement?post=15860"},{"taxonomy":"for-members","embeddable":true,"href":"https:\/\/www.kompetensforetagen.se\/api\/wp\/v2\/for-members?post=15860"}],"curies":[{"name":"wp","href":"https:\/\/api.w.org\/{rel}","templated":true}]}}